{"id":5423,"date":"2025-05-24T16:09:01","date_gmt":"2025-05-24T16:09:01","guid":{"rendered":"https:\/\/blogdobispo.com.br\/?p=5423"},"modified":"2025-05-24T16:09:01","modified_gmt":"2025-05-24T16:09:01","slug":"coopedu-marca-presenca-na-cimeira-internacional-das-cooperativas-de-lingua-portuguesa","status":"publish","type":"post","link":"https:\/\/blogdobispo.com.br\/?p=5423","title":{"rendered":"Coopedu marca presen\u00e7a na Cimeira Internacional das Cooperativas de L\u00edngua Portuguesa"},"content":{"rendered":"\n<figure class=\"wp-block-image size-large\"><img data-recalc-dims=\"1\" fetchpriority=\"high\" decoding=\"async\" width=\"800\" height=\"741\" src=\"https:\/\/i0.wp.com\/blogdobispo.com.br\/wp-content\/uploads\/2025\/05\/42330d8a-13d1-4334-a7c7-d44689ce6e4a-1.jpg?resize=800%2C741&#038;ssl=1\" class=\"wp-image-5422\" srcset=\"https:\/\/i0.wp.com\/blogdobispo.com.br\/wp-content\/uploads\/2025\/05\/42330d8a-13d1-4334-a7c7-d44689ce6e4a-1.jpg?w=900&amp;ssl=1 900w, https:\/\/i0.wp.com\/blogdobispo.com.br\/wp-content\/uploads\/2025\/05\/42330d8a-13d1-4334-a7c7-d44689ce6e4a-1.jpg?resize=300%2C278&amp;ssl=1 300w, https:\/\/i0.wp.com\/blogdobispo.com.br\/wp-content\/uploads\/2025\/05\/42330d8a-13d1-4334-a7c7-d44689ce6e4a-1.jpg?resize=768%2C712&amp;ssl=1 768w\" sizes=\"(max-width: 800px) 100vw, 800px\" \/><\/figure>\n\n\n\n<p><\/p>\n\n\n\n<p>A Coopedu &#8211; Cooperativa de Trabalho dos Profissionais da Educa\u00e7\u00e3o do Estado do Rio Grande do Norte participou da terceira edi\u00e7\u00e3o da Cimeira Internacional das Cooperativas de L\u00edngua Portuguesa, realizada em Bras\u00edlia, entre os dias 19 e 21 de maio.<br>Durante o evento, o presidente da Coopedu Alexandre Soares teve a oportunidade de integrar o painel sobre Educa\u00e7\u00e3o e Cooperativismo. Ele destacou a import\u00e2ncia da atua\u00e7\u00e3o da Cooperativa no fortalecimento das pr\u00e1ticas educacionais dentro do movimento cooperativista e enfatizou que a educa\u00e7\u00e3o \u00e9 fundamental para a inova\u00e7\u00e3o e o progresso no setor.<br>A comitiva, liderada por Alexandre Soares e pela conselheira administrativa Let\u00edcia Andrade, esteve presente para discutir temas relevantes que visam a uni\u00e3o e o desenvolvimento do cooperativismo entre os pa\u00edses lus\u00f3fonos.<br>A Cimeira tamb\u00e9m foi marcada pela entrega de comendas a figuras proeminentes do cooperativismo, incluindo Eduardo Gatto, presidente do Sistema das Organiza\u00e7\u00f5es das Cooperativas do Rio Grande do Norte &#8211; OCERN, e Paulo Jorge Teixeira, presidente da Cooperativa dos Povos Portugueses. Essas homenagens reconheceram o esfor\u00e7o e o compromisso das lideran\u00e7as com o fortalecimento da coopera\u00e7\u00e3o internacional entre os pa\u00edses de l\u00edngua portuguesa.<br>A Coopedu reafirma seu compromisso com o cooperativismo e a educa\u00e7\u00e3o, buscando sempre promover pr\u00e1ticas que beneficiem a comunidade e fortale\u00e7am as rela\u00e7\u00f5es internacionais.<\/p>\n","protected":false},"excerpt":{"rendered":"<p>A Coopedu &#8211; Cooperativa de Trabalho dos Profissionais da Educa\u00e7\u00e3o do Estado do Rio Grande do Norte participou da terceira edi\u00e7\u00e3o da Cimeira Internacional das Cooperativas de L\u00edngua Portuguesa, realizada em Bras\u00edlia, entre os dias 19 e 21 de maio.Durante o evento, o presidente da Coopedu Alexandre Soares teve a oportunidade de integrar o painel [&hellip;]<\/p>\n","protected":false},"author":1,"featured_media":0,"comment_status":"open","ping_status":"open","sticky":false,"template":"","format":"standard","meta":{"cybocfi_hide_featured_image":"","_jetpack_memberships_contains_paid_content":false,"footnotes":""},"categories":[1],"tags":[],"class_list":["post-5423","post","type-post","status-publish","format-standard","hentry","category-diversos"],"yoast_head":"<!-- This site is optimized with the Yoast SEO plugin v25.6 - https:\/\/yoast.com\/wordpress\/plugins\/seo\/ -->\n<title>Coopedu marca presen\u00e7a na Cimeira Internacional das Cooperativas de L\u00edngua Portuguesa - Blog do Bispo<\/title>\n<meta name=\"robots\" content=\"index, follow, max-snippet:-1, max-image-preview:large, max-video-preview:-1\" \/>\n<link rel=\"canonical\" href=\"https:\/\/blogdobispo.com.br\/?p=5423\" \/>\n<meta property=\"og:locale\" content=\"pt_BR\" \/>\n<meta property=\"og:type\" content=\"article\" \/>\n<meta property=\"og:title\" content=\"Coopedu marca presen\u00e7a na Cimeira Internacional das Cooperativas de L\u00edngua Portuguesa - Blog do Bispo\" \/>\n<meta property=\"og:description\" content=\"A Coopedu &#8211; Cooperativa de Trabalho dos Profissionais da Educa\u00e7\u00e3o do Estado do Rio Grande do Norte participou da terceira edi\u00e7\u00e3o da Cimeira Internacional das Cooperativas de L\u00edngua Portuguesa, realizada em Bras\u00edlia, entre os dias 19 e 21 de maio.Durante o evento, o presidente da Coopedu Alexandre Soares teve a oportunidade de integrar o painel [&hellip;]\" \/>\n<meta property=\"og:url\" content=\"https:\/\/blogdobispo.com.br\/?p=5423\" \/>\n<meta property=\"og:site_name\" content=\"Blog do Bispo\" \/>\n<meta property=\"article:published_time\" content=\"2025-05-24T16:09:01+00:00\" \/>\n<meta property=\"og:image\" content=\"https:\/\/blogdobispo.com.br\/wp-content\/uploads\/2025\/05\/42330d8a-13d1-4334-a7c7-d44689ce6e4a-1.jpg\" \/>\n<meta name=\"author\" content=\"Jefferson Sterfeno\" \/>\n<meta name=\"twitter:card\" content=\"summary_large_image\" \/>\n<meta name=\"twitter:label1\" content=\"Escrito por\" \/>\n\t<meta name=\"twitter:data1\" content=\"Jefferson Sterfeno\" \/>\n\t<meta name=\"twitter:label2\" content=\"Est. tempo de leitura\" \/>\n\t<meta name=\"twitter:data2\" content=\"1 minuto\" \/>\n<script type=\"application\/ld+json\" class=\"yoast-schema-graph\">{\"@context\":\"https:\/\/schema.org\",\"@graph\":[{\"@type\":\"Article\",\"@id\":\"https:\/\/blogdobispo.com.br\/?p=5423#article\",\"isPartOf\":{\"@id\":\"https:\/\/blogdobispo.com.br\/?p=5423\"},\"author\":{\"name\":\"Jefferson Sterfeno\",\"@id\":\"https:\/\/blogdobispo.com.br\/#\/schema\/person\/e2209cc0e6cea5c5233d033e997b373f\"},\"headline\":\"Coopedu marca presen\u00e7a na Cimeira Internacional das Cooperativas de L\u00edngua Portuguesa\",\"datePublished\":\"2025-05-24T16:09:01+00:00\",\"mainEntityOfPage\":{\"@id\":\"https:\/\/blogdobispo.com.br\/?p=5423\"},\"wordCount\":245,\"commentCount\":0,\"publisher\":{\"@id\":\"https:\/\/blogdobispo.com.br\/#organization\"},\"image\":{\"@id\":\"https:\/\/blogdobispo.com.br\/?p=5423#primaryimage\"},\"thumbnailUrl\":\"https:\/\/blogdobispo.com.br\/wp-content\/uploads\/2025\/05\/42330d8a-13d1-4334-a7c7-d44689ce6e4a-1.jpg\",\"articleSection\":[\"diversos\"],\"inLanguage\":\"pt-BR\",\"potentialAction\":[{\"@type\":\"CommentAction\",\"name\":\"Comment\",\"target\":[\"https:\/\/blogdobispo.com.br\/?p=5423#respond\"]}]},{\"@type\":\"WebPage\",\"@id\":\"https:\/\/blogdobispo.com.br\/?p=5423\",\"url\":\"https:\/\/blogdobispo.com.br\/?p=5423\",\"name\":\"Coopedu marca presen\u00e7a na Cimeira Internacional das Cooperativas de L\u00edngua Portuguesa - Blog do Bispo\",\"isPartOf\":{\"@id\":\"https:\/\/blogdobispo.com.br\/#website\"},\"primaryImageOfPage\":{\"@id\":\"https:\/\/blogdobispo.com.br\/?p=5423#primaryimage\"},\"image\":{\"@id\":\"https:\/\/blogdobispo.com.br\/?p=5423#primaryimage\"},\"thumbnailUrl\":\"https:\/\/blogdobispo.com.br\/wp-content\/uploads\/2025\/05\/42330d8a-13d1-4334-a7c7-d44689ce6e4a-1.jpg\",\"datePublished\":\"2025-05-24T16:09:01+00:00\",\"breadcrumb\":{\"@id\":\"https:\/\/blogdobispo.com.br\/?p=5423#breadcrumb\"},\"inLanguage\":\"pt-BR\",\"potentialAction\":[{\"@type\":\"ReadAction\",\"target\":[\"https:\/\/blogdobispo.com.br\/?p=5423\"]}]},{\"@type\":\"ImageObject\",\"inLanguage\":\"pt-BR\",\"@id\":\"https:\/\/blogdobispo.com.br\/?p=5423#primaryimage\",\"url\":\"https:\/\/blogdobispo.com.br\/wp-content\/uploads\/2025\/05\/42330d8a-13d1-4334-a7c7-d44689ce6e4a-1.jpg\",\"contentUrl\":\"https:\/\/blogdobispo.com.br\/wp-content\/uploads\/2025\/05\/42330d8a-13d1-4334-a7c7-d44689ce6e4a-1.jpg\"},{\"@type\":\"BreadcrumbList\",\"@id\":\"https:\/\/blogdobispo.com.br\/?p=5423#breadcrumb\",\"itemListElement\":[{\"@type\":\"ListItem\",\"position\":1,\"name\":\"In\u00edcio\",\"item\":\"https:\/\/blogdobispo.com.br\/\"},{\"@type\":\"ListItem\",\"position\":2,\"name\":\"Coopedu marca presen\u00e7a na Cimeira Internacional das Cooperativas de L\u00edngua Portuguesa\"}]},{\"@type\":\"WebSite\",\"@id\":\"https:\/\/blogdobispo.com.br\/#website\",\"url\":\"https:\/\/blogdobispo.com.br\/\",\"name\":\"Blog do Bispo\",\"description\":\"Comprometido apenas com o leitor\",\"publisher\":{\"@id\":\"https:\/\/blogdobispo.com.br\/#organization\"},\"potentialAction\":[{\"@type\":\"SearchAction\",\"target\":{\"@type\":\"EntryPoint\",\"urlTemplate\":\"https:\/\/blogdobispo.com.br\/?s={search_term_string}\"},\"query-input\":{\"@type\":\"PropertyValueSpecification\",\"valueRequired\":true,\"valueName\":\"search_term_string\"}}],\"inLanguage\":\"pt-BR\"},{\"@type\":\"Organization\",\"@id\":\"https:\/\/blogdobispo.com.br\/#organization\",\"name\":\"Blog do Bispo\",\"url\":\"https:\/\/blogdobispo.com.br\/\",\"logo\":{\"@type\":\"ImageObject\",\"inLanguage\":\"pt-BR\",\"@id\":\"https:\/\/blogdobispo.com.br\/#\/schema\/logo\/image\/\",\"url\":\"http:\/\/blogdobispo.com.br\/wp-content\/uploads\/2023\/05\/cropped-headear.png\",\"contentUrl\":\"http:\/\/blogdobispo.com.br\/wp-content\/uploads\/2023\/05\/cropped-headear.png\",\"width\":1500,\"height\":399,\"caption\":\"Blog do Bispo\"},\"image\":{\"@id\":\"https:\/\/blogdobispo.com.br\/#\/schema\/logo\/image\/\"}},{\"@type\":\"Person\",\"@id\":\"https:\/\/blogdobispo.com.br\/#\/schema\/person\/e2209cc0e6cea5c5233d033e997b373f\",\"name\":\"Jefferson Sterfeno\",\"image\":{\"@type\":\"ImageObject\",\"inLanguage\":\"pt-BR\",\"@id\":\"https:\/\/blogdobispo.com.br\/#\/schema\/person\/image\/\",\"url\":\"https:\/\/secure.gravatar.com\/avatar\/0534e84764641168a677026b6d57a3f51dc7ac4db0b4f6186d9cb330d4ee1160?s=96&d=mm&r=g\",\"contentUrl\":\"https:\/\/secure.gravatar.com\/avatar\/0534e84764641168a677026b6d57a3f51dc7ac4db0b4f6186d9cb330d4ee1160?s=96&d=mm&r=g\",\"caption\":\"Jefferson Sterfeno\"},\"sameAs\":[\"http:\/\/blogdobispo.com.br\"],\"url\":\"https:\/\/blogdobispo.com.br\/?author=1\"}]}<\/script>\n<!-- \/ Yoast SEO plugin. -->","yoast_head_json":{"title":"Coopedu marca presen\u00e7a na Cimeira Internacional das Cooperativas de L\u00edngua Portuguesa - Blog do Bispo","robots":{"index":"index","follow":"follow","max-snippet":"max-snippet:-1","max-image-preview":"max-image-preview:large","max-video-preview":"max-video-preview:-1"},"canonical":"https:\/\/blogdobispo.com.br\/?p=5423","og_locale":"pt_BR","og_type":"article","og_title":"Coopedu marca presen\u00e7a na Cimeira Internacional das Cooperativas de L\u00edngua Portuguesa - Blog do Bispo","og_description":"A Coopedu &#8211; Cooperativa de Trabalho dos Profissionais da Educa\u00e7\u00e3o do Estado do Rio Grande do Norte participou da terceira edi\u00e7\u00e3o da Cimeira Internacional das Cooperativas de L\u00edngua Portuguesa, realizada em Bras\u00edlia, entre os dias 19 e 21 de maio.Durante o evento, o presidente da Coopedu Alexandre Soares teve a oportunidade de integrar o painel [&hellip;]","og_url":"https:\/\/blogdobispo.com.br\/?p=5423","og_site_name":"Blog do Bispo","article_published_time":"2025-05-24T16:09:01+00:00","og_image":[{"url":"https:\/\/blogdobispo.com.br\/wp-content\/uploads\/2025\/05\/42330d8a-13d1-4334-a7c7-d44689ce6e4a-1.jpg","type":"","width":"","height":""}],"author":"Jefferson Sterfeno","twitter_card":"summary_large_image","twitter_misc":{"Escrito por":"Jefferson Sterfeno","Est. tempo de leitura":"1 minuto"},"schema":{"@context":"https:\/\/schema.org","@graph":[{"@type":"Article","@id":"https:\/\/blogdobispo.com.br\/?p=5423#article","isPartOf":{"@id":"https:\/\/blogdobispo.com.br\/?p=5423"},"author":{"name":"Jefferson Sterfeno","@id":"https:\/\/blogdobispo.com.br\/#\/schema\/person\/e2209cc0e6cea5c5233d033e997b373f"},"headline":"Coopedu marca presen\u00e7a na Cimeira Internacional das Cooperativas de L\u00edngua Portuguesa","datePublished":"2025-05-24T16:09:01+00:00","mainEntityOfPage":{"@id":"https:\/\/blogdobispo.com.br\/?p=5423"},"wordCount":245,"commentCount":0,"publisher":{"@id":"https:\/\/blogdobispo.com.br\/#organization"},"image":{"@id":"https:\/\/blogdobispo.com.br\/?p=5423#primaryimage"},"thumbnailUrl":"https:\/\/blogdobispo.com.br\/wp-content\/uploads\/2025\/05\/42330d8a-13d1-4334-a7c7-d44689ce6e4a-1.jpg","articleSection":["diversos"],"inLanguage":"pt-BR","potentialAction":[{"@type":"CommentAction","name":"Comment","target":["https:\/\/blogdobispo.com.br\/?p=5423#respond"]}]},{"@type":"WebPage","@id":"https:\/\/blogdobispo.com.br\/?p=5423","url":"https:\/\/blogdobispo.com.br\/?p=5423","name":"Coopedu marca presen\u00e7a na Cimeira Internacional das Cooperativas de L\u00edngua Portuguesa - Blog do Bispo","isPartOf":{"@id":"https:\/\/blogdobispo.com.br\/#website"},"primaryImageOfPage":{"@id":"https:\/\/blogdobispo.com.br\/?p=5423#primaryimage"},"image":{"@id":"https:\/\/blogdobispo.com.br\/?p=5423#primaryimage"},"thumbnailUrl":"https:\/\/blogdobispo.com.br\/wp-content\/uploads\/2025\/05\/42330d8a-13d1-4334-a7c7-d44689ce6e4a-1.jpg","datePublished":"2025-05-24T16:09:01+00:00","breadcrumb":{"@id":"https:\/\/blogdobispo.com.br\/?p=5423#breadcrumb"},"inLanguage":"pt-BR","potentialAction":[{"@type":"ReadAction","target":["https:\/\/blogdobispo.com.br\/?p=5423"]}]},{"@type":"ImageObject","inLanguage":"pt-BR","@id":"https:\/\/blogdobispo.com.br\/?p=5423#primaryimage","url":"https:\/\/blogdobispo.com.br\/wp-content\/uploads\/2025\/05\/42330d8a-13d1-4334-a7c7-d44689ce6e4a-1.jpg","contentUrl":"https:\/\/blogdobispo.com.br\/wp-content\/uploads\/2025\/05\/42330d8a-13d1-4334-a7c7-d44689ce6e4a-1.jpg"},{"@type":"BreadcrumbList","@id":"https:\/\/blogdobispo.com.br\/?p=5423#breadcrumb","itemListElement":[{"@type":"ListItem","position":1,"name":"In\u00edcio","item":"https:\/\/blogdobispo.com.br\/"},{"@type":"ListItem","position":2,"name":"Coopedu marca presen\u00e7a na Cimeira Internacional das Cooperativas de L\u00edngua Portuguesa"}]},{"@type":"WebSite","@id":"https:\/\/blogdobispo.com.br\/#website","url":"https:\/\/blogdobispo.com.br\/","name":"Blog do Bispo","description":"Comprometido apenas com o leitor","publisher":{"@id":"https:\/\/blogdobispo.com.br\/#organization"},"potentialAction":[{"@type":"SearchAction","target":{"@type":"EntryPoint","urlTemplate":"https:\/\/blogdobispo.com.br\/?s={search_term_string}"},"query-input":{"@type":"PropertyValueSpecification","valueRequired":true,"valueName":"search_term_string"}}],"inLanguage":"pt-BR"},{"@type":"Organization","@id":"https:\/\/blogdobispo.com.br\/#organization","name":"Blog do Bispo","url":"https:\/\/blogdobispo.com.br\/","logo":{"@type":"ImageObject","inLanguage":"pt-BR","@id":"https:\/\/blogdobispo.com.br\/#\/schema\/logo\/image\/","url":"http:\/\/blogdobispo.com.br\/wp-content\/uploads\/2023\/05\/cropped-headear.png","contentUrl":"http:\/\/blogdobispo.com.br\/wp-content\/uploads\/2023\/05\/cropped-headear.png","width":1500,"height":399,"caption":"Blog do Bispo"},"image":{"@id":"https:\/\/blogdobispo.com.br\/#\/schema\/logo\/image\/"}},{"@type":"Person","@id":"https:\/\/blogdobispo.com.br\/#\/schema\/person\/e2209cc0e6cea5c5233d033e997b373f","name":"Jefferson Sterfeno","image":{"@type":"ImageObject","inLanguage":"pt-BR","@id":"https:\/\/blogdobispo.com.br\/#\/schema\/person\/image\/","url":"https:\/\/secure.gravatar.com\/avatar\/0534e84764641168a677026b6d57a3f51dc7ac4db0b4f6186d9cb330d4ee1160?s=96&d=mm&r=g","contentUrl":"https:\/\/secure.gravatar.com\/avatar\/0534e84764641168a677026b6d57a3f51dc7ac4db0b4f6186d9cb330d4ee1160?s=96&d=mm&r=g","caption":"Jefferson Sterfeno"},"sameAs":["http:\/\/blogdobispo.com.br"],"url":"https:\/\/blogdobispo.com.br\/?author=1"}]}},"featured_image_urls":{"full":"","thumbnail":"","medium":"","medium_large":"","large":"","1536x1536":"","2048x2048":""},"author_info":{"display_name":"Jefferson Sterfeno","author_link":"https:\/\/blogdobispo.com.br\/?author=1"},"category_info":"<a href=\"https:\/\/blogdobispo.com.br\/?cat=1\" rel=\"category\">diversos<\/a>","tag_info":"diversos","comment_count":"0","jetpack_featured_media_url":"","jetpack_sharing_enabled":true,"_links":{"self":[{"href":"https:\/\/blogdobispo.com.br\/index.php?rest_route=\/wp\/v2\/posts\/5423","targetHints":{"allow":["GET"]}}],"collection":[{"href":"https:\/\/blogdobispo.com.br\/index.php?rest_route=\/wp\/v2\/posts"}],"about":[{"href":"https:\/\/blogdobispo.com.br\/index.php?rest_route=\/wp\/v2\/types\/post"}],"author":[{"embeddable":true,"href":"https:\/\/blogdobispo.com.br\/index.php?rest_route=\/wp\/v2\/users\/1"}],"replies":[{"embeddable":true,"href":"https:\/\/blogdobispo.com.br\/index.php?rest_route=%2Fwp%2Fv2%2Fcomments&post=5423"}],"version-history":[{"count":0,"href":"https:\/\/blogdobispo.com.br\/index.php?rest_route=\/wp\/v2\/posts\/5423\/revisions"}],"wp:attachment":[{"href":"https:\/\/blogdobispo.com.br\/index.php?rest_route=%2Fwp%2Fv2%2Fmedia&parent=5423"}],"wp:term":[{"taxonomy":"category","embeddable":true,"href":"https:\/\/blogdobispo.com.br\/index.php?rest_route=%2Fwp%2Fv2%2Fcategories&post=5423"},{"taxonomy":"post_tag","embeddable":true,"href":"https:\/\/blogdobispo.com.br\/index.php?rest_route=%2Fwp%2Fv2%2Ftags&post=5423"}],"curies":[{"name":"wp","href":"https:\/\/api.w.org\/{rel}","templated":true}]}}