{"id":5419,"date":"2025-05-24T01:48:07","date_gmt":"2025-05-24T01:48:07","guid":{"rendered":"https:\/\/blogdobispo.com.br\/?p=5419"},"modified":"2025-05-24T01:48:07","modified_gmt":"2025-05-24T01:48:07","slug":"vereadora-camila-araujo-homenageia-pastor-martim-alves-durante-culto-de-107-anos-da-ieadern","status":"publish","type":"post","link":"https:\/\/blogdobispo.com.br\/?p=5419","title":{"rendered":"Vereadora Camila Ara\u00fajo homenageia Pastor Martim Alves durante culto de 107 anos da IEADERN"},"content":{"rendered":"\n<p class=\"p1\"><\/p>\n\n\n\n<p class=\"p3\">Celebra\u00e7\u00e3o marcou o anivers\u00e1rio da Igreja e do pastor presidente da Assembleia de Deus no RN<\/p>\n\n\n\n<p class=\"p3\">Por Reda\u00e7\u00e3o<\/p>\n\n\n\n<p class=\"p3\">Na noite da \u00faltima sexta-feira, 23 de maio, a vereadora Camila Ara\u00fajo (Uni\u00e3o Brasil) participou do culto em comemora\u00e7\u00e3o aos 107 anos da Igreja Evang\u00e9lica Assembleia de Deus no Rio Grande do Norte (IEADERN), realizado no templo central da institui\u00e7\u00e3o, em Natal. Durante a celebra\u00e7\u00e3o, a parlamentar prestou uma homenagem especial ao Pastor Martim Alves da Silva, presidente da IEADERN, que tamb\u00e9m comemorava seu anivers\u00e1rio na mesma data.<\/p>\n\n\n\n<p class=\"p3\">Em sua fala, Camila Ara\u00fajo destacou o legado e a lideran\u00e7a espiritual do Pastor Martim ao longo de sua trajet\u00f3ria na igreja potiguar e nacional:<\/p>\n\n\n\n<blockquote class=\"wp-block-quote is-layout-flow wp-block-quote-is-layout-flow\">\n<p>\u201cHoje \u00e9 um dia duplamente especial. Celebramos os 107 anos da IEADERN, uma igreja que faz parte da hist\u00f3ria do nosso estado, e a vida do Pastor Martim, um servo de Deus que tem dedicado sua exist\u00eancia a cuidar de pessoas e espalhar a Palavra com sabedoria, humildade e firmeza. Sua lideran\u00e7a \u00e9 inspira\u00e7\u00e3o para todos n\u00f3s\u201d, declarou a vereadora.<\/p>\n<\/blockquote>\n\n\n\n<p class=\"p3\">A homenagem foi recebida com alegria, pelos crentes que lotaram o templo central da Assembleia de Deus em Natal. O culto comemorativo contou com a presen\u00e7a de milhares de fi\u00e9is vindos de diversas regi\u00f5es do estado, al\u00e9m de autoridades civis, lideran\u00e7as religiosas e membros da diretoria da Conven\u00e7\u00e3o Geral das Assembleias de Deus no Brasil (CGADB).<\/p>\n\n\n\n<figure class=\"wp-block-image size-large\"><img data-recalc-dims=\"1\" fetchpriority=\"high\" decoding=\"async\" width=\"373\" height=\"316\" src=\"https:\/\/i0.wp.com\/blogdobispo.com.br\/wp-content\/uploads\/2025\/05\/image-13.jpg?resize=373%2C316&#038;ssl=1\" class=\"wp-image-5418\" srcset=\"https:\/\/i0.wp.com\/blogdobispo.com.br\/wp-content\/uploads\/2025\/05\/image-13.jpg?w=373&amp;ssl=1 373w, https:\/\/i0.wp.com\/blogdobispo.com.br\/wp-content\/uploads\/2025\/05\/image-13.jpg?resize=300%2C254&amp;ssl=1 300w\" sizes=\"(max-width: 373px) 100vw, 373px\" \/><\/figure>\n\n\n\n<p class=\"p1\">Hist\u00f3ria e miss\u00e3o<\/p>\n\n\n\n<p class=\"p3\">Fundada em 1918, a IEADERN completa mais de um s\u00e9culo de atua\u00e7\u00e3o no Rio Grande do Norte, com forte presen\u00e7a na evangeliza\u00e7\u00e3o, assist\u00eancia social, forma\u00e7\u00e3o teol\u00f3gica e no apoio \u00e0s fam\u00edlias. Sob a presid\u00eancia do Pastor Martim Alves da Silva desde 2012, a igreja tem se destacado por sua organiza\u00e7\u00e3o, crescimento e impacto social.<\/p>\n\n\n\n<p class=\"p3\">Camila Ara\u00fajo, que integra a base evang\u00e9lica da C\u00e2mara Municipal de Natal, \u00e9 uma das parlamentares mais atuantes no di\u00e1logo entre f\u00e9 e pol\u00edtica, com projetos que visam fortalecer os valores crist\u00e3os, a liberdade religiosa e o apoio \u00e0s comunidades de f\u00e9 da capital.<\/p>\n\n\n\n<blockquote class=\"wp-block-quote is-layout-flow wp-block-quote-is-layout-flow\">\n<p>\u201cMeu compromisso \u00e9 com Deus, com a verdade e com o povo de Natal. Em momentos como esse, reafirmamos que a f\u00e9 n\u00e3o est\u00e1 separada da vida p\u00fablica \u2014 ela \u00e9 parte essencial da constru\u00e7\u00e3o de uma sociedade mais justa e fraterna\u201d, disse a vereadora.<\/p>\n<\/blockquote>\n\n\n\n<p class=\"p1\">Um culto de gratid\u00e3o<\/p>\n\n\n\n<p class=\"p3\">A celebra\u00e7\u00e3o foi marcada por louvores, ora\u00e7\u00f5es e mensagens b\u00edblicas, relembrando a trajet\u00f3ria centen\u00e1ria da IEADERN e a miss\u00e3o cont\u00ednua da igreja no estado. No encerramento, o Pastor Martim agradeceu pelas homenagens e refor\u00e7ou seu compromisso com o minist\u00e9rio pastoral e com a igreja do Senhor.<\/p>\n","protected":false},"excerpt":{"rendered":"<p>Celebra\u00e7\u00e3o marcou o anivers\u00e1rio da Igreja e do pastor presidente da Assembleia de Deus no RN Por Reda\u00e7\u00e3o Na noite da \u00faltima sexta-feira, 23 de maio, a vereadora Camila Ara\u00fajo (Uni\u00e3o Brasil) participou do culto em comemora\u00e7\u00e3o aos 107 anos da Igreja Evang\u00e9lica Assembleia de Deus no Rio Grande do Norte (IEADERN), realizado no templo [&hellip;]<\/p>\n","protected":false},"author":1,"featured_media":0,"comment_status":"open","ping_status":"open","sticky":false,"template":"","format":"standard","meta":{"cybocfi_hide_featured_image":"","_jetpack_memberships_contains_paid_content":false,"footnotes":""},"categories":[1],"tags":[],"class_list":["post-5419","post","type-post","status-publish","format-standard","hentry","category-diversos"],"yoast_head":"<!-- This site is optimized with the Yoast SEO plugin v25.6 - https:\/\/yoast.com\/wordpress\/plugins\/seo\/ -->\n<title>Vereadora Camila Ara\u00fajo homenageia Pastor Martim Alves durante culto de 107 anos da IEADERN - Blog do Bispo<\/title>\n<meta name=\"robots\" content=\"index, follow, max-snippet:-1, max-image-preview:large, max-video-preview:-1\" \/>\n<link rel=\"canonical\" href=\"https:\/\/blogdobispo.com.br\/?p=5419\" \/>\n<meta property=\"og:locale\" content=\"pt_BR\" \/>\n<meta property=\"og:type\" content=\"article\" \/>\n<meta property=\"og:title\" content=\"Vereadora Camila Ara\u00fajo homenageia Pastor Martim Alves durante culto de 107 anos da IEADERN - Blog do Bispo\" \/>\n<meta property=\"og:description\" content=\"Celebra\u00e7\u00e3o marcou o anivers\u00e1rio da Igreja e do pastor presidente da Assembleia de Deus no RN Por Reda\u00e7\u00e3o Na noite da \u00faltima sexta-feira, 23 de maio, a vereadora Camila Ara\u00fajo (Uni\u00e3o Brasil) participou do culto em comemora\u00e7\u00e3o aos 107 anos da Igreja Evang\u00e9lica Assembleia de Deus no Rio Grande do Norte (IEADERN), realizado no templo [&hellip;]\" \/>\n<meta property=\"og:url\" content=\"https:\/\/blogdobispo.com.br\/?p=5419\" \/>\n<meta property=\"og:site_name\" content=\"Blog do Bispo\" \/>\n<meta property=\"article:published_time\" content=\"2025-05-24T01:48:07+00:00\" \/>\n<meta property=\"og:image\" content=\"https:\/\/blogdobispo.com.br\/wp-content\/uploads\/2025\/05\/image-13.jpg\" \/>\n<meta name=\"author\" content=\"Jefferson Sterfeno\" \/>\n<meta name=\"twitter:card\" content=\"summary_large_image\" \/>\n<meta name=\"twitter:label1\" content=\"Escrito por\" \/>\n\t<meta name=\"twitter:data1\" content=\"Jefferson Sterfeno\" \/>\n\t<meta name=\"twitter:label2\" content=\"Est. tempo de leitura\" \/>\n\t<meta name=\"twitter:data2\" content=\"2 minutos\" \/>\n<script type=\"application\/ld+json\" class=\"yoast-schema-graph\">{\"@context\":\"https:\/\/schema.org\",\"@graph\":[{\"@type\":\"Article\",\"@id\":\"https:\/\/blogdobispo.com.br\/?p=5419#article\",\"isPartOf\":{\"@id\":\"https:\/\/blogdobispo.com.br\/?p=5419\"},\"author\":{\"name\":\"Jefferson Sterfeno\",\"@id\":\"https:\/\/blogdobispo.com.br\/#\/schema\/person\/e2209cc0e6cea5c5233d033e997b373f\"},\"headline\":\"Vereadora Camila Ara\u00fajo homenageia Pastor Martim Alves durante culto de 107 anos da IEADERN\",\"datePublished\":\"2025-05-24T01:48:07+00:00\",\"mainEntityOfPage\":{\"@id\":\"https:\/\/blogdobispo.com.br\/?p=5419\"},\"wordCount\":482,\"commentCount\":0,\"publisher\":{\"@id\":\"https:\/\/blogdobispo.com.br\/#organization\"},\"image\":{\"@id\":\"https:\/\/blogdobispo.com.br\/?p=5419#primaryimage\"},\"thumbnailUrl\":\"https:\/\/blogdobispo.com.br\/wp-content\/uploads\/2025\/05\/image-13.jpg\",\"articleSection\":[\"diversos\"],\"inLanguage\":\"pt-BR\",\"potentialAction\":[{\"@type\":\"CommentAction\",\"name\":\"Comment\",\"target\":[\"https:\/\/blogdobispo.com.br\/?p=5419#respond\"]}]},{\"@type\":\"WebPage\",\"@id\":\"https:\/\/blogdobispo.com.br\/?p=5419\",\"url\":\"https:\/\/blogdobispo.com.br\/?p=5419\",\"name\":\"Vereadora Camila Ara\u00fajo homenageia Pastor Martim Alves durante culto de 107 anos da IEADERN - Blog do Bispo\",\"isPartOf\":{\"@id\":\"https:\/\/blogdobispo.com.br\/#website\"},\"primaryImageOfPage\":{\"@id\":\"https:\/\/blogdobispo.com.br\/?p=5419#primaryimage\"},\"image\":{\"@id\":\"https:\/\/blogdobispo.com.br\/?p=5419#primaryimage\"},\"thumbnailUrl\":\"https:\/\/blogdobispo.com.br\/wp-content\/uploads\/2025\/05\/image-13.jpg\",\"datePublished\":\"2025-05-24T01:48:07+00:00\",\"breadcrumb\":{\"@id\":\"https:\/\/blogdobispo.com.br\/?p=5419#breadcrumb\"},\"inLanguage\":\"pt-BR\",\"potentialAction\":[{\"@type\":\"ReadAction\",\"target\":[\"https:\/\/blogdobispo.com.br\/?p=5419\"]}]},{\"@type\":\"ImageObject\",\"inLanguage\":\"pt-BR\",\"@id\":\"https:\/\/blogdobispo.com.br\/?p=5419#primaryimage\",\"url\":\"https:\/\/blogdobispo.com.br\/wp-content\/uploads\/2025\/05\/image-13.jpg\",\"contentUrl\":\"https:\/\/blogdobispo.com.br\/wp-content\/uploads\/2025\/05\/image-13.jpg\"},{\"@type\":\"BreadcrumbList\",\"@id\":\"https:\/\/blogdobispo.com.br\/?p=5419#breadcrumb\",\"itemListElement\":[{\"@type\":\"ListItem\",\"position\":1,\"name\":\"In\u00edcio\",\"item\":\"https:\/\/blogdobispo.com.br\/\"},{\"@type\":\"ListItem\",\"position\":2,\"name\":\"Vereadora Camila Ara\u00fajo homenageia Pastor Martim Alves durante culto de 107 anos da IEADERN\"}]},{\"@type\":\"WebSite\",\"@id\":\"https:\/\/blogdobispo.com.br\/#website\",\"url\":\"https:\/\/blogdobispo.com.br\/\",\"name\":\"Blog do Bispo\",\"description\":\"Comprometido apenas com o leitor\",\"publisher\":{\"@id\":\"https:\/\/blogdobispo.com.br\/#organization\"},\"potentialAction\":[{\"@type\":\"SearchAction\",\"target\":{\"@type\":\"EntryPoint\",\"urlTemplate\":\"https:\/\/blogdobispo.com.br\/?s={search_term_string}\"},\"query-input\":{\"@type\":\"PropertyValueSpecification\",\"valueRequired\":true,\"valueName\":\"search_term_string\"}}],\"inLanguage\":\"pt-BR\"},{\"@type\":\"Organization\",\"@id\":\"https:\/\/blogdobispo.com.br\/#organization\",\"name\":\"Blog do Bispo\",\"url\":\"https:\/\/blogdobispo.com.br\/\",\"logo\":{\"@type\":\"ImageObject\",\"inLanguage\":\"pt-BR\",\"@id\":\"https:\/\/blogdobispo.com.br\/#\/schema\/logo\/image\/\",\"url\":\"http:\/\/blogdobispo.com.br\/wp-content\/uploads\/2023\/05\/cropped-headear.png\",\"contentUrl\":\"http:\/\/blogdobispo.com.br\/wp-content\/uploads\/2023\/05\/cropped-headear.png\",\"width\":1500,\"height\":399,\"caption\":\"Blog do Bispo\"},\"image\":{\"@id\":\"https:\/\/blogdobispo.com.br\/#\/schema\/logo\/image\/\"}},{\"@type\":\"Person\",\"@id\":\"https:\/\/blogdobispo.com.br\/#\/schema\/person\/e2209cc0e6cea5c5233d033e997b373f\",\"name\":\"Jefferson Sterfeno\",\"image\":{\"@type\":\"ImageObject\",\"inLanguage\":\"pt-BR\",\"@id\":\"https:\/\/blogdobispo.com.br\/#\/schema\/person\/image\/\",\"url\":\"https:\/\/secure.gravatar.com\/avatar\/0534e84764641168a677026b6d57a3f51dc7ac4db0b4f6186d9cb330d4ee1160?s=96&d=mm&r=g\",\"contentUrl\":\"https:\/\/secure.gravatar.com\/avatar\/0534e84764641168a677026b6d57a3f51dc7ac4db0b4f6186d9cb330d4ee1160?s=96&d=mm&r=g\",\"caption\":\"Jefferson Sterfeno\"},\"sameAs\":[\"http:\/\/blogdobispo.com.br\"],\"url\":\"https:\/\/blogdobispo.com.br\/?author=1\"}]}<\/script>\n<!-- \/ Yoast SEO plugin. -->","yoast_head_json":{"title":"Vereadora Camila Ara\u00fajo homenageia Pastor Martim Alves durante culto de 107 anos da IEADERN - Blog do Bispo","robots":{"index":"index","follow":"follow","max-snippet":"max-snippet:-1","max-image-preview":"max-image-preview:large","max-video-preview":"max-video-preview:-1"},"canonical":"https:\/\/blogdobispo.com.br\/?p=5419","og_locale":"pt_BR","og_type":"article","og_title":"Vereadora Camila Ara\u00fajo homenageia Pastor Martim Alves durante culto de 107 anos da IEADERN - Blog do Bispo","og_description":"Celebra\u00e7\u00e3o marcou o anivers\u00e1rio da Igreja e do pastor presidente da Assembleia de Deus no RN Por Reda\u00e7\u00e3o Na noite da \u00faltima sexta-feira, 23 de maio, a vereadora Camila Ara\u00fajo (Uni\u00e3o Brasil) participou do culto em comemora\u00e7\u00e3o aos 107 anos da Igreja Evang\u00e9lica Assembleia de Deus no Rio Grande do Norte (IEADERN), realizado no templo [&hellip;]","og_url":"https:\/\/blogdobispo.com.br\/?p=5419","og_site_name":"Blog do Bispo","article_published_time":"2025-05-24T01:48:07+00:00","og_image":[{"url":"https:\/\/blogdobispo.com.br\/wp-content\/uploads\/2025\/05\/image-13.jpg","type":"","width":"","height":""}],"author":"Jefferson Sterfeno","twitter_card":"summary_large_image","twitter_misc":{"Escrito por":"Jefferson Sterfeno","Est. tempo de leitura":"2 minutos"},"schema":{"@context":"https:\/\/schema.org","@graph":[{"@type":"Article","@id":"https:\/\/blogdobispo.com.br\/?p=5419#article","isPartOf":{"@id":"https:\/\/blogdobispo.com.br\/?p=5419"},"author":{"name":"Jefferson Sterfeno","@id":"https:\/\/blogdobispo.com.br\/#\/schema\/person\/e2209cc0e6cea5c5233d033e997b373f"},"headline":"Vereadora Camila Ara\u00fajo homenageia Pastor Martim Alves durante culto de 107 anos da IEADERN","datePublished":"2025-05-24T01:48:07+00:00","mainEntityOfPage":{"@id":"https:\/\/blogdobispo.com.br\/?p=5419"},"wordCount":482,"commentCount":0,"publisher":{"@id":"https:\/\/blogdobispo.com.br\/#organization"},"image":{"@id":"https:\/\/blogdobispo.com.br\/?p=5419#primaryimage"},"thumbnailUrl":"https:\/\/blogdobispo.com.br\/wp-content\/uploads\/2025\/05\/image-13.jpg","articleSection":["diversos"],"inLanguage":"pt-BR","potentialAction":[{"@type":"CommentAction","name":"Comment","target":["https:\/\/blogdobispo.com.br\/?p=5419#respond"]}]},{"@type":"WebPage","@id":"https:\/\/blogdobispo.com.br\/?p=5419","url":"https:\/\/blogdobispo.com.br\/?p=5419","name":"Vereadora Camila Ara\u00fajo homenageia Pastor Martim Alves durante culto de 107 anos da IEADERN - Blog do Bispo","isPartOf":{"@id":"https:\/\/blogdobispo.com.br\/#website"},"primaryImageOfPage":{"@id":"https:\/\/blogdobispo.com.br\/?p=5419#primaryimage"},"image":{"@id":"https:\/\/blogdobispo.com.br\/?p=5419#primaryimage"},"thumbnailUrl":"https:\/\/blogdobispo.com.br\/wp-content\/uploads\/2025\/05\/image-13.jpg","datePublished":"2025-05-24T01:48:07+00:00","breadcrumb":{"@id":"https:\/\/blogdobispo.com.br\/?p=5419#breadcrumb"},"inLanguage":"pt-BR","potentialAction":[{"@type":"ReadAction","target":["https:\/\/blogdobispo.com.br\/?p=5419"]}]},{"@type":"ImageObject","inLanguage":"pt-BR","@id":"https:\/\/blogdobispo.com.br\/?p=5419#primaryimage","url":"https:\/\/blogdobispo.com.br\/wp-content\/uploads\/2025\/05\/image-13.jpg","contentUrl":"https:\/\/blogdobispo.com.br\/wp-content\/uploads\/2025\/05\/image-13.jpg"},{"@type":"BreadcrumbList","@id":"https:\/\/blogdobispo.com.br\/?p=5419#breadcrumb","itemListElement":[{"@type":"ListItem","position":1,"name":"In\u00edcio","item":"https:\/\/blogdobispo.com.br\/"},{"@type":"ListItem","position":2,"name":"Vereadora Camila Ara\u00fajo homenageia Pastor Martim Alves durante culto de 107 anos da IEADERN"}]},{"@type":"WebSite","@id":"https:\/\/blogdobispo.com.br\/#website","url":"https:\/\/blogdobispo.com.br\/","name":"Blog do Bispo","description":"Comprometido apenas com o leitor","publisher":{"@id":"https:\/\/blogdobispo.com.br\/#organization"},"potentialAction":[{"@type":"SearchAction","target":{"@type":"EntryPoint","urlTemplate":"https:\/\/blogdobispo.com.br\/?s={search_term_string}"},"query-input":{"@type":"PropertyValueSpecification","valueRequired":true,"valueName":"search_term_string"}}],"inLanguage":"pt-BR"},{"@type":"Organization","@id":"https:\/\/blogdobispo.com.br\/#organization","name":"Blog do Bispo","url":"https:\/\/blogdobispo.com.br\/","logo":{"@type":"ImageObject","inLanguage":"pt-BR","@id":"https:\/\/blogdobispo.com.br\/#\/schema\/logo\/image\/","url":"http:\/\/blogdobispo.com.br\/wp-content\/uploads\/2023\/05\/cropped-headear.png","contentUrl":"http:\/\/blogdobispo.com.br\/wp-content\/uploads\/2023\/05\/cropped-headear.png","width":1500,"height":399,"caption":"Blog do Bispo"},"image":{"@id":"https:\/\/blogdobispo.com.br\/#\/schema\/logo\/image\/"}},{"@type":"Person","@id":"https:\/\/blogdobispo.com.br\/#\/schema\/person\/e2209cc0e6cea5c5233d033e997b373f","name":"Jefferson Sterfeno","image":{"@type":"ImageObject","inLanguage":"pt-BR","@id":"https:\/\/blogdobispo.com.br\/#\/schema\/person\/image\/","url":"https:\/\/secure.gravatar.com\/avatar\/0534e84764641168a677026b6d57a3f51dc7ac4db0b4f6186d9cb330d4ee1160?s=96&d=mm&r=g","contentUrl":"https:\/\/secure.gravatar.com\/avatar\/0534e84764641168a677026b6d57a3f51dc7ac4db0b4f6186d9cb330d4ee1160?s=96&d=mm&r=g","caption":"Jefferson Sterfeno"},"sameAs":["http:\/\/blogdobispo.com.br"],"url":"https:\/\/blogdobispo.com.br\/?author=1"}]}},"featured_image_urls":{"full":"","thumbnail":"","medium":"","medium_large":"","large":"","1536x1536":"","2048x2048":""},"author_info":{"display_name":"Jefferson Sterfeno","author_link":"https:\/\/blogdobispo.com.br\/?author=1"},"category_info":"<a href=\"https:\/\/blogdobispo.com.br\/?cat=1\" rel=\"category\">diversos<\/a>","tag_info":"diversos","comment_count":"0","jetpack_featured_media_url":"","jetpack_sharing_enabled":true,"_links":{"self":[{"href":"https:\/\/blogdobispo.com.br\/index.php?rest_route=\/wp\/v2\/posts\/5419","targetHints":{"allow":["GET"]}}],"collection":[{"href":"https:\/\/blogdobispo.com.br\/index.php?rest_route=\/wp\/v2\/posts"}],"about":[{"href":"https:\/\/blogdobispo.com.br\/index.php?rest_route=\/wp\/v2\/types\/post"}],"author":[{"embeddable":true,"href":"https:\/\/blogdobispo.com.br\/index.php?rest_route=\/wp\/v2\/users\/1"}],"replies":[{"embeddable":true,"href":"https:\/\/blogdobispo.com.br\/index.php?rest_route=%2Fwp%2Fv2%2Fcomments&post=5419"}],"version-history":[{"count":0,"href":"https:\/\/blogdobispo.com.br\/index.php?rest_route=\/wp\/v2\/posts\/5419\/revisions"}],"wp:attachment":[{"href":"https:\/\/blogdobispo.com.br\/index.php?rest_route=%2Fwp%2Fv2%2Fmedia&parent=5419"}],"wp:term":[{"taxonomy":"category","embeddable":true,"href":"https:\/\/blogdobispo.com.br\/index.php?rest_route=%2Fwp%2Fv2%2Fcategories&post=5419"},{"taxonomy":"post_tag","embeddable":true,"href":"https:\/\/blogdobispo.com.br\/index.php?rest_route=%2Fwp%2Fv2%2Ftags&post=5419"}],"curies":[{"name":"wp","href":"https:\/\/api.w.org\/{rel}","templated":true}]}}