{"id":5416,"date":"2025-05-23T23:19:30","date_gmt":"2025-05-23T23:19:30","guid":{"rendered":"https:\/\/blogdobispo.com.br\/?p=5416"},"modified":"2025-05-23T23:19:30","modified_gmt":"2025-05-23T23:19:30","slug":"rio-grande-do-norte-pode-ter-apenas-tres-nominatas-competitivas-para-a-camara-federal-em-2026","status":"publish","type":"post","link":"https:\/\/blogdobispo.com.br\/?p=5416","title":{"rendered":"Rio Grande do Norte pode ter apenas tr\u00eas nominatas competitivas para a C\u00e2mara Federal em 2026"},"content":{"rendered":"\n<figure class=\"wp-block-image size-large\"><img data-recalc-dims=\"1\" fetchpriority=\"high\" decoding=\"async\" width=\"640\" height=\"480\" src=\"https:\/\/i0.wp.com\/blogdobispo.com.br\/wp-content\/uploads\/2025\/05\/img_4581-1.jpg?resize=640%2C480&#038;ssl=1\" class=\"wp-image-5415\" srcset=\"https:\/\/i0.wp.com\/blogdobispo.com.br\/wp-content\/uploads\/2025\/05\/img_4581-1.jpg?w=640&amp;ssl=1 640w, https:\/\/i0.wp.com\/blogdobispo.com.br\/wp-content\/uploads\/2025\/05\/img_4581-1.jpg?resize=300%2C225&amp;ssl=1 300w\" sizes=\"(max-width: 640px) 100vw, 640px\" \/><\/figure>\n\n\n\n<p class=\"p1\"><\/p>\n\n\n\n<p class=\"p3\">Falta de puxadores de voto pode reduzir disputa por 10 cadeiras a um jogo de cartas marcadas<\/p>\n\n\n\n<p class=\"p3\">Por Reda\u00e7\u00e3o<\/p>\n\n\n\n<p class=\"p3\">O cen\u00e1rio eleitoral para a disputa pelas 10 vagas de deputado federal no Rio Grande do Norte, em 2026, j\u00e1 come\u00e7a a preocupar analistas pol\u00edticos, dirigentes partid\u00e1rios e at\u00e9 candidatos de primeira viagem. O motivo? A poss\u00edvel falta de nominatas competitivas, o que pode resultar em uma disputa concentrada em apenas tr\u00eas chapas vi\u00e1veis \u2014 um fen\u00f4meno raro e que pode ter desdobramentos significativos na representatividade do estado em Bras\u00edlia.<\/p>\n\n\n\n<p class=\"p1\">A matem\u00e1tica do coeficiente eleitoral<\/p>\n\n\n\n<p class=\"p3\">A elei\u00e7\u00e3o para deputado federal no Brasil obedece ao sistema proporcional. Para eleger um parlamentar, o partido (ou federa\u00e7\u00e3o) precisa atingir o chamado coeficiente eleitoral, que nas \u00faltimas elei\u00e7\u00f5es no RN girou em torno de 180 mil votos. Isso significa que uma legenda, para conquistar uma cadeira, precisa somar esse n\u00famero entre todos os seus candidatos.<\/p>\n\n\n\n<p class=\"p3\">Para tanto, \u00e9 essencial contar com nomes puxadores de votos \u2014 aqueles que ultrapassam com folga a marca dos 15 ou 20 mil votos, contribuindo decisivamente para o resultado da chapa. No entanto, o problema que se desenha para 2026 \u00e9 justamente a escassez desses nomes.<\/p>\n\n\n\n<p class=\"p1\">O apag\u00e3o dos puxadores de voto<\/p>\n\n\n\n<p class=\"p3\">Segundo fontes ligadas a diversas legendas potiguares, muitos dos nomes de peso ou j\u00e1 est\u00e3o em cargos majorit\u00e1rios (prefeituras, Senado, governo estadual) ou migraram para disputas locais, deixando um v\u00e1cuo nas fileiras proporcionais. Al\u00e9m disso, o desgaste pol\u00edtico e a desmobiliza\u00e7\u00e3o de bases tradicionais, como sindicatos e igrejas, tamb\u00e9m contribu\u00edram para a falta de nomes fortes.<\/p>\n\n\n\n<p class=\"p3\">\u201cA verdade \u00e9 que hoje s\u00f3 tr\u00eas partidos conseguem, com algum otimismo, formar nominatas com chance real de eleger deputados federais. Os outros est\u00e3o tentando montar chapas com nomes que mal passam dos 10 mil votos. Isso \u00e9 suic\u00eddio eleitoral\u201d, afirma um articulador pol\u00edtico ligado a uma federa\u00e7\u00e3o de esquerda.<\/p>\n\n\n\n<p class=\"p1\">Os tr\u00eas favoritos<\/p>\n\n\n\n<p class=\"p3\">Atualmente, especula-se que apenas tr\u00eas grupos partid\u00e1rios estariam perto de fechar nominatas com potencial para atingir o coeficiente eleitoral:<\/p>\n\n\n\n<p class=\"p1\">Uma federa\u00e7\u00e3o de esquerda que re\u00fane nomes conhecidos no interior; Um partido de direita com forte presen\u00e7a religiosa e evang\u00e9lica; E uma sigla de centro que vem atraindo prefeitos e ex-deputados em busca de retorno ao Congresso.<\/p>\n\n\n\n<p class=\"p3\">As demais legendas estariam longe do n\u00famero m\u00ednimo necess\u00e1rio para viabilizar a elei\u00e7\u00e3o de ao menos um parlamentar \u2014 e podem servir apenas como \u201cescada\u201d para puxadores de voto isolados, se conseguirem.<\/p>\n\n\n\n<p class=\"p1\">Risco \u00e0 representatividade<\/p>\n\n\n\n<p class=\"p3\">Se confirmado, o cen\u00e1rio pode comprometer a pluralidade de representa\u00e7\u00e3o do estado na C\u00e2mara dos Deputados. \u201cMenos chapas vi\u00e1veis significa menos diversidade de ideias e regi\u00f5es representadas. E pior: pode abrir espa\u00e7o para o fen\u00f4meno do \u2018voto jogado fora\u2019, quando partidos n\u00e3o conseguem eleger ningu\u00e9m e desperdi\u00e7am dezenas de milhares de votos\u201d, explica a cientista pol\u00edtica Ana Clara Nogueira, da UFRN.<\/p>\n\n\n\n<p class=\"p1\">As movimenta\u00e7\u00f5es de bastidores<\/p>\n\n\n\n<p class=\"p3\">A corrida para formar as nominatas est\u00e1 em ritmo acelerado. Partidos tentam atrair nomes com capital eleitoral regional, como ex-prefeitos, vereadores em ascens\u00e3o e at\u00e9 comunicadores. O problema, segundo fontes ouvidas pela reportagem, \u00e9 que muitos desses potenciais candidatos est\u00e3o exigindo estrutura, apoio financeiro e garantias que os partidos m\u00e9dios simplesmente n\u00e3o podem oferecer.<\/p>\n\n\n\n<p class=\"p1\">A inc\u00f3gnita dos \u201cfen\u00f4menos de \u00faltima hora\u201d<\/p>\n\n\n\n<p class=\"p3\">Apesar do pessimismo geral, a pol\u00edtica potiguar tem hist\u00f3rico de surpresas. Candidatos com forte presen\u00e7a digital ou com apoio de setores organizados podem surgir como \u201cfen\u00f4menos eleitorais\u201d de \u00faltima hora, mudando o equil\u00edbrio das chapas. Por\u00e9m, como dizem os veteranos da pol\u00edtica local, \u201cn\u00e3o se monta nominata com esperan\u00e7a \u2014 se monta com voto contado\u201d.<\/p>\n\n\n\n<p class=\"p1\">Conclus\u00e3o<\/p>\n\n\n\n<p class=\"p3\">Se o cen\u00e1rio atual se mantiver, o Rio Grande do Norte poder\u00e1 viver uma elei\u00e7\u00e3o federal com competi\u00e7\u00e3o real concentrada em poucas chapas, o que favorece alian\u00e7as pragm\u00e1ticas, reduz o espa\u00e7o para renova\u00e7\u00e3o e aprofunda a depend\u00eancia de poucos caciques eleitorais. O risco de um Congresso menos representativo, tanto em termos geogr\u00e1ficos quanto ideol\u00f3gicos, \u00e9 uma consequ\u00eancia que pode custar caro ao estado nos pr\u00f3ximos quatro anos.<\/p>\n","protected":false},"excerpt":{"rendered":"<p>Falta de puxadores de voto pode reduzir disputa por 10 cadeiras a um jogo de cartas marcadas Por Reda\u00e7\u00e3o O cen\u00e1rio eleitoral para a disputa pelas 10 vagas de deputado federal no Rio Grande do Norte, em 2026, j\u00e1 come\u00e7a a preocupar analistas pol\u00edticos, dirigentes partid\u00e1rios e at\u00e9 candidatos de primeira viagem. O motivo? A [&hellip;]<\/p>\n","protected":false},"author":1,"featured_media":0,"comment_status":"open","ping_status":"open","sticky":false,"template":"","format":"standard","meta":{"cybocfi_hide_featured_image":"","_jetpack_memberships_contains_paid_content":false,"footnotes":""},"categories":[1],"tags":[],"class_list":["post-5416","post","type-post","status-publish","format-standard","hentry","category-diversos"],"yoast_head":"<!-- This site is optimized with the Yoast SEO plugin v25.6 - https:\/\/yoast.com\/wordpress\/plugins\/seo\/ -->\n<title>Rio Grande do Norte pode ter apenas tr\u00eas nominatas competitivas para a C\u00e2mara Federal em 2026 - Blog do Bispo<\/title>\n<meta name=\"robots\" content=\"index, follow, max-snippet:-1, max-image-preview:large, max-video-preview:-1\" \/>\n<link rel=\"canonical\" href=\"https:\/\/blogdobispo.com.br\/?p=5416\" \/>\n<meta property=\"og:locale\" content=\"pt_BR\" \/>\n<meta property=\"og:type\" content=\"article\" \/>\n<meta property=\"og:title\" content=\"Rio Grande do Norte pode ter apenas tr\u00eas nominatas competitivas para a C\u00e2mara Federal em 2026 - Blog do Bispo\" \/>\n<meta property=\"og:description\" content=\"Falta de puxadores de voto pode reduzir disputa por 10 cadeiras a um jogo de cartas marcadas Por Reda\u00e7\u00e3o O cen\u00e1rio eleitoral para a disputa pelas 10 vagas de deputado federal no Rio Grande do Norte, em 2026, j\u00e1 come\u00e7a a preocupar analistas pol\u00edticos, dirigentes partid\u00e1rios e at\u00e9 candidatos de primeira viagem. O motivo? A [&hellip;]\" \/>\n<meta property=\"og:url\" content=\"https:\/\/blogdobispo.com.br\/?p=5416\" \/>\n<meta property=\"og:site_name\" content=\"Blog do Bispo\" \/>\n<meta property=\"article:published_time\" content=\"2025-05-23T23:19:30+00:00\" \/>\n<meta property=\"og:image\" content=\"https:\/\/blogdobispo.com.br\/wp-content\/uploads\/2025\/05\/img_4581-1.jpg\" \/>\n<meta name=\"author\" content=\"Jefferson Sterfeno\" \/>\n<meta name=\"twitter:card\" content=\"summary_large_image\" \/>\n<meta name=\"twitter:label1\" content=\"Escrito por\" \/>\n\t<meta name=\"twitter:data1\" content=\"Jefferson Sterfeno\" \/>\n\t<meta name=\"twitter:label2\" content=\"Est. tempo de leitura\" \/>\n\t<meta name=\"twitter:data2\" content=\"4 minutos\" \/>\n<script type=\"application\/ld+json\" class=\"yoast-schema-graph\">{\"@context\":\"https:\/\/schema.org\",\"@graph\":[{\"@type\":\"Article\",\"@id\":\"https:\/\/blogdobispo.com.br\/?p=5416#article\",\"isPartOf\":{\"@id\":\"https:\/\/blogdobispo.com.br\/?p=5416\"},\"author\":{\"name\":\"Jefferson Sterfeno\",\"@id\":\"https:\/\/blogdobispo.com.br\/#\/schema\/person\/e2209cc0e6cea5c5233d033e997b373f\"},\"headline\":\"Rio Grande do Norte pode ter apenas tr\u00eas nominatas competitivas para a C\u00e2mara Federal em 2026\",\"datePublished\":\"2025-05-23T23:19:30+00:00\",\"mainEntityOfPage\":{\"@id\":\"https:\/\/blogdobispo.com.br\/?p=5416\"},\"wordCount\":729,\"commentCount\":0,\"publisher\":{\"@id\":\"https:\/\/blogdobispo.com.br\/#organization\"},\"image\":{\"@id\":\"https:\/\/blogdobispo.com.br\/?p=5416#primaryimage\"},\"thumbnailUrl\":\"https:\/\/blogdobispo.com.br\/wp-content\/uploads\/2025\/05\/img_4581-1.jpg\",\"articleSection\":[\"diversos\"],\"inLanguage\":\"pt-BR\",\"potentialAction\":[{\"@type\":\"CommentAction\",\"name\":\"Comment\",\"target\":[\"https:\/\/blogdobispo.com.br\/?p=5416#respond\"]}]},{\"@type\":\"WebPage\",\"@id\":\"https:\/\/blogdobispo.com.br\/?p=5416\",\"url\":\"https:\/\/blogdobispo.com.br\/?p=5416\",\"name\":\"Rio Grande do Norte pode ter apenas tr\u00eas nominatas competitivas para a C\u00e2mara Federal em 2026 - Blog do Bispo\",\"isPartOf\":{\"@id\":\"https:\/\/blogdobispo.com.br\/#website\"},\"primaryImageOfPage\":{\"@id\":\"https:\/\/blogdobispo.com.br\/?p=5416#primaryimage\"},\"image\":{\"@id\":\"https:\/\/blogdobispo.com.br\/?p=5416#primaryimage\"},\"thumbnailUrl\":\"https:\/\/blogdobispo.com.br\/wp-content\/uploads\/2025\/05\/img_4581-1.jpg\",\"datePublished\":\"2025-05-23T23:19:30+00:00\",\"breadcrumb\":{\"@id\":\"https:\/\/blogdobispo.com.br\/?p=5416#breadcrumb\"},\"inLanguage\":\"pt-BR\",\"potentialAction\":[{\"@type\":\"ReadAction\",\"target\":[\"https:\/\/blogdobispo.com.br\/?p=5416\"]}]},{\"@type\":\"ImageObject\",\"inLanguage\":\"pt-BR\",\"@id\":\"https:\/\/blogdobispo.com.br\/?p=5416#primaryimage\",\"url\":\"https:\/\/blogdobispo.com.br\/wp-content\/uploads\/2025\/05\/img_4581-1.jpg\",\"contentUrl\":\"https:\/\/blogdobispo.com.br\/wp-content\/uploads\/2025\/05\/img_4581-1.jpg\"},{\"@type\":\"BreadcrumbList\",\"@id\":\"https:\/\/blogdobispo.com.br\/?p=5416#breadcrumb\",\"itemListElement\":[{\"@type\":\"ListItem\",\"position\":1,\"name\":\"In\u00edcio\",\"item\":\"https:\/\/blogdobispo.com.br\/\"},{\"@type\":\"ListItem\",\"position\":2,\"name\":\"Rio Grande do Norte pode ter apenas tr\u00eas nominatas competitivas para a C\u00e2mara Federal em 2026\"}]},{\"@type\":\"WebSite\",\"@id\":\"https:\/\/blogdobispo.com.br\/#website\",\"url\":\"https:\/\/blogdobispo.com.br\/\",\"name\":\"Blog do Bispo\",\"description\":\"Comprometido apenas com o leitor\",\"publisher\":{\"@id\":\"https:\/\/blogdobispo.com.br\/#organization\"},\"potentialAction\":[{\"@type\":\"SearchAction\",\"target\":{\"@type\":\"EntryPoint\",\"urlTemplate\":\"https:\/\/blogdobispo.com.br\/?s={search_term_string}\"},\"query-input\":{\"@type\":\"PropertyValueSpecification\",\"valueRequired\":true,\"valueName\":\"search_term_string\"}}],\"inLanguage\":\"pt-BR\"},{\"@type\":\"Organization\",\"@id\":\"https:\/\/blogdobispo.com.br\/#organization\",\"name\":\"Blog do Bispo\",\"url\":\"https:\/\/blogdobispo.com.br\/\",\"logo\":{\"@type\":\"ImageObject\",\"inLanguage\":\"pt-BR\",\"@id\":\"https:\/\/blogdobispo.com.br\/#\/schema\/logo\/image\/\",\"url\":\"http:\/\/blogdobispo.com.br\/wp-content\/uploads\/2023\/05\/cropped-headear.png\",\"contentUrl\":\"http:\/\/blogdobispo.com.br\/wp-content\/uploads\/2023\/05\/cropped-headear.png\",\"width\":1500,\"height\":399,\"caption\":\"Blog do Bispo\"},\"image\":{\"@id\":\"https:\/\/blogdobispo.com.br\/#\/schema\/logo\/image\/\"}},{\"@type\":\"Person\",\"@id\":\"https:\/\/blogdobispo.com.br\/#\/schema\/person\/e2209cc0e6cea5c5233d033e997b373f\",\"name\":\"Jefferson Sterfeno\",\"image\":{\"@type\":\"ImageObject\",\"inLanguage\":\"pt-BR\",\"@id\":\"https:\/\/blogdobispo.com.br\/#\/schema\/person\/image\/\",\"url\":\"https:\/\/secure.gravatar.com\/avatar\/0534e84764641168a677026b6d57a3f51dc7ac4db0b4f6186d9cb330d4ee1160?s=96&d=mm&r=g\",\"contentUrl\":\"https:\/\/secure.gravatar.com\/avatar\/0534e84764641168a677026b6d57a3f51dc7ac4db0b4f6186d9cb330d4ee1160?s=96&d=mm&r=g\",\"caption\":\"Jefferson Sterfeno\"},\"sameAs\":[\"http:\/\/blogdobispo.com.br\"],\"url\":\"https:\/\/blogdobispo.com.br\/?author=1\"}]}<\/script>\n<!-- \/ Yoast SEO plugin. -->","yoast_head_json":{"title":"Rio Grande do Norte pode ter apenas tr\u00eas nominatas competitivas para a C\u00e2mara Federal em 2026 - Blog do Bispo","robots":{"index":"index","follow":"follow","max-snippet":"max-snippet:-1","max-image-preview":"max-image-preview:large","max-video-preview":"max-video-preview:-1"},"canonical":"https:\/\/blogdobispo.com.br\/?p=5416","og_locale":"pt_BR","og_type":"article","og_title":"Rio Grande do Norte pode ter apenas tr\u00eas nominatas competitivas para a C\u00e2mara Federal em 2026 - Blog do Bispo","og_description":"Falta de puxadores de voto pode reduzir disputa por 10 cadeiras a um jogo de cartas marcadas Por Reda\u00e7\u00e3o O cen\u00e1rio eleitoral para a disputa pelas 10 vagas de deputado federal no Rio Grande do Norte, em 2026, j\u00e1 come\u00e7a a preocupar analistas pol\u00edticos, dirigentes partid\u00e1rios e at\u00e9 candidatos de primeira viagem. O motivo? A [&hellip;]","og_url":"https:\/\/blogdobispo.com.br\/?p=5416","og_site_name":"Blog do Bispo","article_published_time":"2025-05-23T23:19:30+00:00","og_image":[{"url":"https:\/\/blogdobispo.com.br\/wp-content\/uploads\/2025\/05\/img_4581-1.jpg","type":"","width":"","height":""}],"author":"Jefferson Sterfeno","twitter_card":"summary_large_image","twitter_misc":{"Escrito por":"Jefferson Sterfeno","Est. tempo de leitura":"4 minutos"},"schema":{"@context":"https:\/\/schema.org","@graph":[{"@type":"Article","@id":"https:\/\/blogdobispo.com.br\/?p=5416#article","isPartOf":{"@id":"https:\/\/blogdobispo.com.br\/?p=5416"},"author":{"name":"Jefferson Sterfeno","@id":"https:\/\/blogdobispo.com.br\/#\/schema\/person\/e2209cc0e6cea5c5233d033e997b373f"},"headline":"Rio Grande do Norte pode ter apenas tr\u00eas nominatas competitivas para a C\u00e2mara Federal em 2026","datePublished":"2025-05-23T23:19:30+00:00","mainEntityOfPage":{"@id":"https:\/\/blogdobispo.com.br\/?p=5416"},"wordCount":729,"commentCount":0,"publisher":{"@id":"https:\/\/blogdobispo.com.br\/#organization"},"image":{"@id":"https:\/\/blogdobispo.com.br\/?p=5416#primaryimage"},"thumbnailUrl":"https:\/\/blogdobispo.com.br\/wp-content\/uploads\/2025\/05\/img_4581-1.jpg","articleSection":["diversos"],"inLanguage":"pt-BR","potentialAction":[{"@type":"CommentAction","name":"Comment","target":["https:\/\/blogdobispo.com.br\/?p=5416#respond"]}]},{"@type":"WebPage","@id":"https:\/\/blogdobispo.com.br\/?p=5416","url":"https:\/\/blogdobispo.com.br\/?p=5416","name":"Rio Grande do Norte pode ter apenas tr\u00eas nominatas competitivas para a C\u00e2mara Federal em 2026 - Blog do Bispo","isPartOf":{"@id":"https:\/\/blogdobispo.com.br\/#website"},"primaryImageOfPage":{"@id":"https:\/\/blogdobispo.com.br\/?p=5416#primaryimage"},"image":{"@id":"https:\/\/blogdobispo.com.br\/?p=5416#primaryimage"},"thumbnailUrl":"https:\/\/blogdobispo.com.br\/wp-content\/uploads\/2025\/05\/img_4581-1.jpg","datePublished":"2025-05-23T23:19:30+00:00","breadcrumb":{"@id":"https:\/\/blogdobispo.com.br\/?p=5416#breadcrumb"},"inLanguage":"pt-BR","potentialAction":[{"@type":"ReadAction","target":["https:\/\/blogdobispo.com.br\/?p=5416"]}]},{"@type":"ImageObject","inLanguage":"pt-BR","@id":"https:\/\/blogdobispo.com.br\/?p=5416#primaryimage","url":"https:\/\/blogdobispo.com.br\/wp-content\/uploads\/2025\/05\/img_4581-1.jpg","contentUrl":"https:\/\/blogdobispo.com.br\/wp-content\/uploads\/2025\/05\/img_4581-1.jpg"},{"@type":"BreadcrumbList","@id":"https:\/\/blogdobispo.com.br\/?p=5416#breadcrumb","itemListElement":[{"@type":"ListItem","position":1,"name":"In\u00edcio","item":"https:\/\/blogdobispo.com.br\/"},{"@type":"ListItem","position":2,"name":"Rio Grande do Norte pode ter apenas tr\u00eas nominatas competitivas para a C\u00e2mara Federal em 2026"}]},{"@type":"WebSite","@id":"https:\/\/blogdobispo.com.br\/#website","url":"https:\/\/blogdobispo.com.br\/","name":"Blog do Bispo","description":"Comprometido apenas com o leitor","publisher":{"@id":"https:\/\/blogdobispo.com.br\/#organization"},"potentialAction":[{"@type":"SearchAction","target":{"@type":"EntryPoint","urlTemplate":"https:\/\/blogdobispo.com.br\/?s={search_term_string}"},"query-input":{"@type":"PropertyValueSpecification","valueRequired":true,"valueName":"search_term_string"}}],"inLanguage":"pt-BR"},{"@type":"Organization","@id":"https:\/\/blogdobispo.com.br\/#organization","name":"Blog do Bispo","url":"https:\/\/blogdobispo.com.br\/","logo":{"@type":"ImageObject","inLanguage":"pt-BR","@id":"https:\/\/blogdobispo.com.br\/#\/schema\/logo\/image\/","url":"http:\/\/blogdobispo.com.br\/wp-content\/uploads\/2023\/05\/cropped-headear.png","contentUrl":"http:\/\/blogdobispo.com.br\/wp-content\/uploads\/2023\/05\/cropped-headear.png","width":1500,"height":399,"caption":"Blog do Bispo"},"image":{"@id":"https:\/\/blogdobispo.com.br\/#\/schema\/logo\/image\/"}},{"@type":"Person","@id":"https:\/\/blogdobispo.com.br\/#\/schema\/person\/e2209cc0e6cea5c5233d033e997b373f","name":"Jefferson Sterfeno","image":{"@type":"ImageObject","inLanguage":"pt-BR","@id":"https:\/\/blogdobispo.com.br\/#\/schema\/person\/image\/","url":"https:\/\/secure.gravatar.com\/avatar\/0534e84764641168a677026b6d57a3f51dc7ac4db0b4f6186d9cb330d4ee1160?s=96&d=mm&r=g","contentUrl":"https:\/\/secure.gravatar.com\/avatar\/0534e84764641168a677026b6d57a3f51dc7ac4db0b4f6186d9cb330d4ee1160?s=96&d=mm&r=g","caption":"Jefferson Sterfeno"},"sameAs":["http:\/\/blogdobispo.com.br"],"url":"https:\/\/blogdobispo.com.br\/?author=1"}]}},"featured_image_urls":{"full":"","thumbnail":"","medium":"","medium_large":"","large":"","1536x1536":"","2048x2048":""},"author_info":{"display_name":"Jefferson Sterfeno","author_link":"https:\/\/blogdobispo.com.br\/?author=1"},"category_info":"<a href=\"https:\/\/blogdobispo.com.br\/?cat=1\" rel=\"category\">diversos<\/a>","tag_info":"diversos","comment_count":"0","jetpack_featured_media_url":"","jetpack_sharing_enabled":true,"_links":{"self":[{"href":"https:\/\/blogdobispo.com.br\/index.php?rest_route=\/wp\/v2\/posts\/5416","targetHints":{"allow":["GET"]}}],"collection":[{"href":"https:\/\/blogdobispo.com.br\/index.php?rest_route=\/wp\/v2\/posts"}],"about":[{"href":"https:\/\/blogdobispo.com.br\/index.php?rest_route=\/wp\/v2\/types\/post"}],"author":[{"embeddable":true,"href":"https:\/\/blogdobispo.com.br\/index.php?rest_route=\/wp\/v2\/users\/1"}],"replies":[{"embeddable":true,"href":"https:\/\/blogdobispo.com.br\/index.php?rest_route=%2Fwp%2Fv2%2Fcomments&post=5416"}],"version-history":[{"count":0,"href":"https:\/\/blogdobispo.com.br\/index.php?rest_route=\/wp\/v2\/posts\/5416\/revisions"}],"wp:attachment":[{"href":"https:\/\/blogdobispo.com.br\/index.php?rest_route=%2Fwp%2Fv2%2Fmedia&parent=5416"}],"wp:term":[{"taxonomy":"category","embeddable":true,"href":"https:\/\/blogdobispo.com.br\/index.php?rest_route=%2Fwp%2Fv2%2Fcategories&post=5416"},{"taxonomy":"post_tag","embeddable":true,"href":"https:\/\/blogdobispo.com.br\/index.php?rest_route=%2Fwp%2Fv2%2Ftags&post=5416"}],"curies":[{"name":"wp","href":"https:\/\/api.w.org\/{rel}","templated":true}]}}