{"id":5412,"date":"2025-05-23T15:52:58","date_gmt":"2025-05-23T15:52:58","guid":{"rendered":"https:\/\/blogdobispo.com.br\/?p=5412"},"modified":"2025-05-23T15:52:58","modified_gmt":"2025-05-23T15:52:58","slug":"ubaldo-recebe-organizador-do-circuito-sabores-da-serra-e-reafirma-apoio-ao-fortalecimento-do-turismo-e-da-economia-no-serido","status":"publish","type":"post","link":"https:\/\/blogdobispo.com.br\/?p=5412","title":{"rendered":"Ubaldo recebe organizador do Circuito Sabores da Serra e reafirma apoio ao fortalecimento do turismo e da economia no Serid\u00f3"},"content":{"rendered":"\n<figure class=\"wp-block-image size-large\"><img data-recalc-dims=\"1\" fetchpriority=\"high\" decoding=\"async\" width=\"800\" height=\"664\" src=\"https:\/\/i0.wp.com\/blogdobispo.com.br\/wp-content\/uploads\/2025\/05\/d801b33c-86d6-44bb-bfc0-6ae020d21593-1-1024x850.jpg?resize=800%2C664&#038;ssl=1\" class=\"wp-image-5411\" srcset=\"https:\/\/i0.wp.com\/blogdobispo.com.br\/wp-content\/uploads\/2025\/05\/d801b33c-86d6-44bb-bfc0-6ae020d21593-1.jpg?resize=1024%2C850&amp;ssl=1 1024w, https:\/\/i0.wp.com\/blogdobispo.com.br\/wp-content\/uploads\/2025\/05\/d801b33c-86d6-44bb-bfc0-6ae020d21593-1.jpg?resize=300%2C249&amp;ssl=1 300w, https:\/\/i0.wp.com\/blogdobispo.com.br\/wp-content\/uploads\/2025\/05\/d801b33c-86d6-44bb-bfc0-6ae020d21593-1.jpg?resize=768%2C637&amp;ssl=1 768w, https:\/\/i0.wp.com\/blogdobispo.com.br\/wp-content\/uploads\/2025\/05\/d801b33c-86d6-44bb-bfc0-6ae020d21593-1.jpg?w=1080&amp;ssl=1 1080w\" sizes=\"(max-width: 800px) 100vw, 800px\" \/><\/figure>\n\n\n\n<p><\/p>\n\n\n\n<p>O deputado estadual Ubaldo Fernandes recebeu, nesta sexta-feira (23), a visita de Jo\u00e3o Marcelo, organizador do Circuito Sabores da Serra, evento que tem promovido a cultura, a gastronomia e o turismo em munic\u00edpios da regi\u00e3o serrana do Serid\u00f3 potiguar.<\/p>\n\n\n\n<p>Acompanhado do vereador Del, de Tenente Laurentino Cruz, Jo\u00e3o Marcelo agradeceu o apoio do parlamentar \u00e0 edi\u00e7\u00e3o realizada em maio, no munic\u00edpio de Cerro Cor\u00e1, e apresentou as pr\u00f3ximas etapas do circuito, que acontecer\u00e1 em Lagoa Nova, no m\u00eas de julho, e em Tenente Laurentino, em setembro.<\/p>\n\n\n\n<p>Durante o encontro, o deputado reafirmou o compromisso do seu mandato com iniciativas que impulsionam a economia local e valorizam a cultura potiguar. Ele destacou o sucesso da edi\u00e7\u00e3o de Cerro Cor\u00e1, que contou com sua presen\u00e7a, e garantiu apoio \u00e0s pr\u00f3ximas edi\u00e7\u00f5es. \u201cNosso mandato est\u00e1 comprometido com a\u00e7\u00f5es que geram emprego, renda e fortalecem a identidade cultural do nosso estado. Estivemos em Cerro Cor\u00e1, onde vimos de perto o sucesso do evento. Agora, seguiremos apoiando as pr\u00f3ximas edi\u00e7\u00f5es, valorizando o que a Serra Santana tem de melhor\u201d, afirmou Ubaldo.<\/p>\n\n\n\n<p>Jo\u00e3o Marcelo celebrou a receptividade e refor\u00e7ou o convite para as pr\u00f3ximas edi\u00e7\u00f5es do circuito, destacando a import\u00e2ncia do envolvimento de lideran\u00e7as pol\u00edticas para o fortalecimento do projeto. J\u00e1 o vereador Del enfatizou que Tenente Laurentino est\u00e1 se preparando para receber o evento com entusiasmo e estrutura, destacando a uni\u00e3o de esfor\u00e7os em prol do desenvolvimento regional.<\/p>\n\n\n\n<p>O Circuito Sabores da Serra vem se consolidando como uma importante a\u00e7\u00e3o de promo\u00e7\u00e3o cultural, tur\u00edstica e econ\u00f4mica, movimentando munic\u00edpios e valorizando o potencial da regi\u00e3o serrana do Serid\u00f3 do RN.<\/p>\n","protected":false},"excerpt":{"rendered":"<p>O deputado estadual Ubaldo Fernandes recebeu, nesta sexta-feira (23), a visita de Jo\u00e3o Marcelo, organizador do Circuito Sabores da Serra, evento que tem promovido a cultura, a gastronomia e o turismo em munic\u00edpios da regi\u00e3o serrana do Serid\u00f3 potiguar. Acompanhado do vereador Del, de Tenente Laurentino Cruz, Jo\u00e3o Marcelo agradeceu o apoio do parlamentar \u00e0 [&hellip;]<\/p>\n","protected":false},"author":1,"featured_media":0,"comment_status":"open","ping_status":"open","sticky":false,"template":"","format":"standard","meta":{"cybocfi_hide_featured_image":"","_jetpack_memberships_contains_paid_content":false,"footnotes":""},"categories":[1],"tags":[],"class_list":["post-5412","post","type-post","status-publish","format-standard","hentry","category-diversos"],"yoast_head":"<!-- This site is optimized with the Yoast SEO plugin v25.6 - https:\/\/yoast.com\/wordpress\/plugins\/seo\/ -->\n<title>Ubaldo recebe organizador do Circuito Sabores da Serra e reafirma apoio ao fortalecimento do turismo e da economia no Serid\u00f3 - Blog do Bispo<\/title>\n<meta name=\"robots\" content=\"index, follow, max-snippet:-1, max-image-preview:large, max-video-preview:-1\" \/>\n<link rel=\"canonical\" href=\"https:\/\/blogdobispo.com.br\/?p=5412\" \/>\n<meta property=\"og:locale\" content=\"pt_BR\" \/>\n<meta property=\"og:type\" content=\"article\" \/>\n<meta property=\"og:title\" content=\"Ubaldo recebe organizador do Circuito Sabores da Serra e reafirma apoio ao fortalecimento do turismo e da economia no Serid\u00f3 - Blog do Bispo\" \/>\n<meta property=\"og:description\" content=\"O deputado estadual Ubaldo Fernandes recebeu, nesta sexta-feira (23), a visita de Jo\u00e3o Marcelo, organizador do Circuito Sabores da Serra, evento que tem promovido a cultura, a gastronomia e o turismo em munic\u00edpios da regi\u00e3o serrana do Serid\u00f3 potiguar. Acompanhado do vereador Del, de Tenente Laurentino Cruz, Jo\u00e3o Marcelo agradeceu o apoio do parlamentar \u00e0 [&hellip;]\" \/>\n<meta property=\"og:url\" content=\"https:\/\/blogdobispo.com.br\/?p=5412\" \/>\n<meta property=\"og:site_name\" content=\"Blog do Bispo\" \/>\n<meta property=\"article:published_time\" content=\"2025-05-23T15:52:58+00:00\" \/>\n<meta property=\"og:image\" content=\"https:\/\/blogdobispo.com.br\/wp-content\/uploads\/2025\/05\/d801b33c-86d6-44bb-bfc0-6ae020d21593-1-1024x850.jpg\" \/>\n<meta name=\"author\" content=\"Jefferson Sterfeno\" \/>\n<meta name=\"twitter:card\" content=\"summary_large_image\" \/>\n<meta name=\"twitter:label1\" content=\"Escrito por\" \/>\n\t<meta name=\"twitter:data1\" content=\"Jefferson Sterfeno\" \/>\n\t<meta name=\"twitter:label2\" content=\"Est. tempo de leitura\" \/>\n\t<meta name=\"twitter:data2\" content=\"1 minuto\" \/>\n<script type=\"application\/ld+json\" class=\"yoast-schema-graph\">{\"@context\":\"https:\/\/schema.org\",\"@graph\":[{\"@type\":\"Article\",\"@id\":\"https:\/\/blogdobispo.com.br\/?p=5412#article\",\"isPartOf\":{\"@id\":\"https:\/\/blogdobispo.com.br\/?p=5412\"},\"author\":{\"name\":\"Jefferson Sterfeno\",\"@id\":\"https:\/\/blogdobispo.com.br\/#\/schema\/person\/e2209cc0e6cea5c5233d033e997b373f\"},\"headline\":\"Ubaldo recebe organizador do Circuito Sabores da Serra e reafirma apoio ao fortalecimento do turismo e da economia no Serid\u00f3\",\"datePublished\":\"2025-05-23T15:52:58+00:00\",\"mainEntityOfPage\":{\"@id\":\"https:\/\/blogdobispo.com.br\/?p=5412\"},\"wordCount\":312,\"commentCount\":0,\"publisher\":{\"@id\":\"https:\/\/blogdobispo.com.br\/#organization\"},\"image\":{\"@id\":\"https:\/\/blogdobispo.com.br\/?p=5412#primaryimage\"},\"thumbnailUrl\":\"https:\/\/blogdobispo.com.br\/wp-content\/uploads\/2025\/05\/d801b33c-86d6-44bb-bfc0-6ae020d21593-1-1024x850.jpg\",\"articleSection\":[\"diversos\"],\"inLanguage\":\"pt-BR\",\"potentialAction\":[{\"@type\":\"CommentAction\",\"name\":\"Comment\",\"target\":[\"https:\/\/blogdobispo.com.br\/?p=5412#respond\"]}]},{\"@type\":\"WebPage\",\"@id\":\"https:\/\/blogdobispo.com.br\/?p=5412\",\"url\":\"https:\/\/blogdobispo.com.br\/?p=5412\",\"name\":\"Ubaldo recebe organizador do Circuito Sabores da Serra e reafirma apoio ao fortalecimento do turismo e da economia no Serid\u00f3 - Blog do Bispo\",\"isPartOf\":{\"@id\":\"https:\/\/blogdobispo.com.br\/#website\"},\"primaryImageOfPage\":{\"@id\":\"https:\/\/blogdobispo.com.br\/?p=5412#primaryimage\"},\"image\":{\"@id\":\"https:\/\/blogdobispo.com.br\/?p=5412#primaryimage\"},\"thumbnailUrl\":\"https:\/\/blogdobispo.com.br\/wp-content\/uploads\/2025\/05\/d801b33c-86d6-44bb-bfc0-6ae020d21593-1-1024x850.jpg\",\"datePublished\":\"2025-05-23T15:52:58+00:00\",\"breadcrumb\":{\"@id\":\"https:\/\/blogdobispo.com.br\/?p=5412#breadcrumb\"},\"inLanguage\":\"pt-BR\",\"potentialAction\":[{\"@type\":\"ReadAction\",\"target\":[\"https:\/\/blogdobispo.com.br\/?p=5412\"]}]},{\"@type\":\"ImageObject\",\"inLanguage\":\"pt-BR\",\"@id\":\"https:\/\/blogdobispo.com.br\/?p=5412#primaryimage\",\"url\":\"https:\/\/blogdobispo.com.br\/wp-content\/uploads\/2025\/05\/d801b33c-86d6-44bb-bfc0-6ae020d21593-1-1024x850.jpg\",\"contentUrl\":\"https:\/\/blogdobispo.com.br\/wp-content\/uploads\/2025\/05\/d801b33c-86d6-44bb-bfc0-6ae020d21593-1-1024x850.jpg\"},{\"@type\":\"BreadcrumbList\",\"@id\":\"https:\/\/blogdobispo.com.br\/?p=5412#breadcrumb\",\"itemListElement\":[{\"@type\":\"ListItem\",\"position\":1,\"name\":\"In\u00edcio\",\"item\":\"https:\/\/blogdobispo.com.br\/\"},{\"@type\":\"ListItem\",\"position\":2,\"name\":\"Ubaldo recebe organizador do Circuito Sabores da Serra e reafirma apoio ao fortalecimento do turismo e da economia no Serid\u00f3\"}]},{\"@type\":\"WebSite\",\"@id\":\"https:\/\/blogdobispo.com.br\/#website\",\"url\":\"https:\/\/blogdobispo.com.br\/\",\"name\":\"Blog do Bispo\",\"description\":\"Comprometido apenas com o leitor\",\"publisher\":{\"@id\":\"https:\/\/blogdobispo.com.br\/#organization\"},\"potentialAction\":[{\"@type\":\"SearchAction\",\"target\":{\"@type\":\"EntryPoint\",\"urlTemplate\":\"https:\/\/blogdobispo.com.br\/?s={search_term_string}\"},\"query-input\":{\"@type\":\"PropertyValueSpecification\",\"valueRequired\":true,\"valueName\":\"search_term_string\"}}],\"inLanguage\":\"pt-BR\"},{\"@type\":\"Organization\",\"@id\":\"https:\/\/blogdobispo.com.br\/#organization\",\"name\":\"Blog do Bispo\",\"url\":\"https:\/\/blogdobispo.com.br\/\",\"logo\":{\"@type\":\"ImageObject\",\"inLanguage\":\"pt-BR\",\"@id\":\"https:\/\/blogdobispo.com.br\/#\/schema\/logo\/image\/\",\"url\":\"http:\/\/blogdobispo.com.br\/wp-content\/uploads\/2023\/05\/cropped-headear.png\",\"contentUrl\":\"http:\/\/blogdobispo.com.br\/wp-content\/uploads\/2023\/05\/cropped-headear.png\",\"width\":1500,\"height\":399,\"caption\":\"Blog do Bispo\"},\"image\":{\"@id\":\"https:\/\/blogdobispo.com.br\/#\/schema\/logo\/image\/\"}},{\"@type\":\"Person\",\"@id\":\"https:\/\/blogdobispo.com.br\/#\/schema\/person\/e2209cc0e6cea5c5233d033e997b373f\",\"name\":\"Jefferson Sterfeno\",\"image\":{\"@type\":\"ImageObject\",\"inLanguage\":\"pt-BR\",\"@id\":\"https:\/\/blogdobispo.com.br\/#\/schema\/person\/image\/\",\"url\":\"https:\/\/secure.gravatar.com\/avatar\/0534e84764641168a677026b6d57a3f51dc7ac4db0b4f6186d9cb330d4ee1160?s=96&d=mm&r=g\",\"contentUrl\":\"https:\/\/secure.gravatar.com\/avatar\/0534e84764641168a677026b6d57a3f51dc7ac4db0b4f6186d9cb330d4ee1160?s=96&d=mm&r=g\",\"caption\":\"Jefferson Sterfeno\"},\"sameAs\":[\"http:\/\/blogdobispo.com.br\"],\"url\":\"https:\/\/blogdobispo.com.br\/?author=1\"}]}<\/script>\n<!-- \/ Yoast SEO plugin. -->","yoast_head_json":{"title":"Ubaldo recebe organizador do Circuito Sabores da Serra e reafirma apoio ao fortalecimento do turismo e da economia no Serid\u00f3 - Blog do Bispo","robots":{"index":"index","follow":"follow","max-snippet":"max-snippet:-1","max-image-preview":"max-image-preview:large","max-video-preview":"max-video-preview:-1"},"canonical":"https:\/\/blogdobispo.com.br\/?p=5412","og_locale":"pt_BR","og_type":"article","og_title":"Ubaldo recebe organizador do Circuito Sabores da Serra e reafirma apoio ao fortalecimento do turismo e da economia no Serid\u00f3 - Blog do Bispo","og_description":"O deputado estadual Ubaldo Fernandes recebeu, nesta sexta-feira (23), a visita de Jo\u00e3o Marcelo, organizador do Circuito Sabores da Serra, evento que tem promovido a cultura, a gastronomia e o turismo em munic\u00edpios da regi\u00e3o serrana do Serid\u00f3 potiguar. Acompanhado do vereador Del, de Tenente Laurentino Cruz, Jo\u00e3o Marcelo agradeceu o apoio do parlamentar \u00e0 [&hellip;]","og_url":"https:\/\/blogdobispo.com.br\/?p=5412","og_site_name":"Blog do Bispo","article_published_time":"2025-05-23T15:52:58+00:00","og_image":[{"url":"https:\/\/blogdobispo.com.br\/wp-content\/uploads\/2025\/05\/d801b33c-86d6-44bb-bfc0-6ae020d21593-1-1024x850.jpg","type":"","width":"","height":""}],"author":"Jefferson Sterfeno","twitter_card":"summary_large_image","twitter_misc":{"Escrito por":"Jefferson Sterfeno","Est. tempo de leitura":"1 minuto"},"schema":{"@context":"https:\/\/schema.org","@graph":[{"@type":"Article","@id":"https:\/\/blogdobispo.com.br\/?p=5412#article","isPartOf":{"@id":"https:\/\/blogdobispo.com.br\/?p=5412"},"author":{"name":"Jefferson Sterfeno","@id":"https:\/\/blogdobispo.com.br\/#\/schema\/person\/e2209cc0e6cea5c5233d033e997b373f"},"headline":"Ubaldo recebe organizador do Circuito Sabores da Serra e reafirma apoio ao fortalecimento do turismo e da economia no Serid\u00f3","datePublished":"2025-05-23T15:52:58+00:00","mainEntityOfPage":{"@id":"https:\/\/blogdobispo.com.br\/?p=5412"},"wordCount":312,"commentCount":0,"publisher":{"@id":"https:\/\/blogdobispo.com.br\/#organization"},"image":{"@id":"https:\/\/blogdobispo.com.br\/?p=5412#primaryimage"},"thumbnailUrl":"https:\/\/blogdobispo.com.br\/wp-content\/uploads\/2025\/05\/d801b33c-86d6-44bb-bfc0-6ae020d21593-1-1024x850.jpg","articleSection":["diversos"],"inLanguage":"pt-BR","potentialAction":[{"@type":"CommentAction","name":"Comment","target":["https:\/\/blogdobispo.com.br\/?p=5412#respond"]}]},{"@type":"WebPage","@id":"https:\/\/blogdobispo.com.br\/?p=5412","url":"https:\/\/blogdobispo.com.br\/?p=5412","name":"Ubaldo recebe organizador do Circuito Sabores da Serra e reafirma apoio ao fortalecimento do turismo e da economia no Serid\u00f3 - Blog do Bispo","isPartOf":{"@id":"https:\/\/blogdobispo.com.br\/#website"},"primaryImageOfPage":{"@id":"https:\/\/blogdobispo.com.br\/?p=5412#primaryimage"},"image":{"@id":"https:\/\/blogdobispo.com.br\/?p=5412#primaryimage"},"thumbnailUrl":"https:\/\/blogdobispo.com.br\/wp-content\/uploads\/2025\/05\/d801b33c-86d6-44bb-bfc0-6ae020d21593-1-1024x850.jpg","datePublished":"2025-05-23T15:52:58+00:00","breadcrumb":{"@id":"https:\/\/blogdobispo.com.br\/?p=5412#breadcrumb"},"inLanguage":"pt-BR","potentialAction":[{"@type":"ReadAction","target":["https:\/\/blogdobispo.com.br\/?p=5412"]}]},{"@type":"ImageObject","inLanguage":"pt-BR","@id":"https:\/\/blogdobispo.com.br\/?p=5412#primaryimage","url":"https:\/\/blogdobispo.com.br\/wp-content\/uploads\/2025\/05\/d801b33c-86d6-44bb-bfc0-6ae020d21593-1-1024x850.jpg","contentUrl":"https:\/\/blogdobispo.com.br\/wp-content\/uploads\/2025\/05\/d801b33c-86d6-44bb-bfc0-6ae020d21593-1-1024x850.jpg"},{"@type":"BreadcrumbList","@id":"https:\/\/blogdobispo.com.br\/?p=5412#breadcrumb","itemListElement":[{"@type":"ListItem","position":1,"name":"In\u00edcio","item":"https:\/\/blogdobispo.com.br\/"},{"@type":"ListItem","position":2,"name":"Ubaldo recebe organizador do Circuito Sabores da Serra e reafirma apoio ao fortalecimento do turismo e da economia no Serid\u00f3"}]},{"@type":"WebSite","@id":"https:\/\/blogdobispo.com.br\/#website","url":"https:\/\/blogdobispo.com.br\/","name":"Blog do Bispo","description":"Comprometido apenas com o leitor","publisher":{"@id":"https:\/\/blogdobispo.com.br\/#organization"},"potentialAction":[{"@type":"SearchAction","target":{"@type":"EntryPoint","urlTemplate":"https:\/\/blogdobispo.com.br\/?s={search_term_string}"},"query-input":{"@type":"PropertyValueSpecification","valueRequired":true,"valueName":"search_term_string"}}],"inLanguage":"pt-BR"},{"@type":"Organization","@id":"https:\/\/blogdobispo.com.br\/#organization","name":"Blog do Bispo","url":"https:\/\/blogdobispo.com.br\/","logo":{"@type":"ImageObject","inLanguage":"pt-BR","@id":"https:\/\/blogdobispo.com.br\/#\/schema\/logo\/image\/","url":"http:\/\/blogdobispo.com.br\/wp-content\/uploads\/2023\/05\/cropped-headear.png","contentUrl":"http:\/\/blogdobispo.com.br\/wp-content\/uploads\/2023\/05\/cropped-headear.png","width":1500,"height":399,"caption":"Blog do Bispo"},"image":{"@id":"https:\/\/blogdobispo.com.br\/#\/schema\/logo\/image\/"}},{"@type":"Person","@id":"https:\/\/blogdobispo.com.br\/#\/schema\/person\/e2209cc0e6cea5c5233d033e997b373f","name":"Jefferson Sterfeno","image":{"@type":"ImageObject","inLanguage":"pt-BR","@id":"https:\/\/blogdobispo.com.br\/#\/schema\/person\/image\/","url":"https:\/\/secure.gravatar.com\/avatar\/0534e84764641168a677026b6d57a3f51dc7ac4db0b4f6186d9cb330d4ee1160?s=96&d=mm&r=g","contentUrl":"https:\/\/secure.gravatar.com\/avatar\/0534e84764641168a677026b6d57a3f51dc7ac4db0b4f6186d9cb330d4ee1160?s=96&d=mm&r=g","caption":"Jefferson Sterfeno"},"sameAs":["http:\/\/blogdobispo.com.br"],"url":"https:\/\/blogdobispo.com.br\/?author=1"}]}},"featured_image_urls":{"full":"","thumbnail":"","medium":"","medium_large":"","large":"","1536x1536":"","2048x2048":""},"author_info":{"display_name":"Jefferson Sterfeno","author_link":"https:\/\/blogdobispo.com.br\/?author=1"},"category_info":"<a href=\"https:\/\/blogdobispo.com.br\/?cat=1\" rel=\"category\">diversos<\/a>","tag_info":"diversos","comment_count":"0","jetpack_featured_media_url":"","jetpack_sharing_enabled":true,"_links":{"self":[{"href":"https:\/\/blogdobispo.com.br\/index.php?rest_route=\/wp\/v2\/posts\/5412","targetHints":{"allow":["GET"]}}],"collection":[{"href":"https:\/\/blogdobispo.com.br\/index.php?rest_route=\/wp\/v2\/posts"}],"about":[{"href":"https:\/\/blogdobispo.com.br\/index.php?rest_route=\/wp\/v2\/types\/post"}],"author":[{"embeddable":true,"href":"https:\/\/blogdobispo.com.br\/index.php?rest_route=\/wp\/v2\/users\/1"}],"replies":[{"embeddable":true,"href":"https:\/\/blogdobispo.com.br\/index.php?rest_route=%2Fwp%2Fv2%2Fcomments&post=5412"}],"version-history":[{"count":0,"href":"https:\/\/blogdobispo.com.br\/index.php?rest_route=\/wp\/v2\/posts\/5412\/revisions"}],"wp:attachment":[{"href":"https:\/\/blogdobispo.com.br\/index.php?rest_route=%2Fwp%2Fv2%2Fmedia&parent=5412"}],"wp:term":[{"taxonomy":"category","embeddable":true,"href":"https:\/\/blogdobispo.com.br\/index.php?rest_route=%2Fwp%2Fv2%2Fcategories&post=5412"},{"taxonomy":"post_tag","embeddable":true,"href":"https:\/\/blogdobispo.com.br\/index.php?rest_route=%2Fwp%2Fv2%2Ftags&post=5412"}],"curies":[{"name":"wp","href":"https:\/\/api.w.org\/{rel}","templated":true}]}}