{"id":5405,"date":"2025-05-23T01:57:58","date_gmt":"2025-05-23T01:57:58","guid":{"rendered":"https:\/\/blogdobispo.com.br\/?p=5405"},"modified":"2025-05-23T01:57:58","modified_gmt":"2025-05-23T01:57:58","slug":"rota-22-realiza-seminario-em-joao-camara-com-foco-no-desenvolvimento-do-mato-grande-e-litoral-norte","status":"publish","type":"post","link":"https:\/\/blogdobispo.com.br\/?p=5405","title":{"rendered":"Rota 22 realiza semin\u00e1rio em Jo\u00e3o C\u00e2mara com foco no desenvolvimento do Mato Grande e Litoral Norte"},"content":{"rendered":"\n<figure class=\"wp-block-image size-large\"><img data-recalc-dims=\"1\" fetchpriority=\"high\" decoding=\"async\" width=\"674\" height=\"830\" src=\"https:\/\/i0.wp.com\/blogdobispo.com.br\/wp-content\/uploads\/2025\/05\/aa17874a-16cd-441e-b3e7-6f85ccc8d847-1.jpg?resize=674%2C830&#038;ssl=1\" class=\"wp-image-5404\" srcset=\"https:\/\/i0.wp.com\/blogdobispo.com.br\/wp-content\/uploads\/2025\/05\/aa17874a-16cd-441e-b3e7-6f85ccc8d847-1.jpg?w=674&amp;ssl=1 674w, https:\/\/i0.wp.com\/blogdobispo.com.br\/wp-content\/uploads\/2025\/05\/aa17874a-16cd-441e-b3e7-6f85ccc8d847-1.jpg?resize=244%2C300&amp;ssl=1 244w\" sizes=\"(max-width: 674px) 100vw, 674px\" \/><\/figure>\n\n\n\n<p><\/p>\n\n\n\n<p>A pr\u00f3xima parada do Projeto Rota 22 no Rio Grande do Norte ser\u00e1 um semin\u00e1rio do PL no munic\u00edpio de Jo\u00e3o C\u00e2mara, neste s\u00e1bado (24), \u00e0s 9h, na AABB, debatendo o desenvolvimento das regi\u00f5es do Mato Grande e Litoral Norte. As inscri\u00e7\u00f5es s\u00e3o gratuitas e podem ser feitas pelo site: www.plrota22.com.br. Em parceria com o Instituto \u00c1lvaro Valle e sob a lideran\u00e7a do ex-presidente Jair Bolsonaro e do senador Rog\u00e9rio Marinho, o Rota 22 promove oficinas e semin\u00e1rios com o objetivo de identificar demandas locais e fortalecer o compromisso do partido com a melhoria da qualidade de vida da popula\u00e7\u00e3o.<\/p>\n\n\n\n<p>&#8220;O Mato Grande \u00e9 uma regi\u00e3o linda e cheia de potencialidades, mas que ainda sofre com a falta de pol\u00edticas p\u00fablicas para fomentar o empreendedorismo, o turismo, o emprego e o desenvolvimento local. Encerramos nossa rodada de oficinas no Mato Grande, com encontros nos munic\u00edpios de Taipu e Touros. Foram momentos de escuta, di\u00e1logo e constru\u00e7\u00e3o coletiva em busca de solu\u00e7\u00f5es para os desafios enfrentados por quem vive ali. Vamos seguir juntos, ouvindo a popula\u00e7\u00e3o e construindo um futuro melhor para o RN&#8221;, convoca o senador Rog\u00e9rio Marinho, l\u00edder da Oposi\u00e7\u00e3o no Senado e secret\u00e1rio-geral do PL.<\/p>\n\n\n\n<p>Al\u00e9m de Rog\u00e9rio Marinho, lideran\u00e7as do partido j\u00e1 confirmaram presen\u00e7a no semin\u00e1rio de Jo\u00e3o C\u00e2mara como os deputados federais General Gir\u00e3o e Sargento Gon\u00e7alves e os deputados estaduais do PL, Gustavo Carvalho e Coronel Azevedo. &#8220;Estarei ao lado de grandes lideran\u00e7as. Vamos juntos debater ideias, fortalecer nossos valores e preparar o RN para os novos desafios que vir\u00e3o&#8221;, destaca Gustavo. &#8220;Conto com a presen\u00e7a e mobiliza\u00e7\u00e3o de todos voc\u00eas&#8221;, convocou o Coronel Azevedo.<\/p>\n\n\n\n<p>O Partido Liberal tem a\u00e7\u00f5es pr\u00e1ticas no Mato Grande, com mais de R$ 39 milh\u00f5es investidos para ampliar o acesso e impulsionar o desenvolvimento da regi\u00e3o, via recursos da gest\u00e3o Bolsonaro e emendas parlamentares. Na Praia do Marco, em Pedra Grande\/RN, a pavimenta\u00e7\u00e3o transformou a realidade local.<\/p>\n\n\n\n<p>Fique conectado com o Rota 22 \u2014 acesse o site plrota22.com.br e confira quando o projeto passar\u00e1 por sua regi\u00e3o. Mais informa\u00e7\u00f5es tamb\u00e9m est\u00e3o dispon\u00edveis nas redes sociais, pelos perfis @pl22rn e @plnacional22, e no canal de WhatsApp do Rota 22 no Rio Grande do Norte: canal.plrota22.com.br.<\/p>\n","protected":false},"excerpt":{"rendered":"<p>A pr\u00f3xima parada do Projeto Rota 22 no Rio Grande do Norte ser\u00e1 um semin\u00e1rio do PL no munic\u00edpio de Jo\u00e3o C\u00e2mara, neste s\u00e1bado (24), \u00e0s 9h, na AABB, debatendo o desenvolvimento das regi\u00f5es do Mato Grande e Litoral Norte. As inscri\u00e7\u00f5es s\u00e3o gratuitas e podem ser feitas pelo site: www.plrota22.com.br. Em parceria com o [&hellip;]<\/p>\n","protected":false},"author":1,"featured_media":0,"comment_status":"open","ping_status":"open","sticky":false,"template":"","format":"standard","meta":{"cybocfi_hide_featured_image":"","_jetpack_memberships_contains_paid_content":false,"footnotes":""},"categories":[1],"tags":[],"class_list":["post-5405","post","type-post","status-publish","format-standard","hentry","category-diversos"],"yoast_head":"<!-- This site is optimized with the Yoast SEO plugin v25.6 - https:\/\/yoast.com\/wordpress\/plugins\/seo\/ -->\n<title>Rota 22 realiza semin\u00e1rio em Jo\u00e3o C\u00e2mara com foco no desenvolvimento do Mato Grande e Litoral Norte - Blog do Bispo<\/title>\n<meta name=\"robots\" content=\"index, follow, max-snippet:-1, max-image-preview:large, max-video-preview:-1\" \/>\n<link rel=\"canonical\" href=\"https:\/\/blogdobispo.com.br\/?p=5405\" \/>\n<meta property=\"og:locale\" content=\"pt_BR\" \/>\n<meta property=\"og:type\" content=\"article\" \/>\n<meta property=\"og:title\" content=\"Rota 22 realiza semin\u00e1rio em Jo\u00e3o C\u00e2mara com foco no desenvolvimento do Mato Grande e Litoral Norte - Blog do Bispo\" \/>\n<meta property=\"og:description\" content=\"A pr\u00f3xima parada do Projeto Rota 22 no Rio Grande do Norte ser\u00e1 um semin\u00e1rio do PL no munic\u00edpio de Jo\u00e3o C\u00e2mara, neste s\u00e1bado (24), \u00e0s 9h, na AABB, debatendo o desenvolvimento das regi\u00f5es do Mato Grande e Litoral Norte. As inscri\u00e7\u00f5es s\u00e3o gratuitas e podem ser feitas pelo site: www.plrota22.com.br. Em parceria com o [&hellip;]\" \/>\n<meta property=\"og:url\" content=\"https:\/\/blogdobispo.com.br\/?p=5405\" \/>\n<meta property=\"og:site_name\" content=\"Blog do Bispo\" \/>\n<meta property=\"article:published_time\" content=\"2025-05-23T01:57:58+00:00\" \/>\n<meta property=\"og:image\" content=\"https:\/\/blogdobispo.com.br\/wp-content\/uploads\/2025\/05\/aa17874a-16cd-441e-b3e7-6f85ccc8d847-1.jpg\" \/>\n<meta name=\"author\" content=\"Jefferson Sterfeno\" \/>\n<meta name=\"twitter:card\" content=\"summary_large_image\" \/>\n<meta name=\"twitter:label1\" content=\"Escrito por\" \/>\n\t<meta name=\"twitter:data1\" content=\"Jefferson Sterfeno\" \/>\n\t<meta name=\"twitter:label2\" content=\"Est. tempo de leitura\" \/>\n\t<meta name=\"twitter:data2\" content=\"2 minutos\" \/>\n<script type=\"application\/ld+json\" class=\"yoast-schema-graph\">{\"@context\":\"https:\/\/schema.org\",\"@graph\":[{\"@type\":\"Article\",\"@id\":\"https:\/\/blogdobispo.com.br\/?p=5405#article\",\"isPartOf\":{\"@id\":\"https:\/\/blogdobispo.com.br\/?p=5405\"},\"author\":{\"name\":\"Jefferson Sterfeno\",\"@id\":\"https:\/\/blogdobispo.com.br\/#\/schema\/person\/e2209cc0e6cea5c5233d033e997b373f\"},\"headline\":\"Rota 22 realiza semin\u00e1rio em Jo\u00e3o C\u00e2mara com foco no desenvolvimento do Mato Grande e Litoral Norte\",\"datePublished\":\"2025-05-23T01:57:58+00:00\",\"mainEntityOfPage\":{\"@id\":\"https:\/\/blogdobispo.com.br\/?p=5405\"},\"wordCount\":435,\"commentCount\":0,\"publisher\":{\"@id\":\"https:\/\/blogdobispo.com.br\/#organization\"},\"image\":{\"@id\":\"https:\/\/blogdobispo.com.br\/?p=5405#primaryimage\"},\"thumbnailUrl\":\"https:\/\/blogdobispo.com.br\/wp-content\/uploads\/2025\/05\/aa17874a-16cd-441e-b3e7-6f85ccc8d847-1.jpg\",\"articleSection\":[\"diversos\"],\"inLanguage\":\"pt-BR\",\"potentialAction\":[{\"@type\":\"CommentAction\",\"name\":\"Comment\",\"target\":[\"https:\/\/blogdobispo.com.br\/?p=5405#respond\"]}]},{\"@type\":\"WebPage\",\"@id\":\"https:\/\/blogdobispo.com.br\/?p=5405\",\"url\":\"https:\/\/blogdobispo.com.br\/?p=5405\",\"name\":\"Rota 22 realiza semin\u00e1rio em Jo\u00e3o C\u00e2mara com foco no desenvolvimento do Mato Grande e Litoral Norte - Blog do Bispo\",\"isPartOf\":{\"@id\":\"https:\/\/blogdobispo.com.br\/#website\"},\"primaryImageOfPage\":{\"@id\":\"https:\/\/blogdobispo.com.br\/?p=5405#primaryimage\"},\"image\":{\"@id\":\"https:\/\/blogdobispo.com.br\/?p=5405#primaryimage\"},\"thumbnailUrl\":\"https:\/\/blogdobispo.com.br\/wp-content\/uploads\/2025\/05\/aa17874a-16cd-441e-b3e7-6f85ccc8d847-1.jpg\",\"datePublished\":\"2025-05-23T01:57:58+00:00\",\"breadcrumb\":{\"@id\":\"https:\/\/blogdobispo.com.br\/?p=5405#breadcrumb\"},\"inLanguage\":\"pt-BR\",\"potentialAction\":[{\"@type\":\"ReadAction\",\"target\":[\"https:\/\/blogdobispo.com.br\/?p=5405\"]}]},{\"@type\":\"ImageObject\",\"inLanguage\":\"pt-BR\",\"@id\":\"https:\/\/blogdobispo.com.br\/?p=5405#primaryimage\",\"url\":\"https:\/\/blogdobispo.com.br\/wp-content\/uploads\/2025\/05\/aa17874a-16cd-441e-b3e7-6f85ccc8d847-1.jpg\",\"contentUrl\":\"https:\/\/blogdobispo.com.br\/wp-content\/uploads\/2025\/05\/aa17874a-16cd-441e-b3e7-6f85ccc8d847-1.jpg\"},{\"@type\":\"BreadcrumbList\",\"@id\":\"https:\/\/blogdobispo.com.br\/?p=5405#breadcrumb\",\"itemListElement\":[{\"@type\":\"ListItem\",\"position\":1,\"name\":\"In\u00edcio\",\"item\":\"https:\/\/blogdobispo.com.br\/\"},{\"@type\":\"ListItem\",\"position\":2,\"name\":\"Rota 22 realiza semin\u00e1rio em Jo\u00e3o C\u00e2mara com foco no desenvolvimento do Mato Grande e Litoral Norte\"}]},{\"@type\":\"WebSite\",\"@id\":\"https:\/\/blogdobispo.com.br\/#website\",\"url\":\"https:\/\/blogdobispo.com.br\/\",\"name\":\"Blog do Bispo\",\"description\":\"Comprometido apenas com o leitor\",\"publisher\":{\"@id\":\"https:\/\/blogdobispo.com.br\/#organization\"},\"potentialAction\":[{\"@type\":\"SearchAction\",\"target\":{\"@type\":\"EntryPoint\",\"urlTemplate\":\"https:\/\/blogdobispo.com.br\/?s={search_term_string}\"},\"query-input\":{\"@type\":\"PropertyValueSpecification\",\"valueRequired\":true,\"valueName\":\"search_term_string\"}}],\"inLanguage\":\"pt-BR\"},{\"@type\":\"Organization\",\"@id\":\"https:\/\/blogdobispo.com.br\/#organization\",\"name\":\"Blog do Bispo\",\"url\":\"https:\/\/blogdobispo.com.br\/\",\"logo\":{\"@type\":\"ImageObject\",\"inLanguage\":\"pt-BR\",\"@id\":\"https:\/\/blogdobispo.com.br\/#\/schema\/logo\/image\/\",\"url\":\"http:\/\/blogdobispo.com.br\/wp-content\/uploads\/2023\/05\/cropped-headear.png\",\"contentUrl\":\"http:\/\/blogdobispo.com.br\/wp-content\/uploads\/2023\/05\/cropped-headear.png\",\"width\":1500,\"height\":399,\"caption\":\"Blog do Bispo\"},\"image\":{\"@id\":\"https:\/\/blogdobispo.com.br\/#\/schema\/logo\/image\/\"}},{\"@type\":\"Person\",\"@id\":\"https:\/\/blogdobispo.com.br\/#\/schema\/person\/e2209cc0e6cea5c5233d033e997b373f\",\"name\":\"Jefferson Sterfeno\",\"image\":{\"@type\":\"ImageObject\",\"inLanguage\":\"pt-BR\",\"@id\":\"https:\/\/blogdobispo.com.br\/#\/schema\/person\/image\/\",\"url\":\"https:\/\/secure.gravatar.com\/avatar\/0534e84764641168a677026b6d57a3f51dc7ac4db0b4f6186d9cb330d4ee1160?s=96&d=mm&r=g\",\"contentUrl\":\"https:\/\/secure.gravatar.com\/avatar\/0534e84764641168a677026b6d57a3f51dc7ac4db0b4f6186d9cb330d4ee1160?s=96&d=mm&r=g\",\"caption\":\"Jefferson Sterfeno\"},\"sameAs\":[\"http:\/\/blogdobispo.com.br\"],\"url\":\"https:\/\/blogdobispo.com.br\/?author=1\"}]}<\/script>\n<!-- \/ Yoast SEO plugin. -->","yoast_head_json":{"title":"Rota 22 realiza semin\u00e1rio em Jo\u00e3o C\u00e2mara com foco no desenvolvimento do Mato Grande e Litoral Norte - Blog do Bispo","robots":{"index":"index","follow":"follow","max-snippet":"max-snippet:-1","max-image-preview":"max-image-preview:large","max-video-preview":"max-video-preview:-1"},"canonical":"https:\/\/blogdobispo.com.br\/?p=5405","og_locale":"pt_BR","og_type":"article","og_title":"Rota 22 realiza semin\u00e1rio em Jo\u00e3o C\u00e2mara com foco no desenvolvimento do Mato Grande e Litoral Norte - Blog do Bispo","og_description":"A pr\u00f3xima parada do Projeto Rota 22 no Rio Grande do Norte ser\u00e1 um semin\u00e1rio do PL no munic\u00edpio de Jo\u00e3o C\u00e2mara, neste s\u00e1bado (24), \u00e0s 9h, na AABB, debatendo o desenvolvimento das regi\u00f5es do Mato Grande e Litoral Norte. As inscri\u00e7\u00f5es s\u00e3o gratuitas e podem ser feitas pelo site: www.plrota22.com.br. Em parceria com o [&hellip;]","og_url":"https:\/\/blogdobispo.com.br\/?p=5405","og_site_name":"Blog do Bispo","article_published_time":"2025-05-23T01:57:58+00:00","og_image":[{"url":"https:\/\/blogdobispo.com.br\/wp-content\/uploads\/2025\/05\/aa17874a-16cd-441e-b3e7-6f85ccc8d847-1.jpg","type":"","width":"","height":""}],"author":"Jefferson Sterfeno","twitter_card":"summary_large_image","twitter_misc":{"Escrito por":"Jefferson Sterfeno","Est. tempo de leitura":"2 minutos"},"schema":{"@context":"https:\/\/schema.org","@graph":[{"@type":"Article","@id":"https:\/\/blogdobispo.com.br\/?p=5405#article","isPartOf":{"@id":"https:\/\/blogdobispo.com.br\/?p=5405"},"author":{"name":"Jefferson Sterfeno","@id":"https:\/\/blogdobispo.com.br\/#\/schema\/person\/e2209cc0e6cea5c5233d033e997b373f"},"headline":"Rota 22 realiza semin\u00e1rio em Jo\u00e3o C\u00e2mara com foco no desenvolvimento do Mato Grande e Litoral Norte","datePublished":"2025-05-23T01:57:58+00:00","mainEntityOfPage":{"@id":"https:\/\/blogdobispo.com.br\/?p=5405"},"wordCount":435,"commentCount":0,"publisher":{"@id":"https:\/\/blogdobispo.com.br\/#organization"},"image":{"@id":"https:\/\/blogdobispo.com.br\/?p=5405#primaryimage"},"thumbnailUrl":"https:\/\/blogdobispo.com.br\/wp-content\/uploads\/2025\/05\/aa17874a-16cd-441e-b3e7-6f85ccc8d847-1.jpg","articleSection":["diversos"],"inLanguage":"pt-BR","potentialAction":[{"@type":"CommentAction","name":"Comment","target":["https:\/\/blogdobispo.com.br\/?p=5405#respond"]}]},{"@type":"WebPage","@id":"https:\/\/blogdobispo.com.br\/?p=5405","url":"https:\/\/blogdobispo.com.br\/?p=5405","name":"Rota 22 realiza semin\u00e1rio em Jo\u00e3o C\u00e2mara com foco no desenvolvimento do Mato Grande e Litoral Norte - Blog do Bispo","isPartOf":{"@id":"https:\/\/blogdobispo.com.br\/#website"},"primaryImageOfPage":{"@id":"https:\/\/blogdobispo.com.br\/?p=5405#primaryimage"},"image":{"@id":"https:\/\/blogdobispo.com.br\/?p=5405#primaryimage"},"thumbnailUrl":"https:\/\/blogdobispo.com.br\/wp-content\/uploads\/2025\/05\/aa17874a-16cd-441e-b3e7-6f85ccc8d847-1.jpg","datePublished":"2025-05-23T01:57:58+00:00","breadcrumb":{"@id":"https:\/\/blogdobispo.com.br\/?p=5405#breadcrumb"},"inLanguage":"pt-BR","potentialAction":[{"@type":"ReadAction","target":["https:\/\/blogdobispo.com.br\/?p=5405"]}]},{"@type":"ImageObject","inLanguage":"pt-BR","@id":"https:\/\/blogdobispo.com.br\/?p=5405#primaryimage","url":"https:\/\/blogdobispo.com.br\/wp-content\/uploads\/2025\/05\/aa17874a-16cd-441e-b3e7-6f85ccc8d847-1.jpg","contentUrl":"https:\/\/blogdobispo.com.br\/wp-content\/uploads\/2025\/05\/aa17874a-16cd-441e-b3e7-6f85ccc8d847-1.jpg"},{"@type":"BreadcrumbList","@id":"https:\/\/blogdobispo.com.br\/?p=5405#breadcrumb","itemListElement":[{"@type":"ListItem","position":1,"name":"In\u00edcio","item":"https:\/\/blogdobispo.com.br\/"},{"@type":"ListItem","position":2,"name":"Rota 22 realiza semin\u00e1rio em Jo\u00e3o C\u00e2mara com foco no desenvolvimento do Mato Grande e Litoral Norte"}]},{"@type":"WebSite","@id":"https:\/\/blogdobispo.com.br\/#website","url":"https:\/\/blogdobispo.com.br\/","name":"Blog do Bispo","description":"Comprometido apenas com o leitor","publisher":{"@id":"https:\/\/blogdobispo.com.br\/#organization"},"potentialAction":[{"@type":"SearchAction","target":{"@type":"EntryPoint","urlTemplate":"https:\/\/blogdobispo.com.br\/?s={search_term_string}"},"query-input":{"@type":"PropertyValueSpecification","valueRequired":true,"valueName":"search_term_string"}}],"inLanguage":"pt-BR"},{"@type":"Organization","@id":"https:\/\/blogdobispo.com.br\/#organization","name":"Blog do Bispo","url":"https:\/\/blogdobispo.com.br\/","logo":{"@type":"ImageObject","inLanguage":"pt-BR","@id":"https:\/\/blogdobispo.com.br\/#\/schema\/logo\/image\/","url":"http:\/\/blogdobispo.com.br\/wp-content\/uploads\/2023\/05\/cropped-headear.png","contentUrl":"http:\/\/blogdobispo.com.br\/wp-content\/uploads\/2023\/05\/cropped-headear.png","width":1500,"height":399,"caption":"Blog do Bispo"},"image":{"@id":"https:\/\/blogdobispo.com.br\/#\/schema\/logo\/image\/"}},{"@type":"Person","@id":"https:\/\/blogdobispo.com.br\/#\/schema\/person\/e2209cc0e6cea5c5233d033e997b373f","name":"Jefferson Sterfeno","image":{"@type":"ImageObject","inLanguage":"pt-BR","@id":"https:\/\/blogdobispo.com.br\/#\/schema\/person\/image\/","url":"https:\/\/secure.gravatar.com\/avatar\/0534e84764641168a677026b6d57a3f51dc7ac4db0b4f6186d9cb330d4ee1160?s=96&d=mm&r=g","contentUrl":"https:\/\/secure.gravatar.com\/avatar\/0534e84764641168a677026b6d57a3f51dc7ac4db0b4f6186d9cb330d4ee1160?s=96&d=mm&r=g","caption":"Jefferson Sterfeno"},"sameAs":["http:\/\/blogdobispo.com.br"],"url":"https:\/\/blogdobispo.com.br\/?author=1"}]}},"featured_image_urls":{"full":"","thumbnail":"","medium":"","medium_large":"","large":"","1536x1536":"","2048x2048":""},"author_info":{"display_name":"Jefferson Sterfeno","author_link":"https:\/\/blogdobispo.com.br\/?author=1"},"category_info":"<a href=\"https:\/\/blogdobispo.com.br\/?cat=1\" rel=\"category\">diversos<\/a>","tag_info":"diversos","comment_count":"0","jetpack_featured_media_url":"","jetpack_sharing_enabled":true,"_links":{"self":[{"href":"https:\/\/blogdobispo.com.br\/index.php?rest_route=\/wp\/v2\/posts\/5405","targetHints":{"allow":["GET"]}}],"collection":[{"href":"https:\/\/blogdobispo.com.br\/index.php?rest_route=\/wp\/v2\/posts"}],"about":[{"href":"https:\/\/blogdobispo.com.br\/index.php?rest_route=\/wp\/v2\/types\/post"}],"author":[{"embeddable":true,"href":"https:\/\/blogdobispo.com.br\/index.php?rest_route=\/wp\/v2\/users\/1"}],"replies":[{"embeddable":true,"href":"https:\/\/blogdobispo.com.br\/index.php?rest_route=%2Fwp%2Fv2%2Fcomments&post=5405"}],"version-history":[{"count":0,"href":"https:\/\/blogdobispo.com.br\/index.php?rest_route=\/wp\/v2\/posts\/5405\/revisions"}],"wp:attachment":[{"href":"https:\/\/blogdobispo.com.br\/index.php?rest_route=%2Fwp%2Fv2%2Fmedia&parent=5405"}],"wp:term":[{"taxonomy":"category","embeddable":true,"href":"https:\/\/blogdobispo.com.br\/index.php?rest_route=%2Fwp%2Fv2%2Fcategories&post=5405"},{"taxonomy":"post_tag","embeddable":true,"href":"https:\/\/blogdobispo.com.br\/index.php?rest_route=%2Fwp%2Fv2%2Ftags&post=5405"}],"curies":[{"name":"wp","href":"https:\/\/api.w.org\/{rel}","templated":true}]}}