{"id":5403,"date":"2025-05-22T18:37:56","date_gmt":"2025-05-22T18:37:56","guid":{"rendered":"https:\/\/blogdobispo.com.br\/?p=5403"},"modified":"2025-05-22T18:37:56","modified_gmt":"2025-05-22T18:37:56","slug":"fatima-defende-dobradinha-com-zenaide-para-o-senado-e-diz-que-alianca-seria-caminho-natural-e-coerente","status":"publish","type":"post","link":"https:\/\/blogdobispo.com.br\/?p=5403","title":{"rendered":"F\u00e1tima defende dobradinha com Zenaide para o Senado e diz que alian\u00e7a seria \u201ccaminho natural e coerente\u201d"},"content":{"rendered":"\n<p>A governadora F\u00e1tima Bezerra (PT) defendeu a composi\u00e7\u00e3o de uma dobradinha com a senadora Zenaide Maia (PSD) na disputa para o Senado nas elei\u00e7\u00f5es de 2026. Segundo a governadora, a manuten\u00e7\u00e3o da alian\u00e7a entre PT e PSD no Rio Grande do Norte seria o caminho \u201cnatural e coerente\u201d para o pr\u00f3ximo ano.<\/p>\n\n\n\n<p>No entanto, F\u00e1tima deixou claro que o candidato a governador pelo seu grupo j\u00e1 est\u00e1 definido: ser\u00e1 o atual secret\u00e1rio de Fazenda, Cadu Xavier (PT). Zenaide, por outro lado, tem proximidade e alian\u00e7a pol\u00edtica com o prefeito de Mossor\u00f3, Allyson Bezerra (Uni\u00e3o), que \u00e9 cotado tamb\u00e9m para o governo.<\/p>\n\n\n\n<p>\u201cEu j\u00e1 disse v\u00e1rias vezes. Acho que o mais natural seria o PSD estar aqui neste campo: o campo progressista, o campo de perfil democr\u00e1tico popular, o campo de uma alian\u00e7a de centro-esquerda. Mas isso caber\u00e1 ao PSD decidir. O nosso caminho j\u00e1 est\u00e1 tra\u00e7ado, com Cadu candidato ao governo\u201d, declarou F\u00e1tima, em entrevista \u00e0 TV TCM nesta quarta-feira 21.<\/p>\n\n\n\n<p>A governadora lembrou que Zenaide \u00e9 vice-l\u00edder do Governo Lula no Senado e que, portanto, a alian\u00e7a entre os dois partidos poder\u00e1 ser decidida nacionalmente.<\/p>\n\n\n\n<p>\u201cEvidente que h\u00e1 essa expectativa no plano nacional, que o PSD possa estar junto conosco aqui. J\u00e1 que a senadora Zenaide inclusive \u00e9 vice-l\u00edder do governo do presidente Lula no plano nacional, repito, o caminho mais natural, mais coerente, do ponto de vista pol\u00edtico, seria exatamente ela permanecer nessa alian\u00e7a\u201d, destacou F\u00e1tima Bezerra.<\/p>\n\n\n\n<p>Durante a entrevista, a governadora voltou a defender o nome de Cadu Xavier para a disputa do governo em 2026. Ela registrou que o natural seria a candidatura do vice-governador Walter Alves (MDB), que vai assumir a gest\u00e3o em abril do pr\u00f3ximo ano. No entanto, Walter afirmou que n\u00e3o tem interesse de ir para a disputa. Com isso, Cadu surgiu como op\u00e7\u00e3o.<\/p>\n\n\n\n<p>\u201cCadu tem participado de todos os semin\u00e1rios regionais, participa da vida interna do PT, dos debates internos do partido. O nome dele cresce do ponto de vista de entusiasmo e de unidade dentro do PT. Cadu conhece muito bem o Estado. Ele est\u00e1 muito vocacionado, muito preparado para fazer esse debate. E eu n\u00e3o tenho nenhuma d\u00favida que muito preparado para assumir uma fun\u00e7\u00e3o t\u00e3o honrosa quanto essa que \u00e9 de ser o gestor maior do Estado do Rio Grande do Norte, se assim for o desejo da maioria do eleitorado do povo do Rio Grande do Norte\u201d, pontuou F\u00e1tima.<\/p>\n\n\n\n<p>Agora RN <\/p>\n\n\n\n<figure class=\"wp-block-image size-large\"><img data-recalc-dims=\"1\" fetchpriority=\"high\" decoding=\"async\" width=\"390\" height=\"219\" src=\"https:\/\/i0.wp.com\/blogdobispo.com.br\/wp-content\/uploads\/2025\/05\/img_4558-1.jpg?resize=390%2C219&#038;ssl=1\" class=\"wp-image-5402\" srcset=\"https:\/\/i0.wp.com\/blogdobispo.com.br\/wp-content\/uploads\/2025\/05\/img_4558-1.jpg?w=390&amp;ssl=1 390w, https:\/\/i0.wp.com\/blogdobispo.com.br\/wp-content\/uploads\/2025\/05\/img_4558-1.jpg?resize=300%2C168&amp;ssl=1 300w\" sizes=\"(max-width: 390px) 100vw, 390px\" \/><\/figure>\n","protected":false},"excerpt":{"rendered":"<p>A governadora F\u00e1tima Bezerra (PT) defendeu a composi\u00e7\u00e3o de uma dobradinha com a senadora Zenaide Maia (PSD) na disputa para o Senado nas elei\u00e7\u00f5es de 2026. Segundo a governadora, a manuten\u00e7\u00e3o da alian\u00e7a entre PT e PSD no Rio Grande do Norte seria o caminho \u201cnatural e coerente\u201d para o pr\u00f3ximo ano. No entanto, F\u00e1tima [&hellip;]<\/p>\n","protected":false},"author":1,"featured_media":0,"comment_status":"open","ping_status":"open","sticky":false,"template":"","format":"standard","meta":{"cybocfi_hide_featured_image":"","_jetpack_memberships_contains_paid_content":false,"footnotes":""},"categories":[1],"tags":[],"class_list":["post-5403","post","type-post","status-publish","format-standard","hentry","category-diversos"],"yoast_head":"<!-- This site is optimized with the Yoast SEO plugin v25.6 - https:\/\/yoast.com\/wordpress\/plugins\/seo\/ -->\n<title>F\u00e1tima defende dobradinha com Zenaide para o Senado e diz que alian\u00e7a seria \u201ccaminho natural e coerente\u201d - Blog do Bispo<\/title>\n<meta name=\"robots\" content=\"index, follow, max-snippet:-1, max-image-preview:large, max-video-preview:-1\" \/>\n<link rel=\"canonical\" href=\"https:\/\/blogdobispo.com.br\/?p=5403\" \/>\n<meta property=\"og:locale\" content=\"pt_BR\" \/>\n<meta property=\"og:type\" content=\"article\" \/>\n<meta property=\"og:title\" content=\"F\u00e1tima defende dobradinha com Zenaide para o Senado e diz que alian\u00e7a seria \u201ccaminho natural e coerente\u201d - Blog do Bispo\" \/>\n<meta property=\"og:description\" content=\"A governadora F\u00e1tima Bezerra (PT) defendeu a composi\u00e7\u00e3o de uma dobradinha com a senadora Zenaide Maia (PSD) na disputa para o Senado nas elei\u00e7\u00f5es de 2026. Segundo a governadora, a manuten\u00e7\u00e3o da alian\u00e7a entre PT e PSD no Rio Grande do Norte seria o caminho \u201cnatural e coerente\u201d para o pr\u00f3ximo ano. No entanto, F\u00e1tima [&hellip;]\" \/>\n<meta property=\"og:url\" content=\"https:\/\/blogdobispo.com.br\/?p=5403\" \/>\n<meta property=\"og:site_name\" content=\"Blog do Bispo\" \/>\n<meta property=\"article:published_time\" content=\"2025-05-22T18:37:56+00:00\" \/>\n<meta property=\"og:image\" content=\"https:\/\/blogdobispo.com.br\/wp-content\/uploads\/2025\/05\/img_4558-1.jpg\" \/>\n<meta name=\"author\" content=\"Jefferson Sterfeno\" \/>\n<meta name=\"twitter:card\" content=\"summary_large_image\" \/>\n<meta name=\"twitter:label1\" content=\"Escrito por\" \/>\n\t<meta name=\"twitter:data1\" content=\"Jefferson Sterfeno\" \/>\n\t<meta name=\"twitter:label2\" content=\"Est. tempo de leitura\" \/>\n\t<meta name=\"twitter:data2\" content=\"2 minutos\" \/>\n<script type=\"application\/ld+json\" class=\"yoast-schema-graph\">{\"@context\":\"https:\/\/schema.org\",\"@graph\":[{\"@type\":\"Article\",\"@id\":\"https:\/\/blogdobispo.com.br\/?p=5403#article\",\"isPartOf\":{\"@id\":\"https:\/\/blogdobispo.com.br\/?p=5403\"},\"author\":{\"name\":\"Jefferson Sterfeno\",\"@id\":\"https:\/\/blogdobispo.com.br\/#\/schema\/person\/e2209cc0e6cea5c5233d033e997b373f\"},\"headline\":\"F\u00e1tima defende dobradinha com Zenaide para o Senado e diz que alian\u00e7a seria \u201ccaminho natural e coerente\u201d\",\"datePublished\":\"2025-05-22T18:37:56+00:00\",\"mainEntityOfPage\":{\"@id\":\"https:\/\/blogdobispo.com.br\/?p=5403\"},\"wordCount\":447,\"commentCount\":0,\"publisher\":{\"@id\":\"https:\/\/blogdobispo.com.br\/#organization\"},\"image\":{\"@id\":\"https:\/\/blogdobispo.com.br\/?p=5403#primaryimage\"},\"thumbnailUrl\":\"https:\/\/blogdobispo.com.br\/wp-content\/uploads\/2025\/05\/img_4558-1.jpg\",\"articleSection\":[\"diversos\"],\"inLanguage\":\"pt-BR\",\"potentialAction\":[{\"@type\":\"CommentAction\",\"name\":\"Comment\",\"target\":[\"https:\/\/blogdobispo.com.br\/?p=5403#respond\"]}]},{\"@type\":\"WebPage\",\"@id\":\"https:\/\/blogdobispo.com.br\/?p=5403\",\"url\":\"https:\/\/blogdobispo.com.br\/?p=5403\",\"name\":\"F\u00e1tima defende dobradinha com Zenaide para o Senado e diz que alian\u00e7a seria \u201ccaminho natural e coerente\u201d - Blog do Bispo\",\"isPartOf\":{\"@id\":\"https:\/\/blogdobispo.com.br\/#website\"},\"primaryImageOfPage\":{\"@id\":\"https:\/\/blogdobispo.com.br\/?p=5403#primaryimage\"},\"image\":{\"@id\":\"https:\/\/blogdobispo.com.br\/?p=5403#primaryimage\"},\"thumbnailUrl\":\"https:\/\/blogdobispo.com.br\/wp-content\/uploads\/2025\/05\/img_4558-1.jpg\",\"datePublished\":\"2025-05-22T18:37:56+00:00\",\"breadcrumb\":{\"@id\":\"https:\/\/blogdobispo.com.br\/?p=5403#breadcrumb\"},\"inLanguage\":\"pt-BR\",\"potentialAction\":[{\"@type\":\"ReadAction\",\"target\":[\"https:\/\/blogdobispo.com.br\/?p=5403\"]}]},{\"@type\":\"ImageObject\",\"inLanguage\":\"pt-BR\",\"@id\":\"https:\/\/blogdobispo.com.br\/?p=5403#primaryimage\",\"url\":\"https:\/\/blogdobispo.com.br\/wp-content\/uploads\/2025\/05\/img_4558-1.jpg\",\"contentUrl\":\"https:\/\/blogdobispo.com.br\/wp-content\/uploads\/2025\/05\/img_4558-1.jpg\"},{\"@type\":\"BreadcrumbList\",\"@id\":\"https:\/\/blogdobispo.com.br\/?p=5403#breadcrumb\",\"itemListElement\":[{\"@type\":\"ListItem\",\"position\":1,\"name\":\"In\u00edcio\",\"item\":\"https:\/\/blogdobispo.com.br\/\"},{\"@type\":\"ListItem\",\"position\":2,\"name\":\"F\u00e1tima defende dobradinha com Zenaide para o Senado e diz que alian\u00e7a seria \u201ccaminho natural e coerente\u201d\"}]},{\"@type\":\"WebSite\",\"@id\":\"https:\/\/blogdobispo.com.br\/#website\",\"url\":\"https:\/\/blogdobispo.com.br\/\",\"name\":\"Blog do Bispo\",\"description\":\"Comprometido apenas com o leitor\",\"publisher\":{\"@id\":\"https:\/\/blogdobispo.com.br\/#organization\"},\"potentialAction\":[{\"@type\":\"SearchAction\",\"target\":{\"@type\":\"EntryPoint\",\"urlTemplate\":\"https:\/\/blogdobispo.com.br\/?s={search_term_string}\"},\"query-input\":{\"@type\":\"PropertyValueSpecification\",\"valueRequired\":true,\"valueName\":\"search_term_string\"}}],\"inLanguage\":\"pt-BR\"},{\"@type\":\"Organization\",\"@id\":\"https:\/\/blogdobispo.com.br\/#organization\",\"name\":\"Blog do Bispo\",\"url\":\"https:\/\/blogdobispo.com.br\/\",\"logo\":{\"@type\":\"ImageObject\",\"inLanguage\":\"pt-BR\",\"@id\":\"https:\/\/blogdobispo.com.br\/#\/schema\/logo\/image\/\",\"url\":\"http:\/\/blogdobispo.com.br\/wp-content\/uploads\/2023\/05\/cropped-headear.png\",\"contentUrl\":\"http:\/\/blogdobispo.com.br\/wp-content\/uploads\/2023\/05\/cropped-headear.png\",\"width\":1500,\"height\":399,\"caption\":\"Blog do Bispo\"},\"image\":{\"@id\":\"https:\/\/blogdobispo.com.br\/#\/schema\/logo\/image\/\"}},{\"@type\":\"Person\",\"@id\":\"https:\/\/blogdobispo.com.br\/#\/schema\/person\/e2209cc0e6cea5c5233d033e997b373f\",\"name\":\"Jefferson Sterfeno\",\"image\":{\"@type\":\"ImageObject\",\"inLanguage\":\"pt-BR\",\"@id\":\"https:\/\/blogdobispo.com.br\/#\/schema\/person\/image\/\",\"url\":\"https:\/\/secure.gravatar.com\/avatar\/0534e84764641168a677026b6d57a3f51dc7ac4db0b4f6186d9cb330d4ee1160?s=96&d=mm&r=g\",\"contentUrl\":\"https:\/\/secure.gravatar.com\/avatar\/0534e84764641168a677026b6d57a3f51dc7ac4db0b4f6186d9cb330d4ee1160?s=96&d=mm&r=g\",\"caption\":\"Jefferson Sterfeno\"},\"sameAs\":[\"http:\/\/blogdobispo.com.br\"],\"url\":\"https:\/\/blogdobispo.com.br\/?author=1\"}]}<\/script>\n<!-- \/ Yoast SEO plugin. -->","yoast_head_json":{"title":"F\u00e1tima defende dobradinha com Zenaide para o Senado e diz que alian\u00e7a seria \u201ccaminho natural e coerente\u201d - Blog do Bispo","robots":{"index":"index","follow":"follow","max-snippet":"max-snippet:-1","max-image-preview":"max-image-preview:large","max-video-preview":"max-video-preview:-1"},"canonical":"https:\/\/blogdobispo.com.br\/?p=5403","og_locale":"pt_BR","og_type":"article","og_title":"F\u00e1tima defende dobradinha com Zenaide para o Senado e diz que alian\u00e7a seria \u201ccaminho natural e coerente\u201d - Blog do Bispo","og_description":"A governadora F\u00e1tima Bezerra (PT) defendeu a composi\u00e7\u00e3o de uma dobradinha com a senadora Zenaide Maia (PSD) na disputa para o Senado nas elei\u00e7\u00f5es de 2026. Segundo a governadora, a manuten\u00e7\u00e3o da alian\u00e7a entre PT e PSD no Rio Grande do Norte seria o caminho \u201cnatural e coerente\u201d para o pr\u00f3ximo ano. No entanto, F\u00e1tima [&hellip;]","og_url":"https:\/\/blogdobispo.com.br\/?p=5403","og_site_name":"Blog do Bispo","article_published_time":"2025-05-22T18:37:56+00:00","og_image":[{"url":"https:\/\/blogdobispo.com.br\/wp-content\/uploads\/2025\/05\/img_4558-1.jpg","type":"","width":"","height":""}],"author":"Jefferson Sterfeno","twitter_card":"summary_large_image","twitter_misc":{"Escrito por":"Jefferson Sterfeno","Est. tempo de leitura":"2 minutos"},"schema":{"@context":"https:\/\/schema.org","@graph":[{"@type":"Article","@id":"https:\/\/blogdobispo.com.br\/?p=5403#article","isPartOf":{"@id":"https:\/\/blogdobispo.com.br\/?p=5403"},"author":{"name":"Jefferson Sterfeno","@id":"https:\/\/blogdobispo.com.br\/#\/schema\/person\/e2209cc0e6cea5c5233d033e997b373f"},"headline":"F\u00e1tima defende dobradinha com Zenaide para o Senado e diz que alian\u00e7a seria \u201ccaminho natural e coerente\u201d","datePublished":"2025-05-22T18:37:56+00:00","mainEntityOfPage":{"@id":"https:\/\/blogdobispo.com.br\/?p=5403"},"wordCount":447,"commentCount":0,"publisher":{"@id":"https:\/\/blogdobispo.com.br\/#organization"},"image":{"@id":"https:\/\/blogdobispo.com.br\/?p=5403#primaryimage"},"thumbnailUrl":"https:\/\/blogdobispo.com.br\/wp-content\/uploads\/2025\/05\/img_4558-1.jpg","articleSection":["diversos"],"inLanguage":"pt-BR","potentialAction":[{"@type":"CommentAction","name":"Comment","target":["https:\/\/blogdobispo.com.br\/?p=5403#respond"]}]},{"@type":"WebPage","@id":"https:\/\/blogdobispo.com.br\/?p=5403","url":"https:\/\/blogdobispo.com.br\/?p=5403","name":"F\u00e1tima defende dobradinha com Zenaide para o Senado e diz que alian\u00e7a seria \u201ccaminho natural e coerente\u201d - Blog do Bispo","isPartOf":{"@id":"https:\/\/blogdobispo.com.br\/#website"},"primaryImageOfPage":{"@id":"https:\/\/blogdobispo.com.br\/?p=5403#primaryimage"},"image":{"@id":"https:\/\/blogdobispo.com.br\/?p=5403#primaryimage"},"thumbnailUrl":"https:\/\/blogdobispo.com.br\/wp-content\/uploads\/2025\/05\/img_4558-1.jpg","datePublished":"2025-05-22T18:37:56+00:00","breadcrumb":{"@id":"https:\/\/blogdobispo.com.br\/?p=5403#breadcrumb"},"inLanguage":"pt-BR","potentialAction":[{"@type":"ReadAction","target":["https:\/\/blogdobispo.com.br\/?p=5403"]}]},{"@type":"ImageObject","inLanguage":"pt-BR","@id":"https:\/\/blogdobispo.com.br\/?p=5403#primaryimage","url":"https:\/\/blogdobispo.com.br\/wp-content\/uploads\/2025\/05\/img_4558-1.jpg","contentUrl":"https:\/\/blogdobispo.com.br\/wp-content\/uploads\/2025\/05\/img_4558-1.jpg"},{"@type":"BreadcrumbList","@id":"https:\/\/blogdobispo.com.br\/?p=5403#breadcrumb","itemListElement":[{"@type":"ListItem","position":1,"name":"In\u00edcio","item":"https:\/\/blogdobispo.com.br\/"},{"@type":"ListItem","position":2,"name":"F\u00e1tima defende dobradinha com Zenaide para o Senado e diz que alian\u00e7a seria \u201ccaminho natural e coerente\u201d"}]},{"@type":"WebSite","@id":"https:\/\/blogdobispo.com.br\/#website","url":"https:\/\/blogdobispo.com.br\/","name":"Blog do Bispo","description":"Comprometido apenas com o leitor","publisher":{"@id":"https:\/\/blogdobispo.com.br\/#organization"},"potentialAction":[{"@type":"SearchAction","target":{"@type":"EntryPoint","urlTemplate":"https:\/\/blogdobispo.com.br\/?s={search_term_string}"},"query-input":{"@type":"PropertyValueSpecification","valueRequired":true,"valueName":"search_term_string"}}],"inLanguage":"pt-BR"},{"@type":"Organization","@id":"https:\/\/blogdobispo.com.br\/#organization","name":"Blog do Bispo","url":"https:\/\/blogdobispo.com.br\/","logo":{"@type":"ImageObject","inLanguage":"pt-BR","@id":"https:\/\/blogdobispo.com.br\/#\/schema\/logo\/image\/","url":"http:\/\/blogdobispo.com.br\/wp-content\/uploads\/2023\/05\/cropped-headear.png","contentUrl":"http:\/\/blogdobispo.com.br\/wp-content\/uploads\/2023\/05\/cropped-headear.png","width":1500,"height":399,"caption":"Blog do Bispo"},"image":{"@id":"https:\/\/blogdobispo.com.br\/#\/schema\/logo\/image\/"}},{"@type":"Person","@id":"https:\/\/blogdobispo.com.br\/#\/schema\/person\/e2209cc0e6cea5c5233d033e997b373f","name":"Jefferson Sterfeno","image":{"@type":"ImageObject","inLanguage":"pt-BR","@id":"https:\/\/blogdobispo.com.br\/#\/schema\/person\/image\/","url":"https:\/\/secure.gravatar.com\/avatar\/0534e84764641168a677026b6d57a3f51dc7ac4db0b4f6186d9cb330d4ee1160?s=96&d=mm&r=g","contentUrl":"https:\/\/secure.gravatar.com\/avatar\/0534e84764641168a677026b6d57a3f51dc7ac4db0b4f6186d9cb330d4ee1160?s=96&d=mm&r=g","caption":"Jefferson Sterfeno"},"sameAs":["http:\/\/blogdobispo.com.br"],"url":"https:\/\/blogdobispo.com.br\/?author=1"}]}},"featured_image_urls":{"full":"","thumbnail":"","medium":"","medium_large":"","large":"","1536x1536":"","2048x2048":""},"author_info":{"display_name":"Jefferson Sterfeno","author_link":"https:\/\/blogdobispo.com.br\/?author=1"},"category_info":"<a href=\"https:\/\/blogdobispo.com.br\/?cat=1\" rel=\"category\">diversos<\/a>","tag_info":"diversos","comment_count":"0","jetpack_featured_media_url":"","jetpack_sharing_enabled":true,"_links":{"self":[{"href":"https:\/\/blogdobispo.com.br\/index.php?rest_route=\/wp\/v2\/posts\/5403","targetHints":{"allow":["GET"]}}],"collection":[{"href":"https:\/\/blogdobispo.com.br\/index.php?rest_route=\/wp\/v2\/posts"}],"about":[{"href":"https:\/\/blogdobispo.com.br\/index.php?rest_route=\/wp\/v2\/types\/post"}],"author":[{"embeddable":true,"href":"https:\/\/blogdobispo.com.br\/index.php?rest_route=\/wp\/v2\/users\/1"}],"replies":[{"embeddable":true,"href":"https:\/\/blogdobispo.com.br\/index.php?rest_route=%2Fwp%2Fv2%2Fcomments&post=5403"}],"version-history":[{"count":0,"href":"https:\/\/blogdobispo.com.br\/index.php?rest_route=\/wp\/v2\/posts\/5403\/revisions"}],"wp:attachment":[{"href":"https:\/\/blogdobispo.com.br\/index.php?rest_route=%2Fwp%2Fv2%2Fmedia&parent=5403"}],"wp:term":[{"taxonomy":"category","embeddable":true,"href":"https:\/\/blogdobispo.com.br\/index.php?rest_route=%2Fwp%2Fv2%2Fcategories&post=5403"},{"taxonomy":"post_tag","embeddable":true,"href":"https:\/\/blogdobispo.com.br\/index.php?rest_route=%2Fwp%2Fv2%2Ftags&post=5403"}],"curies":[{"name":"wp","href":"https:\/\/api.w.org\/{rel}","templated":true}]}}