{"id":5398,"date":"2025-05-21T18:09:55","date_gmt":"2025-05-21T18:09:55","guid":{"rendered":"https:\/\/blogdobispo.com.br\/?p=5398"},"modified":"2025-05-21T18:09:55","modified_gmt":"2025-05-21T18:09:55","slug":"paroquia-de-santa-rita-de-cassia-e-reconhecida-como-patrimonio-cultural-religioso-historico-e-arquitetonico","status":"publish","type":"post","link":"https:\/\/blogdobispo.com.br\/?p=5398","title":{"rendered":"Par\u00f3quia de Santa Rita de C\u00e1ssia \u00e9 reconhecida como Patrim\u00f4nio Cultural, Religioso, Hist\u00f3rico e Arquitet\u00f4nico"},"content":{"rendered":"\n<figure class=\"wp-block-image size-large\"><img data-recalc-dims=\"1\" fetchpriority=\"high\" decoding=\"async\" width=\"800\" height=\"533\" src=\"https:\/\/i0.wp.com\/blogdobispo.com.br\/wp-content\/uploads\/2025\/05\/040c8b83-e7fd-4946-91ae-05616c9ccff5-1-1024x682.jpg?resize=800%2C533&#038;ssl=1\" class=\"wp-image-5397\" srcset=\"https:\/\/i0.wp.com\/blogdobispo.com.br\/wp-content\/uploads\/2025\/05\/040c8b83-e7fd-4946-91ae-05616c9ccff5-1.jpg?resize=1024%2C682&amp;ssl=1 1024w, https:\/\/i0.wp.com\/blogdobispo.com.br\/wp-content\/uploads\/2025\/05\/040c8b83-e7fd-4946-91ae-05616c9ccff5-1.jpg?resize=300%2C200&amp;ssl=1 300w, https:\/\/i0.wp.com\/blogdobispo.com.br\/wp-content\/uploads\/2025\/05\/040c8b83-e7fd-4946-91ae-05616c9ccff5-1.jpg?resize=768%2C512&amp;ssl=1 768w, https:\/\/i0.wp.com\/blogdobispo.com.br\/wp-content\/uploads\/2025\/05\/040c8b83-e7fd-4946-91ae-05616c9ccff5-1.jpg?resize=1536%2C1024&amp;ssl=1 1536w, https:\/\/i0.wp.com\/blogdobispo.com.br\/wp-content\/uploads\/2025\/05\/040c8b83-e7fd-4946-91ae-05616c9ccff5-1.jpg?w=2000&amp;ssl=1 2000w, https:\/\/i0.wp.com\/blogdobispo.com.br\/wp-content\/uploads\/2025\/05\/040c8b83-e7fd-4946-91ae-05616c9ccff5-1.jpg?w=1600 1600w\" sizes=\"(max-width: 800px) 100vw, 800px\" \/><\/figure>\n\n\n\n<p><\/p>\n\n\n\n<p>Nesta ter\u00e7a-feira, 20 de maio de 2025, a Comiss\u00e3o de Constitui\u00e7\u00e3o, Justi\u00e7a e Reda\u00e7\u00e3o (CCJR) da Assembleia Legislativa do Rio Grande do Norte aprovou o Projeto de Lei n\u00ba 184\/2025, de autoria do deputado estadual Ubaldo Fernandes, que reconhece como Patrim\u00f4nio Cultural, Religioso, Hist\u00f3rico e Arquitet\u00f4nico a Par\u00f3quia de Santa Rita de C\u00e1ssia, localizada no munic\u00edpio de Santa Cruz. A relatoria da mat\u00e9ria ficou sob responsabilidade do deputado Kleber Rodrigues. Com a aprova\u00e7\u00e3o, a proposta segue agora para as pr\u00f3ximas etapas do processo legislativo at\u00e9 a san\u00e7\u00e3o governamental.<br>A iniciativa visa preservar e valorizar a relev\u00e2ncia hist\u00f3rica, arquitet\u00f4nica e espiritual da Par\u00f3quia, um dos principais s\u00edmbolos de f\u00e9 do povo potiguar. Fundada no in\u00edcio do s\u00e9culo XIX, a capela dedicada a Santa Rita teve sua constru\u00e7\u00e3o iniciada por volta de 1820, sendo elevada \u00e0 condi\u00e7\u00e3o de Igreja Matriz em 1835, por meio da Lei n\u00ba 24, promulgada por Bas\u00edlio Quaresma Torre\u00e3o, ent\u00e3o presidente da Prov\u00edncia do Rio Grande do Norte.<br>Ao longo dos anos, o templo passou por v\u00e1rias reformas e reconstru\u00e7\u00f5es, com destaque para a grande reforma na d\u00e9cada de 1950, quando a antiga capela foi demolida e deu lugar \u00e0 atual Igreja Matriz, cuja estrutura foi conclu\u00edda em 1965. A \u00faltima grande interven\u00e7\u00e3o arquitet\u00f4nica aconteceu em 2020, com a instala\u00e7\u00e3o de uma c\u00fapula que elevou a altura da torre principal para 47 metros.<br>Em 2010, Santa Cruz ganhou ainda mais destaque no cen\u00e1rio nacional com a inaugura\u00e7\u00e3o do Santu\u00e1rio de Santa Rita de C\u00e1ssia e da est\u00e1tua da santa, com 56 metros de altura, considerada a maior imagem cat\u00f3lica do mundo. Desde ent\u00e3o, o munic\u00edpio se consolidou como um dos maiores polos de turismo religioso do Brasil, recebendo milhares de fi\u00e9is e visitantes ao longo do ano, especialmente durante os festejos da padroeira, celebrados entre 13 e 22 de maio.<br>Com o reconhecimento previsto no projeto de lei, a Par\u00f3quia de Santa Rita de C\u00e1ssia passa a contar com respaldo legal para a\u00e7\u00f5es de preserva\u00e7\u00e3o e valoriza\u00e7\u00e3o cultural e hist\u00f3rica. Segundo o autor da proposta, deputado Ubaldo Fernandes, a aprova\u00e7\u00e3o representa um marco para o munic\u00edpio e para a religiosidade do estado: \u201cEste projeto \u00e9 uma homenagem \u00e0 f\u00e9 do povo de Santa Cruz e de todo o Rio Grande do Norte. Reconhecer a Par\u00f3quia como patrim\u00f4nio \u00e9 preservar nossa hist\u00f3ria, nossa cultura e nossa identidade religiosa.\u201d<\/p>\n","protected":false},"excerpt":{"rendered":"<p>Nesta ter\u00e7a-feira, 20 de maio de 2025, a Comiss\u00e3o de Constitui\u00e7\u00e3o, Justi\u00e7a e Reda\u00e7\u00e3o (CCJR) da Assembleia Legislativa do Rio Grande do Norte aprovou o Projeto de Lei n\u00ba 184\/2025, de autoria do deputado estadual Ubaldo Fernandes, que reconhece como Patrim\u00f4nio Cultural, Religioso, Hist\u00f3rico e Arquitet\u00f4nico a Par\u00f3quia de Santa Rita de C\u00e1ssia, localizada no [&hellip;]<\/p>\n","protected":false},"author":1,"featured_media":0,"comment_status":"open","ping_status":"open","sticky":false,"template":"","format":"standard","meta":{"cybocfi_hide_featured_image":"","_jetpack_memberships_contains_paid_content":false,"footnotes":""},"categories":[1],"tags":[],"class_list":["post-5398","post","type-post","status-publish","format-standard","hentry","category-diversos"],"yoast_head":"<!-- This site is optimized with the Yoast SEO plugin v25.6 - https:\/\/yoast.com\/wordpress\/plugins\/seo\/ -->\n<title>Par\u00f3quia de Santa Rita de C\u00e1ssia \u00e9 reconhecida como Patrim\u00f4nio Cultural, Religioso, Hist\u00f3rico e Arquitet\u00f4nico - Blog do Bispo<\/title>\n<meta name=\"robots\" content=\"index, follow, max-snippet:-1, max-image-preview:large, max-video-preview:-1\" \/>\n<link rel=\"canonical\" href=\"https:\/\/blogdobispo.com.br\/?p=5398\" \/>\n<meta property=\"og:locale\" content=\"pt_BR\" \/>\n<meta property=\"og:type\" content=\"article\" \/>\n<meta property=\"og:title\" content=\"Par\u00f3quia de Santa Rita de C\u00e1ssia \u00e9 reconhecida como Patrim\u00f4nio Cultural, Religioso, Hist\u00f3rico e Arquitet\u00f4nico - Blog do Bispo\" \/>\n<meta property=\"og:description\" content=\"Nesta ter\u00e7a-feira, 20 de maio de 2025, a Comiss\u00e3o de Constitui\u00e7\u00e3o, Justi\u00e7a e Reda\u00e7\u00e3o (CCJR) da Assembleia Legislativa do Rio Grande do Norte aprovou o Projeto de Lei n\u00ba 184\/2025, de autoria do deputado estadual Ubaldo Fernandes, que reconhece como Patrim\u00f4nio Cultural, Religioso, Hist\u00f3rico e Arquitet\u00f4nico a Par\u00f3quia de Santa Rita de C\u00e1ssia, localizada no [&hellip;]\" \/>\n<meta property=\"og:url\" content=\"https:\/\/blogdobispo.com.br\/?p=5398\" \/>\n<meta property=\"og:site_name\" content=\"Blog do Bispo\" \/>\n<meta property=\"article:published_time\" content=\"2025-05-21T18:09:55+00:00\" \/>\n<meta property=\"og:image\" content=\"https:\/\/blogdobispo.com.br\/wp-content\/uploads\/2025\/05\/040c8b83-e7fd-4946-91ae-05616c9ccff5-1-1024x682.jpg\" \/>\n<meta name=\"author\" content=\"Jefferson Sterfeno\" \/>\n<meta name=\"twitter:card\" content=\"summary_large_image\" \/>\n<meta name=\"twitter:label1\" content=\"Escrito por\" \/>\n\t<meta name=\"twitter:data1\" content=\"Jefferson Sterfeno\" \/>\n\t<meta name=\"twitter:label2\" content=\"Est. tempo de leitura\" \/>\n\t<meta name=\"twitter:data2\" content=\"2 minutos\" \/>\n<script type=\"application\/ld+json\" class=\"yoast-schema-graph\">{\"@context\":\"https:\/\/schema.org\",\"@graph\":[{\"@type\":\"Article\",\"@id\":\"https:\/\/blogdobispo.com.br\/?p=5398#article\",\"isPartOf\":{\"@id\":\"https:\/\/blogdobispo.com.br\/?p=5398\"},\"author\":{\"name\":\"Jefferson Sterfeno\",\"@id\":\"https:\/\/blogdobispo.com.br\/#\/schema\/person\/e2209cc0e6cea5c5233d033e997b373f\"},\"headline\":\"Par\u00f3quia de Santa Rita de C\u00e1ssia \u00e9 reconhecida como Patrim\u00f4nio Cultural, Religioso, Hist\u00f3rico e Arquitet\u00f4nico\",\"datePublished\":\"2025-05-21T18:09:55+00:00\",\"mainEntityOfPage\":{\"@id\":\"https:\/\/blogdobispo.com.br\/?p=5398\"},\"wordCount\":445,\"commentCount\":0,\"publisher\":{\"@id\":\"https:\/\/blogdobispo.com.br\/#organization\"},\"image\":{\"@id\":\"https:\/\/blogdobispo.com.br\/?p=5398#primaryimage\"},\"thumbnailUrl\":\"https:\/\/blogdobispo.com.br\/wp-content\/uploads\/2025\/05\/040c8b83-e7fd-4946-91ae-05616c9ccff5-1-1024x682.jpg\",\"articleSection\":[\"diversos\"],\"inLanguage\":\"pt-BR\",\"potentialAction\":[{\"@type\":\"CommentAction\",\"name\":\"Comment\",\"target\":[\"https:\/\/blogdobispo.com.br\/?p=5398#respond\"]}]},{\"@type\":\"WebPage\",\"@id\":\"https:\/\/blogdobispo.com.br\/?p=5398\",\"url\":\"https:\/\/blogdobispo.com.br\/?p=5398\",\"name\":\"Par\u00f3quia de Santa Rita de C\u00e1ssia \u00e9 reconhecida como Patrim\u00f4nio Cultural, Religioso, Hist\u00f3rico e Arquitet\u00f4nico - Blog do Bispo\",\"isPartOf\":{\"@id\":\"https:\/\/blogdobispo.com.br\/#website\"},\"primaryImageOfPage\":{\"@id\":\"https:\/\/blogdobispo.com.br\/?p=5398#primaryimage\"},\"image\":{\"@id\":\"https:\/\/blogdobispo.com.br\/?p=5398#primaryimage\"},\"thumbnailUrl\":\"https:\/\/blogdobispo.com.br\/wp-content\/uploads\/2025\/05\/040c8b83-e7fd-4946-91ae-05616c9ccff5-1-1024x682.jpg\",\"datePublished\":\"2025-05-21T18:09:55+00:00\",\"breadcrumb\":{\"@id\":\"https:\/\/blogdobispo.com.br\/?p=5398#breadcrumb\"},\"inLanguage\":\"pt-BR\",\"potentialAction\":[{\"@type\":\"ReadAction\",\"target\":[\"https:\/\/blogdobispo.com.br\/?p=5398\"]}]},{\"@type\":\"ImageObject\",\"inLanguage\":\"pt-BR\",\"@id\":\"https:\/\/blogdobispo.com.br\/?p=5398#primaryimage\",\"url\":\"https:\/\/blogdobispo.com.br\/wp-content\/uploads\/2025\/05\/040c8b83-e7fd-4946-91ae-05616c9ccff5-1-1024x682.jpg\",\"contentUrl\":\"https:\/\/blogdobispo.com.br\/wp-content\/uploads\/2025\/05\/040c8b83-e7fd-4946-91ae-05616c9ccff5-1-1024x682.jpg\"},{\"@type\":\"BreadcrumbList\",\"@id\":\"https:\/\/blogdobispo.com.br\/?p=5398#breadcrumb\",\"itemListElement\":[{\"@type\":\"ListItem\",\"position\":1,\"name\":\"In\u00edcio\",\"item\":\"https:\/\/blogdobispo.com.br\/\"},{\"@type\":\"ListItem\",\"position\":2,\"name\":\"Par\u00f3quia de Santa Rita de C\u00e1ssia \u00e9 reconhecida como Patrim\u00f4nio Cultural, Religioso, Hist\u00f3rico e Arquitet\u00f4nico\"}]},{\"@type\":\"WebSite\",\"@id\":\"https:\/\/blogdobispo.com.br\/#website\",\"url\":\"https:\/\/blogdobispo.com.br\/\",\"name\":\"Blog do Bispo\",\"description\":\"Comprometido apenas com o leitor\",\"publisher\":{\"@id\":\"https:\/\/blogdobispo.com.br\/#organization\"},\"potentialAction\":[{\"@type\":\"SearchAction\",\"target\":{\"@type\":\"EntryPoint\",\"urlTemplate\":\"https:\/\/blogdobispo.com.br\/?s={search_term_string}\"},\"query-input\":{\"@type\":\"PropertyValueSpecification\",\"valueRequired\":true,\"valueName\":\"search_term_string\"}}],\"inLanguage\":\"pt-BR\"},{\"@type\":\"Organization\",\"@id\":\"https:\/\/blogdobispo.com.br\/#organization\",\"name\":\"Blog do Bispo\",\"url\":\"https:\/\/blogdobispo.com.br\/\",\"logo\":{\"@type\":\"ImageObject\",\"inLanguage\":\"pt-BR\",\"@id\":\"https:\/\/blogdobispo.com.br\/#\/schema\/logo\/image\/\",\"url\":\"http:\/\/blogdobispo.com.br\/wp-content\/uploads\/2023\/05\/cropped-headear.png\",\"contentUrl\":\"http:\/\/blogdobispo.com.br\/wp-content\/uploads\/2023\/05\/cropped-headear.png\",\"width\":1500,\"height\":399,\"caption\":\"Blog do Bispo\"},\"image\":{\"@id\":\"https:\/\/blogdobispo.com.br\/#\/schema\/logo\/image\/\"}},{\"@type\":\"Person\",\"@id\":\"https:\/\/blogdobispo.com.br\/#\/schema\/person\/e2209cc0e6cea5c5233d033e997b373f\",\"name\":\"Jefferson Sterfeno\",\"image\":{\"@type\":\"ImageObject\",\"inLanguage\":\"pt-BR\",\"@id\":\"https:\/\/blogdobispo.com.br\/#\/schema\/person\/image\/\",\"url\":\"https:\/\/secure.gravatar.com\/avatar\/0534e84764641168a677026b6d57a3f51dc7ac4db0b4f6186d9cb330d4ee1160?s=96&d=mm&r=g\",\"contentUrl\":\"https:\/\/secure.gravatar.com\/avatar\/0534e84764641168a677026b6d57a3f51dc7ac4db0b4f6186d9cb330d4ee1160?s=96&d=mm&r=g\",\"caption\":\"Jefferson Sterfeno\"},\"sameAs\":[\"http:\/\/blogdobispo.com.br\"],\"url\":\"https:\/\/blogdobispo.com.br\/?author=1\"}]}<\/script>\n<!-- \/ Yoast SEO plugin. -->","yoast_head_json":{"title":"Par\u00f3quia de Santa Rita de C\u00e1ssia \u00e9 reconhecida como Patrim\u00f4nio Cultural, Religioso, Hist\u00f3rico e Arquitet\u00f4nico - Blog do Bispo","robots":{"index":"index","follow":"follow","max-snippet":"max-snippet:-1","max-image-preview":"max-image-preview:large","max-video-preview":"max-video-preview:-1"},"canonical":"https:\/\/blogdobispo.com.br\/?p=5398","og_locale":"pt_BR","og_type":"article","og_title":"Par\u00f3quia de Santa Rita de C\u00e1ssia \u00e9 reconhecida como Patrim\u00f4nio Cultural, Religioso, Hist\u00f3rico e Arquitet\u00f4nico - Blog do Bispo","og_description":"Nesta ter\u00e7a-feira, 20 de maio de 2025, a Comiss\u00e3o de Constitui\u00e7\u00e3o, Justi\u00e7a e Reda\u00e7\u00e3o (CCJR) da Assembleia Legislativa do Rio Grande do Norte aprovou o Projeto de Lei n\u00ba 184\/2025, de autoria do deputado estadual Ubaldo Fernandes, que reconhece como Patrim\u00f4nio Cultural, Religioso, Hist\u00f3rico e Arquitet\u00f4nico a Par\u00f3quia de Santa Rita de C\u00e1ssia, localizada no [&hellip;]","og_url":"https:\/\/blogdobispo.com.br\/?p=5398","og_site_name":"Blog do Bispo","article_published_time":"2025-05-21T18:09:55+00:00","og_image":[{"url":"https:\/\/blogdobispo.com.br\/wp-content\/uploads\/2025\/05\/040c8b83-e7fd-4946-91ae-05616c9ccff5-1-1024x682.jpg","type":"","width":"","height":""}],"author":"Jefferson Sterfeno","twitter_card":"summary_large_image","twitter_misc":{"Escrito por":"Jefferson Sterfeno","Est. tempo de leitura":"2 minutos"},"schema":{"@context":"https:\/\/schema.org","@graph":[{"@type":"Article","@id":"https:\/\/blogdobispo.com.br\/?p=5398#article","isPartOf":{"@id":"https:\/\/blogdobispo.com.br\/?p=5398"},"author":{"name":"Jefferson Sterfeno","@id":"https:\/\/blogdobispo.com.br\/#\/schema\/person\/e2209cc0e6cea5c5233d033e997b373f"},"headline":"Par\u00f3quia de Santa Rita de C\u00e1ssia \u00e9 reconhecida como Patrim\u00f4nio Cultural, Religioso, Hist\u00f3rico e Arquitet\u00f4nico","datePublished":"2025-05-21T18:09:55+00:00","mainEntityOfPage":{"@id":"https:\/\/blogdobispo.com.br\/?p=5398"},"wordCount":445,"commentCount":0,"publisher":{"@id":"https:\/\/blogdobispo.com.br\/#organization"},"image":{"@id":"https:\/\/blogdobispo.com.br\/?p=5398#primaryimage"},"thumbnailUrl":"https:\/\/blogdobispo.com.br\/wp-content\/uploads\/2025\/05\/040c8b83-e7fd-4946-91ae-05616c9ccff5-1-1024x682.jpg","articleSection":["diversos"],"inLanguage":"pt-BR","potentialAction":[{"@type":"CommentAction","name":"Comment","target":["https:\/\/blogdobispo.com.br\/?p=5398#respond"]}]},{"@type":"WebPage","@id":"https:\/\/blogdobispo.com.br\/?p=5398","url":"https:\/\/blogdobispo.com.br\/?p=5398","name":"Par\u00f3quia de Santa Rita de C\u00e1ssia \u00e9 reconhecida como Patrim\u00f4nio Cultural, Religioso, Hist\u00f3rico e Arquitet\u00f4nico - Blog do Bispo","isPartOf":{"@id":"https:\/\/blogdobispo.com.br\/#website"},"primaryImageOfPage":{"@id":"https:\/\/blogdobispo.com.br\/?p=5398#primaryimage"},"image":{"@id":"https:\/\/blogdobispo.com.br\/?p=5398#primaryimage"},"thumbnailUrl":"https:\/\/blogdobispo.com.br\/wp-content\/uploads\/2025\/05\/040c8b83-e7fd-4946-91ae-05616c9ccff5-1-1024x682.jpg","datePublished":"2025-05-21T18:09:55+00:00","breadcrumb":{"@id":"https:\/\/blogdobispo.com.br\/?p=5398#breadcrumb"},"inLanguage":"pt-BR","potentialAction":[{"@type":"ReadAction","target":["https:\/\/blogdobispo.com.br\/?p=5398"]}]},{"@type":"ImageObject","inLanguage":"pt-BR","@id":"https:\/\/blogdobispo.com.br\/?p=5398#primaryimage","url":"https:\/\/blogdobispo.com.br\/wp-content\/uploads\/2025\/05\/040c8b83-e7fd-4946-91ae-05616c9ccff5-1-1024x682.jpg","contentUrl":"https:\/\/blogdobispo.com.br\/wp-content\/uploads\/2025\/05\/040c8b83-e7fd-4946-91ae-05616c9ccff5-1-1024x682.jpg"},{"@type":"BreadcrumbList","@id":"https:\/\/blogdobispo.com.br\/?p=5398#breadcrumb","itemListElement":[{"@type":"ListItem","position":1,"name":"In\u00edcio","item":"https:\/\/blogdobispo.com.br\/"},{"@type":"ListItem","position":2,"name":"Par\u00f3quia de Santa Rita de C\u00e1ssia \u00e9 reconhecida como Patrim\u00f4nio Cultural, Religioso, Hist\u00f3rico e Arquitet\u00f4nico"}]},{"@type":"WebSite","@id":"https:\/\/blogdobispo.com.br\/#website","url":"https:\/\/blogdobispo.com.br\/","name":"Blog do Bispo","description":"Comprometido apenas com o leitor","publisher":{"@id":"https:\/\/blogdobispo.com.br\/#organization"},"potentialAction":[{"@type":"SearchAction","target":{"@type":"EntryPoint","urlTemplate":"https:\/\/blogdobispo.com.br\/?s={search_term_string}"},"query-input":{"@type":"PropertyValueSpecification","valueRequired":true,"valueName":"search_term_string"}}],"inLanguage":"pt-BR"},{"@type":"Organization","@id":"https:\/\/blogdobispo.com.br\/#organization","name":"Blog do Bispo","url":"https:\/\/blogdobispo.com.br\/","logo":{"@type":"ImageObject","inLanguage":"pt-BR","@id":"https:\/\/blogdobispo.com.br\/#\/schema\/logo\/image\/","url":"http:\/\/blogdobispo.com.br\/wp-content\/uploads\/2023\/05\/cropped-headear.png","contentUrl":"http:\/\/blogdobispo.com.br\/wp-content\/uploads\/2023\/05\/cropped-headear.png","width":1500,"height":399,"caption":"Blog do Bispo"},"image":{"@id":"https:\/\/blogdobispo.com.br\/#\/schema\/logo\/image\/"}},{"@type":"Person","@id":"https:\/\/blogdobispo.com.br\/#\/schema\/person\/e2209cc0e6cea5c5233d033e997b373f","name":"Jefferson Sterfeno","image":{"@type":"ImageObject","inLanguage":"pt-BR","@id":"https:\/\/blogdobispo.com.br\/#\/schema\/person\/image\/","url":"https:\/\/secure.gravatar.com\/avatar\/0534e84764641168a677026b6d57a3f51dc7ac4db0b4f6186d9cb330d4ee1160?s=96&d=mm&r=g","contentUrl":"https:\/\/secure.gravatar.com\/avatar\/0534e84764641168a677026b6d57a3f51dc7ac4db0b4f6186d9cb330d4ee1160?s=96&d=mm&r=g","caption":"Jefferson Sterfeno"},"sameAs":["http:\/\/blogdobispo.com.br"],"url":"https:\/\/blogdobispo.com.br\/?author=1"}]}},"featured_image_urls":{"full":"","thumbnail":"","medium":"","medium_large":"","large":"","1536x1536":"","2048x2048":""},"author_info":{"display_name":"Jefferson Sterfeno","author_link":"https:\/\/blogdobispo.com.br\/?author=1"},"category_info":"<a href=\"https:\/\/blogdobispo.com.br\/?cat=1\" rel=\"category\">diversos<\/a>","tag_info":"diversos","comment_count":"0","jetpack_featured_media_url":"","jetpack_sharing_enabled":true,"_links":{"self":[{"href":"https:\/\/blogdobispo.com.br\/index.php?rest_route=\/wp\/v2\/posts\/5398","targetHints":{"allow":["GET"]}}],"collection":[{"href":"https:\/\/blogdobispo.com.br\/index.php?rest_route=\/wp\/v2\/posts"}],"about":[{"href":"https:\/\/blogdobispo.com.br\/index.php?rest_route=\/wp\/v2\/types\/post"}],"author":[{"embeddable":true,"href":"https:\/\/blogdobispo.com.br\/index.php?rest_route=\/wp\/v2\/users\/1"}],"replies":[{"embeddable":true,"href":"https:\/\/blogdobispo.com.br\/index.php?rest_route=%2Fwp%2Fv2%2Fcomments&post=5398"}],"version-history":[{"count":0,"href":"https:\/\/blogdobispo.com.br\/index.php?rest_route=\/wp\/v2\/posts\/5398\/revisions"}],"wp:attachment":[{"href":"https:\/\/blogdobispo.com.br\/index.php?rest_route=%2Fwp%2Fv2%2Fmedia&parent=5398"}],"wp:term":[{"taxonomy":"category","embeddable":true,"href":"https:\/\/blogdobispo.com.br\/index.php?rest_route=%2Fwp%2Fv2%2Fcategories&post=5398"},{"taxonomy":"post_tag","embeddable":true,"href":"https:\/\/blogdobispo.com.br\/index.php?rest_route=%2Fwp%2Fv2%2Ftags&post=5398"}],"curies":[{"name":"wp","href":"https:\/\/api.w.org\/{rel}","templated":true}]}}