{"id":5392,"date":"2025-05-21T00:10:04","date_gmt":"2025-05-21T00:10:04","guid":{"rendered":"https:\/\/blogdobispo.com.br\/?p=5392"},"modified":"2025-05-21T00:10:04","modified_gmt":"2025-05-21T00:10:04","slug":"camara-aprecia-projeto-para-conscientizar-sobre-saude-e-bem-estar-animal","status":"publish","type":"post","link":"https:\/\/blogdobispo.com.br\/?p=5392","title":{"rendered":"C\u00e2mara aprecia projeto para conscientizar sobre sa\u00fade e bem-estar animal"},"content":{"rendered":"\n<figure class=\"wp-block-image foto-noticia\"><img data-recalc-dims=\"1\" decoding=\"async\" src=\"https:\/\/i0.wp.com\/www.cmnat.rn.gov.br\/_ups\/noticias\/2025\/05\/20\/228ccb83a492ace5607efc988a7579c2.jpeg?w=800&#038;ssl=1\" alt=\"\"\/><\/figure>\n\n\n\n<p>Em sess\u00e3o ordin\u00e1ria realizada nesta ter\u00e7a-feira (20), a C\u00e2mara Municipal de Natal aprovou, em primeira discuss\u00e3o, o Projeto de Lei n\u00ba 329\/2024, de autoria do vereador Chagas Catarino (Uni\u00e3o), que institui o \u201cM\u00eas Caramelo\u201d no calend\u00e1rio oficial do munic\u00edpio. A proposta tem como objetivo promover a\u00e7\u00f5es de cuidados, preven\u00e7\u00e3o de doen\u00e7as e bem-estar dos animais de estima\u00e7\u00e3o.<\/p>\n\n\n\n<p>De acordo com o autor, a proposta inclui campanhas educativas e de vacina\u00e7\u00e3o. \u201cSer\u00e3o abordados temas como a preven\u00e7\u00e3o de c\u00e2ncer em animais, cuidados veterin\u00e1rios essenciais e a import\u00e2ncia da ado\u00e7\u00e3o respons\u00e1vel, entre outras a\u00e7\u00f5es. Tudo isso poder\u00e1 ser desenvolvido em parceria com entidades p\u00fablicas e privadas\u201d, destacou.<\/p>\n\n\n\n<p>Al\u00e9m disso, os vereadores aprovaram, tamb\u00e9m em primeira discuss\u00e3o, o Projeto de Lei n\u00ba 372\/2024, do vereador Preto Aquino (Podemos), que trata da presta\u00e7\u00e3o de servi\u00e7os de troca de l\u00e2mpadas, direta ou indiretamente realizada com recursos do Poder P\u00fablico Municipal; e a cria\u00e7\u00e3o do &#8220;Dia da Pessoa com S\u00edndrome de Tourette&#8221;, de autoria do vereador T\u00e9rcio Tinoco (Uni\u00e3o).<\/p>\n\n\n\n<p>Na mesma sess\u00e3o, foram aprovadas, em vota\u00e7\u00e3o definitiva, tr\u00eas concess\u00f5es de t\u00edtulos de Cidad\u00e3o Natalense: ao ex-presidente da Rep\u00fablica Jair Messias Bolsonaro, proposta do vereador Subtenente Eliabe Marques (PL); ao presidente da Federa\u00e7\u00e3o dos Munic\u00edpios do Rio Grande do Norte (Femurn), Anteomar Pereira da Silva, por iniciativa do vereador Eriko J\u00e1come (PP); e ao senhor Jos\u00e9 Alexandre da Silva Filho, o cantor Xandy Avi\u00e3o, proposto pelo vereador Aldo Clemente (PSDB).<\/p>\n","protected":false},"excerpt":{"rendered":"<p>Em sess\u00e3o ordin\u00e1ria realizada nesta ter\u00e7a-feira (20), a C\u00e2mara Municipal de Natal aprovou, em primeira discuss\u00e3o, o Projeto de Lei n\u00ba 329\/2024, de autoria do vereador Chagas Catarino (Uni\u00e3o), que institui o \u201cM\u00eas Caramelo\u201d no calend\u00e1rio oficial do munic\u00edpio. A proposta tem como objetivo promover a\u00e7\u00f5es de cuidados, preven\u00e7\u00e3o de doen\u00e7as e bem-estar dos animais [&hellip;]<\/p>\n","protected":false},"author":1,"featured_media":0,"comment_status":"open","ping_status":"open","sticky":false,"template":"","format":"standard","meta":{"cybocfi_hide_featured_image":"","_jetpack_memberships_contains_paid_content":false,"footnotes":""},"categories":[1],"tags":[],"class_list":["post-5392","post","type-post","status-publish","format-standard","hentry","category-diversos"],"yoast_head":"<!-- This site is optimized with the Yoast SEO plugin v25.6 - https:\/\/yoast.com\/wordpress\/plugins\/seo\/ -->\n<title>C\u00e2mara aprecia projeto para conscientizar sobre sa\u00fade e bem-estar animal - Blog do Bispo<\/title>\n<meta name=\"robots\" content=\"index, follow, max-snippet:-1, max-image-preview:large, max-video-preview:-1\" \/>\n<link rel=\"canonical\" href=\"https:\/\/blogdobispo.com.br\/?p=5392\" \/>\n<meta property=\"og:locale\" content=\"pt_BR\" \/>\n<meta property=\"og:type\" content=\"article\" \/>\n<meta property=\"og:title\" content=\"C\u00e2mara aprecia projeto para conscientizar sobre sa\u00fade e bem-estar animal - Blog do Bispo\" \/>\n<meta property=\"og:description\" content=\"Em sess\u00e3o ordin\u00e1ria realizada nesta ter\u00e7a-feira (20), a C\u00e2mara Municipal de Natal aprovou, em primeira discuss\u00e3o, o Projeto de Lei n\u00ba 329\/2024, de autoria do vereador Chagas Catarino (Uni\u00e3o), que institui o \u201cM\u00eas Caramelo\u201d no calend\u00e1rio oficial do munic\u00edpio. A proposta tem como objetivo promover a\u00e7\u00f5es de cuidados, preven\u00e7\u00e3o de doen\u00e7as e bem-estar dos animais [&hellip;]\" \/>\n<meta property=\"og:url\" content=\"https:\/\/blogdobispo.com.br\/?p=5392\" \/>\n<meta property=\"og:site_name\" content=\"Blog do Bispo\" \/>\n<meta property=\"article:published_time\" content=\"2025-05-21T00:10:04+00:00\" \/>\n<meta property=\"og:image\" content=\"https:\/\/www.cmnat.rn.gov.br\/_ups\/noticias\/2025\/05\/20\/228ccb83a492ace5607efc988a7579c2.jpeg\" \/>\n<meta name=\"author\" content=\"Jefferson Sterfeno\" \/>\n<meta name=\"twitter:card\" content=\"summary_large_image\" \/>\n<meta name=\"twitter:label1\" content=\"Escrito por\" \/>\n\t<meta name=\"twitter:data1\" content=\"Jefferson Sterfeno\" \/>\n\t<meta name=\"twitter:label2\" content=\"Est. tempo de leitura\" \/>\n\t<meta name=\"twitter:data2\" content=\"1 minuto\" \/>\n<script type=\"application\/ld+json\" class=\"yoast-schema-graph\">{\"@context\":\"https:\/\/schema.org\",\"@graph\":[{\"@type\":\"Article\",\"@id\":\"https:\/\/blogdobispo.com.br\/?p=5392#article\",\"isPartOf\":{\"@id\":\"https:\/\/blogdobispo.com.br\/?p=5392\"},\"author\":{\"name\":\"Jefferson Sterfeno\",\"@id\":\"https:\/\/blogdobispo.com.br\/#\/schema\/person\/e2209cc0e6cea5c5233d033e997b373f\"},\"headline\":\"C\u00e2mara aprecia projeto para conscientizar sobre sa\u00fade e bem-estar animal\",\"datePublished\":\"2025-05-21T00:10:04+00:00\",\"mainEntityOfPage\":{\"@id\":\"https:\/\/blogdobispo.com.br\/?p=5392\"},\"wordCount\":287,\"commentCount\":0,\"publisher\":{\"@id\":\"https:\/\/blogdobispo.com.br\/#organization\"},\"image\":{\"@id\":\"https:\/\/blogdobispo.com.br\/?p=5392#primaryimage\"},\"thumbnailUrl\":\"https:\/\/www.cmnat.rn.gov.br\/_ups\/noticias\/2025\/05\/20\/228ccb83a492ace5607efc988a7579c2.jpeg\",\"articleSection\":[\"diversos\"],\"inLanguage\":\"pt-BR\",\"potentialAction\":[{\"@type\":\"CommentAction\",\"name\":\"Comment\",\"target\":[\"https:\/\/blogdobispo.com.br\/?p=5392#respond\"]}]},{\"@type\":\"WebPage\",\"@id\":\"https:\/\/blogdobispo.com.br\/?p=5392\",\"url\":\"https:\/\/blogdobispo.com.br\/?p=5392\",\"name\":\"C\u00e2mara aprecia projeto para conscientizar sobre sa\u00fade e bem-estar animal - Blog do Bispo\",\"isPartOf\":{\"@id\":\"https:\/\/blogdobispo.com.br\/#website\"},\"primaryImageOfPage\":{\"@id\":\"https:\/\/blogdobispo.com.br\/?p=5392#primaryimage\"},\"image\":{\"@id\":\"https:\/\/blogdobispo.com.br\/?p=5392#primaryimage\"},\"thumbnailUrl\":\"https:\/\/www.cmnat.rn.gov.br\/_ups\/noticias\/2025\/05\/20\/228ccb83a492ace5607efc988a7579c2.jpeg\",\"datePublished\":\"2025-05-21T00:10:04+00:00\",\"breadcrumb\":{\"@id\":\"https:\/\/blogdobispo.com.br\/?p=5392#breadcrumb\"},\"inLanguage\":\"pt-BR\",\"potentialAction\":[{\"@type\":\"ReadAction\",\"target\":[\"https:\/\/blogdobispo.com.br\/?p=5392\"]}]},{\"@type\":\"ImageObject\",\"inLanguage\":\"pt-BR\",\"@id\":\"https:\/\/blogdobispo.com.br\/?p=5392#primaryimage\",\"url\":\"https:\/\/www.cmnat.rn.gov.br\/_ups\/noticias\/2025\/05\/20\/228ccb83a492ace5607efc988a7579c2.jpeg\",\"contentUrl\":\"https:\/\/www.cmnat.rn.gov.br\/_ups\/noticias\/2025\/05\/20\/228ccb83a492ace5607efc988a7579c2.jpeg\"},{\"@type\":\"BreadcrumbList\",\"@id\":\"https:\/\/blogdobispo.com.br\/?p=5392#breadcrumb\",\"itemListElement\":[{\"@type\":\"ListItem\",\"position\":1,\"name\":\"In\u00edcio\",\"item\":\"https:\/\/blogdobispo.com.br\/\"},{\"@type\":\"ListItem\",\"position\":2,\"name\":\"C\u00e2mara aprecia projeto para conscientizar sobre sa\u00fade e bem-estar animal\"}]},{\"@type\":\"WebSite\",\"@id\":\"https:\/\/blogdobispo.com.br\/#website\",\"url\":\"https:\/\/blogdobispo.com.br\/\",\"name\":\"Blog do Bispo\",\"description\":\"Comprometido apenas com o leitor\",\"publisher\":{\"@id\":\"https:\/\/blogdobispo.com.br\/#organization\"},\"potentialAction\":[{\"@type\":\"SearchAction\",\"target\":{\"@type\":\"EntryPoint\",\"urlTemplate\":\"https:\/\/blogdobispo.com.br\/?s={search_term_string}\"},\"query-input\":{\"@type\":\"PropertyValueSpecification\",\"valueRequired\":true,\"valueName\":\"search_term_string\"}}],\"inLanguage\":\"pt-BR\"},{\"@type\":\"Organization\",\"@id\":\"https:\/\/blogdobispo.com.br\/#organization\",\"name\":\"Blog do Bispo\",\"url\":\"https:\/\/blogdobispo.com.br\/\",\"logo\":{\"@type\":\"ImageObject\",\"inLanguage\":\"pt-BR\",\"@id\":\"https:\/\/blogdobispo.com.br\/#\/schema\/logo\/image\/\",\"url\":\"http:\/\/blogdobispo.com.br\/wp-content\/uploads\/2023\/05\/cropped-headear.png\",\"contentUrl\":\"http:\/\/blogdobispo.com.br\/wp-content\/uploads\/2023\/05\/cropped-headear.png\",\"width\":1500,\"height\":399,\"caption\":\"Blog do Bispo\"},\"image\":{\"@id\":\"https:\/\/blogdobispo.com.br\/#\/schema\/logo\/image\/\"}},{\"@type\":\"Person\",\"@id\":\"https:\/\/blogdobispo.com.br\/#\/schema\/person\/e2209cc0e6cea5c5233d033e997b373f\",\"name\":\"Jefferson Sterfeno\",\"image\":{\"@type\":\"ImageObject\",\"inLanguage\":\"pt-BR\",\"@id\":\"https:\/\/blogdobispo.com.br\/#\/schema\/person\/image\/\",\"url\":\"https:\/\/secure.gravatar.com\/avatar\/0534e84764641168a677026b6d57a3f51dc7ac4db0b4f6186d9cb330d4ee1160?s=96&d=mm&r=g\",\"contentUrl\":\"https:\/\/secure.gravatar.com\/avatar\/0534e84764641168a677026b6d57a3f51dc7ac4db0b4f6186d9cb330d4ee1160?s=96&d=mm&r=g\",\"caption\":\"Jefferson Sterfeno\"},\"sameAs\":[\"http:\/\/blogdobispo.com.br\"],\"url\":\"https:\/\/blogdobispo.com.br\/?author=1\"}]}<\/script>\n<!-- \/ Yoast SEO plugin. -->","yoast_head_json":{"title":"C\u00e2mara aprecia projeto para conscientizar sobre sa\u00fade e bem-estar animal - Blog do Bispo","robots":{"index":"index","follow":"follow","max-snippet":"max-snippet:-1","max-image-preview":"max-image-preview:large","max-video-preview":"max-video-preview:-1"},"canonical":"https:\/\/blogdobispo.com.br\/?p=5392","og_locale":"pt_BR","og_type":"article","og_title":"C\u00e2mara aprecia projeto para conscientizar sobre sa\u00fade e bem-estar animal - Blog do Bispo","og_description":"Em sess\u00e3o ordin\u00e1ria realizada nesta ter\u00e7a-feira (20), a C\u00e2mara Municipal de Natal aprovou, em primeira discuss\u00e3o, o Projeto de Lei n\u00ba 329\/2024, de autoria do vereador Chagas Catarino (Uni\u00e3o), que institui o \u201cM\u00eas Caramelo\u201d no calend\u00e1rio oficial do munic\u00edpio. A proposta tem como objetivo promover a\u00e7\u00f5es de cuidados, preven\u00e7\u00e3o de doen\u00e7as e bem-estar dos animais [&hellip;]","og_url":"https:\/\/blogdobispo.com.br\/?p=5392","og_site_name":"Blog do Bispo","article_published_time":"2025-05-21T00:10:04+00:00","og_image":[{"url":"https:\/\/www.cmnat.rn.gov.br\/_ups\/noticias\/2025\/05\/20\/228ccb83a492ace5607efc988a7579c2.jpeg","type":"","width":"","height":""}],"author":"Jefferson Sterfeno","twitter_card":"summary_large_image","twitter_misc":{"Escrito por":"Jefferson Sterfeno","Est. tempo de leitura":"1 minuto"},"schema":{"@context":"https:\/\/schema.org","@graph":[{"@type":"Article","@id":"https:\/\/blogdobispo.com.br\/?p=5392#article","isPartOf":{"@id":"https:\/\/blogdobispo.com.br\/?p=5392"},"author":{"name":"Jefferson Sterfeno","@id":"https:\/\/blogdobispo.com.br\/#\/schema\/person\/e2209cc0e6cea5c5233d033e997b373f"},"headline":"C\u00e2mara aprecia projeto para conscientizar sobre sa\u00fade e bem-estar animal","datePublished":"2025-05-21T00:10:04+00:00","mainEntityOfPage":{"@id":"https:\/\/blogdobispo.com.br\/?p=5392"},"wordCount":287,"commentCount":0,"publisher":{"@id":"https:\/\/blogdobispo.com.br\/#organization"},"image":{"@id":"https:\/\/blogdobispo.com.br\/?p=5392#primaryimage"},"thumbnailUrl":"https:\/\/www.cmnat.rn.gov.br\/_ups\/noticias\/2025\/05\/20\/228ccb83a492ace5607efc988a7579c2.jpeg","articleSection":["diversos"],"inLanguage":"pt-BR","potentialAction":[{"@type":"CommentAction","name":"Comment","target":["https:\/\/blogdobispo.com.br\/?p=5392#respond"]}]},{"@type":"WebPage","@id":"https:\/\/blogdobispo.com.br\/?p=5392","url":"https:\/\/blogdobispo.com.br\/?p=5392","name":"C\u00e2mara aprecia projeto para conscientizar sobre sa\u00fade e bem-estar animal - Blog do Bispo","isPartOf":{"@id":"https:\/\/blogdobispo.com.br\/#website"},"primaryImageOfPage":{"@id":"https:\/\/blogdobispo.com.br\/?p=5392#primaryimage"},"image":{"@id":"https:\/\/blogdobispo.com.br\/?p=5392#primaryimage"},"thumbnailUrl":"https:\/\/www.cmnat.rn.gov.br\/_ups\/noticias\/2025\/05\/20\/228ccb83a492ace5607efc988a7579c2.jpeg","datePublished":"2025-05-21T00:10:04+00:00","breadcrumb":{"@id":"https:\/\/blogdobispo.com.br\/?p=5392#breadcrumb"},"inLanguage":"pt-BR","potentialAction":[{"@type":"ReadAction","target":["https:\/\/blogdobispo.com.br\/?p=5392"]}]},{"@type":"ImageObject","inLanguage":"pt-BR","@id":"https:\/\/blogdobispo.com.br\/?p=5392#primaryimage","url":"https:\/\/www.cmnat.rn.gov.br\/_ups\/noticias\/2025\/05\/20\/228ccb83a492ace5607efc988a7579c2.jpeg","contentUrl":"https:\/\/www.cmnat.rn.gov.br\/_ups\/noticias\/2025\/05\/20\/228ccb83a492ace5607efc988a7579c2.jpeg"},{"@type":"BreadcrumbList","@id":"https:\/\/blogdobispo.com.br\/?p=5392#breadcrumb","itemListElement":[{"@type":"ListItem","position":1,"name":"In\u00edcio","item":"https:\/\/blogdobispo.com.br\/"},{"@type":"ListItem","position":2,"name":"C\u00e2mara aprecia projeto para conscientizar sobre sa\u00fade e bem-estar animal"}]},{"@type":"WebSite","@id":"https:\/\/blogdobispo.com.br\/#website","url":"https:\/\/blogdobispo.com.br\/","name":"Blog do Bispo","description":"Comprometido apenas com o leitor","publisher":{"@id":"https:\/\/blogdobispo.com.br\/#organization"},"potentialAction":[{"@type":"SearchAction","target":{"@type":"EntryPoint","urlTemplate":"https:\/\/blogdobispo.com.br\/?s={search_term_string}"},"query-input":{"@type":"PropertyValueSpecification","valueRequired":true,"valueName":"search_term_string"}}],"inLanguage":"pt-BR"},{"@type":"Organization","@id":"https:\/\/blogdobispo.com.br\/#organization","name":"Blog do Bispo","url":"https:\/\/blogdobispo.com.br\/","logo":{"@type":"ImageObject","inLanguage":"pt-BR","@id":"https:\/\/blogdobispo.com.br\/#\/schema\/logo\/image\/","url":"http:\/\/blogdobispo.com.br\/wp-content\/uploads\/2023\/05\/cropped-headear.png","contentUrl":"http:\/\/blogdobispo.com.br\/wp-content\/uploads\/2023\/05\/cropped-headear.png","width":1500,"height":399,"caption":"Blog do Bispo"},"image":{"@id":"https:\/\/blogdobispo.com.br\/#\/schema\/logo\/image\/"}},{"@type":"Person","@id":"https:\/\/blogdobispo.com.br\/#\/schema\/person\/e2209cc0e6cea5c5233d033e997b373f","name":"Jefferson Sterfeno","image":{"@type":"ImageObject","inLanguage":"pt-BR","@id":"https:\/\/blogdobispo.com.br\/#\/schema\/person\/image\/","url":"https:\/\/secure.gravatar.com\/avatar\/0534e84764641168a677026b6d57a3f51dc7ac4db0b4f6186d9cb330d4ee1160?s=96&d=mm&r=g","contentUrl":"https:\/\/secure.gravatar.com\/avatar\/0534e84764641168a677026b6d57a3f51dc7ac4db0b4f6186d9cb330d4ee1160?s=96&d=mm&r=g","caption":"Jefferson Sterfeno"},"sameAs":["http:\/\/blogdobispo.com.br"],"url":"https:\/\/blogdobispo.com.br\/?author=1"}]}},"featured_image_urls":{"full":"","thumbnail":"","medium":"","medium_large":"","large":"","1536x1536":"","2048x2048":""},"author_info":{"display_name":"Jefferson Sterfeno","author_link":"https:\/\/blogdobispo.com.br\/?author=1"},"category_info":"<a href=\"https:\/\/blogdobispo.com.br\/?cat=1\" rel=\"category\">diversos<\/a>","tag_info":"diversos","comment_count":"0","jetpack_featured_media_url":"","jetpack_sharing_enabled":true,"_links":{"self":[{"href":"https:\/\/blogdobispo.com.br\/index.php?rest_route=\/wp\/v2\/posts\/5392","targetHints":{"allow":["GET"]}}],"collection":[{"href":"https:\/\/blogdobispo.com.br\/index.php?rest_route=\/wp\/v2\/posts"}],"about":[{"href":"https:\/\/blogdobispo.com.br\/index.php?rest_route=\/wp\/v2\/types\/post"}],"author":[{"embeddable":true,"href":"https:\/\/blogdobispo.com.br\/index.php?rest_route=\/wp\/v2\/users\/1"}],"replies":[{"embeddable":true,"href":"https:\/\/blogdobispo.com.br\/index.php?rest_route=%2Fwp%2Fv2%2Fcomments&post=5392"}],"version-history":[{"count":0,"href":"https:\/\/blogdobispo.com.br\/index.php?rest_route=\/wp\/v2\/posts\/5392\/revisions"}],"wp:attachment":[{"href":"https:\/\/blogdobispo.com.br\/index.php?rest_route=%2Fwp%2Fv2%2Fmedia&parent=5392"}],"wp:term":[{"taxonomy":"category","embeddable":true,"href":"https:\/\/blogdobispo.com.br\/index.php?rest_route=%2Fwp%2Fv2%2Fcategories&post=5392"},{"taxonomy":"post_tag","embeddable":true,"href":"https:\/\/blogdobispo.com.br\/index.php?rest_route=%2Fwp%2Fv2%2Ftags&post=5392"}],"curies":[{"name":"wp","href":"https:\/\/api.w.org\/{rel}","templated":true}]}}