{"id":5389,"date":"2025-05-20T17:57:52","date_gmt":"2025-05-20T17:57:52","guid":{"rendered":"https:\/\/blogdobispo.com.br\/?p=5389"},"modified":"2025-05-20T17:57:52","modified_gmt":"2025-05-20T17:57:52","slug":"pre-candidatos-a-camara-federal-recuam-e-adotam-estrategia-do-silencio-a-espera-de-definicoes","status":"publish","type":"post","link":"https:\/\/blogdobispo.com.br\/?p=5389","title":{"rendered":"Pr\u00e9-candidatos \u00e0 C\u00e2mara Federal recuam e adotam estrat\u00e9gia do sil\u00eancio \u00e0 espera de defini\u00e7\u00f5es"},"content":{"rendered":"\n<p class=\"p1\"><\/p>\n\n\n\n<p class=\"p1\">Desist\u00eancia de M\u00e1rio do Lixo e freada de Juninho Saia Rodada ilustram momento de indefini\u00e7\u00e3o entre nomes populares<\/p>\n\n\n\n<p class=\"p1\">Enquanto os bastidores pol\u00edticos esquentam com articula\u00e7\u00f5es para as elei\u00e7\u00f5es do pr\u00f3ximo ano, um movimento curioso come\u00e7a a chamar aten\u00e7\u00e3o: a aus\u00eancia de protagonismo de pr\u00e9-candidatos que, at\u00e9 pouco tempo atr\u00e1s, eram dados como certos na disputa por uma cadeira na C\u00e2mara dos Deputados.<\/p>\n\n\n\n<p class=\"p1\">A desist\u00eancia de M\u00e1rio do Lixo \u2014 que havia sinalizado com entusiasmo sua inten\u00e7\u00e3o de disputar uma vaga \u2014 \u00e9 um dos exemplos mais emblem\u00e1ticos desse recuo estrat\u00e9gico. Segundo aliados pr\u00f3ximos, o empresas teria reavaliado o cen\u00e1rio diante da pulveriza\u00e7\u00e3o de candidaturas no seu campo eleitoral e da falta de uma coliga\u00e7\u00e3o forte que garantisse competitividade. Oficialmente, o discurso \u00e9 de \u201cprojeto adiado\u201d, mas nos bastidores se fala em press\u00f5es de caciques locais e risco de desgaste.<\/p>\n\n\n\n<p class=\"p1\">Outro caso emblem\u00e1tico \u00e9 o de Juninho Saia Rodada. Ap\u00f3s meses de movimenta\u00e7\u00e3o intensa nas redes sociais e participa\u00e7\u00e3o em eventos pol\u00edticos, o empres\u00e1rio\u2014 que havia se colocado como pr\u00e9-candidato \u2014 reduziu drasticamente sua exposi\u00e7\u00e3o. O pede-pede financeiro tinha come\u00e7ado. Fontes ligadas ao grupo de Juninho afirmam que ele \u201cpuxou o freio de m\u00e3o\u201d e est\u00e1 esperando \u201cos ventos de Bras\u00edlia\u201d definirem melhor os palanques regionais antes de retomar a pr\u00e9-campanha.<\/p>\n\n\n\n<figure class=\"wp-block-image size-large\"><img data-recalc-dims=\"1\" fetchpriority=\"high\" decoding=\"async\" width=\"678\" height=\"452\" src=\"https:\/\/i0.wp.com\/blogdobispo.com.br\/wp-content\/uploads\/2025\/05\/img_4531-1.jpg?resize=678%2C452&#038;ssl=1\" class=\"wp-image-5388\" srcset=\"https:\/\/i0.wp.com\/blogdobispo.com.br\/wp-content\/uploads\/2025\/05\/img_4531-1.jpg?w=678&amp;ssl=1 678w, https:\/\/i0.wp.com\/blogdobispo.com.br\/wp-content\/uploads\/2025\/05\/img_4531-1.jpg?resize=300%2C200&amp;ssl=1 300w\" sizes=\"(max-width: 678px) 100vw, 678px\" \/><\/figure>\n\n\n\n<p class=\"p1\">Esse comportamento, embora cause estranheza \u00e0 primeira vista, faz parte de uma l\u00f3gica eleitoral bastante comum: muitos nomes preferem manter-se em sil\u00eancio e evitar o desgaste precoce, sobretudo enquanto o jogo partid\u00e1rio ainda est\u00e1 sendo desenhado. A troca de partidos, a forma\u00e7\u00e3o de federa\u00e7\u00f5es e a defini\u00e7\u00e3o de alian\u00e7as estaduais podem alterar radicalmente as chances de um postulante. Entrar na disputa cedo demais pode significar virar alvo ou gastar energia \u00e0 toa.<\/p>\n\n\n\n<p class=\"p1\">Nos bastidores, especula-se ainda que outras figuras populares estejam avaliando o mesmo caminho. A possibilidade de surgir uma \u201conda\u201d nacional \u2014 ou mesmo estadual \u2014 em torno de algum nome forte pode alterar toda a balan\u00e7a eleitoral.&nbsp;<\/p>\n","protected":false},"excerpt":{"rendered":"<p>Desist\u00eancia de M\u00e1rio do Lixo e freada de Juninho Saia Rodada ilustram momento de indefini\u00e7\u00e3o entre nomes populares Enquanto os bastidores pol\u00edticos esquentam com articula\u00e7\u00f5es para as elei\u00e7\u00f5es do pr\u00f3ximo ano, um movimento curioso come\u00e7a a chamar aten\u00e7\u00e3o: a aus\u00eancia de protagonismo de pr\u00e9-candidatos que, at\u00e9 pouco tempo atr\u00e1s, eram dados como certos na disputa [&hellip;]<\/p>\n","protected":false},"author":1,"featured_media":0,"comment_status":"open","ping_status":"open","sticky":false,"template":"","format":"standard","meta":{"cybocfi_hide_featured_image":"","_jetpack_memberships_contains_paid_content":false,"footnotes":""},"categories":[1],"tags":[],"class_list":["post-5389","post","type-post","status-publish","format-standard","hentry","category-diversos"],"yoast_head":"<!-- This site is optimized with the Yoast SEO plugin v25.6 - https:\/\/yoast.com\/wordpress\/plugins\/seo\/ -->\n<title>Pr\u00e9-candidatos \u00e0 C\u00e2mara Federal recuam e adotam estrat\u00e9gia do sil\u00eancio \u00e0 espera de defini\u00e7\u00f5es - Blog do Bispo<\/title>\n<meta name=\"robots\" content=\"index, follow, max-snippet:-1, max-image-preview:large, max-video-preview:-1\" \/>\n<link rel=\"canonical\" href=\"https:\/\/blogdobispo.com.br\/?p=5389\" \/>\n<meta property=\"og:locale\" content=\"pt_BR\" \/>\n<meta property=\"og:type\" content=\"article\" \/>\n<meta property=\"og:title\" content=\"Pr\u00e9-candidatos \u00e0 C\u00e2mara Federal recuam e adotam estrat\u00e9gia do sil\u00eancio \u00e0 espera de defini\u00e7\u00f5es - Blog do Bispo\" \/>\n<meta property=\"og:description\" content=\"Desist\u00eancia de M\u00e1rio do Lixo e freada de Juninho Saia Rodada ilustram momento de indefini\u00e7\u00e3o entre nomes populares Enquanto os bastidores pol\u00edticos esquentam com articula\u00e7\u00f5es para as elei\u00e7\u00f5es do pr\u00f3ximo ano, um movimento curioso come\u00e7a a chamar aten\u00e7\u00e3o: a aus\u00eancia de protagonismo de pr\u00e9-candidatos que, at\u00e9 pouco tempo atr\u00e1s, eram dados como certos na disputa [&hellip;]\" \/>\n<meta property=\"og:url\" content=\"https:\/\/blogdobispo.com.br\/?p=5389\" \/>\n<meta property=\"og:site_name\" content=\"Blog do Bispo\" \/>\n<meta property=\"article:published_time\" content=\"2025-05-20T17:57:52+00:00\" \/>\n<meta property=\"og:image\" content=\"https:\/\/blogdobispo.com.br\/wp-content\/uploads\/2025\/05\/img_4531-1.jpg\" \/>\n<meta name=\"author\" content=\"Jefferson Sterfeno\" \/>\n<meta name=\"twitter:card\" content=\"summary_large_image\" \/>\n<meta name=\"twitter:label1\" content=\"Escrito por\" \/>\n\t<meta name=\"twitter:data1\" content=\"Jefferson Sterfeno\" \/>\n\t<meta name=\"twitter:label2\" content=\"Est. tempo de leitura\" \/>\n\t<meta name=\"twitter:data2\" content=\"2 minutos\" \/>\n<script type=\"application\/ld+json\" class=\"yoast-schema-graph\">{\"@context\":\"https:\/\/schema.org\",\"@graph\":[{\"@type\":\"Article\",\"@id\":\"https:\/\/blogdobispo.com.br\/?p=5389#article\",\"isPartOf\":{\"@id\":\"https:\/\/blogdobispo.com.br\/?p=5389\"},\"author\":{\"name\":\"Jefferson Sterfeno\",\"@id\":\"https:\/\/blogdobispo.com.br\/#\/schema\/person\/e2209cc0e6cea5c5233d033e997b373f\"},\"headline\":\"Pr\u00e9-candidatos \u00e0 C\u00e2mara Federal recuam e adotam estrat\u00e9gia do sil\u00eancio \u00e0 espera de defini\u00e7\u00f5es\",\"datePublished\":\"2025-05-20T17:57:52+00:00\",\"mainEntityOfPage\":{\"@id\":\"https:\/\/blogdobispo.com.br\/?p=5389\"},\"wordCount\":370,\"commentCount\":0,\"publisher\":{\"@id\":\"https:\/\/blogdobispo.com.br\/#organization\"},\"image\":{\"@id\":\"https:\/\/blogdobispo.com.br\/?p=5389#primaryimage\"},\"thumbnailUrl\":\"https:\/\/blogdobispo.com.br\/wp-content\/uploads\/2025\/05\/img_4531-1.jpg\",\"articleSection\":[\"diversos\"],\"inLanguage\":\"pt-BR\",\"potentialAction\":[{\"@type\":\"CommentAction\",\"name\":\"Comment\",\"target\":[\"https:\/\/blogdobispo.com.br\/?p=5389#respond\"]}]},{\"@type\":\"WebPage\",\"@id\":\"https:\/\/blogdobispo.com.br\/?p=5389\",\"url\":\"https:\/\/blogdobispo.com.br\/?p=5389\",\"name\":\"Pr\u00e9-candidatos \u00e0 C\u00e2mara Federal recuam e adotam estrat\u00e9gia do sil\u00eancio \u00e0 espera de defini\u00e7\u00f5es - Blog do Bispo\",\"isPartOf\":{\"@id\":\"https:\/\/blogdobispo.com.br\/#website\"},\"primaryImageOfPage\":{\"@id\":\"https:\/\/blogdobispo.com.br\/?p=5389#primaryimage\"},\"image\":{\"@id\":\"https:\/\/blogdobispo.com.br\/?p=5389#primaryimage\"},\"thumbnailUrl\":\"https:\/\/blogdobispo.com.br\/wp-content\/uploads\/2025\/05\/img_4531-1.jpg\",\"datePublished\":\"2025-05-20T17:57:52+00:00\",\"breadcrumb\":{\"@id\":\"https:\/\/blogdobispo.com.br\/?p=5389#breadcrumb\"},\"inLanguage\":\"pt-BR\",\"potentialAction\":[{\"@type\":\"ReadAction\",\"target\":[\"https:\/\/blogdobispo.com.br\/?p=5389\"]}]},{\"@type\":\"ImageObject\",\"inLanguage\":\"pt-BR\",\"@id\":\"https:\/\/blogdobispo.com.br\/?p=5389#primaryimage\",\"url\":\"https:\/\/blogdobispo.com.br\/wp-content\/uploads\/2025\/05\/img_4531-1.jpg\",\"contentUrl\":\"https:\/\/blogdobispo.com.br\/wp-content\/uploads\/2025\/05\/img_4531-1.jpg\"},{\"@type\":\"BreadcrumbList\",\"@id\":\"https:\/\/blogdobispo.com.br\/?p=5389#breadcrumb\",\"itemListElement\":[{\"@type\":\"ListItem\",\"position\":1,\"name\":\"In\u00edcio\",\"item\":\"https:\/\/blogdobispo.com.br\/\"},{\"@type\":\"ListItem\",\"position\":2,\"name\":\"Pr\u00e9-candidatos \u00e0 C\u00e2mara Federal recuam e adotam estrat\u00e9gia do sil\u00eancio \u00e0 espera de defini\u00e7\u00f5es\"}]},{\"@type\":\"WebSite\",\"@id\":\"https:\/\/blogdobispo.com.br\/#website\",\"url\":\"https:\/\/blogdobispo.com.br\/\",\"name\":\"Blog do Bispo\",\"description\":\"Comprometido apenas com o leitor\",\"publisher\":{\"@id\":\"https:\/\/blogdobispo.com.br\/#organization\"},\"potentialAction\":[{\"@type\":\"SearchAction\",\"target\":{\"@type\":\"EntryPoint\",\"urlTemplate\":\"https:\/\/blogdobispo.com.br\/?s={search_term_string}\"},\"query-input\":{\"@type\":\"PropertyValueSpecification\",\"valueRequired\":true,\"valueName\":\"search_term_string\"}}],\"inLanguage\":\"pt-BR\"},{\"@type\":\"Organization\",\"@id\":\"https:\/\/blogdobispo.com.br\/#organization\",\"name\":\"Blog do Bispo\",\"url\":\"https:\/\/blogdobispo.com.br\/\",\"logo\":{\"@type\":\"ImageObject\",\"inLanguage\":\"pt-BR\",\"@id\":\"https:\/\/blogdobispo.com.br\/#\/schema\/logo\/image\/\",\"url\":\"http:\/\/blogdobispo.com.br\/wp-content\/uploads\/2023\/05\/cropped-headear.png\",\"contentUrl\":\"http:\/\/blogdobispo.com.br\/wp-content\/uploads\/2023\/05\/cropped-headear.png\",\"width\":1500,\"height\":399,\"caption\":\"Blog do Bispo\"},\"image\":{\"@id\":\"https:\/\/blogdobispo.com.br\/#\/schema\/logo\/image\/\"}},{\"@type\":\"Person\",\"@id\":\"https:\/\/blogdobispo.com.br\/#\/schema\/person\/e2209cc0e6cea5c5233d033e997b373f\",\"name\":\"Jefferson Sterfeno\",\"image\":{\"@type\":\"ImageObject\",\"inLanguage\":\"pt-BR\",\"@id\":\"https:\/\/blogdobispo.com.br\/#\/schema\/person\/image\/\",\"url\":\"https:\/\/secure.gravatar.com\/avatar\/0534e84764641168a677026b6d57a3f51dc7ac4db0b4f6186d9cb330d4ee1160?s=96&d=mm&r=g\",\"contentUrl\":\"https:\/\/secure.gravatar.com\/avatar\/0534e84764641168a677026b6d57a3f51dc7ac4db0b4f6186d9cb330d4ee1160?s=96&d=mm&r=g\",\"caption\":\"Jefferson Sterfeno\"},\"sameAs\":[\"http:\/\/blogdobispo.com.br\"],\"url\":\"https:\/\/blogdobispo.com.br\/?author=1\"}]}<\/script>\n<!-- \/ Yoast SEO plugin. -->","yoast_head_json":{"title":"Pr\u00e9-candidatos \u00e0 C\u00e2mara Federal recuam e adotam estrat\u00e9gia do sil\u00eancio \u00e0 espera de defini\u00e7\u00f5es - Blog do Bispo","robots":{"index":"index","follow":"follow","max-snippet":"max-snippet:-1","max-image-preview":"max-image-preview:large","max-video-preview":"max-video-preview:-1"},"canonical":"https:\/\/blogdobispo.com.br\/?p=5389","og_locale":"pt_BR","og_type":"article","og_title":"Pr\u00e9-candidatos \u00e0 C\u00e2mara Federal recuam e adotam estrat\u00e9gia do sil\u00eancio \u00e0 espera de defini\u00e7\u00f5es - Blog do Bispo","og_description":"Desist\u00eancia de M\u00e1rio do Lixo e freada de Juninho Saia Rodada ilustram momento de indefini\u00e7\u00e3o entre nomes populares Enquanto os bastidores pol\u00edticos esquentam com articula\u00e7\u00f5es para as elei\u00e7\u00f5es do pr\u00f3ximo ano, um movimento curioso come\u00e7a a chamar aten\u00e7\u00e3o: a aus\u00eancia de protagonismo de pr\u00e9-candidatos que, at\u00e9 pouco tempo atr\u00e1s, eram dados como certos na disputa [&hellip;]","og_url":"https:\/\/blogdobispo.com.br\/?p=5389","og_site_name":"Blog do Bispo","article_published_time":"2025-05-20T17:57:52+00:00","og_image":[{"url":"https:\/\/blogdobispo.com.br\/wp-content\/uploads\/2025\/05\/img_4531-1.jpg","type":"","width":"","height":""}],"author":"Jefferson Sterfeno","twitter_card":"summary_large_image","twitter_misc":{"Escrito por":"Jefferson Sterfeno","Est. tempo de leitura":"2 minutos"},"schema":{"@context":"https:\/\/schema.org","@graph":[{"@type":"Article","@id":"https:\/\/blogdobispo.com.br\/?p=5389#article","isPartOf":{"@id":"https:\/\/blogdobispo.com.br\/?p=5389"},"author":{"name":"Jefferson Sterfeno","@id":"https:\/\/blogdobispo.com.br\/#\/schema\/person\/e2209cc0e6cea5c5233d033e997b373f"},"headline":"Pr\u00e9-candidatos \u00e0 C\u00e2mara Federal recuam e adotam estrat\u00e9gia do sil\u00eancio \u00e0 espera de defini\u00e7\u00f5es","datePublished":"2025-05-20T17:57:52+00:00","mainEntityOfPage":{"@id":"https:\/\/blogdobispo.com.br\/?p=5389"},"wordCount":370,"commentCount":0,"publisher":{"@id":"https:\/\/blogdobispo.com.br\/#organization"},"image":{"@id":"https:\/\/blogdobispo.com.br\/?p=5389#primaryimage"},"thumbnailUrl":"https:\/\/blogdobispo.com.br\/wp-content\/uploads\/2025\/05\/img_4531-1.jpg","articleSection":["diversos"],"inLanguage":"pt-BR","potentialAction":[{"@type":"CommentAction","name":"Comment","target":["https:\/\/blogdobispo.com.br\/?p=5389#respond"]}]},{"@type":"WebPage","@id":"https:\/\/blogdobispo.com.br\/?p=5389","url":"https:\/\/blogdobispo.com.br\/?p=5389","name":"Pr\u00e9-candidatos \u00e0 C\u00e2mara Federal recuam e adotam estrat\u00e9gia do sil\u00eancio \u00e0 espera de defini\u00e7\u00f5es - Blog do Bispo","isPartOf":{"@id":"https:\/\/blogdobispo.com.br\/#website"},"primaryImageOfPage":{"@id":"https:\/\/blogdobispo.com.br\/?p=5389#primaryimage"},"image":{"@id":"https:\/\/blogdobispo.com.br\/?p=5389#primaryimage"},"thumbnailUrl":"https:\/\/blogdobispo.com.br\/wp-content\/uploads\/2025\/05\/img_4531-1.jpg","datePublished":"2025-05-20T17:57:52+00:00","breadcrumb":{"@id":"https:\/\/blogdobispo.com.br\/?p=5389#breadcrumb"},"inLanguage":"pt-BR","potentialAction":[{"@type":"ReadAction","target":["https:\/\/blogdobispo.com.br\/?p=5389"]}]},{"@type":"ImageObject","inLanguage":"pt-BR","@id":"https:\/\/blogdobispo.com.br\/?p=5389#primaryimage","url":"https:\/\/blogdobispo.com.br\/wp-content\/uploads\/2025\/05\/img_4531-1.jpg","contentUrl":"https:\/\/blogdobispo.com.br\/wp-content\/uploads\/2025\/05\/img_4531-1.jpg"},{"@type":"BreadcrumbList","@id":"https:\/\/blogdobispo.com.br\/?p=5389#breadcrumb","itemListElement":[{"@type":"ListItem","position":1,"name":"In\u00edcio","item":"https:\/\/blogdobispo.com.br\/"},{"@type":"ListItem","position":2,"name":"Pr\u00e9-candidatos \u00e0 C\u00e2mara Federal recuam e adotam estrat\u00e9gia do sil\u00eancio \u00e0 espera de defini\u00e7\u00f5es"}]},{"@type":"WebSite","@id":"https:\/\/blogdobispo.com.br\/#website","url":"https:\/\/blogdobispo.com.br\/","name":"Blog do Bispo","description":"Comprometido apenas com o leitor","publisher":{"@id":"https:\/\/blogdobispo.com.br\/#organization"},"potentialAction":[{"@type":"SearchAction","target":{"@type":"EntryPoint","urlTemplate":"https:\/\/blogdobispo.com.br\/?s={search_term_string}"},"query-input":{"@type":"PropertyValueSpecification","valueRequired":true,"valueName":"search_term_string"}}],"inLanguage":"pt-BR"},{"@type":"Organization","@id":"https:\/\/blogdobispo.com.br\/#organization","name":"Blog do Bispo","url":"https:\/\/blogdobispo.com.br\/","logo":{"@type":"ImageObject","inLanguage":"pt-BR","@id":"https:\/\/blogdobispo.com.br\/#\/schema\/logo\/image\/","url":"http:\/\/blogdobispo.com.br\/wp-content\/uploads\/2023\/05\/cropped-headear.png","contentUrl":"http:\/\/blogdobispo.com.br\/wp-content\/uploads\/2023\/05\/cropped-headear.png","width":1500,"height":399,"caption":"Blog do Bispo"},"image":{"@id":"https:\/\/blogdobispo.com.br\/#\/schema\/logo\/image\/"}},{"@type":"Person","@id":"https:\/\/blogdobispo.com.br\/#\/schema\/person\/e2209cc0e6cea5c5233d033e997b373f","name":"Jefferson Sterfeno","image":{"@type":"ImageObject","inLanguage":"pt-BR","@id":"https:\/\/blogdobispo.com.br\/#\/schema\/person\/image\/","url":"https:\/\/secure.gravatar.com\/avatar\/0534e84764641168a677026b6d57a3f51dc7ac4db0b4f6186d9cb330d4ee1160?s=96&d=mm&r=g","contentUrl":"https:\/\/secure.gravatar.com\/avatar\/0534e84764641168a677026b6d57a3f51dc7ac4db0b4f6186d9cb330d4ee1160?s=96&d=mm&r=g","caption":"Jefferson Sterfeno"},"sameAs":["http:\/\/blogdobispo.com.br"],"url":"https:\/\/blogdobispo.com.br\/?author=1"}]}},"featured_image_urls":{"full":"","thumbnail":"","medium":"","medium_large":"","large":"","1536x1536":"","2048x2048":""},"author_info":{"display_name":"Jefferson Sterfeno","author_link":"https:\/\/blogdobispo.com.br\/?author=1"},"category_info":"<a href=\"https:\/\/blogdobispo.com.br\/?cat=1\" rel=\"category\">diversos<\/a>","tag_info":"diversos","comment_count":"0","jetpack_featured_media_url":"","jetpack_sharing_enabled":true,"_links":{"self":[{"href":"https:\/\/blogdobispo.com.br\/index.php?rest_route=\/wp\/v2\/posts\/5389","targetHints":{"allow":["GET"]}}],"collection":[{"href":"https:\/\/blogdobispo.com.br\/index.php?rest_route=\/wp\/v2\/posts"}],"about":[{"href":"https:\/\/blogdobispo.com.br\/index.php?rest_route=\/wp\/v2\/types\/post"}],"author":[{"embeddable":true,"href":"https:\/\/blogdobispo.com.br\/index.php?rest_route=\/wp\/v2\/users\/1"}],"replies":[{"embeddable":true,"href":"https:\/\/blogdobispo.com.br\/index.php?rest_route=%2Fwp%2Fv2%2Fcomments&post=5389"}],"version-history":[{"count":0,"href":"https:\/\/blogdobispo.com.br\/index.php?rest_route=\/wp\/v2\/posts\/5389\/revisions"}],"wp:attachment":[{"href":"https:\/\/blogdobispo.com.br\/index.php?rest_route=%2Fwp%2Fv2%2Fmedia&parent=5389"}],"wp:term":[{"taxonomy":"category","embeddable":true,"href":"https:\/\/blogdobispo.com.br\/index.php?rest_route=%2Fwp%2Fv2%2Fcategories&post=5389"},{"taxonomy":"post_tag","embeddable":true,"href":"https:\/\/blogdobispo.com.br\/index.php?rest_route=%2Fwp%2Fv2%2Ftags&post=5389"}],"curies":[{"name":"wp","href":"https:\/\/api.w.org\/{rel}","templated":true}]}}