{"id":5383,"date":"2025-05-19T17:54:53","date_gmt":"2025-05-19T17:54:53","guid":{"rendered":"https:\/\/blogdobispo.com.br\/?p=5383"},"modified":"2025-05-19T17:54:53","modified_gmt":"2025-05-19T17:54:53","slug":"vereador-eribaldo-medeiros-solicita-transformacao-da-unidade-de-saude-dos-guarapes-em-upa-ou-unidade-mista","status":"publish","type":"post","link":"https:\/\/blogdobispo.com.br\/?p=5383","title":{"rendered":"Vereador Eribaldo Medeiros solicita transforma\u00e7\u00e3o da Unidade de Sa\u00fade dos Guarapes em UPA ou Unidade Mista"},"content":{"rendered":"\n<figure class=\"wp-block-image size-large\"><img data-recalc-dims=\"1\" fetchpriority=\"high\" decoding=\"async\" width=\"701\" height=\"780\" src=\"https:\/\/i0.wp.com\/blogdobispo.com.br\/wp-content\/uploads\/2025\/05\/image-11.jpg?resize=701%2C780&#038;ssl=1\" class=\"wp-image-5382\" srcset=\"https:\/\/i0.wp.com\/blogdobispo.com.br\/wp-content\/uploads\/2025\/05\/image-11.jpg?w=701&amp;ssl=1 701w, https:\/\/i0.wp.com\/blogdobispo.com.br\/wp-content\/uploads\/2025\/05\/image-11.jpg?resize=270%2C300&amp;ssl=1 270w\" sizes=\"(max-width: 701px) 100vw, 701px\" \/><\/figure>\n\n\n\n<p class=\"p1\"><\/p>\n\n\n\n<p class=\"p1\">Natal (RN) \u2013 Em of\u00edcio datado de 19 de maio de 2025, o vereador Eribaldo Medeiros solicitou formalmente \u00e0 Secretaria Municipal de Sa\u00fade de Natal a possibilidade de transforma\u00e7\u00e3o da atual Unidade de Sa\u00fade do bairro Guarapes em uma Unidade de Pronto Atendimento (UPA) ou Unidade Mista. A proposta foi encaminhada ao secret\u00e1rio da pasta, Geraldo Souza Pinho Alves.<\/p>\n\n\n\n<p class=\"p1\">Segundo o documento, a iniciativa tem como objetivo ampliar a capacidade de atendimento \u00e0 popula\u00e7\u00e3o dos Guarapes e \u00e1reas vizinhas, que enfrentam uma crescente demanda por servi\u00e7os de urg\u00eancia e emerg\u00eancia. O vereador argumenta que a mudan\u00e7a traria uma assist\u00eancia mais completa e com maior resolutividade, al\u00e9m de possibilitar o funcionamento em hor\u00e1rio ampliado, beneficiando diretamente a comunidade local.<\/p>\n\n\n\n<p class=\"p1\">\u201cA transforma\u00e7\u00e3o da Unidade de Sa\u00fade dos Guarapes em UPA ou Unidade Mista permitir\u00e1 uma assist\u00eancia mais completa, com maior resolutividade e funcionamento em hor\u00e1rio ampliado\u201d, destacou Eribaldo no of\u00edcio.<\/p>\n\n\n\n<p class=\"p1\">A solicita\u00e7\u00e3o foi registrada e recebida pelo gabinete do secret\u00e1rio \u00e0s 09h15 do mesmo dia. O vereador aguarda agora um posicionamento da Secretaria Municipal de Sa\u00fade quanto \u00e0 viabilidade do pleito.<\/p>\n\n\n\n<p class=\"p1\">Com essa medida, Eribaldo Medeiros refor\u00e7a seu compromisso com o fortalecimento da rede p\u00fablica de sa\u00fade e a melhoria dos servi\u00e7os oferecidos \u00e0 popula\u00e7\u00e3o da Zona Oeste da capital potiguar.<\/p>\n","protected":false},"excerpt":{"rendered":"<p>Natal (RN) \u2013 Em of\u00edcio datado de 19 de maio de 2025, o vereador Eribaldo Medeiros solicitou formalmente \u00e0 Secretaria Municipal de Sa\u00fade de Natal a possibilidade de transforma\u00e7\u00e3o da atual Unidade de Sa\u00fade do bairro Guarapes em uma Unidade de Pronto Atendimento (UPA) ou Unidade Mista. A proposta foi encaminhada ao secret\u00e1rio da pasta, [&hellip;]<\/p>\n","protected":false},"author":1,"featured_media":0,"comment_status":"open","ping_status":"open","sticky":false,"template":"","format":"standard","meta":{"cybocfi_hide_featured_image":"","_jetpack_memberships_contains_paid_content":false,"footnotes":""},"categories":[1],"tags":[],"class_list":["post-5383","post","type-post","status-publish","format-standard","hentry","category-diversos"],"yoast_head":"<!-- This site is optimized with the Yoast SEO plugin v25.6 - https:\/\/yoast.com\/wordpress\/plugins\/seo\/ -->\n<title>Vereador Eribaldo Medeiros solicita transforma\u00e7\u00e3o da Unidade de Sa\u00fade dos Guarapes em UPA ou Unidade Mista - Blog do Bispo<\/title>\n<meta name=\"robots\" content=\"index, follow, max-snippet:-1, max-image-preview:large, max-video-preview:-1\" \/>\n<link rel=\"canonical\" href=\"https:\/\/blogdobispo.com.br\/?p=5383\" \/>\n<meta property=\"og:locale\" content=\"pt_BR\" \/>\n<meta property=\"og:type\" content=\"article\" \/>\n<meta property=\"og:title\" content=\"Vereador Eribaldo Medeiros solicita transforma\u00e7\u00e3o da Unidade de Sa\u00fade dos Guarapes em UPA ou Unidade Mista - Blog do Bispo\" \/>\n<meta property=\"og:description\" content=\"Natal (RN) \u2013 Em of\u00edcio datado de 19 de maio de 2025, o vereador Eribaldo Medeiros solicitou formalmente \u00e0 Secretaria Municipal de Sa\u00fade de Natal a possibilidade de transforma\u00e7\u00e3o da atual Unidade de Sa\u00fade do bairro Guarapes em uma Unidade de Pronto Atendimento (UPA) ou Unidade Mista. A proposta foi encaminhada ao secret\u00e1rio da pasta, [&hellip;]\" \/>\n<meta property=\"og:url\" content=\"https:\/\/blogdobispo.com.br\/?p=5383\" \/>\n<meta property=\"og:site_name\" content=\"Blog do Bispo\" \/>\n<meta property=\"article:published_time\" content=\"2025-05-19T17:54:53+00:00\" \/>\n<meta property=\"og:image\" content=\"https:\/\/blogdobispo.com.br\/wp-content\/uploads\/2025\/05\/image-11.jpg\" \/>\n<meta name=\"author\" content=\"Jefferson Sterfeno\" \/>\n<meta name=\"twitter:card\" content=\"summary_large_image\" \/>\n<meta name=\"twitter:label1\" content=\"Escrito por\" \/>\n\t<meta name=\"twitter:data1\" content=\"Jefferson Sterfeno\" \/>\n\t<meta name=\"twitter:label2\" content=\"Est. tempo de leitura\" \/>\n\t<meta name=\"twitter:data2\" content=\"1 minuto\" \/>\n<script type=\"application\/ld+json\" class=\"yoast-schema-graph\">{\"@context\":\"https:\/\/schema.org\",\"@graph\":[{\"@type\":\"Article\",\"@id\":\"https:\/\/blogdobispo.com.br\/?p=5383#article\",\"isPartOf\":{\"@id\":\"https:\/\/blogdobispo.com.br\/?p=5383\"},\"author\":{\"name\":\"Jefferson Sterfeno\",\"@id\":\"https:\/\/blogdobispo.com.br\/#\/schema\/person\/e2209cc0e6cea5c5233d033e997b373f\"},\"headline\":\"Vereador Eribaldo Medeiros solicita transforma\u00e7\u00e3o da Unidade de Sa\u00fade dos Guarapes em UPA ou Unidade Mista\",\"datePublished\":\"2025-05-19T17:54:53+00:00\",\"mainEntityOfPage\":{\"@id\":\"https:\/\/blogdobispo.com.br\/?p=5383\"},\"wordCount\":246,\"commentCount\":0,\"publisher\":{\"@id\":\"https:\/\/blogdobispo.com.br\/#organization\"},\"image\":{\"@id\":\"https:\/\/blogdobispo.com.br\/?p=5383#primaryimage\"},\"thumbnailUrl\":\"https:\/\/blogdobispo.com.br\/wp-content\/uploads\/2025\/05\/image-11.jpg\",\"articleSection\":[\"diversos\"],\"inLanguage\":\"pt-BR\",\"potentialAction\":[{\"@type\":\"CommentAction\",\"name\":\"Comment\",\"target\":[\"https:\/\/blogdobispo.com.br\/?p=5383#respond\"]}]},{\"@type\":\"WebPage\",\"@id\":\"https:\/\/blogdobispo.com.br\/?p=5383\",\"url\":\"https:\/\/blogdobispo.com.br\/?p=5383\",\"name\":\"Vereador Eribaldo Medeiros solicita transforma\u00e7\u00e3o da Unidade de Sa\u00fade dos Guarapes em UPA ou Unidade Mista - Blog do Bispo\",\"isPartOf\":{\"@id\":\"https:\/\/blogdobispo.com.br\/#website\"},\"primaryImageOfPage\":{\"@id\":\"https:\/\/blogdobispo.com.br\/?p=5383#primaryimage\"},\"image\":{\"@id\":\"https:\/\/blogdobispo.com.br\/?p=5383#primaryimage\"},\"thumbnailUrl\":\"https:\/\/blogdobispo.com.br\/wp-content\/uploads\/2025\/05\/image-11.jpg\",\"datePublished\":\"2025-05-19T17:54:53+00:00\",\"breadcrumb\":{\"@id\":\"https:\/\/blogdobispo.com.br\/?p=5383#breadcrumb\"},\"inLanguage\":\"pt-BR\",\"potentialAction\":[{\"@type\":\"ReadAction\",\"target\":[\"https:\/\/blogdobispo.com.br\/?p=5383\"]}]},{\"@type\":\"ImageObject\",\"inLanguage\":\"pt-BR\",\"@id\":\"https:\/\/blogdobispo.com.br\/?p=5383#primaryimage\",\"url\":\"https:\/\/blogdobispo.com.br\/wp-content\/uploads\/2025\/05\/image-11.jpg\",\"contentUrl\":\"https:\/\/blogdobispo.com.br\/wp-content\/uploads\/2025\/05\/image-11.jpg\"},{\"@type\":\"BreadcrumbList\",\"@id\":\"https:\/\/blogdobispo.com.br\/?p=5383#breadcrumb\",\"itemListElement\":[{\"@type\":\"ListItem\",\"position\":1,\"name\":\"In\u00edcio\",\"item\":\"https:\/\/blogdobispo.com.br\/\"},{\"@type\":\"ListItem\",\"position\":2,\"name\":\"Vereador Eribaldo Medeiros solicita transforma\u00e7\u00e3o da Unidade de Sa\u00fade dos Guarapes em UPA ou Unidade Mista\"}]},{\"@type\":\"WebSite\",\"@id\":\"https:\/\/blogdobispo.com.br\/#website\",\"url\":\"https:\/\/blogdobispo.com.br\/\",\"name\":\"Blog do Bispo\",\"description\":\"Comprometido apenas com o leitor\",\"publisher\":{\"@id\":\"https:\/\/blogdobispo.com.br\/#organization\"},\"potentialAction\":[{\"@type\":\"SearchAction\",\"target\":{\"@type\":\"EntryPoint\",\"urlTemplate\":\"https:\/\/blogdobispo.com.br\/?s={search_term_string}\"},\"query-input\":{\"@type\":\"PropertyValueSpecification\",\"valueRequired\":true,\"valueName\":\"search_term_string\"}}],\"inLanguage\":\"pt-BR\"},{\"@type\":\"Organization\",\"@id\":\"https:\/\/blogdobispo.com.br\/#organization\",\"name\":\"Blog do Bispo\",\"url\":\"https:\/\/blogdobispo.com.br\/\",\"logo\":{\"@type\":\"ImageObject\",\"inLanguage\":\"pt-BR\",\"@id\":\"https:\/\/blogdobispo.com.br\/#\/schema\/logo\/image\/\",\"url\":\"http:\/\/blogdobispo.com.br\/wp-content\/uploads\/2023\/05\/cropped-headear.png\",\"contentUrl\":\"http:\/\/blogdobispo.com.br\/wp-content\/uploads\/2023\/05\/cropped-headear.png\",\"width\":1500,\"height\":399,\"caption\":\"Blog do Bispo\"},\"image\":{\"@id\":\"https:\/\/blogdobispo.com.br\/#\/schema\/logo\/image\/\"}},{\"@type\":\"Person\",\"@id\":\"https:\/\/blogdobispo.com.br\/#\/schema\/person\/e2209cc0e6cea5c5233d033e997b373f\",\"name\":\"Jefferson Sterfeno\",\"image\":{\"@type\":\"ImageObject\",\"inLanguage\":\"pt-BR\",\"@id\":\"https:\/\/blogdobispo.com.br\/#\/schema\/person\/image\/\",\"url\":\"https:\/\/secure.gravatar.com\/avatar\/0534e84764641168a677026b6d57a3f51dc7ac4db0b4f6186d9cb330d4ee1160?s=96&d=mm&r=g\",\"contentUrl\":\"https:\/\/secure.gravatar.com\/avatar\/0534e84764641168a677026b6d57a3f51dc7ac4db0b4f6186d9cb330d4ee1160?s=96&d=mm&r=g\",\"caption\":\"Jefferson Sterfeno\"},\"sameAs\":[\"http:\/\/blogdobispo.com.br\"],\"url\":\"https:\/\/blogdobispo.com.br\/?author=1\"}]}<\/script>\n<!-- \/ Yoast SEO plugin. -->","yoast_head_json":{"title":"Vereador Eribaldo Medeiros solicita transforma\u00e7\u00e3o da Unidade de Sa\u00fade dos Guarapes em UPA ou Unidade Mista - Blog do Bispo","robots":{"index":"index","follow":"follow","max-snippet":"max-snippet:-1","max-image-preview":"max-image-preview:large","max-video-preview":"max-video-preview:-1"},"canonical":"https:\/\/blogdobispo.com.br\/?p=5383","og_locale":"pt_BR","og_type":"article","og_title":"Vereador Eribaldo Medeiros solicita transforma\u00e7\u00e3o da Unidade de Sa\u00fade dos Guarapes em UPA ou Unidade Mista - Blog do Bispo","og_description":"Natal (RN) \u2013 Em of\u00edcio datado de 19 de maio de 2025, o vereador Eribaldo Medeiros solicitou formalmente \u00e0 Secretaria Municipal de Sa\u00fade de Natal a possibilidade de transforma\u00e7\u00e3o da atual Unidade de Sa\u00fade do bairro Guarapes em uma Unidade de Pronto Atendimento (UPA) ou Unidade Mista. A proposta foi encaminhada ao secret\u00e1rio da pasta, [&hellip;]","og_url":"https:\/\/blogdobispo.com.br\/?p=5383","og_site_name":"Blog do Bispo","article_published_time":"2025-05-19T17:54:53+00:00","og_image":[{"url":"https:\/\/blogdobispo.com.br\/wp-content\/uploads\/2025\/05\/image-11.jpg","type":"","width":"","height":""}],"author":"Jefferson Sterfeno","twitter_card":"summary_large_image","twitter_misc":{"Escrito por":"Jefferson Sterfeno","Est. tempo de leitura":"1 minuto"},"schema":{"@context":"https:\/\/schema.org","@graph":[{"@type":"Article","@id":"https:\/\/blogdobispo.com.br\/?p=5383#article","isPartOf":{"@id":"https:\/\/blogdobispo.com.br\/?p=5383"},"author":{"name":"Jefferson Sterfeno","@id":"https:\/\/blogdobispo.com.br\/#\/schema\/person\/e2209cc0e6cea5c5233d033e997b373f"},"headline":"Vereador Eribaldo Medeiros solicita transforma\u00e7\u00e3o da Unidade de Sa\u00fade dos Guarapes em UPA ou Unidade Mista","datePublished":"2025-05-19T17:54:53+00:00","mainEntityOfPage":{"@id":"https:\/\/blogdobispo.com.br\/?p=5383"},"wordCount":246,"commentCount":0,"publisher":{"@id":"https:\/\/blogdobispo.com.br\/#organization"},"image":{"@id":"https:\/\/blogdobispo.com.br\/?p=5383#primaryimage"},"thumbnailUrl":"https:\/\/blogdobispo.com.br\/wp-content\/uploads\/2025\/05\/image-11.jpg","articleSection":["diversos"],"inLanguage":"pt-BR","potentialAction":[{"@type":"CommentAction","name":"Comment","target":["https:\/\/blogdobispo.com.br\/?p=5383#respond"]}]},{"@type":"WebPage","@id":"https:\/\/blogdobispo.com.br\/?p=5383","url":"https:\/\/blogdobispo.com.br\/?p=5383","name":"Vereador Eribaldo Medeiros solicita transforma\u00e7\u00e3o da Unidade de Sa\u00fade dos Guarapes em UPA ou Unidade Mista - Blog do Bispo","isPartOf":{"@id":"https:\/\/blogdobispo.com.br\/#website"},"primaryImageOfPage":{"@id":"https:\/\/blogdobispo.com.br\/?p=5383#primaryimage"},"image":{"@id":"https:\/\/blogdobispo.com.br\/?p=5383#primaryimage"},"thumbnailUrl":"https:\/\/blogdobispo.com.br\/wp-content\/uploads\/2025\/05\/image-11.jpg","datePublished":"2025-05-19T17:54:53+00:00","breadcrumb":{"@id":"https:\/\/blogdobispo.com.br\/?p=5383#breadcrumb"},"inLanguage":"pt-BR","potentialAction":[{"@type":"ReadAction","target":["https:\/\/blogdobispo.com.br\/?p=5383"]}]},{"@type":"ImageObject","inLanguage":"pt-BR","@id":"https:\/\/blogdobispo.com.br\/?p=5383#primaryimage","url":"https:\/\/blogdobispo.com.br\/wp-content\/uploads\/2025\/05\/image-11.jpg","contentUrl":"https:\/\/blogdobispo.com.br\/wp-content\/uploads\/2025\/05\/image-11.jpg"},{"@type":"BreadcrumbList","@id":"https:\/\/blogdobispo.com.br\/?p=5383#breadcrumb","itemListElement":[{"@type":"ListItem","position":1,"name":"In\u00edcio","item":"https:\/\/blogdobispo.com.br\/"},{"@type":"ListItem","position":2,"name":"Vereador Eribaldo Medeiros solicita transforma\u00e7\u00e3o da Unidade de Sa\u00fade dos Guarapes em UPA ou Unidade Mista"}]},{"@type":"WebSite","@id":"https:\/\/blogdobispo.com.br\/#website","url":"https:\/\/blogdobispo.com.br\/","name":"Blog do Bispo","description":"Comprometido apenas com o leitor","publisher":{"@id":"https:\/\/blogdobispo.com.br\/#organization"},"potentialAction":[{"@type":"SearchAction","target":{"@type":"EntryPoint","urlTemplate":"https:\/\/blogdobispo.com.br\/?s={search_term_string}"},"query-input":{"@type":"PropertyValueSpecification","valueRequired":true,"valueName":"search_term_string"}}],"inLanguage":"pt-BR"},{"@type":"Organization","@id":"https:\/\/blogdobispo.com.br\/#organization","name":"Blog do Bispo","url":"https:\/\/blogdobispo.com.br\/","logo":{"@type":"ImageObject","inLanguage":"pt-BR","@id":"https:\/\/blogdobispo.com.br\/#\/schema\/logo\/image\/","url":"http:\/\/blogdobispo.com.br\/wp-content\/uploads\/2023\/05\/cropped-headear.png","contentUrl":"http:\/\/blogdobispo.com.br\/wp-content\/uploads\/2023\/05\/cropped-headear.png","width":1500,"height":399,"caption":"Blog do Bispo"},"image":{"@id":"https:\/\/blogdobispo.com.br\/#\/schema\/logo\/image\/"}},{"@type":"Person","@id":"https:\/\/blogdobispo.com.br\/#\/schema\/person\/e2209cc0e6cea5c5233d033e997b373f","name":"Jefferson Sterfeno","image":{"@type":"ImageObject","inLanguage":"pt-BR","@id":"https:\/\/blogdobispo.com.br\/#\/schema\/person\/image\/","url":"https:\/\/secure.gravatar.com\/avatar\/0534e84764641168a677026b6d57a3f51dc7ac4db0b4f6186d9cb330d4ee1160?s=96&d=mm&r=g","contentUrl":"https:\/\/secure.gravatar.com\/avatar\/0534e84764641168a677026b6d57a3f51dc7ac4db0b4f6186d9cb330d4ee1160?s=96&d=mm&r=g","caption":"Jefferson Sterfeno"},"sameAs":["http:\/\/blogdobispo.com.br"],"url":"https:\/\/blogdobispo.com.br\/?author=1"}]}},"featured_image_urls":{"full":"","thumbnail":"","medium":"","medium_large":"","large":"","1536x1536":"","2048x2048":""},"author_info":{"display_name":"Jefferson Sterfeno","author_link":"https:\/\/blogdobispo.com.br\/?author=1"},"category_info":"<a href=\"https:\/\/blogdobispo.com.br\/?cat=1\" rel=\"category\">diversos<\/a>","tag_info":"diversos","comment_count":"0","jetpack_featured_media_url":"","jetpack_sharing_enabled":true,"_links":{"self":[{"href":"https:\/\/blogdobispo.com.br\/index.php?rest_route=\/wp\/v2\/posts\/5383","targetHints":{"allow":["GET"]}}],"collection":[{"href":"https:\/\/blogdobispo.com.br\/index.php?rest_route=\/wp\/v2\/posts"}],"about":[{"href":"https:\/\/blogdobispo.com.br\/index.php?rest_route=\/wp\/v2\/types\/post"}],"author":[{"embeddable":true,"href":"https:\/\/blogdobispo.com.br\/index.php?rest_route=\/wp\/v2\/users\/1"}],"replies":[{"embeddable":true,"href":"https:\/\/blogdobispo.com.br\/index.php?rest_route=%2Fwp%2Fv2%2Fcomments&post=5383"}],"version-history":[{"count":0,"href":"https:\/\/blogdobispo.com.br\/index.php?rest_route=\/wp\/v2\/posts\/5383\/revisions"}],"wp:attachment":[{"href":"https:\/\/blogdobispo.com.br\/index.php?rest_route=%2Fwp%2Fv2%2Fmedia&parent=5383"}],"wp:term":[{"taxonomy":"category","embeddable":true,"href":"https:\/\/blogdobispo.com.br\/index.php?rest_route=%2Fwp%2Fv2%2Fcategories&post=5383"},{"taxonomy":"post_tag","embeddable":true,"href":"https:\/\/blogdobispo.com.br\/index.php?rest_route=%2Fwp%2Fv2%2Ftags&post=5383"}],"curies":[{"name":"wp","href":"https:\/\/api.w.org\/{rel}","templated":true}]}}