{"id":5379,"date":"2025-05-19T17:36:34","date_gmt":"2025-05-19T17:36:34","guid":{"rendered":"https:\/\/blogdobispo.com.br\/?p=5379"},"modified":"2025-05-19T17:38:48","modified_gmt":"2025-05-19T17:38:48","slug":"tacio-cavalcanti-assume-editoria-politica-do-jornal-da-cidade-na-94-fm","status":"publish","type":"post","link":"https:\/\/blogdobispo.com.br\/?p=5379","title":{"rendered":"T\u00e1cio Cavalcanti assume editoria pol\u00edtica do Jornal da Cidade na 94 FM"},"content":{"rendered":"\n<figure class=\"wp-block-image size-large\"><img data-recalc-dims=\"1\" fetchpriority=\"high\" decoding=\"async\" width=\"559\" height=\"549\" src=\"https:\/\/i0.wp.com\/blogdobispo.com.br\/wp-content\/uploads\/2025\/05\/img_4523-1.jpg?resize=559%2C549&#038;ssl=1\" alt=\"\" class=\"wp-image-5378\" srcset=\"https:\/\/i0.wp.com\/blogdobispo.com.br\/wp-content\/uploads\/2025\/05\/img_4523-1.jpg?w=559&amp;ssl=1 559w, https:\/\/i0.wp.com\/blogdobispo.com.br\/wp-content\/uploads\/2025\/05\/img_4523-1.jpg?resize=300%2C295&amp;ssl=1 300w\" sizes=\"(max-width: 559px) 100vw, 559px\" \/><\/figure>\n\n\n\n<p>Com a sa\u00edda de Anna Ruth Dantas da 94 FM, o comunicador T\u00e1cio Cavalcanti assume a editoria de pol\u00edtica do Jornal da Cidade, que ser\u00e1 apresentado por Michelle Rincon.<\/p>\n\n\n\n<p>T\u00e1cio vai trazer uma abordagem anal\u00edtica e din\u00e2mica \u00e0s pautas do cen\u00e1rio local e nacional, informa\u00e7\u00f5es sobre o cen\u00e1rio pol\u00edtico, al\u00e9m dos coment\u00e1rios de tr\u00e2nsito.<\/p>\n\n\n\n<p>Al\u00e9m de sua presen\u00e7a no r\u00e1dio, T\u00e1cio mant\u00e9m uma forte atua\u00e7\u00e3o nas redes sociais, especialmente no Instagram, onde compartilha bastidores e atualiza\u00e7\u00f5es sobre o cen\u00e1rio pol\u00edtico e de transporte.<\/p>\n\n\n\n<p>Heitor Greg\u00f3rio <\/p>\n","protected":false},"excerpt":{"rendered":"<p>Com a sa\u00edda de Anna Ruth Dantas da 94 FM, o comunicador T\u00e1cio Cavalcanti assume a editoria de pol\u00edtica do Jornal da Cidade, que ser\u00e1 apresentado por Michelle Rincon. T\u00e1cio vai trazer uma abordagem anal\u00edtica e din\u00e2mica \u00e0s pautas do cen\u00e1rio local e nacional, informa\u00e7\u00f5es sobre o cen\u00e1rio pol\u00edtico, al\u00e9m dos coment\u00e1rios de tr\u00e2nsito. Al\u00e9m [&hellip;]<\/p>\n","protected":false},"author":1,"featured_media":0,"comment_status":"open","ping_status":"open","sticky":false,"template":"","format":"standard","meta":{"cybocfi_hide_featured_image":"","_jetpack_memberships_contains_paid_content":false,"footnotes":""},"categories":[1],"tags":[],"class_list":["post-5379","post","type-post","status-publish","format-standard","hentry","category-diversos"],"yoast_head":"<!-- This site is optimized with the Yoast SEO plugin v25.6 - https:\/\/yoast.com\/wordpress\/plugins\/seo\/ -->\n<title>T\u00e1cio Cavalcanti assume editoria pol\u00edtica do Jornal da Cidade na 94 FM - Blog do Bispo<\/title>\n<meta name=\"robots\" content=\"index, follow, max-snippet:-1, max-image-preview:large, max-video-preview:-1\" \/>\n<link rel=\"canonical\" href=\"https:\/\/blogdobispo.com.br\/?p=5379\" \/>\n<meta property=\"og:locale\" content=\"pt_BR\" \/>\n<meta property=\"og:type\" content=\"article\" \/>\n<meta property=\"og:title\" content=\"T\u00e1cio Cavalcanti assume editoria pol\u00edtica do Jornal da Cidade na 94 FM - Blog do Bispo\" \/>\n<meta property=\"og:description\" content=\"Com a sa\u00edda de Anna Ruth Dantas da 94 FM, o comunicador T\u00e1cio Cavalcanti assume a editoria de pol\u00edtica do Jornal da Cidade, que ser\u00e1 apresentado por Michelle Rincon. T\u00e1cio vai trazer uma abordagem anal\u00edtica e din\u00e2mica \u00e0s pautas do cen\u00e1rio local e nacional, informa\u00e7\u00f5es sobre o cen\u00e1rio pol\u00edtico, al\u00e9m dos coment\u00e1rios de tr\u00e2nsito. Al\u00e9m [&hellip;]\" \/>\n<meta property=\"og:url\" content=\"https:\/\/blogdobispo.com.br\/?p=5379\" \/>\n<meta property=\"og:site_name\" content=\"Blog do Bispo\" \/>\n<meta property=\"article:published_time\" content=\"2025-05-19T17:36:34+00:00\" \/>\n<meta property=\"article:modified_time\" content=\"2025-05-19T17:38:48+00:00\" \/>\n<meta property=\"og:image\" content=\"https:\/\/blogdobispo.com.br\/wp-content\/uploads\/2025\/05\/img_4523-1.jpg\" \/>\n<meta name=\"author\" content=\"Jefferson Sterfeno\" \/>\n<meta name=\"twitter:card\" content=\"summary_large_image\" \/>\n<meta name=\"twitter:label1\" content=\"Escrito por\" \/>\n\t<meta name=\"twitter:data1\" content=\"Jefferson Sterfeno\" \/>\n\t<meta name=\"twitter:label2\" content=\"Est. tempo de leitura\" \/>\n\t<meta name=\"twitter:data2\" content=\"1 minuto\" \/>\n<script type=\"application\/ld+json\" class=\"yoast-schema-graph\">{\"@context\":\"https:\/\/schema.org\",\"@graph\":[{\"@type\":\"Article\",\"@id\":\"https:\/\/blogdobispo.com.br\/?p=5379#article\",\"isPartOf\":{\"@id\":\"https:\/\/blogdobispo.com.br\/?p=5379\"},\"author\":{\"name\":\"Jefferson Sterfeno\",\"@id\":\"https:\/\/blogdobispo.com.br\/#\/schema\/person\/e2209cc0e6cea5c5233d033e997b373f\"},\"headline\":\"T\u00e1cio Cavalcanti assume editoria pol\u00edtica do Jornal da Cidade na 94 FM\",\"datePublished\":\"2025-05-19T17:36:34+00:00\",\"dateModified\":\"2025-05-19T17:38:48+00:00\",\"mainEntityOfPage\":{\"@id\":\"https:\/\/blogdobispo.com.br\/?p=5379\"},\"wordCount\":120,\"commentCount\":0,\"publisher\":{\"@id\":\"https:\/\/blogdobispo.com.br\/#organization\"},\"image\":{\"@id\":\"https:\/\/blogdobispo.com.br\/?p=5379#primaryimage\"},\"thumbnailUrl\":\"https:\/\/blogdobispo.com.br\/wp-content\/uploads\/2025\/05\/img_4523-1.jpg\",\"articleSection\":[\"diversos\"],\"inLanguage\":\"pt-BR\",\"potentialAction\":[{\"@type\":\"CommentAction\",\"name\":\"Comment\",\"target\":[\"https:\/\/blogdobispo.com.br\/?p=5379#respond\"]}]},{\"@type\":\"WebPage\",\"@id\":\"https:\/\/blogdobispo.com.br\/?p=5379\",\"url\":\"https:\/\/blogdobispo.com.br\/?p=5379\",\"name\":\"T\u00e1cio Cavalcanti assume editoria pol\u00edtica do Jornal da Cidade na 94 FM - Blog do Bispo\",\"isPartOf\":{\"@id\":\"https:\/\/blogdobispo.com.br\/#website\"},\"primaryImageOfPage\":{\"@id\":\"https:\/\/blogdobispo.com.br\/?p=5379#primaryimage\"},\"image\":{\"@id\":\"https:\/\/blogdobispo.com.br\/?p=5379#primaryimage\"},\"thumbnailUrl\":\"https:\/\/blogdobispo.com.br\/wp-content\/uploads\/2025\/05\/img_4523-1.jpg\",\"datePublished\":\"2025-05-19T17:36:34+00:00\",\"dateModified\":\"2025-05-19T17:38:48+00:00\",\"breadcrumb\":{\"@id\":\"https:\/\/blogdobispo.com.br\/?p=5379#breadcrumb\"},\"inLanguage\":\"pt-BR\",\"potentialAction\":[{\"@type\":\"ReadAction\",\"target\":[\"https:\/\/blogdobispo.com.br\/?p=5379\"]}]},{\"@type\":\"ImageObject\",\"inLanguage\":\"pt-BR\",\"@id\":\"https:\/\/blogdobispo.com.br\/?p=5379#primaryimage\",\"url\":\"https:\/\/blogdobispo.com.br\/wp-content\/uploads\/2025\/05\/img_4523-1.jpg\",\"contentUrl\":\"https:\/\/blogdobispo.com.br\/wp-content\/uploads\/2025\/05\/img_4523-1.jpg\"},{\"@type\":\"BreadcrumbList\",\"@id\":\"https:\/\/blogdobispo.com.br\/?p=5379#breadcrumb\",\"itemListElement\":[{\"@type\":\"ListItem\",\"position\":1,\"name\":\"In\u00edcio\",\"item\":\"https:\/\/blogdobispo.com.br\/\"},{\"@type\":\"ListItem\",\"position\":2,\"name\":\"T\u00e1cio Cavalcanti assume editoria pol\u00edtica do Jornal da Cidade na 94 FM\"}]},{\"@type\":\"WebSite\",\"@id\":\"https:\/\/blogdobispo.com.br\/#website\",\"url\":\"https:\/\/blogdobispo.com.br\/\",\"name\":\"Blog do Bispo\",\"description\":\"Comprometido apenas com o leitor\",\"publisher\":{\"@id\":\"https:\/\/blogdobispo.com.br\/#organization\"},\"potentialAction\":[{\"@type\":\"SearchAction\",\"target\":{\"@type\":\"EntryPoint\",\"urlTemplate\":\"https:\/\/blogdobispo.com.br\/?s={search_term_string}\"},\"query-input\":{\"@type\":\"PropertyValueSpecification\",\"valueRequired\":true,\"valueName\":\"search_term_string\"}}],\"inLanguage\":\"pt-BR\"},{\"@type\":\"Organization\",\"@id\":\"https:\/\/blogdobispo.com.br\/#organization\",\"name\":\"Blog do Bispo\",\"url\":\"https:\/\/blogdobispo.com.br\/\",\"logo\":{\"@type\":\"ImageObject\",\"inLanguage\":\"pt-BR\",\"@id\":\"https:\/\/blogdobispo.com.br\/#\/schema\/logo\/image\/\",\"url\":\"http:\/\/blogdobispo.com.br\/wp-content\/uploads\/2023\/05\/cropped-headear.png\",\"contentUrl\":\"http:\/\/blogdobispo.com.br\/wp-content\/uploads\/2023\/05\/cropped-headear.png\",\"width\":1500,\"height\":399,\"caption\":\"Blog do Bispo\"},\"image\":{\"@id\":\"https:\/\/blogdobispo.com.br\/#\/schema\/logo\/image\/\"}},{\"@type\":\"Person\",\"@id\":\"https:\/\/blogdobispo.com.br\/#\/schema\/person\/e2209cc0e6cea5c5233d033e997b373f\",\"name\":\"Jefferson Sterfeno\",\"image\":{\"@type\":\"ImageObject\",\"inLanguage\":\"pt-BR\",\"@id\":\"https:\/\/blogdobispo.com.br\/#\/schema\/person\/image\/\",\"url\":\"https:\/\/secure.gravatar.com\/avatar\/0534e84764641168a677026b6d57a3f51dc7ac4db0b4f6186d9cb330d4ee1160?s=96&d=mm&r=g\",\"contentUrl\":\"https:\/\/secure.gravatar.com\/avatar\/0534e84764641168a677026b6d57a3f51dc7ac4db0b4f6186d9cb330d4ee1160?s=96&d=mm&r=g\",\"caption\":\"Jefferson Sterfeno\"},\"sameAs\":[\"http:\/\/blogdobispo.com.br\"],\"url\":\"https:\/\/blogdobispo.com.br\/?author=1\"}]}<\/script>\n<!-- \/ Yoast SEO plugin. -->","yoast_head_json":{"title":"T\u00e1cio Cavalcanti assume editoria pol\u00edtica do Jornal da Cidade na 94 FM - Blog do Bispo","robots":{"index":"index","follow":"follow","max-snippet":"max-snippet:-1","max-image-preview":"max-image-preview:large","max-video-preview":"max-video-preview:-1"},"canonical":"https:\/\/blogdobispo.com.br\/?p=5379","og_locale":"pt_BR","og_type":"article","og_title":"T\u00e1cio Cavalcanti assume editoria pol\u00edtica do Jornal da Cidade na 94 FM - Blog do Bispo","og_description":"Com a sa\u00edda de Anna Ruth Dantas da 94 FM, o comunicador T\u00e1cio Cavalcanti assume a editoria de pol\u00edtica do Jornal da Cidade, que ser\u00e1 apresentado por Michelle Rincon. T\u00e1cio vai trazer uma abordagem anal\u00edtica e din\u00e2mica \u00e0s pautas do cen\u00e1rio local e nacional, informa\u00e7\u00f5es sobre o cen\u00e1rio pol\u00edtico, al\u00e9m dos coment\u00e1rios de tr\u00e2nsito. Al\u00e9m [&hellip;]","og_url":"https:\/\/blogdobispo.com.br\/?p=5379","og_site_name":"Blog do Bispo","article_published_time":"2025-05-19T17:36:34+00:00","article_modified_time":"2025-05-19T17:38:48+00:00","og_image":[{"url":"https:\/\/blogdobispo.com.br\/wp-content\/uploads\/2025\/05\/img_4523-1.jpg","type":"","width":"","height":""}],"author":"Jefferson Sterfeno","twitter_card":"summary_large_image","twitter_misc":{"Escrito por":"Jefferson Sterfeno","Est. tempo de leitura":"1 minuto"},"schema":{"@context":"https:\/\/schema.org","@graph":[{"@type":"Article","@id":"https:\/\/blogdobispo.com.br\/?p=5379#article","isPartOf":{"@id":"https:\/\/blogdobispo.com.br\/?p=5379"},"author":{"name":"Jefferson Sterfeno","@id":"https:\/\/blogdobispo.com.br\/#\/schema\/person\/e2209cc0e6cea5c5233d033e997b373f"},"headline":"T\u00e1cio Cavalcanti assume editoria pol\u00edtica do Jornal da Cidade na 94 FM","datePublished":"2025-05-19T17:36:34+00:00","dateModified":"2025-05-19T17:38:48+00:00","mainEntityOfPage":{"@id":"https:\/\/blogdobispo.com.br\/?p=5379"},"wordCount":120,"commentCount":0,"publisher":{"@id":"https:\/\/blogdobispo.com.br\/#organization"},"image":{"@id":"https:\/\/blogdobispo.com.br\/?p=5379#primaryimage"},"thumbnailUrl":"https:\/\/blogdobispo.com.br\/wp-content\/uploads\/2025\/05\/img_4523-1.jpg","articleSection":["diversos"],"inLanguage":"pt-BR","potentialAction":[{"@type":"CommentAction","name":"Comment","target":["https:\/\/blogdobispo.com.br\/?p=5379#respond"]}]},{"@type":"WebPage","@id":"https:\/\/blogdobispo.com.br\/?p=5379","url":"https:\/\/blogdobispo.com.br\/?p=5379","name":"T\u00e1cio Cavalcanti assume editoria pol\u00edtica do Jornal da Cidade na 94 FM - Blog do Bispo","isPartOf":{"@id":"https:\/\/blogdobispo.com.br\/#website"},"primaryImageOfPage":{"@id":"https:\/\/blogdobispo.com.br\/?p=5379#primaryimage"},"image":{"@id":"https:\/\/blogdobispo.com.br\/?p=5379#primaryimage"},"thumbnailUrl":"https:\/\/blogdobispo.com.br\/wp-content\/uploads\/2025\/05\/img_4523-1.jpg","datePublished":"2025-05-19T17:36:34+00:00","dateModified":"2025-05-19T17:38:48+00:00","breadcrumb":{"@id":"https:\/\/blogdobispo.com.br\/?p=5379#breadcrumb"},"inLanguage":"pt-BR","potentialAction":[{"@type":"ReadAction","target":["https:\/\/blogdobispo.com.br\/?p=5379"]}]},{"@type":"ImageObject","inLanguage":"pt-BR","@id":"https:\/\/blogdobispo.com.br\/?p=5379#primaryimage","url":"https:\/\/blogdobispo.com.br\/wp-content\/uploads\/2025\/05\/img_4523-1.jpg","contentUrl":"https:\/\/blogdobispo.com.br\/wp-content\/uploads\/2025\/05\/img_4523-1.jpg"},{"@type":"BreadcrumbList","@id":"https:\/\/blogdobispo.com.br\/?p=5379#breadcrumb","itemListElement":[{"@type":"ListItem","position":1,"name":"In\u00edcio","item":"https:\/\/blogdobispo.com.br\/"},{"@type":"ListItem","position":2,"name":"T\u00e1cio Cavalcanti assume editoria pol\u00edtica do Jornal da Cidade na 94 FM"}]},{"@type":"WebSite","@id":"https:\/\/blogdobispo.com.br\/#website","url":"https:\/\/blogdobispo.com.br\/","name":"Blog do Bispo","description":"Comprometido apenas com o leitor","publisher":{"@id":"https:\/\/blogdobispo.com.br\/#organization"},"potentialAction":[{"@type":"SearchAction","target":{"@type":"EntryPoint","urlTemplate":"https:\/\/blogdobispo.com.br\/?s={search_term_string}"},"query-input":{"@type":"PropertyValueSpecification","valueRequired":true,"valueName":"search_term_string"}}],"inLanguage":"pt-BR"},{"@type":"Organization","@id":"https:\/\/blogdobispo.com.br\/#organization","name":"Blog do Bispo","url":"https:\/\/blogdobispo.com.br\/","logo":{"@type":"ImageObject","inLanguage":"pt-BR","@id":"https:\/\/blogdobispo.com.br\/#\/schema\/logo\/image\/","url":"http:\/\/blogdobispo.com.br\/wp-content\/uploads\/2023\/05\/cropped-headear.png","contentUrl":"http:\/\/blogdobispo.com.br\/wp-content\/uploads\/2023\/05\/cropped-headear.png","width":1500,"height":399,"caption":"Blog do Bispo"},"image":{"@id":"https:\/\/blogdobispo.com.br\/#\/schema\/logo\/image\/"}},{"@type":"Person","@id":"https:\/\/blogdobispo.com.br\/#\/schema\/person\/e2209cc0e6cea5c5233d033e997b373f","name":"Jefferson Sterfeno","image":{"@type":"ImageObject","inLanguage":"pt-BR","@id":"https:\/\/blogdobispo.com.br\/#\/schema\/person\/image\/","url":"https:\/\/secure.gravatar.com\/avatar\/0534e84764641168a677026b6d57a3f51dc7ac4db0b4f6186d9cb330d4ee1160?s=96&d=mm&r=g","contentUrl":"https:\/\/secure.gravatar.com\/avatar\/0534e84764641168a677026b6d57a3f51dc7ac4db0b4f6186d9cb330d4ee1160?s=96&d=mm&r=g","caption":"Jefferson Sterfeno"},"sameAs":["http:\/\/blogdobispo.com.br"],"url":"https:\/\/blogdobispo.com.br\/?author=1"}]}},"featured_image_urls":{"full":"","thumbnail":"","medium":"","medium_large":"","large":"","1536x1536":"","2048x2048":""},"author_info":{"display_name":"Jefferson Sterfeno","author_link":"https:\/\/blogdobispo.com.br\/?author=1"},"category_info":"<a href=\"https:\/\/blogdobispo.com.br\/?cat=1\" rel=\"category\">diversos<\/a>","tag_info":"diversos","comment_count":"0","jetpack_featured_media_url":"","jetpack_sharing_enabled":true,"_links":{"self":[{"href":"https:\/\/blogdobispo.com.br\/index.php?rest_route=\/wp\/v2\/posts\/5379","targetHints":{"allow":["GET"]}}],"collection":[{"href":"https:\/\/blogdobispo.com.br\/index.php?rest_route=\/wp\/v2\/posts"}],"about":[{"href":"https:\/\/blogdobispo.com.br\/index.php?rest_route=\/wp\/v2\/types\/post"}],"author":[{"embeddable":true,"href":"https:\/\/blogdobispo.com.br\/index.php?rest_route=\/wp\/v2\/users\/1"}],"replies":[{"embeddable":true,"href":"https:\/\/blogdobispo.com.br\/index.php?rest_route=%2Fwp%2Fv2%2Fcomments&post=5379"}],"version-history":[{"count":1,"href":"https:\/\/blogdobispo.com.br\/index.php?rest_route=\/wp\/v2\/posts\/5379\/revisions"}],"predecessor-version":[{"id":5380,"href":"https:\/\/blogdobispo.com.br\/index.php?rest_route=\/wp\/v2\/posts\/5379\/revisions\/5380"}],"wp:attachment":[{"href":"https:\/\/blogdobispo.com.br\/index.php?rest_route=%2Fwp%2Fv2%2Fmedia&parent=5379"}],"wp:term":[{"taxonomy":"category","embeddable":true,"href":"https:\/\/blogdobispo.com.br\/index.php?rest_route=%2Fwp%2Fv2%2Fcategories&post=5379"},{"taxonomy":"post_tag","embeddable":true,"href":"https:\/\/blogdobispo.com.br\/index.php?rest_route=%2Fwp%2Fv2%2Ftags&post=5379"}],"curies":[{"name":"wp","href":"https:\/\/api.w.org\/{rel}","templated":true}]}}