{"id":5373,"date":"2025-05-19T17:18:35","date_gmt":"2025-05-19T17:18:35","guid":{"rendered":"https:\/\/blogdobispo.com.br\/?p=5373"},"modified":"2025-05-19T17:19:26","modified_gmt":"2025-05-19T17:19:26","slug":"styvenson-defende-rogerio-para-governador-do-rn-em-2026-e-elogia-postura-do-colega-em-reformas-tem-coragem","status":"publish","type":"post","link":"https:\/\/blogdobispo.com.br\/?p=5373","title":{"rendered":"Styvenson defende Rog\u00e9rio para governador do RN em 2026 e elogia postura do colega em reformas: \u201cTem coragem\u201d"},"content":{"rendered":"\n<figure class=\"wp-block-image size-large\"><img data-recalc-dims=\"1\" fetchpriority=\"high\" decoding=\"async\" width=\"800\" height=\"450\" src=\"https:\/\/i0.wp.com\/blogdobispo.com.br\/wp-content\/uploads\/2025\/05\/img_4521-1-1024x576.jpg?resize=800%2C450&#038;ssl=1\" alt=\"\" class=\"wp-image-5372\" srcset=\"https:\/\/i0.wp.com\/blogdobispo.com.br\/wp-content\/uploads\/2025\/05\/img_4521-1.jpg?resize=1024%2C576&amp;ssl=1 1024w, https:\/\/i0.wp.com\/blogdobispo.com.br\/wp-content\/uploads\/2025\/05\/img_4521-1.jpg?resize=300%2C169&amp;ssl=1 300w, https:\/\/i0.wp.com\/blogdobispo.com.br\/wp-content\/uploads\/2025\/05\/img_4521-1.jpg?resize=768%2C432&amp;ssl=1 768w, https:\/\/i0.wp.com\/blogdobispo.com.br\/wp-content\/uploads\/2025\/05\/img_4521-1.jpg?w=1536&amp;ssl=1 1536w\" sizes=\"(max-width: 800px) 100vw, 800px\" \/><\/figure>\n\n\n\n<p>O senador Styvenson Valentim (PSDB) declarou apoio, nesta segunda-feira 19, ao nome do senador Rog\u00e9rio Marinho (PL) para a disputa do&nbsp;<a href=\"https:\/\/www.rn.gov.br\/\" target=\"_blank\" rel=\"noreferrer noopener\">Governo do Rio Grande do Norte<\/a>&nbsp;nas&nbsp;<a href=\"https:\/\/agorarn.com.br\/ultimas\/rogerio-alianca-com-paulinho-e-styvenson\/\">elei\u00e7\u00f5es de 2026<\/a>. Segundo Styvenson, Rog\u00e9rio pode trazer \u201csolu\u00e7\u00f5es\u201d para os problemas que o Estado enfrenta. <\/p>\n\n\n\n<p>\u201cHoje a minha liga\u00e7\u00e3o com Rog\u00e9rio est\u00e1 cada vez mais pr\u00f3xima. E olha que vou confessar a voc\u00eas: n\u00e3o era muito simp\u00e1tico a ele n\u00e3o. Hoje eu tenho uma super simpatia com ele. Cara que fala aberto, claro. \u00c9 um cara que eu acredito que possa trazer solu\u00e7\u00f5es, como trouxe como ministro, senador\u201d, afirmou Styvenson, em entrevista \u00e0 r\u00e1dio 96 FM.<\/p>\n\n\n\n<p>Styvenson elogiou a postura de Rog\u00e9rio Marinho como articulador das reformas previdenci\u00e1ria e trabalhista. \u201cTem coragem tamb\u00e9m. O cara enfrentou reforma trabalhista, vai l\u00e1, peita sindicato e continua fazendo. Ele \u00e9 muito coerente no que faz\u201d, afirmou o senador do PSDB.<\/p>\n\n\n\n<p>Apesar de tamb\u00e9m ser cotado para disputar o Executivo estadual, o senador destacou que Marinho tem vantagens sobre ele. \u201cRog\u00e9rio tem uma vantagem em rela\u00e7\u00e3o a mim: tem muito mais experi\u00eancia do que eu. Eu entrei ontem na pol\u00edtica. Eu tenho seis anos. Rog\u00e9rio tem mais possibilidades de dar respostas \u00e0quilo que a gente procura, ao que a gente quer para o nosso estado\u201d, reconheceu.<\/p>\n\n\n\n<p>Styvenson tamb\u00e9m se comprometeu publicamente a apoiar projetos do futuro governo de Rog\u00e9rio Marinho, caso ele seja eleito. \u201cMe comprometi com ele. Se ele for o candidato e assim vencer, e se eu estiver no Senado, eu tenho vontade de ampliar o Hospital Walfredo Gurgel sem mexer na estrutura original, tirar a Caern dali e fazer uma obra com n\u00famero de leitos suficientes, parte cir\u00fargica suficiente.\u201d<\/p>\n\n\n\n<p>Apesar de manifestar sua prefer\u00eancia por Rog\u00e9rio, Styvenson Valentim tamb\u00e9m n\u00e3o descartou que o nome da oposi\u00e7\u00e3o seja o prefeito de Mossor\u00f3, Allyson Bezerra (Uni\u00e3o), ou at\u00e9 mesmo o ex-prefeito de Natal \u00c1lvaro Dias (Republicanos).<\/p>\n\n\n\n<p>Mas reiterou que prefere Rog\u00e9rio: \u201cEu convivo mais. Ele est\u00e1 no Senado junto comigo. Eu consigo enxergar isso (qualidades) muito mais de perto.\u201d<\/p>\n\n\n\n<p>Segundo o senador, qualquer pol\u00edtico que queira o Governo do Estado deve ter como objetivo ajudar a popula\u00e7\u00e3o, e n\u00e3o usar a cadeira de governador para interesses pessoais.<\/p>\n\n\n\n<p>\u201cQualquer pol\u00edtico quer ser governador para ajudar o Estado, e n\u00e3o para fazer neg\u00f3cios com o Governo do Estado utilizando a cadeira de governador. Os contratos s\u00e3o muito atrativos para quem quer fazer a coisa ruim, a coisa mal para a popula\u00e7\u00e3o: n\u00e3o prestar servi\u00e7o e ganhar dinheiro dos contratantes, que v\u00e3o na chantagem, s\u00f3 recebem se pagar alguma porcentagem\u201d, declarou.<\/p>\n\n\n\n<p>Agora RN <\/p>\n","protected":false},"excerpt":{"rendered":"<p>O senador Styvenson Valentim (PSDB) declarou apoio, nesta segunda-feira 19, ao nome do senador Rog\u00e9rio Marinho (PL) para a disputa do&nbsp;Governo do Rio Grande do Norte&nbsp;nas&nbsp;elei\u00e7\u00f5es de 2026. Segundo Styvenson, Rog\u00e9rio pode trazer \u201csolu\u00e7\u00f5es\u201d para os problemas que o Estado enfrenta. \u201cHoje a minha liga\u00e7\u00e3o com Rog\u00e9rio est\u00e1 cada vez mais pr\u00f3xima. E olha que [&hellip;]<\/p>\n","protected":false},"author":1,"featured_media":0,"comment_status":"open","ping_status":"open","sticky":false,"template":"","format":"standard","meta":{"cybocfi_hide_featured_image":"","_jetpack_memberships_contains_paid_content":false,"footnotes":""},"categories":[1],"tags":[],"class_list":["post-5373","post","type-post","status-publish","format-standard","hentry","category-diversos"],"yoast_head":"<!-- This site is optimized with the Yoast SEO plugin v25.6 - https:\/\/yoast.com\/wordpress\/plugins\/seo\/ -->\n<title>Styvenson defende Rog\u00e9rio para governador do RN em 2026 e elogia postura do colega em reformas: \u201cTem coragem\u201d - Blog do Bispo<\/title>\n<meta name=\"robots\" content=\"index, follow, max-snippet:-1, max-image-preview:large, max-video-preview:-1\" \/>\n<link rel=\"canonical\" href=\"https:\/\/blogdobispo.com.br\/?p=5373\" \/>\n<meta property=\"og:locale\" content=\"pt_BR\" \/>\n<meta property=\"og:type\" content=\"article\" \/>\n<meta property=\"og:title\" content=\"Styvenson defende Rog\u00e9rio para governador do RN em 2026 e elogia postura do colega em reformas: \u201cTem coragem\u201d - Blog do Bispo\" \/>\n<meta property=\"og:description\" content=\"O senador Styvenson Valentim (PSDB) declarou apoio, nesta segunda-feira 19, ao nome do senador Rog\u00e9rio Marinho (PL) para a disputa do&nbsp;Governo do Rio Grande do Norte&nbsp;nas&nbsp;elei\u00e7\u00f5es de 2026. Segundo Styvenson, Rog\u00e9rio pode trazer \u201csolu\u00e7\u00f5es\u201d para os problemas que o Estado enfrenta. \u201cHoje a minha liga\u00e7\u00e3o com Rog\u00e9rio est\u00e1 cada vez mais pr\u00f3xima. E olha que [&hellip;]\" \/>\n<meta property=\"og:url\" content=\"https:\/\/blogdobispo.com.br\/?p=5373\" \/>\n<meta property=\"og:site_name\" content=\"Blog do Bispo\" \/>\n<meta property=\"article:published_time\" content=\"2025-05-19T17:18:35+00:00\" \/>\n<meta property=\"article:modified_time\" content=\"2025-05-19T17:19:26+00:00\" \/>\n<meta property=\"og:image\" content=\"https:\/\/blogdobispo.com.br\/wp-content\/uploads\/2025\/05\/img_4521-1-1024x576.jpg\" \/>\n<meta name=\"author\" content=\"Jefferson Sterfeno\" \/>\n<meta name=\"twitter:card\" content=\"summary_large_image\" \/>\n<meta name=\"twitter:label1\" content=\"Escrito por\" \/>\n\t<meta name=\"twitter:data1\" content=\"Jefferson Sterfeno\" \/>\n\t<meta name=\"twitter:label2\" content=\"Est. tempo de leitura\" \/>\n\t<meta name=\"twitter:data2\" content=\"2 minutos\" \/>\n<script type=\"application\/ld+json\" class=\"yoast-schema-graph\">{\"@context\":\"https:\/\/schema.org\",\"@graph\":[{\"@type\":\"Article\",\"@id\":\"https:\/\/blogdobispo.com.br\/?p=5373#article\",\"isPartOf\":{\"@id\":\"https:\/\/blogdobispo.com.br\/?p=5373\"},\"author\":{\"name\":\"Jefferson Sterfeno\",\"@id\":\"https:\/\/blogdobispo.com.br\/#\/schema\/person\/e2209cc0e6cea5c5233d033e997b373f\"},\"headline\":\"Styvenson defende Rog\u00e9rio para governador do RN em 2026 e elogia postura do colega em reformas: \u201cTem coragem\u201d\",\"datePublished\":\"2025-05-19T17:18:35+00:00\",\"dateModified\":\"2025-05-19T17:19:26+00:00\",\"mainEntityOfPage\":{\"@id\":\"https:\/\/blogdobispo.com.br\/?p=5373\"},\"wordCount\":485,\"commentCount\":0,\"publisher\":{\"@id\":\"https:\/\/blogdobispo.com.br\/#organization\"},\"image\":{\"@id\":\"https:\/\/blogdobispo.com.br\/?p=5373#primaryimage\"},\"thumbnailUrl\":\"https:\/\/blogdobispo.com.br\/wp-content\/uploads\/2025\/05\/img_4521-1-1024x576.jpg\",\"articleSection\":[\"diversos\"],\"inLanguage\":\"pt-BR\",\"potentialAction\":[{\"@type\":\"CommentAction\",\"name\":\"Comment\",\"target\":[\"https:\/\/blogdobispo.com.br\/?p=5373#respond\"]}]},{\"@type\":\"WebPage\",\"@id\":\"https:\/\/blogdobispo.com.br\/?p=5373\",\"url\":\"https:\/\/blogdobispo.com.br\/?p=5373\",\"name\":\"Styvenson defende Rog\u00e9rio para governador do RN em 2026 e elogia postura do colega em reformas: \u201cTem coragem\u201d - Blog do Bispo\",\"isPartOf\":{\"@id\":\"https:\/\/blogdobispo.com.br\/#website\"},\"primaryImageOfPage\":{\"@id\":\"https:\/\/blogdobispo.com.br\/?p=5373#primaryimage\"},\"image\":{\"@id\":\"https:\/\/blogdobispo.com.br\/?p=5373#primaryimage\"},\"thumbnailUrl\":\"https:\/\/blogdobispo.com.br\/wp-content\/uploads\/2025\/05\/img_4521-1-1024x576.jpg\",\"datePublished\":\"2025-05-19T17:18:35+00:00\",\"dateModified\":\"2025-05-19T17:19:26+00:00\",\"breadcrumb\":{\"@id\":\"https:\/\/blogdobispo.com.br\/?p=5373#breadcrumb\"},\"inLanguage\":\"pt-BR\",\"potentialAction\":[{\"@type\":\"ReadAction\",\"target\":[\"https:\/\/blogdobispo.com.br\/?p=5373\"]}]},{\"@type\":\"ImageObject\",\"inLanguage\":\"pt-BR\",\"@id\":\"https:\/\/blogdobispo.com.br\/?p=5373#primaryimage\",\"url\":\"https:\/\/blogdobispo.com.br\/wp-content\/uploads\/2025\/05\/img_4521-1-1024x576.jpg\",\"contentUrl\":\"https:\/\/blogdobispo.com.br\/wp-content\/uploads\/2025\/05\/img_4521-1-1024x576.jpg\"},{\"@type\":\"BreadcrumbList\",\"@id\":\"https:\/\/blogdobispo.com.br\/?p=5373#breadcrumb\",\"itemListElement\":[{\"@type\":\"ListItem\",\"position\":1,\"name\":\"In\u00edcio\",\"item\":\"https:\/\/blogdobispo.com.br\/\"},{\"@type\":\"ListItem\",\"position\":2,\"name\":\"Styvenson defende Rog\u00e9rio para governador do RN em 2026 e elogia postura do colega em reformas: \u201cTem coragem\u201d\"}]},{\"@type\":\"WebSite\",\"@id\":\"https:\/\/blogdobispo.com.br\/#website\",\"url\":\"https:\/\/blogdobispo.com.br\/\",\"name\":\"Blog do Bispo\",\"description\":\"Comprometido apenas com o leitor\",\"publisher\":{\"@id\":\"https:\/\/blogdobispo.com.br\/#organization\"},\"potentialAction\":[{\"@type\":\"SearchAction\",\"target\":{\"@type\":\"EntryPoint\",\"urlTemplate\":\"https:\/\/blogdobispo.com.br\/?s={search_term_string}\"},\"query-input\":{\"@type\":\"PropertyValueSpecification\",\"valueRequired\":true,\"valueName\":\"search_term_string\"}}],\"inLanguage\":\"pt-BR\"},{\"@type\":\"Organization\",\"@id\":\"https:\/\/blogdobispo.com.br\/#organization\",\"name\":\"Blog do Bispo\",\"url\":\"https:\/\/blogdobispo.com.br\/\",\"logo\":{\"@type\":\"ImageObject\",\"inLanguage\":\"pt-BR\",\"@id\":\"https:\/\/blogdobispo.com.br\/#\/schema\/logo\/image\/\",\"url\":\"http:\/\/blogdobispo.com.br\/wp-content\/uploads\/2023\/05\/cropped-headear.png\",\"contentUrl\":\"http:\/\/blogdobispo.com.br\/wp-content\/uploads\/2023\/05\/cropped-headear.png\",\"width\":1500,\"height\":399,\"caption\":\"Blog do Bispo\"},\"image\":{\"@id\":\"https:\/\/blogdobispo.com.br\/#\/schema\/logo\/image\/\"}},{\"@type\":\"Person\",\"@id\":\"https:\/\/blogdobispo.com.br\/#\/schema\/person\/e2209cc0e6cea5c5233d033e997b373f\",\"name\":\"Jefferson Sterfeno\",\"image\":{\"@type\":\"ImageObject\",\"inLanguage\":\"pt-BR\",\"@id\":\"https:\/\/blogdobispo.com.br\/#\/schema\/person\/image\/\",\"url\":\"https:\/\/secure.gravatar.com\/avatar\/0534e84764641168a677026b6d57a3f51dc7ac4db0b4f6186d9cb330d4ee1160?s=96&d=mm&r=g\",\"contentUrl\":\"https:\/\/secure.gravatar.com\/avatar\/0534e84764641168a677026b6d57a3f51dc7ac4db0b4f6186d9cb330d4ee1160?s=96&d=mm&r=g\",\"caption\":\"Jefferson Sterfeno\"},\"sameAs\":[\"http:\/\/blogdobispo.com.br\"],\"url\":\"https:\/\/blogdobispo.com.br\/?author=1\"}]}<\/script>\n<!-- \/ Yoast SEO plugin. -->","yoast_head_json":{"title":"Styvenson defende Rog\u00e9rio para governador do RN em 2026 e elogia postura do colega em reformas: \u201cTem coragem\u201d - Blog do Bispo","robots":{"index":"index","follow":"follow","max-snippet":"max-snippet:-1","max-image-preview":"max-image-preview:large","max-video-preview":"max-video-preview:-1"},"canonical":"https:\/\/blogdobispo.com.br\/?p=5373","og_locale":"pt_BR","og_type":"article","og_title":"Styvenson defende Rog\u00e9rio para governador do RN em 2026 e elogia postura do colega em reformas: \u201cTem coragem\u201d - Blog do Bispo","og_description":"O senador Styvenson Valentim (PSDB) declarou apoio, nesta segunda-feira 19, ao nome do senador Rog\u00e9rio Marinho (PL) para a disputa do&nbsp;Governo do Rio Grande do Norte&nbsp;nas&nbsp;elei\u00e7\u00f5es de 2026. Segundo Styvenson, Rog\u00e9rio pode trazer \u201csolu\u00e7\u00f5es\u201d para os problemas que o Estado enfrenta. \u201cHoje a minha liga\u00e7\u00e3o com Rog\u00e9rio est\u00e1 cada vez mais pr\u00f3xima. E olha que [&hellip;]","og_url":"https:\/\/blogdobispo.com.br\/?p=5373","og_site_name":"Blog do Bispo","article_published_time":"2025-05-19T17:18:35+00:00","article_modified_time":"2025-05-19T17:19:26+00:00","og_image":[{"url":"https:\/\/blogdobispo.com.br\/wp-content\/uploads\/2025\/05\/img_4521-1-1024x576.jpg","type":"","width":"","height":""}],"author":"Jefferson Sterfeno","twitter_card":"summary_large_image","twitter_misc":{"Escrito por":"Jefferson Sterfeno","Est. tempo de leitura":"2 minutos"},"schema":{"@context":"https:\/\/schema.org","@graph":[{"@type":"Article","@id":"https:\/\/blogdobispo.com.br\/?p=5373#article","isPartOf":{"@id":"https:\/\/blogdobispo.com.br\/?p=5373"},"author":{"name":"Jefferson Sterfeno","@id":"https:\/\/blogdobispo.com.br\/#\/schema\/person\/e2209cc0e6cea5c5233d033e997b373f"},"headline":"Styvenson defende Rog\u00e9rio para governador do RN em 2026 e elogia postura do colega em reformas: \u201cTem coragem\u201d","datePublished":"2025-05-19T17:18:35+00:00","dateModified":"2025-05-19T17:19:26+00:00","mainEntityOfPage":{"@id":"https:\/\/blogdobispo.com.br\/?p=5373"},"wordCount":485,"commentCount":0,"publisher":{"@id":"https:\/\/blogdobispo.com.br\/#organization"},"image":{"@id":"https:\/\/blogdobispo.com.br\/?p=5373#primaryimage"},"thumbnailUrl":"https:\/\/blogdobispo.com.br\/wp-content\/uploads\/2025\/05\/img_4521-1-1024x576.jpg","articleSection":["diversos"],"inLanguage":"pt-BR","potentialAction":[{"@type":"CommentAction","name":"Comment","target":["https:\/\/blogdobispo.com.br\/?p=5373#respond"]}]},{"@type":"WebPage","@id":"https:\/\/blogdobispo.com.br\/?p=5373","url":"https:\/\/blogdobispo.com.br\/?p=5373","name":"Styvenson defende Rog\u00e9rio para governador do RN em 2026 e elogia postura do colega em reformas: \u201cTem coragem\u201d - Blog do Bispo","isPartOf":{"@id":"https:\/\/blogdobispo.com.br\/#website"},"primaryImageOfPage":{"@id":"https:\/\/blogdobispo.com.br\/?p=5373#primaryimage"},"image":{"@id":"https:\/\/blogdobispo.com.br\/?p=5373#primaryimage"},"thumbnailUrl":"https:\/\/blogdobispo.com.br\/wp-content\/uploads\/2025\/05\/img_4521-1-1024x576.jpg","datePublished":"2025-05-19T17:18:35+00:00","dateModified":"2025-05-19T17:19:26+00:00","breadcrumb":{"@id":"https:\/\/blogdobispo.com.br\/?p=5373#breadcrumb"},"inLanguage":"pt-BR","potentialAction":[{"@type":"ReadAction","target":["https:\/\/blogdobispo.com.br\/?p=5373"]}]},{"@type":"ImageObject","inLanguage":"pt-BR","@id":"https:\/\/blogdobispo.com.br\/?p=5373#primaryimage","url":"https:\/\/blogdobispo.com.br\/wp-content\/uploads\/2025\/05\/img_4521-1-1024x576.jpg","contentUrl":"https:\/\/blogdobispo.com.br\/wp-content\/uploads\/2025\/05\/img_4521-1-1024x576.jpg"},{"@type":"BreadcrumbList","@id":"https:\/\/blogdobispo.com.br\/?p=5373#breadcrumb","itemListElement":[{"@type":"ListItem","position":1,"name":"In\u00edcio","item":"https:\/\/blogdobispo.com.br\/"},{"@type":"ListItem","position":2,"name":"Styvenson defende Rog\u00e9rio para governador do RN em 2026 e elogia postura do colega em reformas: \u201cTem coragem\u201d"}]},{"@type":"WebSite","@id":"https:\/\/blogdobispo.com.br\/#website","url":"https:\/\/blogdobispo.com.br\/","name":"Blog do Bispo","description":"Comprometido apenas com o leitor","publisher":{"@id":"https:\/\/blogdobispo.com.br\/#organization"},"potentialAction":[{"@type":"SearchAction","target":{"@type":"EntryPoint","urlTemplate":"https:\/\/blogdobispo.com.br\/?s={search_term_string}"},"query-input":{"@type":"PropertyValueSpecification","valueRequired":true,"valueName":"search_term_string"}}],"inLanguage":"pt-BR"},{"@type":"Organization","@id":"https:\/\/blogdobispo.com.br\/#organization","name":"Blog do Bispo","url":"https:\/\/blogdobispo.com.br\/","logo":{"@type":"ImageObject","inLanguage":"pt-BR","@id":"https:\/\/blogdobispo.com.br\/#\/schema\/logo\/image\/","url":"http:\/\/blogdobispo.com.br\/wp-content\/uploads\/2023\/05\/cropped-headear.png","contentUrl":"http:\/\/blogdobispo.com.br\/wp-content\/uploads\/2023\/05\/cropped-headear.png","width":1500,"height":399,"caption":"Blog do Bispo"},"image":{"@id":"https:\/\/blogdobispo.com.br\/#\/schema\/logo\/image\/"}},{"@type":"Person","@id":"https:\/\/blogdobispo.com.br\/#\/schema\/person\/e2209cc0e6cea5c5233d033e997b373f","name":"Jefferson Sterfeno","image":{"@type":"ImageObject","inLanguage":"pt-BR","@id":"https:\/\/blogdobispo.com.br\/#\/schema\/person\/image\/","url":"https:\/\/secure.gravatar.com\/avatar\/0534e84764641168a677026b6d57a3f51dc7ac4db0b4f6186d9cb330d4ee1160?s=96&d=mm&r=g","contentUrl":"https:\/\/secure.gravatar.com\/avatar\/0534e84764641168a677026b6d57a3f51dc7ac4db0b4f6186d9cb330d4ee1160?s=96&d=mm&r=g","caption":"Jefferson Sterfeno"},"sameAs":["http:\/\/blogdobispo.com.br"],"url":"https:\/\/blogdobispo.com.br\/?author=1"}]}},"featured_image_urls":{"full":"","thumbnail":"","medium":"","medium_large":"","large":"","1536x1536":"","2048x2048":""},"author_info":{"display_name":"Jefferson Sterfeno","author_link":"https:\/\/blogdobispo.com.br\/?author=1"},"category_info":"<a href=\"https:\/\/blogdobispo.com.br\/?cat=1\" rel=\"category\">diversos<\/a>","tag_info":"diversos","comment_count":"0","jetpack_featured_media_url":"","jetpack_sharing_enabled":true,"_links":{"self":[{"href":"https:\/\/blogdobispo.com.br\/index.php?rest_route=\/wp\/v2\/posts\/5373","targetHints":{"allow":["GET"]}}],"collection":[{"href":"https:\/\/blogdobispo.com.br\/index.php?rest_route=\/wp\/v2\/posts"}],"about":[{"href":"https:\/\/blogdobispo.com.br\/index.php?rest_route=\/wp\/v2\/types\/post"}],"author":[{"embeddable":true,"href":"https:\/\/blogdobispo.com.br\/index.php?rest_route=\/wp\/v2\/users\/1"}],"replies":[{"embeddable":true,"href":"https:\/\/blogdobispo.com.br\/index.php?rest_route=%2Fwp%2Fv2%2Fcomments&post=5373"}],"version-history":[{"count":2,"href":"https:\/\/blogdobispo.com.br\/index.php?rest_route=\/wp\/v2\/posts\/5373\/revisions"}],"predecessor-version":[{"id":5375,"href":"https:\/\/blogdobispo.com.br\/index.php?rest_route=\/wp\/v2\/posts\/5373\/revisions\/5375"}],"wp:attachment":[{"href":"https:\/\/blogdobispo.com.br\/index.php?rest_route=%2Fwp%2Fv2%2Fmedia&parent=5373"}],"wp:term":[{"taxonomy":"category","embeddable":true,"href":"https:\/\/blogdobispo.com.br\/index.php?rest_route=%2Fwp%2Fv2%2Fcategories&post=5373"},{"taxonomy":"post_tag","embeddable":true,"href":"https:\/\/blogdobispo.com.br\/index.php?rest_route=%2Fwp%2Fv2%2Ftags&post=5373"}],"curies":[{"name":"wp","href":"https:\/\/api.w.org\/{rel}","templated":true}]}}