{"id":5369,"date":"2025-05-18T23:05:50","date_gmt":"2025-05-18T23:05:50","guid":{"rendered":"https:\/\/blogdobispo.com.br\/?p=5369"},"modified":"2025-05-18T23:08:35","modified_gmt":"2025-05-18T23:08:35","slug":"chapa-20-e-a-vitoriosa-nas-eleicoes-do-conselho-comunitario-de-dix-sept-rosado","status":"publish","type":"post","link":"https:\/\/blogdobispo.com.br\/?p=5369","title":{"rendered":"Chapa 20 \u00e9 a vitoriosa nas elei\u00e7\u00f5es do Conselho Comunit\u00e1rio de Dix Sept Rosado"},"content":{"rendered":"\n<p>Informa\u00e7\u00f5es que chegam da porta da escola Lu\u00eds Soares d\u00e3o conta da vit\u00f3ria da chapa 20 . Com Albani sendo eleito presidente. A diferen\u00e7a para o segundo colocado seria de 325 votos.<\/p>\n\n\n\n<p class=\"p1\">&nbsp;A vota\u00e7\u00e3o foi dividida em quatro se\u00e7\u00f5es, e tr\u00eas chapas concorreram: Chapa 10, Chapa 20 e Chapa 40. Tamb\u00e9m foi registrada a quantidade de votos em branco.<\/p>\n\n\n\n<p class=\"p1\">Resultado final por chapa:<\/p>\n\n\n\n<p class=\"p3\">Chapa 10: 539 votos Chapa 20: 835 votos Chapa 40: 142 votos Brancos: 1 voto<\/p>\n\n\n\n<p class=\"p1\">Resumo por se\u00e7\u00e3o:<\/p>\n\n\n\n<p class=\"p3\">Se\u00e7\u00e3o 01: Chapa 10 (20), Chapa 20 (48), Chapa 40 (12), Brancos (0) Se\u00e7\u00e3o 02: Chapa 10 (154), Chapa 20 (233), Chapa 40 (50), Brancos (0) Se\u00e7\u00e3o 03: Chapa 10 (220), Chapa 20 (271), Chapa 40 (11), Brancos (0) Se\u00e7\u00e3o 04: Chapa 10 (145), Chapa 20 (283), Chapa 40 (69), Brancos (1)<\/p>\n\n\n\n<p class=\"p1\">A Chapa 20 foi a grande vencedora, com ampla vantagem sobre as demais, totalizando 835 votos. O processo eleitoral ocorreu de forma transparente, com a presen\u00e7a de representantes das chapas e membros da federa\u00e7\u00e3o.<\/p>\n\n\n\n<figure class=\"wp-block-image size-large\"><img data-recalc-dims=\"1\" fetchpriority=\"high\" decoding=\"async\" width=\"473\" height=\"609\" src=\"https:\/\/i0.wp.com\/blogdobispo.com.br\/wp-content\/uploads\/2025\/05\/image-10.jpg?resize=473%2C609&#038;ssl=1\" alt=\"\" class=\"wp-image-5368\" srcset=\"https:\/\/i0.wp.com\/blogdobispo.com.br\/wp-content\/uploads\/2025\/05\/image-10.jpg?w=473&amp;ssl=1 473w, https:\/\/i0.wp.com\/blogdobispo.com.br\/wp-content\/uploads\/2025\/05\/image-10.jpg?resize=233%2C300&amp;ssl=1 233w\" sizes=\"(max-width: 473px) 100vw, 473px\" \/><\/figure>\n\n\n\n<p>Mais informa\u00e7\u00f5es em breve. <\/p>\n","protected":false},"excerpt":{"rendered":"<p>Informa\u00e7\u00f5es que chegam da porta da escola Lu\u00eds Soares d\u00e3o conta da vit\u00f3ria da chapa 20 . Com Albani sendo eleito presidente. A diferen\u00e7a para o segundo colocado seria de 325 votos. &nbsp;A vota\u00e7\u00e3o foi dividida em quatro se\u00e7\u00f5es, e tr\u00eas chapas concorreram: Chapa 10, Chapa 20 e Chapa 40. Tamb\u00e9m foi registrada a quantidade [&hellip;]<\/p>\n","protected":false},"author":1,"featured_media":0,"comment_status":"open","ping_status":"open","sticky":false,"template":"","format":"standard","meta":{"cybocfi_hide_featured_image":"","_jetpack_memberships_contains_paid_content":false,"footnotes":""},"categories":[1],"tags":[],"class_list":["post-5369","post","type-post","status-publish","format-standard","hentry","category-diversos"],"yoast_head":"<!-- This site is optimized with the Yoast SEO plugin v25.6 - https:\/\/yoast.com\/wordpress\/plugins\/seo\/ -->\n<title>Chapa 20 \u00e9 a vitoriosa nas elei\u00e7\u00f5es do Conselho Comunit\u00e1rio de Dix Sept Rosado - Blog do Bispo<\/title>\n<meta name=\"robots\" content=\"index, follow, max-snippet:-1, max-image-preview:large, max-video-preview:-1\" \/>\n<link rel=\"canonical\" href=\"https:\/\/blogdobispo.com.br\/?p=5369\" \/>\n<meta property=\"og:locale\" content=\"pt_BR\" \/>\n<meta property=\"og:type\" content=\"article\" \/>\n<meta property=\"og:title\" content=\"Chapa 20 \u00e9 a vitoriosa nas elei\u00e7\u00f5es do Conselho Comunit\u00e1rio de Dix Sept Rosado - Blog do Bispo\" \/>\n<meta property=\"og:description\" content=\"Informa\u00e7\u00f5es que chegam da porta da escola Lu\u00eds Soares d\u00e3o conta da vit\u00f3ria da chapa 20 . Com Albani sendo eleito presidente. A diferen\u00e7a para o segundo colocado seria de 325 votos. &nbsp;A vota\u00e7\u00e3o foi dividida em quatro se\u00e7\u00f5es, e tr\u00eas chapas concorreram: Chapa 10, Chapa 20 e Chapa 40. Tamb\u00e9m foi registrada a quantidade [&hellip;]\" \/>\n<meta property=\"og:url\" content=\"https:\/\/blogdobispo.com.br\/?p=5369\" \/>\n<meta property=\"og:site_name\" content=\"Blog do Bispo\" \/>\n<meta property=\"article:published_time\" content=\"2025-05-18T23:05:50+00:00\" \/>\n<meta property=\"article:modified_time\" content=\"2025-05-18T23:08:35+00:00\" \/>\n<meta property=\"og:image\" content=\"https:\/\/blogdobispo.com.br\/wp-content\/uploads\/2025\/05\/image-10.jpg\" \/>\n<meta name=\"author\" content=\"Jefferson Sterfeno\" \/>\n<meta name=\"twitter:card\" content=\"summary_large_image\" \/>\n<meta name=\"twitter:label1\" content=\"Escrito por\" \/>\n\t<meta name=\"twitter:data1\" content=\"Jefferson Sterfeno\" \/>\n\t<meta name=\"twitter:label2\" content=\"Est. tempo de leitura\" \/>\n\t<meta name=\"twitter:data2\" content=\"1 minuto\" \/>\n<script type=\"application\/ld+json\" class=\"yoast-schema-graph\">{\"@context\":\"https:\/\/schema.org\",\"@graph\":[{\"@type\":\"Article\",\"@id\":\"https:\/\/blogdobispo.com.br\/?p=5369#article\",\"isPartOf\":{\"@id\":\"https:\/\/blogdobispo.com.br\/?p=5369\"},\"author\":{\"name\":\"Jefferson Sterfeno\",\"@id\":\"https:\/\/blogdobispo.com.br\/#\/schema\/person\/e2209cc0e6cea5c5233d033e997b373f\"},\"headline\":\"Chapa 20 \u00e9 a vitoriosa nas elei\u00e7\u00f5es do Conselho Comunit\u00e1rio de Dix Sept Rosado\",\"datePublished\":\"2025-05-18T23:05:50+00:00\",\"dateModified\":\"2025-05-18T23:08:35+00:00\",\"mainEntityOfPage\":{\"@id\":\"https:\/\/blogdobispo.com.br\/?p=5369\"},\"wordCount\":156,\"commentCount\":1,\"publisher\":{\"@id\":\"https:\/\/blogdobispo.com.br\/#organization\"},\"image\":{\"@id\":\"https:\/\/blogdobispo.com.br\/?p=5369#primaryimage\"},\"thumbnailUrl\":\"https:\/\/blogdobispo.com.br\/wp-content\/uploads\/2025\/05\/image-10.jpg\",\"articleSection\":[\"diversos\"],\"inLanguage\":\"pt-BR\",\"potentialAction\":[{\"@type\":\"CommentAction\",\"name\":\"Comment\",\"target\":[\"https:\/\/blogdobispo.com.br\/?p=5369#respond\"]}]},{\"@type\":\"WebPage\",\"@id\":\"https:\/\/blogdobispo.com.br\/?p=5369\",\"url\":\"https:\/\/blogdobispo.com.br\/?p=5369\",\"name\":\"Chapa 20 \u00e9 a vitoriosa nas elei\u00e7\u00f5es do Conselho Comunit\u00e1rio de Dix Sept Rosado - Blog do Bispo\",\"isPartOf\":{\"@id\":\"https:\/\/blogdobispo.com.br\/#website\"},\"primaryImageOfPage\":{\"@id\":\"https:\/\/blogdobispo.com.br\/?p=5369#primaryimage\"},\"image\":{\"@id\":\"https:\/\/blogdobispo.com.br\/?p=5369#primaryimage\"},\"thumbnailUrl\":\"https:\/\/blogdobispo.com.br\/wp-content\/uploads\/2025\/05\/image-10.jpg\",\"datePublished\":\"2025-05-18T23:05:50+00:00\",\"dateModified\":\"2025-05-18T23:08:35+00:00\",\"breadcrumb\":{\"@id\":\"https:\/\/blogdobispo.com.br\/?p=5369#breadcrumb\"},\"inLanguage\":\"pt-BR\",\"potentialAction\":[{\"@type\":\"ReadAction\",\"target\":[\"https:\/\/blogdobispo.com.br\/?p=5369\"]}]},{\"@type\":\"ImageObject\",\"inLanguage\":\"pt-BR\",\"@id\":\"https:\/\/blogdobispo.com.br\/?p=5369#primaryimage\",\"url\":\"https:\/\/blogdobispo.com.br\/wp-content\/uploads\/2025\/05\/image-10.jpg\",\"contentUrl\":\"https:\/\/blogdobispo.com.br\/wp-content\/uploads\/2025\/05\/image-10.jpg\"},{\"@type\":\"BreadcrumbList\",\"@id\":\"https:\/\/blogdobispo.com.br\/?p=5369#breadcrumb\",\"itemListElement\":[{\"@type\":\"ListItem\",\"position\":1,\"name\":\"In\u00edcio\",\"item\":\"https:\/\/blogdobispo.com.br\/\"},{\"@type\":\"ListItem\",\"position\":2,\"name\":\"Chapa 20 \u00e9 a vitoriosa nas elei\u00e7\u00f5es do Conselho Comunit\u00e1rio de Dix Sept Rosado\"}]},{\"@type\":\"WebSite\",\"@id\":\"https:\/\/blogdobispo.com.br\/#website\",\"url\":\"https:\/\/blogdobispo.com.br\/\",\"name\":\"Blog do Bispo\",\"description\":\"Comprometido apenas com o leitor\",\"publisher\":{\"@id\":\"https:\/\/blogdobispo.com.br\/#organization\"},\"potentialAction\":[{\"@type\":\"SearchAction\",\"target\":{\"@type\":\"EntryPoint\",\"urlTemplate\":\"https:\/\/blogdobispo.com.br\/?s={search_term_string}\"},\"query-input\":{\"@type\":\"PropertyValueSpecification\",\"valueRequired\":true,\"valueName\":\"search_term_string\"}}],\"inLanguage\":\"pt-BR\"},{\"@type\":\"Organization\",\"@id\":\"https:\/\/blogdobispo.com.br\/#organization\",\"name\":\"Blog do Bispo\",\"url\":\"https:\/\/blogdobispo.com.br\/\",\"logo\":{\"@type\":\"ImageObject\",\"inLanguage\":\"pt-BR\",\"@id\":\"https:\/\/blogdobispo.com.br\/#\/schema\/logo\/image\/\",\"url\":\"http:\/\/blogdobispo.com.br\/wp-content\/uploads\/2023\/05\/cropped-headear.png\",\"contentUrl\":\"http:\/\/blogdobispo.com.br\/wp-content\/uploads\/2023\/05\/cropped-headear.png\",\"width\":1500,\"height\":399,\"caption\":\"Blog do Bispo\"},\"image\":{\"@id\":\"https:\/\/blogdobispo.com.br\/#\/schema\/logo\/image\/\"}},{\"@type\":\"Person\",\"@id\":\"https:\/\/blogdobispo.com.br\/#\/schema\/person\/e2209cc0e6cea5c5233d033e997b373f\",\"name\":\"Jefferson Sterfeno\",\"image\":{\"@type\":\"ImageObject\",\"inLanguage\":\"pt-BR\",\"@id\":\"https:\/\/blogdobispo.com.br\/#\/schema\/person\/image\/\",\"url\":\"https:\/\/secure.gravatar.com\/avatar\/0534e84764641168a677026b6d57a3f51dc7ac4db0b4f6186d9cb330d4ee1160?s=96&d=mm&r=g\",\"contentUrl\":\"https:\/\/secure.gravatar.com\/avatar\/0534e84764641168a677026b6d57a3f51dc7ac4db0b4f6186d9cb330d4ee1160?s=96&d=mm&r=g\",\"caption\":\"Jefferson Sterfeno\"},\"sameAs\":[\"http:\/\/blogdobispo.com.br\"],\"url\":\"https:\/\/blogdobispo.com.br\/?author=1\"}]}<\/script>\n<!-- \/ Yoast SEO plugin. -->","yoast_head_json":{"title":"Chapa 20 \u00e9 a vitoriosa nas elei\u00e7\u00f5es do Conselho Comunit\u00e1rio de Dix Sept Rosado - Blog do Bispo","robots":{"index":"index","follow":"follow","max-snippet":"max-snippet:-1","max-image-preview":"max-image-preview:large","max-video-preview":"max-video-preview:-1"},"canonical":"https:\/\/blogdobispo.com.br\/?p=5369","og_locale":"pt_BR","og_type":"article","og_title":"Chapa 20 \u00e9 a vitoriosa nas elei\u00e7\u00f5es do Conselho Comunit\u00e1rio de Dix Sept Rosado - Blog do Bispo","og_description":"Informa\u00e7\u00f5es que chegam da porta da escola Lu\u00eds Soares d\u00e3o conta da vit\u00f3ria da chapa 20 . Com Albani sendo eleito presidente. A diferen\u00e7a para o segundo colocado seria de 325 votos. &nbsp;A vota\u00e7\u00e3o foi dividida em quatro se\u00e7\u00f5es, e tr\u00eas chapas concorreram: Chapa 10, Chapa 20 e Chapa 40. Tamb\u00e9m foi registrada a quantidade [&hellip;]","og_url":"https:\/\/blogdobispo.com.br\/?p=5369","og_site_name":"Blog do Bispo","article_published_time":"2025-05-18T23:05:50+00:00","article_modified_time":"2025-05-18T23:08:35+00:00","og_image":[{"url":"https:\/\/blogdobispo.com.br\/wp-content\/uploads\/2025\/05\/image-10.jpg","type":"","width":"","height":""}],"author":"Jefferson Sterfeno","twitter_card":"summary_large_image","twitter_misc":{"Escrito por":"Jefferson Sterfeno","Est. tempo de leitura":"1 minuto"},"schema":{"@context":"https:\/\/schema.org","@graph":[{"@type":"Article","@id":"https:\/\/blogdobispo.com.br\/?p=5369#article","isPartOf":{"@id":"https:\/\/blogdobispo.com.br\/?p=5369"},"author":{"name":"Jefferson Sterfeno","@id":"https:\/\/blogdobispo.com.br\/#\/schema\/person\/e2209cc0e6cea5c5233d033e997b373f"},"headline":"Chapa 20 \u00e9 a vitoriosa nas elei\u00e7\u00f5es do Conselho Comunit\u00e1rio de Dix Sept Rosado","datePublished":"2025-05-18T23:05:50+00:00","dateModified":"2025-05-18T23:08:35+00:00","mainEntityOfPage":{"@id":"https:\/\/blogdobispo.com.br\/?p=5369"},"wordCount":156,"commentCount":1,"publisher":{"@id":"https:\/\/blogdobispo.com.br\/#organization"},"image":{"@id":"https:\/\/blogdobispo.com.br\/?p=5369#primaryimage"},"thumbnailUrl":"https:\/\/blogdobispo.com.br\/wp-content\/uploads\/2025\/05\/image-10.jpg","articleSection":["diversos"],"inLanguage":"pt-BR","potentialAction":[{"@type":"CommentAction","name":"Comment","target":["https:\/\/blogdobispo.com.br\/?p=5369#respond"]}]},{"@type":"WebPage","@id":"https:\/\/blogdobispo.com.br\/?p=5369","url":"https:\/\/blogdobispo.com.br\/?p=5369","name":"Chapa 20 \u00e9 a vitoriosa nas elei\u00e7\u00f5es do Conselho Comunit\u00e1rio de Dix Sept Rosado - Blog do Bispo","isPartOf":{"@id":"https:\/\/blogdobispo.com.br\/#website"},"primaryImageOfPage":{"@id":"https:\/\/blogdobispo.com.br\/?p=5369#primaryimage"},"image":{"@id":"https:\/\/blogdobispo.com.br\/?p=5369#primaryimage"},"thumbnailUrl":"https:\/\/blogdobispo.com.br\/wp-content\/uploads\/2025\/05\/image-10.jpg","datePublished":"2025-05-18T23:05:50+00:00","dateModified":"2025-05-18T23:08:35+00:00","breadcrumb":{"@id":"https:\/\/blogdobispo.com.br\/?p=5369#breadcrumb"},"inLanguage":"pt-BR","potentialAction":[{"@type":"ReadAction","target":["https:\/\/blogdobispo.com.br\/?p=5369"]}]},{"@type":"ImageObject","inLanguage":"pt-BR","@id":"https:\/\/blogdobispo.com.br\/?p=5369#primaryimage","url":"https:\/\/blogdobispo.com.br\/wp-content\/uploads\/2025\/05\/image-10.jpg","contentUrl":"https:\/\/blogdobispo.com.br\/wp-content\/uploads\/2025\/05\/image-10.jpg"},{"@type":"BreadcrumbList","@id":"https:\/\/blogdobispo.com.br\/?p=5369#breadcrumb","itemListElement":[{"@type":"ListItem","position":1,"name":"In\u00edcio","item":"https:\/\/blogdobispo.com.br\/"},{"@type":"ListItem","position":2,"name":"Chapa 20 \u00e9 a vitoriosa nas elei\u00e7\u00f5es do Conselho Comunit\u00e1rio de Dix Sept Rosado"}]},{"@type":"WebSite","@id":"https:\/\/blogdobispo.com.br\/#website","url":"https:\/\/blogdobispo.com.br\/","name":"Blog do Bispo","description":"Comprometido apenas com o leitor","publisher":{"@id":"https:\/\/blogdobispo.com.br\/#organization"},"potentialAction":[{"@type":"SearchAction","target":{"@type":"EntryPoint","urlTemplate":"https:\/\/blogdobispo.com.br\/?s={search_term_string}"},"query-input":{"@type":"PropertyValueSpecification","valueRequired":true,"valueName":"search_term_string"}}],"inLanguage":"pt-BR"},{"@type":"Organization","@id":"https:\/\/blogdobispo.com.br\/#organization","name":"Blog do Bispo","url":"https:\/\/blogdobispo.com.br\/","logo":{"@type":"ImageObject","inLanguage":"pt-BR","@id":"https:\/\/blogdobispo.com.br\/#\/schema\/logo\/image\/","url":"http:\/\/blogdobispo.com.br\/wp-content\/uploads\/2023\/05\/cropped-headear.png","contentUrl":"http:\/\/blogdobispo.com.br\/wp-content\/uploads\/2023\/05\/cropped-headear.png","width":1500,"height":399,"caption":"Blog do Bispo"},"image":{"@id":"https:\/\/blogdobispo.com.br\/#\/schema\/logo\/image\/"}},{"@type":"Person","@id":"https:\/\/blogdobispo.com.br\/#\/schema\/person\/e2209cc0e6cea5c5233d033e997b373f","name":"Jefferson Sterfeno","image":{"@type":"ImageObject","inLanguage":"pt-BR","@id":"https:\/\/blogdobispo.com.br\/#\/schema\/person\/image\/","url":"https:\/\/secure.gravatar.com\/avatar\/0534e84764641168a677026b6d57a3f51dc7ac4db0b4f6186d9cb330d4ee1160?s=96&d=mm&r=g","contentUrl":"https:\/\/secure.gravatar.com\/avatar\/0534e84764641168a677026b6d57a3f51dc7ac4db0b4f6186d9cb330d4ee1160?s=96&d=mm&r=g","caption":"Jefferson Sterfeno"},"sameAs":["http:\/\/blogdobispo.com.br"],"url":"https:\/\/blogdobispo.com.br\/?author=1"}]}},"featured_image_urls":{"full":"","thumbnail":"","medium":"","medium_large":"","large":"","1536x1536":"","2048x2048":""},"author_info":{"display_name":"Jefferson Sterfeno","author_link":"https:\/\/blogdobispo.com.br\/?author=1"},"category_info":"<a href=\"https:\/\/blogdobispo.com.br\/?cat=1\" rel=\"category\">diversos<\/a>","tag_info":"diversos","comment_count":"1","jetpack_featured_media_url":"","jetpack_sharing_enabled":true,"_links":{"self":[{"href":"https:\/\/blogdobispo.com.br\/index.php?rest_route=\/wp\/v2\/posts\/5369","targetHints":{"allow":["GET"]}}],"collection":[{"href":"https:\/\/blogdobispo.com.br\/index.php?rest_route=\/wp\/v2\/posts"}],"about":[{"href":"https:\/\/blogdobispo.com.br\/index.php?rest_route=\/wp\/v2\/types\/post"}],"author":[{"embeddable":true,"href":"https:\/\/blogdobispo.com.br\/index.php?rest_route=\/wp\/v2\/users\/1"}],"replies":[{"embeddable":true,"href":"https:\/\/blogdobispo.com.br\/index.php?rest_route=%2Fwp%2Fv2%2Fcomments&post=5369"}],"version-history":[{"count":1,"href":"https:\/\/blogdobispo.com.br\/index.php?rest_route=\/wp\/v2\/posts\/5369\/revisions"}],"predecessor-version":[{"id":5370,"href":"https:\/\/blogdobispo.com.br\/index.php?rest_route=\/wp\/v2\/posts\/5369\/revisions\/5370"}],"wp:attachment":[{"href":"https:\/\/blogdobispo.com.br\/index.php?rest_route=%2Fwp%2Fv2%2Fmedia&parent=5369"}],"wp:term":[{"taxonomy":"category","embeddable":true,"href":"https:\/\/blogdobispo.com.br\/index.php?rest_route=%2Fwp%2Fv2%2Fcategories&post=5369"},{"taxonomy":"post_tag","embeddable":true,"href":"https:\/\/blogdobispo.com.br\/index.php?rest_route=%2Fwp%2Fv2%2Ftags&post=5369"}],"curies":[{"name":"wp","href":"https:\/\/api.w.org\/{rel}","templated":true}]}}