{"id":5352,"date":"2025-05-16T23:56:01","date_gmt":"2025-05-16T23:56:01","guid":{"rendered":"https:\/\/blogdobispo.com.br\/?p=5352"},"modified":"2025-05-16T23:56:01","modified_gmt":"2025-05-16T23:56:01","slug":"ao-lado-de-preto-aquino-secretario-felipe-visita-obras-da-nova-praca-no-planalto","status":"publish","type":"post","link":"https:\/\/blogdobispo.com.br\/?p=5352","title":{"rendered":"Ao lado de Preto Aquino secret\u00e1rio Felipe visita obras da nova pra\u00e7a no Planalto"},"content":{"rendered":"\n<figure class=\"wp-block-image size-large\"><img data-recalc-dims=\"1\" fetchpriority=\"high\" decoding=\"async\" width=\"562\" height=\"596\" src=\"https:\/\/i0.wp.com\/blogdobispo.com.br\/wp-content\/uploads\/2025\/05\/image-8.jpg?resize=562%2C596&#038;ssl=1\" class=\"wp-image-5351\" srcset=\"https:\/\/i0.wp.com\/blogdobispo.com.br\/wp-content\/uploads\/2025\/05\/image-8.jpg?w=562&amp;ssl=1 562w, https:\/\/i0.wp.com\/blogdobispo.com.br\/wp-content\/uploads\/2025\/05\/image-8.jpg?resize=283%2C300&amp;ssl=1 283w\" sizes=\"(max-width: 562px) 100vw, 562px\" \/><\/figure>\n\n\n\n<p class=\"p1\"><\/p>\n\n\n\n<p class=\"p3\">Na manh\u00e3 desta sexta-feira (16), o vereador Preto Aquino esteve acompanhando de perto o andamento das obras da t\u00e3o aguardada pra\u00e7a que est\u00e1 sendo constru\u00edda na entrada do bairro Planalto, em Natal. A visita contou tamb\u00e9m com a presen\u00e7a do Secret\u00e1rio da SEMSUR, Felipe Alves, refor\u00e7ando o compromisso da gest\u00e3o municipal com a cria\u00e7\u00e3o de espa\u00e7os p\u00fablicos de qualidade para a popula\u00e7\u00e3o.<\/p>\n\n\n\n<p class=\"p3\">Durante a vistoria, o vereador solicitou oficialmente a inclus\u00e3o de um Espa\u00e7o PET na estrutura da pra\u00e7a. \u201cHoje os animais fazem parte das fam\u00edlias. Precisamos garantir um local adequado para eles tamb\u00e9m serem inclu\u00eddos nesse novo ambiente de conviv\u00eancia\u201d, destacou Preto Aquino.<\/p>\n\n\n\n<p class=\"p3\">Com previs\u00e3o de entrega em at\u00e9 45 dias, a obra representa um marco importante para a comunidade. O espa\u00e7o, que anteriormente era alvo de descarte irregular de lixo e entulho, est\u00e1 sendo transformado em um ambiente de lazer, dignidade e preserva\u00e7\u00e3o ambiental.<\/p>\n\n\n\n<p class=\"p3\">Al\u00e9m da valoriza\u00e7\u00e3o do bairro, a pra\u00e7a tamb\u00e9m traz um apelo \u00e0 responsabilidade coletiva. \u201cPe\u00e7o a todos os moradores: vamos cuidar desse novo espa\u00e7o com carinho. Preservar a limpeza e respeitar o meio ambiente \u00e9 dever de todos n\u00f3s\u201d, refor\u00e7ou o vereador.<\/p>\n\n\n\n<p class=\"p3\">Sobre as lumin\u00e1rias instaladas no local, a SEMSUR esclareceu que elas poder\u00e3o ser desligadas temporariamente durante o per\u00edodo de testes e ajustes t\u00e9cnicos, o que \u00e9 normal nesse tipo de obra ainda em andamento.<\/p>\n\n\n\n<p class=\"p3\">O vereador tamb\u00e9m agradeceu \u00e0 Prefeitura de Natal, na gest\u00e3o do prefeito Paulinho Freire, ao secret\u00e1rio Felipe Alves, e ao deputado federal General Gir\u00e3o, que destinou emendas impositivas essenciais para viabilizar a constru\u00e7\u00e3o da pra\u00e7a.<\/p>\n\n\n\n<p class=\"p3\">\u201cNosso trabalho continua firme, sempre em busca do melhor para nossa cidade e, em especial, para o povo do Planalto. Seguimos juntos!\u201d, finalizou Preto Aquino.<\/p>\n","protected":false},"excerpt":{"rendered":"<p>Na manh\u00e3 desta sexta-feira (16), o vereador Preto Aquino esteve acompanhando de perto o andamento das obras da t\u00e3o aguardada pra\u00e7a que est\u00e1 sendo constru\u00edda na entrada do bairro Planalto, em Natal. A visita contou tamb\u00e9m com a presen\u00e7a do Secret\u00e1rio da SEMSUR, Felipe Alves, refor\u00e7ando o compromisso da gest\u00e3o municipal com a cria\u00e7\u00e3o de [&hellip;]<\/p>\n","protected":false},"author":1,"featured_media":0,"comment_status":"open","ping_status":"open","sticky":false,"template":"","format":"standard","meta":{"cybocfi_hide_featured_image":"","_jetpack_memberships_contains_paid_content":false,"footnotes":""},"categories":[1],"tags":[],"class_list":["post-5352","post","type-post","status-publish","format-standard","hentry","category-diversos"],"yoast_head":"<!-- This site is optimized with the Yoast SEO plugin v25.6 - https:\/\/yoast.com\/wordpress\/plugins\/seo\/ -->\n<title>Ao lado de Preto Aquino secret\u00e1rio Felipe visita obras da nova pra\u00e7a no Planalto - Blog do Bispo<\/title>\n<meta name=\"robots\" content=\"index, follow, max-snippet:-1, max-image-preview:large, max-video-preview:-1\" \/>\n<link rel=\"canonical\" href=\"https:\/\/blogdobispo.com.br\/?p=5352\" \/>\n<meta property=\"og:locale\" content=\"pt_BR\" \/>\n<meta property=\"og:type\" content=\"article\" \/>\n<meta property=\"og:title\" content=\"Ao lado de Preto Aquino secret\u00e1rio Felipe visita obras da nova pra\u00e7a no Planalto - Blog do Bispo\" \/>\n<meta property=\"og:description\" content=\"Na manh\u00e3 desta sexta-feira (16), o vereador Preto Aquino esteve acompanhando de perto o andamento das obras da t\u00e3o aguardada pra\u00e7a que est\u00e1 sendo constru\u00edda na entrada do bairro Planalto, em Natal. A visita contou tamb\u00e9m com a presen\u00e7a do Secret\u00e1rio da SEMSUR, Felipe Alves, refor\u00e7ando o compromisso da gest\u00e3o municipal com a cria\u00e7\u00e3o de [&hellip;]\" \/>\n<meta property=\"og:url\" content=\"https:\/\/blogdobispo.com.br\/?p=5352\" \/>\n<meta property=\"og:site_name\" content=\"Blog do Bispo\" \/>\n<meta property=\"article:published_time\" content=\"2025-05-16T23:56:01+00:00\" \/>\n<meta property=\"og:image\" content=\"https:\/\/blogdobispo.com.br\/wp-content\/uploads\/2025\/05\/image-8.jpg\" \/>\n<meta name=\"author\" content=\"Jefferson Sterfeno\" \/>\n<meta name=\"twitter:card\" content=\"summary_large_image\" \/>\n<meta name=\"twitter:label1\" content=\"Escrito por\" \/>\n\t<meta name=\"twitter:data1\" content=\"Jefferson Sterfeno\" \/>\n\t<meta name=\"twitter:label2\" content=\"Est. tempo de leitura\" \/>\n\t<meta name=\"twitter:data2\" content=\"2 minutos\" \/>\n<script type=\"application\/ld+json\" class=\"yoast-schema-graph\">{\"@context\":\"https:\/\/schema.org\",\"@graph\":[{\"@type\":\"Article\",\"@id\":\"https:\/\/blogdobispo.com.br\/?p=5352#article\",\"isPartOf\":{\"@id\":\"https:\/\/blogdobispo.com.br\/?p=5352\"},\"author\":{\"name\":\"Jefferson Sterfeno\",\"@id\":\"https:\/\/blogdobispo.com.br\/#\/schema\/person\/e2209cc0e6cea5c5233d033e997b373f\"},\"headline\":\"Ao lado de Preto Aquino secret\u00e1rio Felipe visita obras da nova pra\u00e7a no Planalto\",\"datePublished\":\"2025-05-16T23:56:01+00:00\",\"mainEntityOfPage\":{\"@id\":\"https:\/\/blogdobispo.com.br\/?p=5352\"},\"wordCount\":332,\"commentCount\":0,\"publisher\":{\"@id\":\"https:\/\/blogdobispo.com.br\/#organization\"},\"image\":{\"@id\":\"https:\/\/blogdobispo.com.br\/?p=5352#primaryimage\"},\"thumbnailUrl\":\"https:\/\/blogdobispo.com.br\/wp-content\/uploads\/2025\/05\/image-8.jpg\",\"articleSection\":[\"diversos\"],\"inLanguage\":\"pt-BR\",\"potentialAction\":[{\"@type\":\"CommentAction\",\"name\":\"Comment\",\"target\":[\"https:\/\/blogdobispo.com.br\/?p=5352#respond\"]}]},{\"@type\":\"WebPage\",\"@id\":\"https:\/\/blogdobispo.com.br\/?p=5352\",\"url\":\"https:\/\/blogdobispo.com.br\/?p=5352\",\"name\":\"Ao lado de Preto Aquino secret\u00e1rio Felipe visita obras da nova pra\u00e7a no Planalto - Blog do Bispo\",\"isPartOf\":{\"@id\":\"https:\/\/blogdobispo.com.br\/#website\"},\"primaryImageOfPage\":{\"@id\":\"https:\/\/blogdobispo.com.br\/?p=5352#primaryimage\"},\"image\":{\"@id\":\"https:\/\/blogdobispo.com.br\/?p=5352#primaryimage\"},\"thumbnailUrl\":\"https:\/\/blogdobispo.com.br\/wp-content\/uploads\/2025\/05\/image-8.jpg\",\"datePublished\":\"2025-05-16T23:56:01+00:00\",\"breadcrumb\":{\"@id\":\"https:\/\/blogdobispo.com.br\/?p=5352#breadcrumb\"},\"inLanguage\":\"pt-BR\",\"potentialAction\":[{\"@type\":\"ReadAction\",\"target\":[\"https:\/\/blogdobispo.com.br\/?p=5352\"]}]},{\"@type\":\"ImageObject\",\"inLanguage\":\"pt-BR\",\"@id\":\"https:\/\/blogdobispo.com.br\/?p=5352#primaryimage\",\"url\":\"https:\/\/blogdobispo.com.br\/wp-content\/uploads\/2025\/05\/image-8.jpg\",\"contentUrl\":\"https:\/\/blogdobispo.com.br\/wp-content\/uploads\/2025\/05\/image-8.jpg\"},{\"@type\":\"BreadcrumbList\",\"@id\":\"https:\/\/blogdobispo.com.br\/?p=5352#breadcrumb\",\"itemListElement\":[{\"@type\":\"ListItem\",\"position\":1,\"name\":\"In\u00edcio\",\"item\":\"https:\/\/blogdobispo.com.br\/\"},{\"@type\":\"ListItem\",\"position\":2,\"name\":\"Ao lado de Preto Aquino secret\u00e1rio Felipe visita obras da nova pra\u00e7a no Planalto\"}]},{\"@type\":\"WebSite\",\"@id\":\"https:\/\/blogdobispo.com.br\/#website\",\"url\":\"https:\/\/blogdobispo.com.br\/\",\"name\":\"Blog do Bispo\",\"description\":\"Comprometido apenas com o leitor\",\"publisher\":{\"@id\":\"https:\/\/blogdobispo.com.br\/#organization\"},\"potentialAction\":[{\"@type\":\"SearchAction\",\"target\":{\"@type\":\"EntryPoint\",\"urlTemplate\":\"https:\/\/blogdobispo.com.br\/?s={search_term_string}\"},\"query-input\":{\"@type\":\"PropertyValueSpecification\",\"valueRequired\":true,\"valueName\":\"search_term_string\"}}],\"inLanguage\":\"pt-BR\"},{\"@type\":\"Organization\",\"@id\":\"https:\/\/blogdobispo.com.br\/#organization\",\"name\":\"Blog do Bispo\",\"url\":\"https:\/\/blogdobispo.com.br\/\",\"logo\":{\"@type\":\"ImageObject\",\"inLanguage\":\"pt-BR\",\"@id\":\"https:\/\/blogdobispo.com.br\/#\/schema\/logo\/image\/\",\"url\":\"http:\/\/blogdobispo.com.br\/wp-content\/uploads\/2023\/05\/cropped-headear.png\",\"contentUrl\":\"http:\/\/blogdobispo.com.br\/wp-content\/uploads\/2023\/05\/cropped-headear.png\",\"width\":1500,\"height\":399,\"caption\":\"Blog do Bispo\"},\"image\":{\"@id\":\"https:\/\/blogdobispo.com.br\/#\/schema\/logo\/image\/\"}},{\"@type\":\"Person\",\"@id\":\"https:\/\/blogdobispo.com.br\/#\/schema\/person\/e2209cc0e6cea5c5233d033e997b373f\",\"name\":\"Jefferson Sterfeno\",\"image\":{\"@type\":\"ImageObject\",\"inLanguage\":\"pt-BR\",\"@id\":\"https:\/\/blogdobispo.com.br\/#\/schema\/person\/image\/\",\"url\":\"https:\/\/secure.gravatar.com\/avatar\/0534e84764641168a677026b6d57a3f51dc7ac4db0b4f6186d9cb330d4ee1160?s=96&d=mm&r=g\",\"contentUrl\":\"https:\/\/secure.gravatar.com\/avatar\/0534e84764641168a677026b6d57a3f51dc7ac4db0b4f6186d9cb330d4ee1160?s=96&d=mm&r=g\",\"caption\":\"Jefferson Sterfeno\"},\"sameAs\":[\"http:\/\/blogdobispo.com.br\"],\"url\":\"https:\/\/blogdobispo.com.br\/?author=1\"}]}<\/script>\n<!-- \/ Yoast SEO plugin. -->","yoast_head_json":{"title":"Ao lado de Preto Aquino secret\u00e1rio Felipe visita obras da nova pra\u00e7a no Planalto - Blog do Bispo","robots":{"index":"index","follow":"follow","max-snippet":"max-snippet:-1","max-image-preview":"max-image-preview:large","max-video-preview":"max-video-preview:-1"},"canonical":"https:\/\/blogdobispo.com.br\/?p=5352","og_locale":"pt_BR","og_type":"article","og_title":"Ao lado de Preto Aquino secret\u00e1rio Felipe visita obras da nova pra\u00e7a no Planalto - Blog do Bispo","og_description":"Na manh\u00e3 desta sexta-feira (16), o vereador Preto Aquino esteve acompanhando de perto o andamento das obras da t\u00e3o aguardada pra\u00e7a que est\u00e1 sendo constru\u00edda na entrada do bairro Planalto, em Natal. A visita contou tamb\u00e9m com a presen\u00e7a do Secret\u00e1rio da SEMSUR, Felipe Alves, refor\u00e7ando o compromisso da gest\u00e3o municipal com a cria\u00e7\u00e3o de [&hellip;]","og_url":"https:\/\/blogdobispo.com.br\/?p=5352","og_site_name":"Blog do Bispo","article_published_time":"2025-05-16T23:56:01+00:00","og_image":[{"url":"https:\/\/blogdobispo.com.br\/wp-content\/uploads\/2025\/05\/image-8.jpg","type":"","width":"","height":""}],"author":"Jefferson Sterfeno","twitter_card":"summary_large_image","twitter_misc":{"Escrito por":"Jefferson Sterfeno","Est. tempo de leitura":"2 minutos"},"schema":{"@context":"https:\/\/schema.org","@graph":[{"@type":"Article","@id":"https:\/\/blogdobispo.com.br\/?p=5352#article","isPartOf":{"@id":"https:\/\/blogdobispo.com.br\/?p=5352"},"author":{"name":"Jefferson Sterfeno","@id":"https:\/\/blogdobispo.com.br\/#\/schema\/person\/e2209cc0e6cea5c5233d033e997b373f"},"headline":"Ao lado de Preto Aquino secret\u00e1rio Felipe visita obras da nova pra\u00e7a no Planalto","datePublished":"2025-05-16T23:56:01+00:00","mainEntityOfPage":{"@id":"https:\/\/blogdobispo.com.br\/?p=5352"},"wordCount":332,"commentCount":0,"publisher":{"@id":"https:\/\/blogdobispo.com.br\/#organization"},"image":{"@id":"https:\/\/blogdobispo.com.br\/?p=5352#primaryimage"},"thumbnailUrl":"https:\/\/blogdobispo.com.br\/wp-content\/uploads\/2025\/05\/image-8.jpg","articleSection":["diversos"],"inLanguage":"pt-BR","potentialAction":[{"@type":"CommentAction","name":"Comment","target":["https:\/\/blogdobispo.com.br\/?p=5352#respond"]}]},{"@type":"WebPage","@id":"https:\/\/blogdobispo.com.br\/?p=5352","url":"https:\/\/blogdobispo.com.br\/?p=5352","name":"Ao lado de Preto Aquino secret\u00e1rio Felipe visita obras da nova pra\u00e7a no Planalto - Blog do Bispo","isPartOf":{"@id":"https:\/\/blogdobispo.com.br\/#website"},"primaryImageOfPage":{"@id":"https:\/\/blogdobispo.com.br\/?p=5352#primaryimage"},"image":{"@id":"https:\/\/blogdobispo.com.br\/?p=5352#primaryimage"},"thumbnailUrl":"https:\/\/blogdobispo.com.br\/wp-content\/uploads\/2025\/05\/image-8.jpg","datePublished":"2025-05-16T23:56:01+00:00","breadcrumb":{"@id":"https:\/\/blogdobispo.com.br\/?p=5352#breadcrumb"},"inLanguage":"pt-BR","potentialAction":[{"@type":"ReadAction","target":["https:\/\/blogdobispo.com.br\/?p=5352"]}]},{"@type":"ImageObject","inLanguage":"pt-BR","@id":"https:\/\/blogdobispo.com.br\/?p=5352#primaryimage","url":"https:\/\/blogdobispo.com.br\/wp-content\/uploads\/2025\/05\/image-8.jpg","contentUrl":"https:\/\/blogdobispo.com.br\/wp-content\/uploads\/2025\/05\/image-8.jpg"},{"@type":"BreadcrumbList","@id":"https:\/\/blogdobispo.com.br\/?p=5352#breadcrumb","itemListElement":[{"@type":"ListItem","position":1,"name":"In\u00edcio","item":"https:\/\/blogdobispo.com.br\/"},{"@type":"ListItem","position":2,"name":"Ao lado de Preto Aquino secret\u00e1rio Felipe visita obras da nova pra\u00e7a no Planalto"}]},{"@type":"WebSite","@id":"https:\/\/blogdobispo.com.br\/#website","url":"https:\/\/blogdobispo.com.br\/","name":"Blog do Bispo","description":"Comprometido apenas com o leitor","publisher":{"@id":"https:\/\/blogdobispo.com.br\/#organization"},"potentialAction":[{"@type":"SearchAction","target":{"@type":"EntryPoint","urlTemplate":"https:\/\/blogdobispo.com.br\/?s={search_term_string}"},"query-input":{"@type":"PropertyValueSpecification","valueRequired":true,"valueName":"search_term_string"}}],"inLanguage":"pt-BR"},{"@type":"Organization","@id":"https:\/\/blogdobispo.com.br\/#organization","name":"Blog do Bispo","url":"https:\/\/blogdobispo.com.br\/","logo":{"@type":"ImageObject","inLanguage":"pt-BR","@id":"https:\/\/blogdobispo.com.br\/#\/schema\/logo\/image\/","url":"http:\/\/blogdobispo.com.br\/wp-content\/uploads\/2023\/05\/cropped-headear.png","contentUrl":"http:\/\/blogdobispo.com.br\/wp-content\/uploads\/2023\/05\/cropped-headear.png","width":1500,"height":399,"caption":"Blog do Bispo"},"image":{"@id":"https:\/\/blogdobispo.com.br\/#\/schema\/logo\/image\/"}},{"@type":"Person","@id":"https:\/\/blogdobispo.com.br\/#\/schema\/person\/e2209cc0e6cea5c5233d033e997b373f","name":"Jefferson Sterfeno","image":{"@type":"ImageObject","inLanguage":"pt-BR","@id":"https:\/\/blogdobispo.com.br\/#\/schema\/person\/image\/","url":"https:\/\/secure.gravatar.com\/avatar\/0534e84764641168a677026b6d57a3f51dc7ac4db0b4f6186d9cb330d4ee1160?s=96&d=mm&r=g","contentUrl":"https:\/\/secure.gravatar.com\/avatar\/0534e84764641168a677026b6d57a3f51dc7ac4db0b4f6186d9cb330d4ee1160?s=96&d=mm&r=g","caption":"Jefferson Sterfeno"},"sameAs":["http:\/\/blogdobispo.com.br"],"url":"https:\/\/blogdobispo.com.br\/?author=1"}]}},"featured_image_urls":{"full":"","thumbnail":"","medium":"","medium_large":"","large":"","1536x1536":"","2048x2048":""},"author_info":{"display_name":"Jefferson Sterfeno","author_link":"https:\/\/blogdobispo.com.br\/?author=1"},"category_info":"<a href=\"https:\/\/blogdobispo.com.br\/?cat=1\" rel=\"category\">diversos<\/a>","tag_info":"diversos","comment_count":"0","jetpack_featured_media_url":"","jetpack_sharing_enabled":true,"_links":{"self":[{"href":"https:\/\/blogdobispo.com.br\/index.php?rest_route=\/wp\/v2\/posts\/5352","targetHints":{"allow":["GET"]}}],"collection":[{"href":"https:\/\/blogdobispo.com.br\/index.php?rest_route=\/wp\/v2\/posts"}],"about":[{"href":"https:\/\/blogdobispo.com.br\/index.php?rest_route=\/wp\/v2\/types\/post"}],"author":[{"embeddable":true,"href":"https:\/\/blogdobispo.com.br\/index.php?rest_route=\/wp\/v2\/users\/1"}],"replies":[{"embeddable":true,"href":"https:\/\/blogdobispo.com.br\/index.php?rest_route=%2Fwp%2Fv2%2Fcomments&post=5352"}],"version-history":[{"count":0,"href":"https:\/\/blogdobispo.com.br\/index.php?rest_route=\/wp\/v2\/posts\/5352\/revisions"}],"wp:attachment":[{"href":"https:\/\/blogdobispo.com.br\/index.php?rest_route=%2Fwp%2Fv2%2Fmedia&parent=5352"}],"wp:term":[{"taxonomy":"category","embeddable":true,"href":"https:\/\/blogdobispo.com.br\/index.php?rest_route=%2Fwp%2Fv2%2Fcategories&post=5352"},{"taxonomy":"post_tag","embeddable":true,"href":"https:\/\/blogdobispo.com.br\/index.php?rest_route=%2Fwp%2Fv2%2Ftags&post=5352"}],"curies":[{"name":"wp","href":"https:\/\/api.w.org\/{rel}","templated":true}]}}