{"id":5349,"date":"2025-05-16T23:46:44","date_gmt":"2025-05-16T23:46:44","guid":{"rendered":"https:\/\/blogdobispo.com.br\/?p=5349"},"modified":"2025-05-16T23:46:44","modified_gmt":"2025-05-16T23:46:44","slug":"inovacao-isolda-e-samanda-lanca-candidatura-conjunta-a-presidencia-do-pt","status":"publish","type":"post","link":"https:\/\/blogdobispo.com.br\/?p=5349","title":{"rendered":"Inova\u00e7\u00e3o: Isolda e Samanda lan\u00e7a candidatura conjunta a presid\u00eancia do PT"},"content":{"rendered":"\n<p>A vereadora Samanda Alves e a deputada estadual Isolda Dantas lan\u00e7am seus nomes para presid\u00eancia do PT estadual em candidatura coletiva. Ambas militantes hist\u00f3ricas do partido, frutos da organiza\u00e7\u00e3o partid\u00e1ria no interior do Estado, reivindicam um PT mais forte, organizado e estadualizado: \u201cPor um PT de coragem e esperan\u00e7a do interior \u00e0 capital\u201d.<\/p>\n\n\n\n<p>Filiada desde 2003, Samanda \u00e9 vice-presidenta do PT Natal e foi respons\u00e1vel pela amplia\u00e7\u00e3o da bancada petista na capital potiguar ao ser eleita vereadora em 2025. Em 2022, disputou pela primeira vez um cargo eletivo e foi votada em todos os munic\u00edpios do Estado, chegando \u00e0 1\u00aa supl\u00eancia de deputada federal do partido. Isolda \u00e9 filiada ao PT desde os seus 16 anos. Foi a deputada estadual mais votada na hist\u00f3ria da Assembleia Legislativa com 57.046 votos e nos \u00faltimos 6 anos atuou como presidenta do PT Mossor\u00f3, foi candidata \u00e0 prefeita pelo PT (o que n\u00e3o ocorria h\u00e1 16 anos), rejuvenesceu o quadro de filiados e ampliou a bancada petista na cidade.<\/p>\n\n\n\n<p>A deputada estadual Isolda Dantas explica que: \u201cO PT \u00e9 um partido vivo porque \u00e9 feito de gente cheia de coragem e esperan\u00e7a de mudar a vida atrav\u00e9s da luta organizada do povo. Esse foi o PT que me forjou lutadora. Por isso, desde sempre nosso mandato \u00e9 ponta firme com os PT dos munic\u00edpios porque sabemos que s\u00e3o esses companheiros e companheiras, militantes aguerridos e teimosos na mudan\u00e7a de mundo, que fazem a estrela do nosso partido brilhar. \u00c9 esse brilho que queremos espalhar por cada canto do RN\u201d.<\/p>\n\n\n\n<p>Para Samanda: \u201cDefender o PT exige coragem, ousadia, compromisso e dedica\u00e7\u00e3o militante. Nosso partido precisa de uma dire\u00e7\u00e3o \u00e0 altura dos desafios do nosso tempo, comprometida com a disputa de rumos da sociedade, com a reelei\u00e7\u00e3o de Lula e a elei\u00e7\u00e3o de Cadu Xavier, com a amplia\u00e7\u00e3o das nossas bancadas e com o fortalecimento do PT em cada munic\u00edpio potiguar\u201d.<\/p>\n\n\n\n<p>Samanda comp\u00f5e o Avante, corrente interna do PT que \u00e9 tamb\u00e9m da governadora F\u00e1tima Bezerra e do deputado estadual Francisco do PT. Isolda Dantas \u00e9 da Democracia Socialista, mesma corrente da vereadora Brisa Bracchi de Natal e Pl\u00favia Oliveira de Mossor\u00f3.<\/p>\n\n\n\n<p>O Processo de Elei\u00e7\u00e3o Direta (PED) ocorrer\u00e1 atrav\u00e9s de vota\u00e7\u00e3o secreta, no dia 6 de julho de 2025, das 9h \u00e0s 17h. Todos os filiados (at\u00e9 o dia 28 de fevereiro de 2025) podem votar e serem votados no PED.<\/p>\n\n\n\n<p>Blog do Barreto <\/p>\n\n\n\n<figure class=\"wp-block-image size-large\"><img data-recalc-dims=\"1\" fetchpriority=\"high\" decoding=\"async\" width=\"800\" height=\"534\" src=\"https:\/\/i0.wp.com\/blogdobispo.com.br\/wp-content\/uploads\/2025\/05\/img_4472-1-1024x683.jpg?resize=800%2C534&#038;ssl=1\" class=\"wp-image-5348\" srcset=\"https:\/\/i0.wp.com\/blogdobispo.com.br\/wp-content\/uploads\/2025\/05\/img_4472-1.jpg?resize=1024%2C683&amp;ssl=1 1024w, https:\/\/i0.wp.com\/blogdobispo.com.br\/wp-content\/uploads\/2025\/05\/img_4472-1.jpg?resize=300%2C200&amp;ssl=1 300w, https:\/\/i0.wp.com\/blogdobispo.com.br\/wp-content\/uploads\/2025\/05\/img_4472-1.jpg?resize=768%2C512&amp;ssl=1 768w, https:\/\/i0.wp.com\/blogdobispo.com.br\/wp-content\/uploads\/2025\/05\/img_4472-1.jpg?w=1200&amp;ssl=1 1200w\" sizes=\"(max-width: 800px) 100vw, 800px\" \/><\/figure>\n","protected":false},"excerpt":{"rendered":"<p>A vereadora Samanda Alves e a deputada estadual Isolda Dantas lan\u00e7am seus nomes para presid\u00eancia do PT estadual em candidatura coletiva. Ambas militantes hist\u00f3ricas do partido, frutos da organiza\u00e7\u00e3o partid\u00e1ria no interior do Estado, reivindicam um PT mais forte, organizado e estadualizado: \u201cPor um PT de coragem e esperan\u00e7a do interior \u00e0 capital\u201d. Filiada desde [&hellip;]<\/p>\n","protected":false},"author":1,"featured_media":0,"comment_status":"open","ping_status":"open","sticky":false,"template":"","format":"standard","meta":{"cybocfi_hide_featured_image":"","_jetpack_memberships_contains_paid_content":false,"footnotes":""},"categories":[1],"tags":[],"class_list":["post-5349","post","type-post","status-publish","format-standard","hentry","category-diversos"],"yoast_head":"<!-- This site is optimized with the Yoast SEO plugin v25.6 - https:\/\/yoast.com\/wordpress\/plugins\/seo\/ -->\n<title>Inova\u00e7\u00e3o: Isolda e Samanda lan\u00e7a candidatura conjunta a presid\u00eancia do PT - Blog do Bispo<\/title>\n<meta name=\"robots\" content=\"index, follow, max-snippet:-1, max-image-preview:large, max-video-preview:-1\" \/>\n<link rel=\"canonical\" href=\"https:\/\/blogdobispo.com.br\/?p=5349\" \/>\n<meta property=\"og:locale\" content=\"pt_BR\" \/>\n<meta property=\"og:type\" content=\"article\" \/>\n<meta property=\"og:title\" content=\"Inova\u00e7\u00e3o: Isolda e Samanda lan\u00e7a candidatura conjunta a presid\u00eancia do PT - Blog do Bispo\" \/>\n<meta property=\"og:description\" content=\"A vereadora Samanda Alves e a deputada estadual Isolda Dantas lan\u00e7am seus nomes para presid\u00eancia do PT estadual em candidatura coletiva. Ambas militantes hist\u00f3ricas do partido, frutos da organiza\u00e7\u00e3o partid\u00e1ria no interior do Estado, reivindicam um PT mais forte, organizado e estadualizado: \u201cPor um PT de coragem e esperan\u00e7a do interior \u00e0 capital\u201d. Filiada desde [&hellip;]\" \/>\n<meta property=\"og:url\" content=\"https:\/\/blogdobispo.com.br\/?p=5349\" \/>\n<meta property=\"og:site_name\" content=\"Blog do Bispo\" \/>\n<meta property=\"article:published_time\" content=\"2025-05-16T23:46:44+00:00\" \/>\n<meta property=\"og:image\" content=\"https:\/\/blogdobispo.com.br\/wp-content\/uploads\/2025\/05\/img_4472-1-1024x683.jpg\" \/>\n<meta name=\"author\" content=\"Jefferson Sterfeno\" \/>\n<meta name=\"twitter:card\" content=\"summary_large_image\" \/>\n<meta name=\"twitter:label1\" content=\"Escrito por\" \/>\n\t<meta name=\"twitter:data1\" content=\"Jefferson Sterfeno\" \/>\n\t<meta name=\"twitter:label2\" content=\"Est. tempo de leitura\" \/>\n\t<meta name=\"twitter:data2\" content=\"2 minutos\" \/>\n<script type=\"application\/ld+json\" class=\"yoast-schema-graph\">{\"@context\":\"https:\/\/schema.org\",\"@graph\":[{\"@type\":\"Article\",\"@id\":\"https:\/\/blogdobispo.com.br\/?p=5349#article\",\"isPartOf\":{\"@id\":\"https:\/\/blogdobispo.com.br\/?p=5349\"},\"author\":{\"name\":\"Jefferson Sterfeno\",\"@id\":\"https:\/\/blogdobispo.com.br\/#\/schema\/person\/e2209cc0e6cea5c5233d033e997b373f\"},\"headline\":\"Inova\u00e7\u00e3o: Isolda e Samanda lan\u00e7a candidatura conjunta a presid\u00eancia do PT\",\"datePublished\":\"2025-05-16T23:46:44+00:00\",\"mainEntityOfPage\":{\"@id\":\"https:\/\/blogdobispo.com.br\/?p=5349\"},\"wordCount\":420,\"commentCount\":0,\"publisher\":{\"@id\":\"https:\/\/blogdobispo.com.br\/#organization\"},\"image\":{\"@id\":\"https:\/\/blogdobispo.com.br\/?p=5349#primaryimage\"},\"thumbnailUrl\":\"https:\/\/blogdobispo.com.br\/wp-content\/uploads\/2025\/05\/img_4472-1-1024x683.jpg\",\"articleSection\":[\"diversos\"],\"inLanguage\":\"pt-BR\",\"potentialAction\":[{\"@type\":\"CommentAction\",\"name\":\"Comment\",\"target\":[\"https:\/\/blogdobispo.com.br\/?p=5349#respond\"]}]},{\"@type\":\"WebPage\",\"@id\":\"https:\/\/blogdobispo.com.br\/?p=5349\",\"url\":\"https:\/\/blogdobispo.com.br\/?p=5349\",\"name\":\"Inova\u00e7\u00e3o: Isolda e Samanda lan\u00e7a candidatura conjunta a presid\u00eancia do PT - Blog do Bispo\",\"isPartOf\":{\"@id\":\"https:\/\/blogdobispo.com.br\/#website\"},\"primaryImageOfPage\":{\"@id\":\"https:\/\/blogdobispo.com.br\/?p=5349#primaryimage\"},\"image\":{\"@id\":\"https:\/\/blogdobispo.com.br\/?p=5349#primaryimage\"},\"thumbnailUrl\":\"https:\/\/blogdobispo.com.br\/wp-content\/uploads\/2025\/05\/img_4472-1-1024x683.jpg\",\"datePublished\":\"2025-05-16T23:46:44+00:00\",\"breadcrumb\":{\"@id\":\"https:\/\/blogdobispo.com.br\/?p=5349#breadcrumb\"},\"inLanguage\":\"pt-BR\",\"potentialAction\":[{\"@type\":\"ReadAction\",\"target\":[\"https:\/\/blogdobispo.com.br\/?p=5349\"]}]},{\"@type\":\"ImageObject\",\"inLanguage\":\"pt-BR\",\"@id\":\"https:\/\/blogdobispo.com.br\/?p=5349#primaryimage\",\"url\":\"https:\/\/blogdobispo.com.br\/wp-content\/uploads\/2025\/05\/img_4472-1-1024x683.jpg\",\"contentUrl\":\"https:\/\/blogdobispo.com.br\/wp-content\/uploads\/2025\/05\/img_4472-1-1024x683.jpg\"},{\"@type\":\"BreadcrumbList\",\"@id\":\"https:\/\/blogdobispo.com.br\/?p=5349#breadcrumb\",\"itemListElement\":[{\"@type\":\"ListItem\",\"position\":1,\"name\":\"In\u00edcio\",\"item\":\"https:\/\/blogdobispo.com.br\/\"},{\"@type\":\"ListItem\",\"position\":2,\"name\":\"Inova\u00e7\u00e3o: Isolda e Samanda lan\u00e7a candidatura conjunta a presid\u00eancia do PT\"}]},{\"@type\":\"WebSite\",\"@id\":\"https:\/\/blogdobispo.com.br\/#website\",\"url\":\"https:\/\/blogdobispo.com.br\/\",\"name\":\"Blog do Bispo\",\"description\":\"Comprometido apenas com o leitor\",\"publisher\":{\"@id\":\"https:\/\/blogdobispo.com.br\/#organization\"},\"potentialAction\":[{\"@type\":\"SearchAction\",\"target\":{\"@type\":\"EntryPoint\",\"urlTemplate\":\"https:\/\/blogdobispo.com.br\/?s={search_term_string}\"},\"query-input\":{\"@type\":\"PropertyValueSpecification\",\"valueRequired\":true,\"valueName\":\"search_term_string\"}}],\"inLanguage\":\"pt-BR\"},{\"@type\":\"Organization\",\"@id\":\"https:\/\/blogdobispo.com.br\/#organization\",\"name\":\"Blog do Bispo\",\"url\":\"https:\/\/blogdobispo.com.br\/\",\"logo\":{\"@type\":\"ImageObject\",\"inLanguage\":\"pt-BR\",\"@id\":\"https:\/\/blogdobispo.com.br\/#\/schema\/logo\/image\/\",\"url\":\"http:\/\/blogdobispo.com.br\/wp-content\/uploads\/2023\/05\/cropped-headear.png\",\"contentUrl\":\"http:\/\/blogdobispo.com.br\/wp-content\/uploads\/2023\/05\/cropped-headear.png\",\"width\":1500,\"height\":399,\"caption\":\"Blog do Bispo\"},\"image\":{\"@id\":\"https:\/\/blogdobispo.com.br\/#\/schema\/logo\/image\/\"}},{\"@type\":\"Person\",\"@id\":\"https:\/\/blogdobispo.com.br\/#\/schema\/person\/e2209cc0e6cea5c5233d033e997b373f\",\"name\":\"Jefferson Sterfeno\",\"image\":{\"@type\":\"ImageObject\",\"inLanguage\":\"pt-BR\",\"@id\":\"https:\/\/blogdobispo.com.br\/#\/schema\/person\/image\/\",\"url\":\"https:\/\/secure.gravatar.com\/avatar\/0534e84764641168a677026b6d57a3f51dc7ac4db0b4f6186d9cb330d4ee1160?s=96&d=mm&r=g\",\"contentUrl\":\"https:\/\/secure.gravatar.com\/avatar\/0534e84764641168a677026b6d57a3f51dc7ac4db0b4f6186d9cb330d4ee1160?s=96&d=mm&r=g\",\"caption\":\"Jefferson Sterfeno\"},\"sameAs\":[\"http:\/\/blogdobispo.com.br\"],\"url\":\"https:\/\/blogdobispo.com.br\/?author=1\"}]}<\/script>\n<!-- \/ Yoast SEO plugin. -->","yoast_head_json":{"title":"Inova\u00e7\u00e3o: Isolda e Samanda lan\u00e7a candidatura conjunta a presid\u00eancia do PT - Blog do Bispo","robots":{"index":"index","follow":"follow","max-snippet":"max-snippet:-1","max-image-preview":"max-image-preview:large","max-video-preview":"max-video-preview:-1"},"canonical":"https:\/\/blogdobispo.com.br\/?p=5349","og_locale":"pt_BR","og_type":"article","og_title":"Inova\u00e7\u00e3o: Isolda e Samanda lan\u00e7a candidatura conjunta a presid\u00eancia do PT - Blog do Bispo","og_description":"A vereadora Samanda Alves e a deputada estadual Isolda Dantas lan\u00e7am seus nomes para presid\u00eancia do PT estadual em candidatura coletiva. Ambas militantes hist\u00f3ricas do partido, frutos da organiza\u00e7\u00e3o partid\u00e1ria no interior do Estado, reivindicam um PT mais forte, organizado e estadualizado: \u201cPor um PT de coragem e esperan\u00e7a do interior \u00e0 capital\u201d. Filiada desde [&hellip;]","og_url":"https:\/\/blogdobispo.com.br\/?p=5349","og_site_name":"Blog do Bispo","article_published_time":"2025-05-16T23:46:44+00:00","og_image":[{"url":"https:\/\/blogdobispo.com.br\/wp-content\/uploads\/2025\/05\/img_4472-1-1024x683.jpg","type":"","width":"","height":""}],"author":"Jefferson Sterfeno","twitter_card":"summary_large_image","twitter_misc":{"Escrito por":"Jefferson Sterfeno","Est. tempo de leitura":"2 minutos"},"schema":{"@context":"https:\/\/schema.org","@graph":[{"@type":"Article","@id":"https:\/\/blogdobispo.com.br\/?p=5349#article","isPartOf":{"@id":"https:\/\/blogdobispo.com.br\/?p=5349"},"author":{"name":"Jefferson Sterfeno","@id":"https:\/\/blogdobispo.com.br\/#\/schema\/person\/e2209cc0e6cea5c5233d033e997b373f"},"headline":"Inova\u00e7\u00e3o: Isolda e Samanda lan\u00e7a candidatura conjunta a presid\u00eancia do PT","datePublished":"2025-05-16T23:46:44+00:00","mainEntityOfPage":{"@id":"https:\/\/blogdobispo.com.br\/?p=5349"},"wordCount":420,"commentCount":0,"publisher":{"@id":"https:\/\/blogdobispo.com.br\/#organization"},"image":{"@id":"https:\/\/blogdobispo.com.br\/?p=5349#primaryimage"},"thumbnailUrl":"https:\/\/blogdobispo.com.br\/wp-content\/uploads\/2025\/05\/img_4472-1-1024x683.jpg","articleSection":["diversos"],"inLanguage":"pt-BR","potentialAction":[{"@type":"CommentAction","name":"Comment","target":["https:\/\/blogdobispo.com.br\/?p=5349#respond"]}]},{"@type":"WebPage","@id":"https:\/\/blogdobispo.com.br\/?p=5349","url":"https:\/\/blogdobispo.com.br\/?p=5349","name":"Inova\u00e7\u00e3o: Isolda e Samanda lan\u00e7a candidatura conjunta a presid\u00eancia do PT - Blog do Bispo","isPartOf":{"@id":"https:\/\/blogdobispo.com.br\/#website"},"primaryImageOfPage":{"@id":"https:\/\/blogdobispo.com.br\/?p=5349#primaryimage"},"image":{"@id":"https:\/\/blogdobispo.com.br\/?p=5349#primaryimage"},"thumbnailUrl":"https:\/\/blogdobispo.com.br\/wp-content\/uploads\/2025\/05\/img_4472-1-1024x683.jpg","datePublished":"2025-05-16T23:46:44+00:00","breadcrumb":{"@id":"https:\/\/blogdobispo.com.br\/?p=5349#breadcrumb"},"inLanguage":"pt-BR","potentialAction":[{"@type":"ReadAction","target":["https:\/\/blogdobispo.com.br\/?p=5349"]}]},{"@type":"ImageObject","inLanguage":"pt-BR","@id":"https:\/\/blogdobispo.com.br\/?p=5349#primaryimage","url":"https:\/\/blogdobispo.com.br\/wp-content\/uploads\/2025\/05\/img_4472-1-1024x683.jpg","contentUrl":"https:\/\/blogdobispo.com.br\/wp-content\/uploads\/2025\/05\/img_4472-1-1024x683.jpg"},{"@type":"BreadcrumbList","@id":"https:\/\/blogdobispo.com.br\/?p=5349#breadcrumb","itemListElement":[{"@type":"ListItem","position":1,"name":"In\u00edcio","item":"https:\/\/blogdobispo.com.br\/"},{"@type":"ListItem","position":2,"name":"Inova\u00e7\u00e3o: Isolda e Samanda lan\u00e7a candidatura conjunta a presid\u00eancia do PT"}]},{"@type":"WebSite","@id":"https:\/\/blogdobispo.com.br\/#website","url":"https:\/\/blogdobispo.com.br\/","name":"Blog do Bispo","description":"Comprometido apenas com o leitor","publisher":{"@id":"https:\/\/blogdobispo.com.br\/#organization"},"potentialAction":[{"@type":"SearchAction","target":{"@type":"EntryPoint","urlTemplate":"https:\/\/blogdobispo.com.br\/?s={search_term_string}"},"query-input":{"@type":"PropertyValueSpecification","valueRequired":true,"valueName":"search_term_string"}}],"inLanguage":"pt-BR"},{"@type":"Organization","@id":"https:\/\/blogdobispo.com.br\/#organization","name":"Blog do Bispo","url":"https:\/\/blogdobispo.com.br\/","logo":{"@type":"ImageObject","inLanguage":"pt-BR","@id":"https:\/\/blogdobispo.com.br\/#\/schema\/logo\/image\/","url":"http:\/\/blogdobispo.com.br\/wp-content\/uploads\/2023\/05\/cropped-headear.png","contentUrl":"http:\/\/blogdobispo.com.br\/wp-content\/uploads\/2023\/05\/cropped-headear.png","width":1500,"height":399,"caption":"Blog do Bispo"},"image":{"@id":"https:\/\/blogdobispo.com.br\/#\/schema\/logo\/image\/"}},{"@type":"Person","@id":"https:\/\/blogdobispo.com.br\/#\/schema\/person\/e2209cc0e6cea5c5233d033e997b373f","name":"Jefferson Sterfeno","image":{"@type":"ImageObject","inLanguage":"pt-BR","@id":"https:\/\/blogdobispo.com.br\/#\/schema\/person\/image\/","url":"https:\/\/secure.gravatar.com\/avatar\/0534e84764641168a677026b6d57a3f51dc7ac4db0b4f6186d9cb330d4ee1160?s=96&d=mm&r=g","contentUrl":"https:\/\/secure.gravatar.com\/avatar\/0534e84764641168a677026b6d57a3f51dc7ac4db0b4f6186d9cb330d4ee1160?s=96&d=mm&r=g","caption":"Jefferson Sterfeno"},"sameAs":["http:\/\/blogdobispo.com.br"],"url":"https:\/\/blogdobispo.com.br\/?author=1"}]}},"featured_image_urls":{"full":"","thumbnail":"","medium":"","medium_large":"","large":"","1536x1536":"","2048x2048":""},"author_info":{"display_name":"Jefferson Sterfeno","author_link":"https:\/\/blogdobispo.com.br\/?author=1"},"category_info":"<a href=\"https:\/\/blogdobispo.com.br\/?cat=1\" rel=\"category\">diversos<\/a>","tag_info":"diversos","comment_count":"0","jetpack_featured_media_url":"","jetpack_sharing_enabled":true,"_links":{"self":[{"href":"https:\/\/blogdobispo.com.br\/index.php?rest_route=\/wp\/v2\/posts\/5349","targetHints":{"allow":["GET"]}}],"collection":[{"href":"https:\/\/blogdobispo.com.br\/index.php?rest_route=\/wp\/v2\/posts"}],"about":[{"href":"https:\/\/blogdobispo.com.br\/index.php?rest_route=\/wp\/v2\/types\/post"}],"author":[{"embeddable":true,"href":"https:\/\/blogdobispo.com.br\/index.php?rest_route=\/wp\/v2\/users\/1"}],"replies":[{"embeddable":true,"href":"https:\/\/blogdobispo.com.br\/index.php?rest_route=%2Fwp%2Fv2%2Fcomments&post=5349"}],"version-history":[{"count":0,"href":"https:\/\/blogdobispo.com.br\/index.php?rest_route=\/wp\/v2\/posts\/5349\/revisions"}],"wp:attachment":[{"href":"https:\/\/blogdobispo.com.br\/index.php?rest_route=%2Fwp%2Fv2%2Fmedia&parent=5349"}],"wp:term":[{"taxonomy":"category","embeddable":true,"href":"https:\/\/blogdobispo.com.br\/index.php?rest_route=%2Fwp%2Fv2%2Fcategories&post=5349"},{"taxonomy":"post_tag","embeddable":true,"href":"https:\/\/blogdobispo.com.br\/index.php?rest_route=%2Fwp%2Fv2%2Ftags&post=5349"}],"curies":[{"name":"wp","href":"https:\/\/api.w.org\/{rel}","templated":true}]}}