{"id":5347,"date":"2025-05-16T23:40:30","date_gmt":"2025-05-16T23:40:30","guid":{"rendered":"https:\/\/blogdobispo.com.br\/?p=5347"},"modified":"2025-05-16T23:40:30","modified_gmt":"2025-05-16T23:40:30","slug":"ingratidao-politica-deputada-enfrenta-rejeicao-em-suas-bases-e-ve-reeleicao-ameacada","status":"publish","type":"post","link":"https:\/\/blogdobispo.com.br\/?p=5347","title":{"rendered":"Ingratid\u00e3o Pol\u00edtica? Deputada enfrenta rejei\u00e7\u00e3o em suas bases e v\u00ea reelei\u00e7\u00e3o amea\u00e7ada"},"content":{"rendered":"\n<figure class=\"wp-block-image size-large\"><img data-recalc-dims=\"1\" fetchpriority=\"high\" decoding=\"async\" width=\"738\" height=\"415\" src=\"https:\/\/i0.wp.com\/blogdobispo.com.br\/wp-content\/uploads\/2025\/05\/img_4471-1.jpg?resize=738%2C415&#038;ssl=1\" class=\"wp-image-5346\" srcset=\"https:\/\/i0.wp.com\/blogdobispo.com.br\/wp-content\/uploads\/2025\/05\/img_4471-1.jpg?w=738&amp;ssl=1 738w, https:\/\/i0.wp.com\/blogdobispo.com.br\/wp-content\/uploads\/2025\/05\/img_4471-1.jpg?resize=300%2C169&amp;ssl=1 300w\" sizes=\"(max-width: 738px) 100vw, 738px\" \/><\/figure>\n\n\n\n<p class=\"p1\"><\/p>\n\n\n\n<p class=\"p3\">Nos bastidores da pol\u00edtica potiguar, o clima \u00e9 de alerta em torno da deputada estadual Terezinha Maia. Fontes pr\u00f3ximas ao seu grupo pol\u00edtico indicam que a parlamentar atravessa um momento delicado, com sinais claros de desgaste e perda significativa de apoio em diversas regi\u00f5es estrat\u00e9gicas \u2014 especialmente em Natal, grande vitrine eleitoral.<\/p>\n\n\n\n<p class=\"p3\">A crise, segundo aliados hist\u00f3ricos, n\u00e3o surgiu por acaso. O que se comenta \u00e9 que a deputada colhe agora os frutos de escolhas feitas no passado, especialmente nas \u00faltimas elei\u00e7\u00f5es, quando optou por apoiar nomes considerados controversos, como o ex-vereador Prot\u00e1sio, e a esposa do ex-vereador Dinarte. A decis\u00e3o teria deixado de lado lideran\u00e7as comunit\u00e1rias que sempre estiveram ao lado dela \u2014 carregando sua campanha e sua imagem pelas periferias.<\/p>\n\n\n\n<p class=\"p3\">A acusa\u00e7\u00e3o de ingratid\u00e3o n\u00e3o \u00e9 isolada. V\u00e1rias lideran\u00e7as de Natal e da Grande Natal relatam que, ao longo do mandato, a deputada ignorou aqueles que foram pe\u00e7as-chave para sua elei\u00e7\u00e3o. \u201cEla nunca nos ouviu, nunca sentou para conversar. Depois que ganhou, sumiu. Agora, quer voltar pedindo apoio como se nada tivesse acontecido\u201d, desabafa, sob anonimato, uma lideran\u00e7a comunit\u00e1ria da zona Norte da capital.<\/p>\n\n\n\n<p class=\"p3\">Esse isolamento pol\u00edtico tem cobrado caro. Em Natal, Terezinha est\u00e1 ausente dos principais eventos populares, justamente onde pol\u00edticos em pr\u00e9-campanha costumam marcar presen\u00e7a para manter visibilidade e la\u00e7os com o eleitorado. A aus\u00eancia tem chamado aten\u00e7\u00e3o \u2014 e n\u00e3o de forma positiva.<\/p>\n\n\n\n<p class=\"p3\">A situa\u00e7\u00e3o se repete em outras cidades. Extremoz, Touros, Goianinha, Afonso Bezerra e at\u00e9 S\u00e3o Gon\u00e7alo do Amarante \u2014 cidade que simboliza seu in\u00edcio pol\u00edtico \u2014, mostram sinais de abandono de apoiadores. Em algumas delas, lideran\u00e7as j\u00e1 est\u00e3o sendo assediadas por nomes da oposi\u00e7\u00e3o que prometem justamente aquilo que Terezinha teria deixado de cumprir: respeito, di\u00e1logo e compromisso.<\/p>\n\n\n\n<p class=\"p3\">\u201cTem muita lideran\u00e7a esperando para ver se ela realmente vai disputar ou se vai jogar a toalha\u201d, comenta um analista pol\u00edtico local.<\/p>\n\n\n\n<p class=\"p3\">Diante de tantos desafios, a grande pergunta que circula nos bastidores \u00e9: Terezinha Maia conseguir\u00e1 reverter o cen\u00e1rio e garantir sua vaga na Assembleia em 2026? At\u00e9 l\u00e1, a reconstru\u00e7\u00e3o pol\u00edtica parece inevit\u00e1vel \u2014 mas pode ser tarde demais.<\/p>\n","protected":false},"excerpt":{"rendered":"<p>Nos bastidores da pol\u00edtica potiguar, o clima \u00e9 de alerta em torno da deputada estadual Terezinha Maia. Fontes pr\u00f3ximas ao seu grupo pol\u00edtico indicam que a parlamentar atravessa um momento delicado, com sinais claros de desgaste e perda significativa de apoio em diversas regi\u00f5es estrat\u00e9gicas \u2014 especialmente em Natal, grande vitrine eleitoral. A crise, segundo [&hellip;]<\/p>\n","protected":false},"author":1,"featured_media":0,"comment_status":"open","ping_status":"open","sticky":false,"template":"","format":"standard","meta":{"cybocfi_hide_featured_image":"","_jetpack_memberships_contains_paid_content":false,"footnotes":""},"categories":[1],"tags":[],"class_list":["post-5347","post","type-post","status-publish","format-standard","hentry","category-diversos"],"yoast_head":"<!-- This site is optimized with the Yoast SEO plugin v25.6 - https:\/\/yoast.com\/wordpress\/plugins\/seo\/ -->\n<title>Ingratid\u00e3o Pol\u00edtica? Deputada enfrenta rejei\u00e7\u00e3o em suas bases e v\u00ea reelei\u00e7\u00e3o amea\u00e7ada - Blog do Bispo<\/title>\n<meta name=\"robots\" content=\"index, follow, max-snippet:-1, max-image-preview:large, max-video-preview:-1\" \/>\n<link rel=\"canonical\" href=\"https:\/\/blogdobispo.com.br\/?p=5347\" \/>\n<meta property=\"og:locale\" content=\"pt_BR\" \/>\n<meta property=\"og:type\" content=\"article\" \/>\n<meta property=\"og:title\" content=\"Ingratid\u00e3o Pol\u00edtica? Deputada enfrenta rejei\u00e7\u00e3o em suas bases e v\u00ea reelei\u00e7\u00e3o amea\u00e7ada - Blog do Bispo\" \/>\n<meta property=\"og:description\" content=\"Nos bastidores da pol\u00edtica potiguar, o clima \u00e9 de alerta em torno da deputada estadual Terezinha Maia. Fontes pr\u00f3ximas ao seu grupo pol\u00edtico indicam que a parlamentar atravessa um momento delicado, com sinais claros de desgaste e perda significativa de apoio em diversas regi\u00f5es estrat\u00e9gicas \u2014 especialmente em Natal, grande vitrine eleitoral. A crise, segundo [&hellip;]\" \/>\n<meta property=\"og:url\" content=\"https:\/\/blogdobispo.com.br\/?p=5347\" \/>\n<meta property=\"og:site_name\" content=\"Blog do Bispo\" \/>\n<meta property=\"article:published_time\" content=\"2025-05-16T23:40:30+00:00\" \/>\n<meta property=\"og:image\" content=\"https:\/\/blogdobispo.com.br\/wp-content\/uploads\/2025\/05\/img_4471-1.jpg\" \/>\n<meta name=\"author\" content=\"Jefferson Sterfeno\" \/>\n<meta name=\"twitter:card\" content=\"summary_large_image\" \/>\n<meta name=\"twitter:label1\" content=\"Escrito por\" \/>\n\t<meta name=\"twitter:data1\" content=\"Jefferson Sterfeno\" \/>\n\t<meta name=\"twitter:label2\" content=\"Est. tempo de leitura\" \/>\n\t<meta name=\"twitter:data2\" content=\"2 minutos\" \/>\n<script type=\"application\/ld+json\" class=\"yoast-schema-graph\">{\"@context\":\"https:\/\/schema.org\",\"@graph\":[{\"@type\":\"Article\",\"@id\":\"https:\/\/blogdobispo.com.br\/?p=5347#article\",\"isPartOf\":{\"@id\":\"https:\/\/blogdobispo.com.br\/?p=5347\"},\"author\":{\"name\":\"Jefferson Sterfeno\",\"@id\":\"https:\/\/blogdobispo.com.br\/#\/schema\/person\/e2209cc0e6cea5c5233d033e997b373f\"},\"headline\":\"Ingratid\u00e3o Pol\u00edtica? Deputada enfrenta rejei\u00e7\u00e3o em suas bases e v\u00ea reelei\u00e7\u00e3o amea\u00e7ada\",\"datePublished\":\"2025-05-16T23:40:30+00:00\",\"mainEntityOfPage\":{\"@id\":\"https:\/\/blogdobispo.com.br\/?p=5347\"},\"wordCount\":397,\"commentCount\":0,\"publisher\":{\"@id\":\"https:\/\/blogdobispo.com.br\/#organization\"},\"image\":{\"@id\":\"https:\/\/blogdobispo.com.br\/?p=5347#primaryimage\"},\"thumbnailUrl\":\"https:\/\/blogdobispo.com.br\/wp-content\/uploads\/2025\/05\/img_4471-1.jpg\",\"articleSection\":[\"diversos\"],\"inLanguage\":\"pt-BR\",\"potentialAction\":[{\"@type\":\"CommentAction\",\"name\":\"Comment\",\"target\":[\"https:\/\/blogdobispo.com.br\/?p=5347#respond\"]}]},{\"@type\":\"WebPage\",\"@id\":\"https:\/\/blogdobispo.com.br\/?p=5347\",\"url\":\"https:\/\/blogdobispo.com.br\/?p=5347\",\"name\":\"Ingratid\u00e3o Pol\u00edtica? Deputada enfrenta rejei\u00e7\u00e3o em suas bases e v\u00ea reelei\u00e7\u00e3o amea\u00e7ada - Blog do Bispo\",\"isPartOf\":{\"@id\":\"https:\/\/blogdobispo.com.br\/#website\"},\"primaryImageOfPage\":{\"@id\":\"https:\/\/blogdobispo.com.br\/?p=5347#primaryimage\"},\"image\":{\"@id\":\"https:\/\/blogdobispo.com.br\/?p=5347#primaryimage\"},\"thumbnailUrl\":\"https:\/\/blogdobispo.com.br\/wp-content\/uploads\/2025\/05\/img_4471-1.jpg\",\"datePublished\":\"2025-05-16T23:40:30+00:00\",\"breadcrumb\":{\"@id\":\"https:\/\/blogdobispo.com.br\/?p=5347#breadcrumb\"},\"inLanguage\":\"pt-BR\",\"potentialAction\":[{\"@type\":\"ReadAction\",\"target\":[\"https:\/\/blogdobispo.com.br\/?p=5347\"]}]},{\"@type\":\"ImageObject\",\"inLanguage\":\"pt-BR\",\"@id\":\"https:\/\/blogdobispo.com.br\/?p=5347#primaryimage\",\"url\":\"https:\/\/blogdobispo.com.br\/wp-content\/uploads\/2025\/05\/img_4471-1.jpg\",\"contentUrl\":\"https:\/\/blogdobispo.com.br\/wp-content\/uploads\/2025\/05\/img_4471-1.jpg\"},{\"@type\":\"BreadcrumbList\",\"@id\":\"https:\/\/blogdobispo.com.br\/?p=5347#breadcrumb\",\"itemListElement\":[{\"@type\":\"ListItem\",\"position\":1,\"name\":\"In\u00edcio\",\"item\":\"https:\/\/blogdobispo.com.br\/\"},{\"@type\":\"ListItem\",\"position\":2,\"name\":\"Ingratid\u00e3o Pol\u00edtica? Deputada enfrenta rejei\u00e7\u00e3o em suas bases e v\u00ea reelei\u00e7\u00e3o amea\u00e7ada\"}]},{\"@type\":\"WebSite\",\"@id\":\"https:\/\/blogdobispo.com.br\/#website\",\"url\":\"https:\/\/blogdobispo.com.br\/\",\"name\":\"Blog do Bispo\",\"description\":\"Comprometido apenas com o leitor\",\"publisher\":{\"@id\":\"https:\/\/blogdobispo.com.br\/#organization\"},\"potentialAction\":[{\"@type\":\"SearchAction\",\"target\":{\"@type\":\"EntryPoint\",\"urlTemplate\":\"https:\/\/blogdobispo.com.br\/?s={search_term_string}\"},\"query-input\":{\"@type\":\"PropertyValueSpecification\",\"valueRequired\":true,\"valueName\":\"search_term_string\"}}],\"inLanguage\":\"pt-BR\"},{\"@type\":\"Organization\",\"@id\":\"https:\/\/blogdobispo.com.br\/#organization\",\"name\":\"Blog do Bispo\",\"url\":\"https:\/\/blogdobispo.com.br\/\",\"logo\":{\"@type\":\"ImageObject\",\"inLanguage\":\"pt-BR\",\"@id\":\"https:\/\/blogdobispo.com.br\/#\/schema\/logo\/image\/\",\"url\":\"http:\/\/blogdobispo.com.br\/wp-content\/uploads\/2023\/05\/cropped-headear.png\",\"contentUrl\":\"http:\/\/blogdobispo.com.br\/wp-content\/uploads\/2023\/05\/cropped-headear.png\",\"width\":1500,\"height\":399,\"caption\":\"Blog do Bispo\"},\"image\":{\"@id\":\"https:\/\/blogdobispo.com.br\/#\/schema\/logo\/image\/\"}},{\"@type\":\"Person\",\"@id\":\"https:\/\/blogdobispo.com.br\/#\/schema\/person\/e2209cc0e6cea5c5233d033e997b373f\",\"name\":\"Jefferson Sterfeno\",\"image\":{\"@type\":\"ImageObject\",\"inLanguage\":\"pt-BR\",\"@id\":\"https:\/\/blogdobispo.com.br\/#\/schema\/person\/image\/\",\"url\":\"https:\/\/secure.gravatar.com\/avatar\/0534e84764641168a677026b6d57a3f51dc7ac4db0b4f6186d9cb330d4ee1160?s=96&d=mm&r=g\",\"contentUrl\":\"https:\/\/secure.gravatar.com\/avatar\/0534e84764641168a677026b6d57a3f51dc7ac4db0b4f6186d9cb330d4ee1160?s=96&d=mm&r=g\",\"caption\":\"Jefferson Sterfeno\"},\"sameAs\":[\"http:\/\/blogdobispo.com.br\"],\"url\":\"https:\/\/blogdobispo.com.br\/?author=1\"}]}<\/script>\n<!-- \/ Yoast SEO plugin. -->","yoast_head_json":{"title":"Ingratid\u00e3o Pol\u00edtica? Deputada enfrenta rejei\u00e7\u00e3o em suas bases e v\u00ea reelei\u00e7\u00e3o amea\u00e7ada - Blog do Bispo","robots":{"index":"index","follow":"follow","max-snippet":"max-snippet:-1","max-image-preview":"max-image-preview:large","max-video-preview":"max-video-preview:-1"},"canonical":"https:\/\/blogdobispo.com.br\/?p=5347","og_locale":"pt_BR","og_type":"article","og_title":"Ingratid\u00e3o Pol\u00edtica? Deputada enfrenta rejei\u00e7\u00e3o em suas bases e v\u00ea reelei\u00e7\u00e3o amea\u00e7ada - Blog do Bispo","og_description":"Nos bastidores da pol\u00edtica potiguar, o clima \u00e9 de alerta em torno da deputada estadual Terezinha Maia. Fontes pr\u00f3ximas ao seu grupo pol\u00edtico indicam que a parlamentar atravessa um momento delicado, com sinais claros de desgaste e perda significativa de apoio em diversas regi\u00f5es estrat\u00e9gicas \u2014 especialmente em Natal, grande vitrine eleitoral. A crise, segundo [&hellip;]","og_url":"https:\/\/blogdobispo.com.br\/?p=5347","og_site_name":"Blog do Bispo","article_published_time":"2025-05-16T23:40:30+00:00","og_image":[{"url":"https:\/\/blogdobispo.com.br\/wp-content\/uploads\/2025\/05\/img_4471-1.jpg","type":"","width":"","height":""}],"author":"Jefferson Sterfeno","twitter_card":"summary_large_image","twitter_misc":{"Escrito por":"Jefferson Sterfeno","Est. tempo de leitura":"2 minutos"},"schema":{"@context":"https:\/\/schema.org","@graph":[{"@type":"Article","@id":"https:\/\/blogdobispo.com.br\/?p=5347#article","isPartOf":{"@id":"https:\/\/blogdobispo.com.br\/?p=5347"},"author":{"name":"Jefferson Sterfeno","@id":"https:\/\/blogdobispo.com.br\/#\/schema\/person\/e2209cc0e6cea5c5233d033e997b373f"},"headline":"Ingratid\u00e3o Pol\u00edtica? Deputada enfrenta rejei\u00e7\u00e3o em suas bases e v\u00ea reelei\u00e7\u00e3o amea\u00e7ada","datePublished":"2025-05-16T23:40:30+00:00","mainEntityOfPage":{"@id":"https:\/\/blogdobispo.com.br\/?p=5347"},"wordCount":397,"commentCount":0,"publisher":{"@id":"https:\/\/blogdobispo.com.br\/#organization"},"image":{"@id":"https:\/\/blogdobispo.com.br\/?p=5347#primaryimage"},"thumbnailUrl":"https:\/\/blogdobispo.com.br\/wp-content\/uploads\/2025\/05\/img_4471-1.jpg","articleSection":["diversos"],"inLanguage":"pt-BR","potentialAction":[{"@type":"CommentAction","name":"Comment","target":["https:\/\/blogdobispo.com.br\/?p=5347#respond"]}]},{"@type":"WebPage","@id":"https:\/\/blogdobispo.com.br\/?p=5347","url":"https:\/\/blogdobispo.com.br\/?p=5347","name":"Ingratid\u00e3o Pol\u00edtica? Deputada enfrenta rejei\u00e7\u00e3o em suas bases e v\u00ea reelei\u00e7\u00e3o amea\u00e7ada - Blog do Bispo","isPartOf":{"@id":"https:\/\/blogdobispo.com.br\/#website"},"primaryImageOfPage":{"@id":"https:\/\/blogdobispo.com.br\/?p=5347#primaryimage"},"image":{"@id":"https:\/\/blogdobispo.com.br\/?p=5347#primaryimage"},"thumbnailUrl":"https:\/\/blogdobispo.com.br\/wp-content\/uploads\/2025\/05\/img_4471-1.jpg","datePublished":"2025-05-16T23:40:30+00:00","breadcrumb":{"@id":"https:\/\/blogdobispo.com.br\/?p=5347#breadcrumb"},"inLanguage":"pt-BR","potentialAction":[{"@type":"ReadAction","target":["https:\/\/blogdobispo.com.br\/?p=5347"]}]},{"@type":"ImageObject","inLanguage":"pt-BR","@id":"https:\/\/blogdobispo.com.br\/?p=5347#primaryimage","url":"https:\/\/blogdobispo.com.br\/wp-content\/uploads\/2025\/05\/img_4471-1.jpg","contentUrl":"https:\/\/blogdobispo.com.br\/wp-content\/uploads\/2025\/05\/img_4471-1.jpg"},{"@type":"BreadcrumbList","@id":"https:\/\/blogdobispo.com.br\/?p=5347#breadcrumb","itemListElement":[{"@type":"ListItem","position":1,"name":"In\u00edcio","item":"https:\/\/blogdobispo.com.br\/"},{"@type":"ListItem","position":2,"name":"Ingratid\u00e3o Pol\u00edtica? Deputada enfrenta rejei\u00e7\u00e3o em suas bases e v\u00ea reelei\u00e7\u00e3o amea\u00e7ada"}]},{"@type":"WebSite","@id":"https:\/\/blogdobispo.com.br\/#website","url":"https:\/\/blogdobispo.com.br\/","name":"Blog do Bispo","description":"Comprometido apenas com o leitor","publisher":{"@id":"https:\/\/blogdobispo.com.br\/#organization"},"potentialAction":[{"@type":"SearchAction","target":{"@type":"EntryPoint","urlTemplate":"https:\/\/blogdobispo.com.br\/?s={search_term_string}"},"query-input":{"@type":"PropertyValueSpecification","valueRequired":true,"valueName":"search_term_string"}}],"inLanguage":"pt-BR"},{"@type":"Organization","@id":"https:\/\/blogdobispo.com.br\/#organization","name":"Blog do Bispo","url":"https:\/\/blogdobispo.com.br\/","logo":{"@type":"ImageObject","inLanguage":"pt-BR","@id":"https:\/\/blogdobispo.com.br\/#\/schema\/logo\/image\/","url":"http:\/\/blogdobispo.com.br\/wp-content\/uploads\/2023\/05\/cropped-headear.png","contentUrl":"http:\/\/blogdobispo.com.br\/wp-content\/uploads\/2023\/05\/cropped-headear.png","width":1500,"height":399,"caption":"Blog do Bispo"},"image":{"@id":"https:\/\/blogdobispo.com.br\/#\/schema\/logo\/image\/"}},{"@type":"Person","@id":"https:\/\/blogdobispo.com.br\/#\/schema\/person\/e2209cc0e6cea5c5233d033e997b373f","name":"Jefferson Sterfeno","image":{"@type":"ImageObject","inLanguage":"pt-BR","@id":"https:\/\/blogdobispo.com.br\/#\/schema\/person\/image\/","url":"https:\/\/secure.gravatar.com\/avatar\/0534e84764641168a677026b6d57a3f51dc7ac4db0b4f6186d9cb330d4ee1160?s=96&d=mm&r=g","contentUrl":"https:\/\/secure.gravatar.com\/avatar\/0534e84764641168a677026b6d57a3f51dc7ac4db0b4f6186d9cb330d4ee1160?s=96&d=mm&r=g","caption":"Jefferson Sterfeno"},"sameAs":["http:\/\/blogdobispo.com.br"],"url":"https:\/\/blogdobispo.com.br\/?author=1"}]}},"featured_image_urls":{"full":"","thumbnail":"","medium":"","medium_large":"","large":"","1536x1536":"","2048x2048":""},"author_info":{"display_name":"Jefferson Sterfeno","author_link":"https:\/\/blogdobispo.com.br\/?author=1"},"category_info":"<a href=\"https:\/\/blogdobispo.com.br\/?cat=1\" rel=\"category\">diversos<\/a>","tag_info":"diversos","comment_count":"0","jetpack_featured_media_url":"","jetpack_sharing_enabled":true,"_links":{"self":[{"href":"https:\/\/blogdobispo.com.br\/index.php?rest_route=\/wp\/v2\/posts\/5347","targetHints":{"allow":["GET"]}}],"collection":[{"href":"https:\/\/blogdobispo.com.br\/index.php?rest_route=\/wp\/v2\/posts"}],"about":[{"href":"https:\/\/blogdobispo.com.br\/index.php?rest_route=\/wp\/v2\/types\/post"}],"author":[{"embeddable":true,"href":"https:\/\/blogdobispo.com.br\/index.php?rest_route=\/wp\/v2\/users\/1"}],"replies":[{"embeddable":true,"href":"https:\/\/blogdobispo.com.br\/index.php?rest_route=%2Fwp%2Fv2%2Fcomments&post=5347"}],"version-history":[{"count":0,"href":"https:\/\/blogdobispo.com.br\/index.php?rest_route=\/wp\/v2\/posts\/5347\/revisions"}],"wp:attachment":[{"href":"https:\/\/blogdobispo.com.br\/index.php?rest_route=%2Fwp%2Fv2%2Fmedia&parent=5347"}],"wp:term":[{"taxonomy":"category","embeddable":true,"href":"https:\/\/blogdobispo.com.br\/index.php?rest_route=%2Fwp%2Fv2%2Fcategories&post=5347"},{"taxonomy":"post_tag","embeddable":true,"href":"https:\/\/blogdobispo.com.br\/index.php?rest_route=%2Fwp%2Fv2%2Ftags&post=5347"}],"curies":[{"name":"wp","href":"https:\/\/api.w.org\/{rel}","templated":true}]}}