{"id":5339,"date":"2025-05-16T14:00:08","date_gmt":"2025-05-16T14:00:08","guid":{"rendered":"https:\/\/blogdobispo.com.br\/?p=5339"},"modified":"2025-05-16T14:00:08","modified_gmt":"2025-05-16T14:00:08","slug":"maes-atipicas-lotam-camara-de-natal-para-exigir-direitos-e-politicas-publicas-inclusivas","status":"publish","type":"post","link":"https:\/\/blogdobispo.com.br\/?p=5339","title":{"rendered":"M\u00e3es at\u00edpicas lotam C\u00e2mara de Natal para exigir direitos e pol\u00edticas p\u00fablicas inclusivas"},"content":{"rendered":"\n<figure class=\"wp-block-image size-large\"><img data-recalc-dims=\"1\" fetchpriority=\"high\" decoding=\"async\" width=\"800\" height=\"450\" src=\"https:\/\/i0.wp.com\/blogdobispo.com.br\/wp-content\/uploads\/2025\/05\/img_4441-1-1024x576.png?resize=800%2C450&#038;ssl=1\" class=\"wp-image-5338\" srcset=\"https:\/\/i0.wp.com\/blogdobispo.com.br\/wp-content\/uploads\/2025\/05\/img_4441-1.png?resize=1024%2C576&amp;ssl=1 1024w, https:\/\/i0.wp.com\/blogdobispo.com.br\/wp-content\/uploads\/2025\/05\/img_4441-1.png?resize=300%2C169&amp;ssl=1 300w, https:\/\/i0.wp.com\/blogdobispo.com.br\/wp-content\/uploads\/2025\/05\/img_4441-1.png?resize=768%2C432&amp;ssl=1 768w, https:\/\/i0.wp.com\/blogdobispo.com.br\/wp-content\/uploads\/2025\/05\/img_4441-1.png?w=1536&amp;ssl=1 1536w\" sizes=\"(max-width: 800px) 100vw, 800px\" \/><\/figure>\n\n\n\n<p>Na tarde desta quinta-feira, 15 de maio, o plen\u00e1rio da&nbsp;<a href=\"https:\/\/www.cmnat.rn.gov.br\/\" target=\"_blank\" rel=\"noreferrer noopener\">C\u00e2mara Municipal de Natal&nbsp;<\/a>ficou lotado de afeto, resist\u00eancia e reivindica\u00e7\u00f5es. M\u00e3es&nbsp;<a href=\"https:\/\/agorarn.com.br\/ultimas\/natal-carteira-identificacao-pessoa-autista\/\">at\u00edpicas<\/a>&nbsp;da capital potiguar tomaram a Casa do Povo para dizer, com todas as letras, o que querem da cidade para garantir dignidade a seus filhos com defici\u00eancia.&nbsp;<\/p>\n\n\n\n<p>A audi\u00eancia p\u00fablica in\u00e9dita, proposta pela vereadora Thabatta Pimenta (PSOL), reuniu m\u00e3es, autoridades, ativistas e representantes de institui\u00e7\u00f5es p\u00fablicas e coletivos em um momento hist\u00f3rico de escuta ativa.<br>Com o tema \u201cO que as m\u00e3es at\u00edpicas querem para Natal\u201d, a audi\u00eancia deu protagonismo a quem h\u00e1 anos cumpre sozinha uma miss\u00e3o que deveria ser de todos. Ecoaram no plen\u00e1rio da CMN relatos sobre a falta de apoio nos servi\u00e7os de sa\u00fade e de educa\u00e7\u00e3o e de descumprimento de direitos b\u00e1sicos por planos de sa\u00fade. O encontro serviu como plataforma para transformar viv\u00eancias em proposi\u00e7\u00f5es concretas de pol\u00edticas p\u00fablicas inclusivas.<\/p>\n\n\n\n<p>\u201cA gente s\u00f3 quer o b\u00e1sico\u201d, resumiu a vereadora Thabatta Pimenta, m\u00e3e at\u00edpica e propositora da audi\u00eancia. Em sua fala, destacou que foi justamente essa luta por justi\u00e7a e por respeito aos direitos do filho com defici\u00eancia que a trouxe ao Parlamento Municipal. \u201cQueremos que nossos filhos vivam com dignidade. Essa audi\u00eancia foi um espa\u00e7o para escutar, reivindicar e propor\u201d, declarou.&nbsp;<\/p>\n\n\n\n<p>A vereadora aproveitou para anunciar duas proposi\u00e7\u00f5es aprovadas na sess\u00e3o ordin\u00e1ria desta quinta-feira: a cria\u00e7\u00e3o do Dia Municipal da M\u00e3e At\u00edpica, a ser comemorado anualmente em 15 de maio, e a institui\u00e7\u00e3o da Comenda M\u00e3e At\u00edpica Helena Fernandes, \u201cem homenagem \u00e0 trajet\u00f3ria singular e o inestim\u00e1vel legado de Helena Fernandes de Queiroz Carvalho, uma figura emblem\u00e1tica na luta pela inclus\u00e3o social da pessoa com defici\u00eancia de Natal e do nosso estado. \u201cDesde o nascimento de sua primeira filha em 1982, Helena dedicou sua vida com profunda abnega\u00e7\u00e3o e incans\u00e1vel empenho \u00e0 causa da inclus\u00e3o\u201d, lembrou.<\/p>\n\n\n\n<p>Durante o debate, Josueni Concei\u00e7\u00e3o, m\u00e3e da pequena Gabriela, autista de 5 anos, ressaltou o cotidiano de sobrecarga enfrentado por m\u00e3es at\u00edpicas: \u201cA gente quer respeito aos direitos dos nossos filhos. A gente briga com o SUS, com o plano de sa\u00fade, com a Secretaria de Educa\u00e7\u00e3o. A gente est\u00e1 adoecendo enquanto tenta garantir o que j\u00e1 \u00e9 lei\u201d, desabafou.<\/p>\n\n\n\n<p>Ivan Baron, ativista e embaixador da educa\u00e7\u00e3o anticapacitista do MEC, refor\u00e7ou: \u201cMomentos como esse precisam se repetir. \u00c9 preciso dar ouvidos a quem vive essa realidade todos os dias. A pol\u00edtica p\u00fablica tem que come\u00e7ar escutando a base\u201d.<\/p>\n\n\n\n<p>Representando o promotor Guglielmo Castro, coordenador do COAP\/MPRN, a assessora Mariana Azevedo, do afirmou que a institui\u00e7\u00e3o tem papel essencial na defesa dos direitos coletivos e que os direitos das m\u00e3es at\u00edpicas e de seus filhos se enquadram nessa responsabilidade. \u201cEstamos aqui para escutar e tamb\u00e9m para agir. O Minist\u00e9rio P\u00fablico acolhe den\u00fancias, investiga os casos e cobra solu\u00e7\u00f5es. \u00c9 essencial que essas m\u00e3es saibam que podem e devem recorrer aos nossos canais quando seus direitos forem violados\u201d, destacou. O MPRN recebe den\u00fancias pelo WhatsApp (84) 99994.6057.<\/p>\n\n\n\n<p>Tamb\u00e9m participaram do debate a vereadora Brisa Bracchi (PT) e o vereador Eribaldo Medeiros (Rede), apoiando o di\u00e1logo e o reconhecimento das demandas das fam\u00edlias at\u00edpicas.<\/p>\n\n\n\n<p>A audi\u00eancia foi marcada por depoimentos potentes, como o da m\u00e3e Leda Ferreira, que administra um grupo com cerca de 500 m\u00e3es at\u00edpicas: \u201cNa pr\u00e1tica, a inclus\u00e3o ainda \u00e9 pouca. A gente quer inclus\u00e3o de verdade.\u201d<\/p>\n\n\n\n<p>O coordenador municipal de pol\u00edticas p\u00fablicas para pessoas com espectro autista, Helv\u00e9cio Martins, refor\u00e7ou: \u201cOuvir \u00e9 necess\u00e1rio. A pol\u00edtica p\u00fablica precisa ser constru\u00edda junto com quem vive a realidade.\u201d<\/p>\n\n\n\n<p>Compuseram ainda a mesa dos trabalhos Bruna Oliveira, presidente do Coletivo de Fam\u00edlias At\u00edpicas do RN; Cl\u00e1udia Carvalho de Queiroz, coordenadora do N\u00facleo de Sa\u00fade da Defensoria P\u00fablica do RN; e Bruno Henrique Saldanha, presidente da Comiss\u00e3o da Pessoa com Defici\u00eancia da OAB\/RN.<\/p>\n","protected":false},"excerpt":{"rendered":"<p>Na tarde desta quinta-feira, 15 de maio, o plen\u00e1rio da&nbsp;C\u00e2mara Municipal de Natal&nbsp;ficou lotado de afeto, resist\u00eancia e reivindica\u00e7\u00f5es. M\u00e3es&nbsp;at\u00edpicas&nbsp;da capital potiguar tomaram a Casa do Povo para dizer, com todas as letras, o que querem da cidade para garantir dignidade a seus filhos com defici\u00eancia.&nbsp; A audi\u00eancia p\u00fablica in\u00e9dita, proposta pela vereadora Thabatta Pimenta [&hellip;]<\/p>\n","protected":false},"author":1,"featured_media":0,"comment_status":"open","ping_status":"open","sticky":false,"template":"","format":"standard","meta":{"cybocfi_hide_featured_image":"","_jetpack_memberships_contains_paid_content":false,"footnotes":""},"categories":[1],"tags":[],"class_list":["post-5339","post","type-post","status-publish","format-standard","hentry","category-diversos"],"yoast_head":"<!-- This site is optimized with the Yoast SEO plugin v25.6 - https:\/\/yoast.com\/wordpress\/plugins\/seo\/ -->\n<title>M\u00e3es at\u00edpicas lotam C\u00e2mara de Natal para exigir direitos e pol\u00edticas p\u00fablicas inclusivas - Blog do Bispo<\/title>\n<meta name=\"robots\" content=\"index, follow, max-snippet:-1, max-image-preview:large, max-video-preview:-1\" \/>\n<link rel=\"canonical\" href=\"https:\/\/blogdobispo.com.br\/?p=5339\" \/>\n<meta property=\"og:locale\" content=\"pt_BR\" \/>\n<meta property=\"og:type\" content=\"article\" \/>\n<meta property=\"og:title\" content=\"M\u00e3es at\u00edpicas lotam C\u00e2mara de Natal para exigir direitos e pol\u00edticas p\u00fablicas inclusivas - Blog do Bispo\" \/>\n<meta property=\"og:description\" content=\"Na tarde desta quinta-feira, 15 de maio, o plen\u00e1rio da&nbsp;C\u00e2mara Municipal de Natal&nbsp;ficou lotado de afeto, resist\u00eancia e reivindica\u00e7\u00f5es. M\u00e3es&nbsp;at\u00edpicas&nbsp;da capital potiguar tomaram a Casa do Povo para dizer, com todas as letras, o que querem da cidade para garantir dignidade a seus filhos com defici\u00eancia.&nbsp; A audi\u00eancia p\u00fablica in\u00e9dita, proposta pela vereadora Thabatta Pimenta [&hellip;]\" \/>\n<meta property=\"og:url\" content=\"https:\/\/blogdobispo.com.br\/?p=5339\" \/>\n<meta property=\"og:site_name\" content=\"Blog do Bispo\" \/>\n<meta property=\"article:published_time\" content=\"2025-05-16T14:00:08+00:00\" \/>\n<meta property=\"og:image\" content=\"https:\/\/blogdobispo.com.br\/wp-content\/uploads\/2025\/05\/img_4441-1-1024x576.png\" \/>\n<meta name=\"author\" content=\"Jefferson Sterfeno\" \/>\n<meta name=\"twitter:card\" content=\"summary_large_image\" \/>\n<meta name=\"twitter:label1\" content=\"Escrito por\" \/>\n\t<meta name=\"twitter:data1\" content=\"Jefferson Sterfeno\" \/>\n\t<meta name=\"twitter:label2\" content=\"Est. tempo de leitura\" \/>\n\t<meta name=\"twitter:data2\" content=\"4 minutos\" \/>\n<script type=\"application\/ld+json\" class=\"yoast-schema-graph\">{\"@context\":\"https:\/\/schema.org\",\"@graph\":[{\"@type\":\"Article\",\"@id\":\"https:\/\/blogdobispo.com.br\/?p=5339#article\",\"isPartOf\":{\"@id\":\"https:\/\/blogdobispo.com.br\/?p=5339\"},\"author\":{\"name\":\"Jefferson Sterfeno\",\"@id\":\"https:\/\/blogdobispo.com.br\/#\/schema\/person\/e2209cc0e6cea5c5233d033e997b373f\"},\"headline\":\"M\u00e3es at\u00edpicas lotam C\u00e2mara de Natal para exigir direitos e pol\u00edticas p\u00fablicas inclusivas\",\"datePublished\":\"2025-05-16T14:00:08+00:00\",\"mainEntityOfPage\":{\"@id\":\"https:\/\/blogdobispo.com.br\/?p=5339\"},\"wordCount\":737,\"commentCount\":0,\"publisher\":{\"@id\":\"https:\/\/blogdobispo.com.br\/#organization\"},\"image\":{\"@id\":\"https:\/\/blogdobispo.com.br\/?p=5339#primaryimage\"},\"thumbnailUrl\":\"https:\/\/blogdobispo.com.br\/wp-content\/uploads\/2025\/05\/img_4441-1-1024x576.png\",\"articleSection\":[\"diversos\"],\"inLanguage\":\"pt-BR\",\"potentialAction\":[{\"@type\":\"CommentAction\",\"name\":\"Comment\",\"target\":[\"https:\/\/blogdobispo.com.br\/?p=5339#respond\"]}]},{\"@type\":\"WebPage\",\"@id\":\"https:\/\/blogdobispo.com.br\/?p=5339\",\"url\":\"https:\/\/blogdobispo.com.br\/?p=5339\",\"name\":\"M\u00e3es at\u00edpicas lotam C\u00e2mara de Natal para exigir direitos e pol\u00edticas p\u00fablicas inclusivas - Blog do Bispo\",\"isPartOf\":{\"@id\":\"https:\/\/blogdobispo.com.br\/#website\"},\"primaryImageOfPage\":{\"@id\":\"https:\/\/blogdobispo.com.br\/?p=5339#primaryimage\"},\"image\":{\"@id\":\"https:\/\/blogdobispo.com.br\/?p=5339#primaryimage\"},\"thumbnailUrl\":\"https:\/\/blogdobispo.com.br\/wp-content\/uploads\/2025\/05\/img_4441-1-1024x576.png\",\"datePublished\":\"2025-05-16T14:00:08+00:00\",\"breadcrumb\":{\"@id\":\"https:\/\/blogdobispo.com.br\/?p=5339#breadcrumb\"},\"inLanguage\":\"pt-BR\",\"potentialAction\":[{\"@type\":\"ReadAction\",\"target\":[\"https:\/\/blogdobispo.com.br\/?p=5339\"]}]},{\"@type\":\"ImageObject\",\"inLanguage\":\"pt-BR\",\"@id\":\"https:\/\/blogdobispo.com.br\/?p=5339#primaryimage\",\"url\":\"https:\/\/blogdobispo.com.br\/wp-content\/uploads\/2025\/05\/img_4441-1-1024x576.png\",\"contentUrl\":\"https:\/\/blogdobispo.com.br\/wp-content\/uploads\/2025\/05\/img_4441-1-1024x576.png\"},{\"@type\":\"BreadcrumbList\",\"@id\":\"https:\/\/blogdobispo.com.br\/?p=5339#breadcrumb\",\"itemListElement\":[{\"@type\":\"ListItem\",\"position\":1,\"name\":\"In\u00edcio\",\"item\":\"https:\/\/blogdobispo.com.br\/\"},{\"@type\":\"ListItem\",\"position\":2,\"name\":\"M\u00e3es at\u00edpicas lotam C\u00e2mara de Natal para exigir direitos e pol\u00edticas p\u00fablicas inclusivas\"}]},{\"@type\":\"WebSite\",\"@id\":\"https:\/\/blogdobispo.com.br\/#website\",\"url\":\"https:\/\/blogdobispo.com.br\/\",\"name\":\"Blog do Bispo\",\"description\":\"Comprometido apenas com o leitor\",\"publisher\":{\"@id\":\"https:\/\/blogdobispo.com.br\/#organization\"},\"potentialAction\":[{\"@type\":\"SearchAction\",\"target\":{\"@type\":\"EntryPoint\",\"urlTemplate\":\"https:\/\/blogdobispo.com.br\/?s={search_term_string}\"},\"query-input\":{\"@type\":\"PropertyValueSpecification\",\"valueRequired\":true,\"valueName\":\"search_term_string\"}}],\"inLanguage\":\"pt-BR\"},{\"@type\":\"Organization\",\"@id\":\"https:\/\/blogdobispo.com.br\/#organization\",\"name\":\"Blog do Bispo\",\"url\":\"https:\/\/blogdobispo.com.br\/\",\"logo\":{\"@type\":\"ImageObject\",\"inLanguage\":\"pt-BR\",\"@id\":\"https:\/\/blogdobispo.com.br\/#\/schema\/logo\/image\/\",\"url\":\"http:\/\/blogdobispo.com.br\/wp-content\/uploads\/2023\/05\/cropped-headear.png\",\"contentUrl\":\"http:\/\/blogdobispo.com.br\/wp-content\/uploads\/2023\/05\/cropped-headear.png\",\"width\":1500,\"height\":399,\"caption\":\"Blog do Bispo\"},\"image\":{\"@id\":\"https:\/\/blogdobispo.com.br\/#\/schema\/logo\/image\/\"}},{\"@type\":\"Person\",\"@id\":\"https:\/\/blogdobispo.com.br\/#\/schema\/person\/e2209cc0e6cea5c5233d033e997b373f\",\"name\":\"Jefferson Sterfeno\",\"image\":{\"@type\":\"ImageObject\",\"inLanguage\":\"pt-BR\",\"@id\":\"https:\/\/blogdobispo.com.br\/#\/schema\/person\/image\/\",\"url\":\"https:\/\/secure.gravatar.com\/avatar\/0534e84764641168a677026b6d57a3f51dc7ac4db0b4f6186d9cb330d4ee1160?s=96&d=mm&r=g\",\"contentUrl\":\"https:\/\/secure.gravatar.com\/avatar\/0534e84764641168a677026b6d57a3f51dc7ac4db0b4f6186d9cb330d4ee1160?s=96&d=mm&r=g\",\"caption\":\"Jefferson Sterfeno\"},\"sameAs\":[\"http:\/\/blogdobispo.com.br\"],\"url\":\"https:\/\/blogdobispo.com.br\/?author=1\"}]}<\/script>\n<!-- \/ Yoast SEO plugin. -->","yoast_head_json":{"title":"M\u00e3es at\u00edpicas lotam C\u00e2mara de Natal para exigir direitos e pol\u00edticas p\u00fablicas inclusivas - Blog do Bispo","robots":{"index":"index","follow":"follow","max-snippet":"max-snippet:-1","max-image-preview":"max-image-preview:large","max-video-preview":"max-video-preview:-1"},"canonical":"https:\/\/blogdobispo.com.br\/?p=5339","og_locale":"pt_BR","og_type":"article","og_title":"M\u00e3es at\u00edpicas lotam C\u00e2mara de Natal para exigir direitos e pol\u00edticas p\u00fablicas inclusivas - Blog do Bispo","og_description":"Na tarde desta quinta-feira, 15 de maio, o plen\u00e1rio da&nbsp;C\u00e2mara Municipal de Natal&nbsp;ficou lotado de afeto, resist\u00eancia e reivindica\u00e7\u00f5es. M\u00e3es&nbsp;at\u00edpicas&nbsp;da capital potiguar tomaram a Casa do Povo para dizer, com todas as letras, o que querem da cidade para garantir dignidade a seus filhos com defici\u00eancia.&nbsp; A audi\u00eancia p\u00fablica in\u00e9dita, proposta pela vereadora Thabatta Pimenta [&hellip;]","og_url":"https:\/\/blogdobispo.com.br\/?p=5339","og_site_name":"Blog do Bispo","article_published_time":"2025-05-16T14:00:08+00:00","og_image":[{"url":"https:\/\/blogdobispo.com.br\/wp-content\/uploads\/2025\/05\/img_4441-1-1024x576.png","type":"","width":"","height":""}],"author":"Jefferson Sterfeno","twitter_card":"summary_large_image","twitter_misc":{"Escrito por":"Jefferson Sterfeno","Est. tempo de leitura":"4 minutos"},"schema":{"@context":"https:\/\/schema.org","@graph":[{"@type":"Article","@id":"https:\/\/blogdobispo.com.br\/?p=5339#article","isPartOf":{"@id":"https:\/\/blogdobispo.com.br\/?p=5339"},"author":{"name":"Jefferson Sterfeno","@id":"https:\/\/blogdobispo.com.br\/#\/schema\/person\/e2209cc0e6cea5c5233d033e997b373f"},"headline":"M\u00e3es at\u00edpicas lotam C\u00e2mara de Natal para exigir direitos e pol\u00edticas p\u00fablicas inclusivas","datePublished":"2025-05-16T14:00:08+00:00","mainEntityOfPage":{"@id":"https:\/\/blogdobispo.com.br\/?p=5339"},"wordCount":737,"commentCount":0,"publisher":{"@id":"https:\/\/blogdobispo.com.br\/#organization"},"image":{"@id":"https:\/\/blogdobispo.com.br\/?p=5339#primaryimage"},"thumbnailUrl":"https:\/\/blogdobispo.com.br\/wp-content\/uploads\/2025\/05\/img_4441-1-1024x576.png","articleSection":["diversos"],"inLanguage":"pt-BR","potentialAction":[{"@type":"CommentAction","name":"Comment","target":["https:\/\/blogdobispo.com.br\/?p=5339#respond"]}]},{"@type":"WebPage","@id":"https:\/\/blogdobispo.com.br\/?p=5339","url":"https:\/\/blogdobispo.com.br\/?p=5339","name":"M\u00e3es at\u00edpicas lotam C\u00e2mara de Natal para exigir direitos e pol\u00edticas p\u00fablicas inclusivas - Blog do Bispo","isPartOf":{"@id":"https:\/\/blogdobispo.com.br\/#website"},"primaryImageOfPage":{"@id":"https:\/\/blogdobispo.com.br\/?p=5339#primaryimage"},"image":{"@id":"https:\/\/blogdobispo.com.br\/?p=5339#primaryimage"},"thumbnailUrl":"https:\/\/blogdobispo.com.br\/wp-content\/uploads\/2025\/05\/img_4441-1-1024x576.png","datePublished":"2025-05-16T14:00:08+00:00","breadcrumb":{"@id":"https:\/\/blogdobispo.com.br\/?p=5339#breadcrumb"},"inLanguage":"pt-BR","potentialAction":[{"@type":"ReadAction","target":["https:\/\/blogdobispo.com.br\/?p=5339"]}]},{"@type":"ImageObject","inLanguage":"pt-BR","@id":"https:\/\/blogdobispo.com.br\/?p=5339#primaryimage","url":"https:\/\/blogdobispo.com.br\/wp-content\/uploads\/2025\/05\/img_4441-1-1024x576.png","contentUrl":"https:\/\/blogdobispo.com.br\/wp-content\/uploads\/2025\/05\/img_4441-1-1024x576.png"},{"@type":"BreadcrumbList","@id":"https:\/\/blogdobispo.com.br\/?p=5339#breadcrumb","itemListElement":[{"@type":"ListItem","position":1,"name":"In\u00edcio","item":"https:\/\/blogdobispo.com.br\/"},{"@type":"ListItem","position":2,"name":"M\u00e3es at\u00edpicas lotam C\u00e2mara de Natal para exigir direitos e pol\u00edticas p\u00fablicas inclusivas"}]},{"@type":"WebSite","@id":"https:\/\/blogdobispo.com.br\/#website","url":"https:\/\/blogdobispo.com.br\/","name":"Blog do Bispo","description":"Comprometido apenas com o leitor","publisher":{"@id":"https:\/\/blogdobispo.com.br\/#organization"},"potentialAction":[{"@type":"SearchAction","target":{"@type":"EntryPoint","urlTemplate":"https:\/\/blogdobispo.com.br\/?s={search_term_string}"},"query-input":{"@type":"PropertyValueSpecification","valueRequired":true,"valueName":"search_term_string"}}],"inLanguage":"pt-BR"},{"@type":"Organization","@id":"https:\/\/blogdobispo.com.br\/#organization","name":"Blog do Bispo","url":"https:\/\/blogdobispo.com.br\/","logo":{"@type":"ImageObject","inLanguage":"pt-BR","@id":"https:\/\/blogdobispo.com.br\/#\/schema\/logo\/image\/","url":"http:\/\/blogdobispo.com.br\/wp-content\/uploads\/2023\/05\/cropped-headear.png","contentUrl":"http:\/\/blogdobispo.com.br\/wp-content\/uploads\/2023\/05\/cropped-headear.png","width":1500,"height":399,"caption":"Blog do Bispo"},"image":{"@id":"https:\/\/blogdobispo.com.br\/#\/schema\/logo\/image\/"}},{"@type":"Person","@id":"https:\/\/blogdobispo.com.br\/#\/schema\/person\/e2209cc0e6cea5c5233d033e997b373f","name":"Jefferson Sterfeno","image":{"@type":"ImageObject","inLanguage":"pt-BR","@id":"https:\/\/blogdobispo.com.br\/#\/schema\/person\/image\/","url":"https:\/\/secure.gravatar.com\/avatar\/0534e84764641168a677026b6d57a3f51dc7ac4db0b4f6186d9cb330d4ee1160?s=96&d=mm&r=g","contentUrl":"https:\/\/secure.gravatar.com\/avatar\/0534e84764641168a677026b6d57a3f51dc7ac4db0b4f6186d9cb330d4ee1160?s=96&d=mm&r=g","caption":"Jefferson Sterfeno"},"sameAs":["http:\/\/blogdobispo.com.br"],"url":"https:\/\/blogdobispo.com.br\/?author=1"}]}},"featured_image_urls":{"full":"","thumbnail":"","medium":"","medium_large":"","large":"","1536x1536":"","2048x2048":""},"author_info":{"display_name":"Jefferson Sterfeno","author_link":"https:\/\/blogdobispo.com.br\/?author=1"},"category_info":"<a href=\"https:\/\/blogdobispo.com.br\/?cat=1\" rel=\"category\">diversos<\/a>","tag_info":"diversos","comment_count":"0","jetpack_featured_media_url":"","jetpack_sharing_enabled":true,"_links":{"self":[{"href":"https:\/\/blogdobispo.com.br\/index.php?rest_route=\/wp\/v2\/posts\/5339","targetHints":{"allow":["GET"]}}],"collection":[{"href":"https:\/\/blogdobispo.com.br\/index.php?rest_route=\/wp\/v2\/posts"}],"about":[{"href":"https:\/\/blogdobispo.com.br\/index.php?rest_route=\/wp\/v2\/types\/post"}],"author":[{"embeddable":true,"href":"https:\/\/blogdobispo.com.br\/index.php?rest_route=\/wp\/v2\/users\/1"}],"replies":[{"embeddable":true,"href":"https:\/\/blogdobispo.com.br\/index.php?rest_route=%2Fwp%2Fv2%2Fcomments&post=5339"}],"version-history":[{"count":0,"href":"https:\/\/blogdobispo.com.br\/index.php?rest_route=\/wp\/v2\/posts\/5339\/revisions"}],"wp:attachment":[{"href":"https:\/\/blogdobispo.com.br\/index.php?rest_route=%2Fwp%2Fv2%2Fmedia&parent=5339"}],"wp:term":[{"taxonomy":"category","embeddable":true,"href":"https:\/\/blogdobispo.com.br\/index.php?rest_route=%2Fwp%2Fv2%2Fcategories&post=5339"},{"taxonomy":"post_tag","embeddable":true,"href":"https:\/\/blogdobispo.com.br\/index.php?rest_route=%2Fwp%2Fv2%2Ftags&post=5339"}],"curies":[{"name":"wp","href":"https:\/\/api.w.org\/{rel}","templated":true}]}}