{"id":5327,"date":"2025-05-15T00:26:41","date_gmt":"2025-05-15T00:26:41","guid":{"rendered":"https:\/\/blogdobispo.com.br\/?p=5327"},"modified":"2025-05-15T00:28:00","modified_gmt":"2025-05-15T00:28:00","slug":"exclusivo-joao-batista-torres-entra-na-base-governista-de-paulinho-freire","status":"publish","type":"post","link":"https:\/\/blogdobispo.com.br\/?p=5327","title":{"rendered":"Exclusivo: Jo\u00e3o Batista Torres entra na base governista de Paulinho Freire"},"content":{"rendered":"\n<figure class=\"wp-block-image size-large\"><img data-recalc-dims=\"1\" fetchpriority=\"high\" decoding=\"async\" width=\"800\" height=\"391\" src=\"https:\/\/i0.wp.com\/blogdobispo.com.br\/wp-content\/uploads\/2025\/05\/f524294d-4e98-4ab4-ae4a-fa941ae10d1f-1-1024x500.jpg?resize=800%2C391&#038;ssl=1\" alt=\"\" class=\"wp-image-5325\" srcset=\"https:\/\/i0.wp.com\/blogdobispo.com.br\/wp-content\/uploads\/2025\/05\/f524294d-4e98-4ab4-ae4a-fa941ae10d1f-1.jpg?resize=1024%2C500&amp;ssl=1 1024w, https:\/\/i0.wp.com\/blogdobispo.com.br\/wp-content\/uploads\/2025\/05\/f524294d-4e98-4ab4-ae4a-fa941ae10d1f-1.jpg?resize=300%2C146&amp;ssl=1 300w, https:\/\/i0.wp.com\/blogdobispo.com.br\/wp-content\/uploads\/2025\/05\/f524294d-4e98-4ab4-ae4a-fa941ae10d1f-1.jpg?resize=768%2C375&amp;ssl=1 768w, https:\/\/i0.wp.com\/blogdobispo.com.br\/wp-content\/uploads\/2025\/05\/f524294d-4e98-4ab4-ae4a-fa941ae10d1f-1.jpg?w=1320&amp;ssl=1 1320w\" sizes=\"(max-width: 800px) 100vw, 800px\" \/><\/figure>\n\n\n\n<figure class=\"wp-block-image size-large\"><img data-recalc-dims=\"1\" decoding=\"async\" width=\"800\" height=\"591\" src=\"https:\/\/i0.wp.com\/blogdobispo.com.br\/wp-content\/uploads\/2025\/05\/83594901-fb68-4d50-bdd5-5e93dae840de-1.jpg?resize=800%2C591&#038;ssl=1\" alt=\"\" class=\"wp-image-5326\" srcset=\"https:\/\/i0.wp.com\/blogdobispo.com.br\/wp-content\/uploads\/2025\/05\/83594901-fb68-4d50-bdd5-5e93dae840de-1.jpg?w=992&amp;ssl=1 992w, https:\/\/i0.wp.com\/blogdobispo.com.br\/wp-content\/uploads\/2025\/05\/83594901-fb68-4d50-bdd5-5e93dae840de-1.jpg?resize=300%2C222&amp;ssl=1 300w, https:\/\/i0.wp.com\/blogdobispo.com.br\/wp-content\/uploads\/2025\/05\/83594901-fb68-4d50-bdd5-5e93dae840de-1.jpg?resize=768%2C567&amp;ssl=1 768w\" sizes=\"(max-width: 800px) 100vw, 800px\" \/><\/figure>\n\n\n\n<p class=\"p2\"><\/p>\n\n\n\n<p class=\"p2\">Eleito em 2024 pelo Democracia Crist\u00e3 (DC), Jo\u00e3o Batista Torres chegou \u00e0 C\u00e2mara Municipal de Natal ap\u00f3s anos de dedica\u00e7\u00e3o como lideran\u00e7a comunit\u00e1ria no bairro Planalto.<\/p>\n\n\n\n<p class=\"p2\">Com essa trajet\u00f3ria, tem direcionado seu mandato para buscar melhorias e infraestrutura para a regi\u00e3o que representa.<\/p>\n\n\n\n<p class=\"p2\">Inicialmente com postura independente, Torres se aproximou gradualmente da gest\u00e3o municipal e agora faz parte oficialmente da base de apoio do prefeito Paulinho Freire. A mudan\u00e7a foi poss\u00edvel gra\u00e7as a articula\u00e7\u00f5es pol\u00edticas e ao di\u00e1logo constante com nomes estrat\u00e9gicos da administra\u00e7\u00e3o, especialmente o presidente da C\u00e2mara, \u00c9riko J\u00e1come, que teve um papel fundamental nesse processo.<\/p>\n\n\n\n<p class=\"p2\">\u00c9riko atuou como ponte entre o vereador e a gest\u00e3o, facilitando o di\u00e1logo com secretarias e lideran\u00e7as do governo, o que foi decisivo para a consolida\u00e7\u00e3o da nova alian\u00e7a.<\/p>\n\n\n\n<p class=\"p2\">Em entrevista ao Blog, Jo\u00e3o Batista Torres confirmou sua entrada na base governista e destacou o apoio recebido:<\/p>\n\n\n\n<p class=\"p2\">\u201cNosso mandato tem sido respeitado pela gest\u00e3o do prefeito Paulinho Freire. As secretarias est\u00e3o atendendo aos nossos pleitos e os servi\u00e7os p\u00fablicos est\u00e3o funcionando plenamente. No in\u00edcio enfrentamos algumas dificuldades pontuais, mas, com o apoio do presidente \u00c9riko J\u00e1come e a articula\u00e7\u00e3o de Igor Costa \u2014 que \u00e9 pr\u00f3ximo tanto do prefeito quanto do presidente \u2014 conseguimos superar os obst\u00e1culos. Hoje, a rela\u00e7\u00e3o com os secret\u00e1rios \u00e9 excelente\u201d, afirmou o parlamentar.<\/p>\n\n\n\n<p class=\"p2\">Com isso, a alian\u00e7a administrativa se fortalece tamb\u00e9m no campo pol\u00edtico, consolidando Jo\u00e3o Batista Torres como parte da base governista na C\u00e2mara Municipal, em sintonia com a lideran\u00e7a de \u00c9riko J\u00e1come.<\/p>\n","protected":false},"excerpt":{"rendered":"<p>Eleito em 2024 pelo Democracia Crist\u00e3 (DC), Jo\u00e3o Batista Torres chegou \u00e0 C\u00e2mara Municipal de Natal ap\u00f3s anos de dedica\u00e7\u00e3o como lideran\u00e7a comunit\u00e1ria no bairro Planalto. Com essa trajet\u00f3ria, tem direcionado seu mandato para buscar melhorias e infraestrutura para a regi\u00e3o que representa. Inicialmente com postura independente, Torres se aproximou gradualmente da gest\u00e3o municipal e [&hellip;]<\/p>\n","protected":false},"author":1,"featured_media":0,"comment_status":"open","ping_status":"open","sticky":false,"template":"","format":"standard","meta":{"cybocfi_hide_featured_image":"","_jetpack_memberships_contains_paid_content":false,"footnotes":""},"categories":[1],"tags":[],"class_list":["post-5327","post","type-post","status-publish","format-standard","hentry","category-diversos"],"yoast_head":"<!-- This site is optimized with the Yoast SEO plugin v25.6 - https:\/\/yoast.com\/wordpress\/plugins\/seo\/ -->\n<title>Exclusivo: Jo\u00e3o Batista Torres entra na base governista de Paulinho Freire - Blog do Bispo<\/title>\n<meta name=\"robots\" content=\"index, follow, max-snippet:-1, max-image-preview:large, max-video-preview:-1\" \/>\n<link rel=\"canonical\" href=\"https:\/\/blogdobispo.com.br\/?p=5327\" \/>\n<meta property=\"og:locale\" content=\"pt_BR\" \/>\n<meta property=\"og:type\" content=\"article\" \/>\n<meta property=\"og:title\" content=\"Exclusivo: Jo\u00e3o Batista Torres entra na base governista de Paulinho Freire - Blog do Bispo\" \/>\n<meta property=\"og:description\" content=\"Eleito em 2024 pelo Democracia Crist\u00e3 (DC), Jo\u00e3o Batista Torres chegou \u00e0 C\u00e2mara Municipal de Natal ap\u00f3s anos de dedica\u00e7\u00e3o como lideran\u00e7a comunit\u00e1ria no bairro Planalto. Com essa trajet\u00f3ria, tem direcionado seu mandato para buscar melhorias e infraestrutura para a regi\u00e3o que representa. Inicialmente com postura independente, Torres se aproximou gradualmente da gest\u00e3o municipal e [&hellip;]\" \/>\n<meta property=\"og:url\" content=\"https:\/\/blogdobispo.com.br\/?p=5327\" \/>\n<meta property=\"og:site_name\" content=\"Blog do Bispo\" \/>\n<meta property=\"article:published_time\" content=\"2025-05-15T00:26:41+00:00\" \/>\n<meta property=\"article:modified_time\" content=\"2025-05-15T00:28:00+00:00\" \/>\n<meta property=\"og:image\" content=\"https:\/\/blogdobispo.com.br\/wp-content\/uploads\/2025\/05\/f524294d-4e98-4ab4-ae4a-fa941ae10d1f-1-1024x500.jpg\" \/>\n<meta name=\"author\" content=\"Jefferson Sterfeno\" \/>\n<meta name=\"twitter:card\" content=\"summary_large_image\" \/>\n<meta name=\"twitter:label1\" content=\"Escrito por\" \/>\n\t<meta name=\"twitter:data1\" content=\"Jefferson Sterfeno\" \/>\n\t<meta name=\"twitter:label2\" content=\"Est. tempo de leitura\" \/>\n\t<meta name=\"twitter:data2\" content=\"1 minuto\" \/>\n<script type=\"application\/ld+json\" class=\"yoast-schema-graph\">{\"@context\":\"https:\/\/schema.org\",\"@graph\":[{\"@type\":\"Article\",\"@id\":\"https:\/\/blogdobispo.com.br\/?p=5327#article\",\"isPartOf\":{\"@id\":\"https:\/\/blogdobispo.com.br\/?p=5327\"},\"author\":{\"name\":\"Jefferson Sterfeno\",\"@id\":\"https:\/\/blogdobispo.com.br\/#\/schema\/person\/e2209cc0e6cea5c5233d033e997b373f\"},\"headline\":\"Exclusivo: Jo\u00e3o Batista Torres entra na base governista de Paulinho Freire\",\"datePublished\":\"2025-05-15T00:26:41+00:00\",\"dateModified\":\"2025-05-15T00:28:00+00:00\",\"mainEntityOfPage\":{\"@id\":\"https:\/\/blogdobispo.com.br\/?p=5327\"},\"wordCount\":297,\"commentCount\":6,\"publisher\":{\"@id\":\"https:\/\/blogdobispo.com.br\/#organization\"},\"image\":{\"@id\":\"https:\/\/blogdobispo.com.br\/?p=5327#primaryimage\"},\"thumbnailUrl\":\"https:\/\/blogdobispo.com.br\/wp-content\/uploads\/2025\/05\/f524294d-4e98-4ab4-ae4a-fa941ae10d1f-1-1024x500.jpg\",\"articleSection\":[\"diversos\"],\"inLanguage\":\"pt-BR\",\"potentialAction\":[{\"@type\":\"CommentAction\",\"name\":\"Comment\",\"target\":[\"https:\/\/blogdobispo.com.br\/?p=5327#respond\"]}]},{\"@type\":\"WebPage\",\"@id\":\"https:\/\/blogdobispo.com.br\/?p=5327\",\"url\":\"https:\/\/blogdobispo.com.br\/?p=5327\",\"name\":\"Exclusivo: Jo\u00e3o Batista Torres entra na base governista de Paulinho Freire - Blog do Bispo\",\"isPartOf\":{\"@id\":\"https:\/\/blogdobispo.com.br\/#website\"},\"primaryImageOfPage\":{\"@id\":\"https:\/\/blogdobispo.com.br\/?p=5327#primaryimage\"},\"image\":{\"@id\":\"https:\/\/blogdobispo.com.br\/?p=5327#primaryimage\"},\"thumbnailUrl\":\"https:\/\/blogdobispo.com.br\/wp-content\/uploads\/2025\/05\/f524294d-4e98-4ab4-ae4a-fa941ae10d1f-1-1024x500.jpg\",\"datePublished\":\"2025-05-15T00:26:41+00:00\",\"dateModified\":\"2025-05-15T00:28:00+00:00\",\"breadcrumb\":{\"@id\":\"https:\/\/blogdobispo.com.br\/?p=5327#breadcrumb\"},\"inLanguage\":\"pt-BR\",\"potentialAction\":[{\"@type\":\"ReadAction\",\"target\":[\"https:\/\/blogdobispo.com.br\/?p=5327\"]}]},{\"@type\":\"ImageObject\",\"inLanguage\":\"pt-BR\",\"@id\":\"https:\/\/blogdobispo.com.br\/?p=5327#primaryimage\",\"url\":\"https:\/\/blogdobispo.com.br\/wp-content\/uploads\/2025\/05\/f524294d-4e98-4ab4-ae4a-fa941ae10d1f-1-1024x500.jpg\",\"contentUrl\":\"https:\/\/blogdobispo.com.br\/wp-content\/uploads\/2025\/05\/f524294d-4e98-4ab4-ae4a-fa941ae10d1f-1-1024x500.jpg\"},{\"@type\":\"BreadcrumbList\",\"@id\":\"https:\/\/blogdobispo.com.br\/?p=5327#breadcrumb\",\"itemListElement\":[{\"@type\":\"ListItem\",\"position\":1,\"name\":\"In\u00edcio\",\"item\":\"https:\/\/blogdobispo.com.br\/\"},{\"@type\":\"ListItem\",\"position\":2,\"name\":\"Exclusivo: Jo\u00e3o Batista Torres entra na base governista de Paulinho Freire\"}]},{\"@type\":\"WebSite\",\"@id\":\"https:\/\/blogdobispo.com.br\/#website\",\"url\":\"https:\/\/blogdobispo.com.br\/\",\"name\":\"Blog do Bispo\",\"description\":\"Comprometido apenas com o leitor\",\"publisher\":{\"@id\":\"https:\/\/blogdobispo.com.br\/#organization\"},\"potentialAction\":[{\"@type\":\"SearchAction\",\"target\":{\"@type\":\"EntryPoint\",\"urlTemplate\":\"https:\/\/blogdobispo.com.br\/?s={search_term_string}\"},\"query-input\":{\"@type\":\"PropertyValueSpecification\",\"valueRequired\":true,\"valueName\":\"search_term_string\"}}],\"inLanguage\":\"pt-BR\"},{\"@type\":\"Organization\",\"@id\":\"https:\/\/blogdobispo.com.br\/#organization\",\"name\":\"Blog do Bispo\",\"url\":\"https:\/\/blogdobispo.com.br\/\",\"logo\":{\"@type\":\"ImageObject\",\"inLanguage\":\"pt-BR\",\"@id\":\"https:\/\/blogdobispo.com.br\/#\/schema\/logo\/image\/\",\"url\":\"http:\/\/blogdobispo.com.br\/wp-content\/uploads\/2023\/05\/cropped-headear.png\",\"contentUrl\":\"http:\/\/blogdobispo.com.br\/wp-content\/uploads\/2023\/05\/cropped-headear.png\",\"width\":1500,\"height\":399,\"caption\":\"Blog do Bispo\"},\"image\":{\"@id\":\"https:\/\/blogdobispo.com.br\/#\/schema\/logo\/image\/\"}},{\"@type\":\"Person\",\"@id\":\"https:\/\/blogdobispo.com.br\/#\/schema\/person\/e2209cc0e6cea5c5233d033e997b373f\",\"name\":\"Jefferson Sterfeno\",\"image\":{\"@type\":\"ImageObject\",\"inLanguage\":\"pt-BR\",\"@id\":\"https:\/\/blogdobispo.com.br\/#\/schema\/person\/image\/\",\"url\":\"https:\/\/secure.gravatar.com\/avatar\/0534e84764641168a677026b6d57a3f51dc7ac4db0b4f6186d9cb330d4ee1160?s=96&d=mm&r=g\",\"contentUrl\":\"https:\/\/secure.gravatar.com\/avatar\/0534e84764641168a677026b6d57a3f51dc7ac4db0b4f6186d9cb330d4ee1160?s=96&d=mm&r=g\",\"caption\":\"Jefferson Sterfeno\"},\"sameAs\":[\"http:\/\/blogdobispo.com.br\"],\"url\":\"https:\/\/blogdobispo.com.br\/?author=1\"}]}<\/script>\n<!-- \/ Yoast SEO plugin. -->","yoast_head_json":{"title":"Exclusivo: Jo\u00e3o Batista Torres entra na base governista de Paulinho Freire - Blog do Bispo","robots":{"index":"index","follow":"follow","max-snippet":"max-snippet:-1","max-image-preview":"max-image-preview:large","max-video-preview":"max-video-preview:-1"},"canonical":"https:\/\/blogdobispo.com.br\/?p=5327","og_locale":"pt_BR","og_type":"article","og_title":"Exclusivo: Jo\u00e3o Batista Torres entra na base governista de Paulinho Freire - Blog do Bispo","og_description":"Eleito em 2024 pelo Democracia Crist\u00e3 (DC), Jo\u00e3o Batista Torres chegou \u00e0 C\u00e2mara Municipal de Natal ap\u00f3s anos de dedica\u00e7\u00e3o como lideran\u00e7a comunit\u00e1ria no bairro Planalto. Com essa trajet\u00f3ria, tem direcionado seu mandato para buscar melhorias e infraestrutura para a regi\u00e3o que representa. Inicialmente com postura independente, Torres se aproximou gradualmente da gest\u00e3o municipal e [&hellip;]","og_url":"https:\/\/blogdobispo.com.br\/?p=5327","og_site_name":"Blog do Bispo","article_published_time":"2025-05-15T00:26:41+00:00","article_modified_time":"2025-05-15T00:28:00+00:00","og_image":[{"url":"https:\/\/blogdobispo.com.br\/wp-content\/uploads\/2025\/05\/f524294d-4e98-4ab4-ae4a-fa941ae10d1f-1-1024x500.jpg","type":"","width":"","height":""}],"author":"Jefferson Sterfeno","twitter_card":"summary_large_image","twitter_misc":{"Escrito por":"Jefferson Sterfeno","Est. tempo de leitura":"1 minuto"},"schema":{"@context":"https:\/\/schema.org","@graph":[{"@type":"Article","@id":"https:\/\/blogdobispo.com.br\/?p=5327#article","isPartOf":{"@id":"https:\/\/blogdobispo.com.br\/?p=5327"},"author":{"name":"Jefferson Sterfeno","@id":"https:\/\/blogdobispo.com.br\/#\/schema\/person\/e2209cc0e6cea5c5233d033e997b373f"},"headline":"Exclusivo: Jo\u00e3o Batista Torres entra na base governista de Paulinho Freire","datePublished":"2025-05-15T00:26:41+00:00","dateModified":"2025-05-15T00:28:00+00:00","mainEntityOfPage":{"@id":"https:\/\/blogdobispo.com.br\/?p=5327"},"wordCount":297,"commentCount":6,"publisher":{"@id":"https:\/\/blogdobispo.com.br\/#organization"},"image":{"@id":"https:\/\/blogdobispo.com.br\/?p=5327#primaryimage"},"thumbnailUrl":"https:\/\/blogdobispo.com.br\/wp-content\/uploads\/2025\/05\/f524294d-4e98-4ab4-ae4a-fa941ae10d1f-1-1024x500.jpg","articleSection":["diversos"],"inLanguage":"pt-BR","potentialAction":[{"@type":"CommentAction","name":"Comment","target":["https:\/\/blogdobispo.com.br\/?p=5327#respond"]}]},{"@type":"WebPage","@id":"https:\/\/blogdobispo.com.br\/?p=5327","url":"https:\/\/blogdobispo.com.br\/?p=5327","name":"Exclusivo: Jo\u00e3o Batista Torres entra na base governista de Paulinho Freire - Blog do Bispo","isPartOf":{"@id":"https:\/\/blogdobispo.com.br\/#website"},"primaryImageOfPage":{"@id":"https:\/\/blogdobispo.com.br\/?p=5327#primaryimage"},"image":{"@id":"https:\/\/blogdobispo.com.br\/?p=5327#primaryimage"},"thumbnailUrl":"https:\/\/blogdobispo.com.br\/wp-content\/uploads\/2025\/05\/f524294d-4e98-4ab4-ae4a-fa941ae10d1f-1-1024x500.jpg","datePublished":"2025-05-15T00:26:41+00:00","dateModified":"2025-05-15T00:28:00+00:00","breadcrumb":{"@id":"https:\/\/blogdobispo.com.br\/?p=5327#breadcrumb"},"inLanguage":"pt-BR","potentialAction":[{"@type":"ReadAction","target":["https:\/\/blogdobispo.com.br\/?p=5327"]}]},{"@type":"ImageObject","inLanguage":"pt-BR","@id":"https:\/\/blogdobispo.com.br\/?p=5327#primaryimage","url":"https:\/\/blogdobispo.com.br\/wp-content\/uploads\/2025\/05\/f524294d-4e98-4ab4-ae4a-fa941ae10d1f-1-1024x500.jpg","contentUrl":"https:\/\/blogdobispo.com.br\/wp-content\/uploads\/2025\/05\/f524294d-4e98-4ab4-ae4a-fa941ae10d1f-1-1024x500.jpg"},{"@type":"BreadcrumbList","@id":"https:\/\/blogdobispo.com.br\/?p=5327#breadcrumb","itemListElement":[{"@type":"ListItem","position":1,"name":"In\u00edcio","item":"https:\/\/blogdobispo.com.br\/"},{"@type":"ListItem","position":2,"name":"Exclusivo: Jo\u00e3o Batista Torres entra na base governista de Paulinho Freire"}]},{"@type":"WebSite","@id":"https:\/\/blogdobispo.com.br\/#website","url":"https:\/\/blogdobispo.com.br\/","name":"Blog do Bispo","description":"Comprometido apenas com o leitor","publisher":{"@id":"https:\/\/blogdobispo.com.br\/#organization"},"potentialAction":[{"@type":"SearchAction","target":{"@type":"EntryPoint","urlTemplate":"https:\/\/blogdobispo.com.br\/?s={search_term_string}"},"query-input":{"@type":"PropertyValueSpecification","valueRequired":true,"valueName":"search_term_string"}}],"inLanguage":"pt-BR"},{"@type":"Organization","@id":"https:\/\/blogdobispo.com.br\/#organization","name":"Blog do Bispo","url":"https:\/\/blogdobispo.com.br\/","logo":{"@type":"ImageObject","inLanguage":"pt-BR","@id":"https:\/\/blogdobispo.com.br\/#\/schema\/logo\/image\/","url":"http:\/\/blogdobispo.com.br\/wp-content\/uploads\/2023\/05\/cropped-headear.png","contentUrl":"http:\/\/blogdobispo.com.br\/wp-content\/uploads\/2023\/05\/cropped-headear.png","width":1500,"height":399,"caption":"Blog do Bispo"},"image":{"@id":"https:\/\/blogdobispo.com.br\/#\/schema\/logo\/image\/"}},{"@type":"Person","@id":"https:\/\/blogdobispo.com.br\/#\/schema\/person\/e2209cc0e6cea5c5233d033e997b373f","name":"Jefferson Sterfeno","image":{"@type":"ImageObject","inLanguage":"pt-BR","@id":"https:\/\/blogdobispo.com.br\/#\/schema\/person\/image\/","url":"https:\/\/secure.gravatar.com\/avatar\/0534e84764641168a677026b6d57a3f51dc7ac4db0b4f6186d9cb330d4ee1160?s=96&d=mm&r=g","contentUrl":"https:\/\/secure.gravatar.com\/avatar\/0534e84764641168a677026b6d57a3f51dc7ac4db0b4f6186d9cb330d4ee1160?s=96&d=mm&r=g","caption":"Jefferson Sterfeno"},"sameAs":["http:\/\/blogdobispo.com.br"],"url":"https:\/\/blogdobispo.com.br\/?author=1"}]}},"featured_image_urls":{"full":"","thumbnail":"","medium":"","medium_large":"","large":"","1536x1536":"","2048x2048":""},"author_info":{"display_name":"Jefferson Sterfeno","author_link":"https:\/\/blogdobispo.com.br\/?author=1"},"category_info":"<a href=\"https:\/\/blogdobispo.com.br\/?cat=1\" rel=\"category\">diversos<\/a>","tag_info":"diversos","comment_count":"6","jetpack_featured_media_url":"","jetpack_sharing_enabled":true,"_links":{"self":[{"href":"https:\/\/blogdobispo.com.br\/index.php?rest_route=\/wp\/v2\/posts\/5327","targetHints":{"allow":["GET"]}}],"collection":[{"href":"https:\/\/blogdobispo.com.br\/index.php?rest_route=\/wp\/v2\/posts"}],"about":[{"href":"https:\/\/blogdobispo.com.br\/index.php?rest_route=\/wp\/v2\/types\/post"}],"author":[{"embeddable":true,"href":"https:\/\/blogdobispo.com.br\/index.php?rest_route=\/wp\/v2\/users\/1"}],"replies":[{"embeddable":true,"href":"https:\/\/blogdobispo.com.br\/index.php?rest_route=%2Fwp%2Fv2%2Fcomments&post=5327"}],"version-history":[{"count":1,"href":"https:\/\/blogdobispo.com.br\/index.php?rest_route=\/wp\/v2\/posts\/5327\/revisions"}],"predecessor-version":[{"id":5328,"href":"https:\/\/blogdobispo.com.br\/index.php?rest_route=\/wp\/v2\/posts\/5327\/revisions\/5328"}],"wp:attachment":[{"href":"https:\/\/blogdobispo.com.br\/index.php?rest_route=%2Fwp%2Fv2%2Fmedia&parent=5327"}],"wp:term":[{"taxonomy":"category","embeddable":true,"href":"https:\/\/blogdobispo.com.br\/index.php?rest_route=%2Fwp%2Fv2%2Fcategories&post=5327"},{"taxonomy":"post_tag","embeddable":true,"href":"https:\/\/blogdobispo.com.br\/index.php?rest_route=%2Fwp%2Fv2%2Ftags&post=5327"}],"curies":[{"name":"wp","href":"https:\/\/api.w.org\/{rel}","templated":true}]}}