{"id":5316,"date":"2025-05-13T23:35:46","date_gmt":"2025-05-13T23:35:46","guid":{"rendered":"https:\/\/blogdobispo.com.br\/?p=5316"},"modified":"2025-05-13T23:35:46","modified_gmt":"2025-05-13T23:35:46","slug":"pl-e-instituto-alvaro-valle-realizam-oficina-do-rota-22-em-barauna","status":"publish","type":"post","link":"https:\/\/blogdobispo.com.br\/?p=5316","title":{"rendered":"PL e Instituto \u00c1lvaro Valle realizam oficina do Rota 22 em Bara\u00fana"},"content":{"rendered":"\n<figure class=\"wp-block-image size-large\"><img data-recalc-dims=\"1\" fetchpriority=\"high\" decoding=\"async\" width=\"594\" height=\"671\" src=\"https:\/\/i0.wp.com\/blogdobispo.com.br\/wp-content\/uploads\/2025\/05\/56e47fa2-a5e5-4b2c-8d35-f2ae901150d5-1.jpg?resize=594%2C671&#038;ssl=1\" class=\"wp-image-5315\" srcset=\"https:\/\/i0.wp.com\/blogdobispo.com.br\/wp-content\/uploads\/2025\/05\/56e47fa2-a5e5-4b2c-8d35-f2ae901150d5-1.jpg?w=594&amp;ssl=1 594w, https:\/\/i0.wp.com\/blogdobispo.com.br\/wp-content\/uploads\/2025\/05\/56e47fa2-a5e5-4b2c-8d35-f2ae901150d5-1.jpg?resize=266%2C300&amp;ssl=1 266w\" sizes=\"(max-width: 594px) 100vw, 594px\" \/><\/figure>\n\n\n\n<p><\/p>\n\n\n\n<p>\u201cO que n\u00f3s podemos fazer a mais?\u201d Essa foi a provoca\u00e7\u00e3o lan\u00e7ada pela coordena\u00e7\u00e3o do Projeto Rota 22 durante a oficina realizada na C\u00e2mara Municipal de Bara\u00fana, nesta ter\u00e7a-feira (13), das 15h \u00e0s 19h. O evento contou com a participa\u00e7\u00e3o de lideran\u00e7as pol\u00edticas, representantes da sociedade civil e da popula\u00e7\u00e3o em geral, que se reuniram para debater as principais demandas da regi\u00e3o do Baixo Oeste do Rio Grande do Norte. Nesta quarta-feira (14), o Rota 22 segue para a cidade de Upanema.<\/p>\n\n\n\n<p>Al\u00e9m da coordena\u00e7\u00e3o do PL Mulher no Estado, participaram dos debates o presidente da C\u00e2mara Municipal de Bara\u00fana, Fabr\u00edcio Equipadora, e o vereador de Mossor\u00f3, Jailson Nogueira. Este \u00faltimo destacou a visita do ex-presidente Jair Bolsonaro a Mossor\u00f3, prevista para o pr\u00f3ximo m\u00eas de junho. \u201cVamos preparar uma grande recep\u00e7\u00e3o para o ex-presidente Bolsonaro\u201d, afirmou.<\/p>\n\n\n\n<p>Fique conectado com o Rota 22 \u2014 Acesse o site plrota22.com.br e confira quando o projeto passar\u00e1 por sua regi\u00e3o. Mais informa\u00e7\u00f5es tamb\u00e9m est\u00e3o dispon\u00edveis nas redes sociais, pelos perfis @pl22rn e @plnacional22, e no canal de WhatsApp do Rota 22 no Rio Grande do Norte: canal.plrota22.com.br.<\/p>\n\n\n\n<p>Realizado pelo PL, em parceria com o Instituto \u00c1lvaro Valle e sob a lideran\u00e7a do ex-presidente Jair Bolsonaro e do senador Rog\u00e9rio Marinho, o Rota 22 promove oficinas e semin\u00e1rios em todas as regi\u00f5es do Rio Grande do Norte, com o objetivo de identificar demandas locais e fortalecer o compromisso do partido com a melhoria da qualidade de vida da popula\u00e7\u00e3o.<\/p>\n","protected":false},"excerpt":{"rendered":"<p>\u201cO que n\u00f3s podemos fazer a mais?\u201d Essa foi a provoca\u00e7\u00e3o lan\u00e7ada pela coordena\u00e7\u00e3o do Projeto Rota 22 durante a oficina realizada na C\u00e2mara Municipal de Bara\u00fana, nesta ter\u00e7a-feira (13), das 15h \u00e0s 19h. O evento contou com a participa\u00e7\u00e3o de lideran\u00e7as pol\u00edticas, representantes da sociedade civil e da popula\u00e7\u00e3o em geral, que se reuniram [&hellip;]<\/p>\n","protected":false},"author":1,"featured_media":0,"comment_status":"open","ping_status":"open","sticky":false,"template":"","format":"standard","meta":{"cybocfi_hide_featured_image":"","_jetpack_memberships_contains_paid_content":false,"footnotes":""},"categories":[1],"tags":[],"class_list":["post-5316","post","type-post","status-publish","format-standard","hentry","category-diversos"],"yoast_head":"<!-- This site is optimized with the Yoast SEO plugin v25.6 - https:\/\/yoast.com\/wordpress\/plugins\/seo\/ -->\n<title>PL e Instituto \u00c1lvaro Valle realizam oficina do Rota 22 em Bara\u00fana - Blog do Bispo<\/title>\n<meta name=\"robots\" content=\"index, follow, max-snippet:-1, max-image-preview:large, max-video-preview:-1\" \/>\n<link rel=\"canonical\" href=\"https:\/\/blogdobispo.com.br\/?p=5316\" \/>\n<meta property=\"og:locale\" content=\"pt_BR\" \/>\n<meta property=\"og:type\" content=\"article\" \/>\n<meta property=\"og:title\" content=\"PL e Instituto \u00c1lvaro Valle realizam oficina do Rota 22 em Bara\u00fana - Blog do Bispo\" \/>\n<meta property=\"og:description\" content=\"\u201cO que n\u00f3s podemos fazer a mais?\u201d Essa foi a provoca\u00e7\u00e3o lan\u00e7ada pela coordena\u00e7\u00e3o do Projeto Rota 22 durante a oficina realizada na C\u00e2mara Municipal de Bara\u00fana, nesta ter\u00e7a-feira (13), das 15h \u00e0s 19h. O evento contou com a participa\u00e7\u00e3o de lideran\u00e7as pol\u00edticas, representantes da sociedade civil e da popula\u00e7\u00e3o em geral, que se reuniram [&hellip;]\" \/>\n<meta property=\"og:url\" content=\"https:\/\/blogdobispo.com.br\/?p=5316\" \/>\n<meta property=\"og:site_name\" content=\"Blog do Bispo\" \/>\n<meta property=\"article:published_time\" content=\"2025-05-13T23:35:46+00:00\" \/>\n<meta property=\"og:image\" content=\"https:\/\/blogdobispo.com.br\/wp-content\/uploads\/2025\/05\/56e47fa2-a5e5-4b2c-8d35-f2ae901150d5-1.jpg\" \/>\n<meta name=\"author\" content=\"Jefferson Sterfeno\" \/>\n<meta name=\"twitter:card\" content=\"summary_large_image\" \/>\n<meta name=\"twitter:label1\" content=\"Escrito por\" \/>\n\t<meta name=\"twitter:data1\" content=\"Jefferson Sterfeno\" \/>\n\t<meta name=\"twitter:label2\" content=\"Est. tempo de leitura\" \/>\n\t<meta name=\"twitter:data2\" content=\"1 minuto\" \/>\n<script type=\"application\/ld+json\" class=\"yoast-schema-graph\">{\"@context\":\"https:\/\/schema.org\",\"@graph\":[{\"@type\":\"Article\",\"@id\":\"https:\/\/blogdobispo.com.br\/?p=5316#article\",\"isPartOf\":{\"@id\":\"https:\/\/blogdobispo.com.br\/?p=5316\"},\"author\":{\"name\":\"Jefferson Sterfeno\",\"@id\":\"https:\/\/blogdobispo.com.br\/#\/schema\/person\/e2209cc0e6cea5c5233d033e997b373f\"},\"headline\":\"PL e Instituto \u00c1lvaro Valle realizam oficina do Rota 22 em Bara\u00fana\",\"datePublished\":\"2025-05-13T23:35:46+00:00\",\"mainEntityOfPage\":{\"@id\":\"https:\/\/blogdobispo.com.br\/?p=5316\"},\"wordCount\":285,\"commentCount\":0,\"publisher\":{\"@id\":\"https:\/\/blogdobispo.com.br\/#organization\"},\"image\":{\"@id\":\"https:\/\/blogdobispo.com.br\/?p=5316#primaryimage\"},\"thumbnailUrl\":\"https:\/\/blogdobispo.com.br\/wp-content\/uploads\/2025\/05\/56e47fa2-a5e5-4b2c-8d35-f2ae901150d5-1.jpg\",\"articleSection\":[\"diversos\"],\"inLanguage\":\"pt-BR\",\"potentialAction\":[{\"@type\":\"CommentAction\",\"name\":\"Comment\",\"target\":[\"https:\/\/blogdobispo.com.br\/?p=5316#respond\"]}]},{\"@type\":\"WebPage\",\"@id\":\"https:\/\/blogdobispo.com.br\/?p=5316\",\"url\":\"https:\/\/blogdobispo.com.br\/?p=5316\",\"name\":\"PL e Instituto \u00c1lvaro Valle realizam oficina do Rota 22 em Bara\u00fana - Blog do Bispo\",\"isPartOf\":{\"@id\":\"https:\/\/blogdobispo.com.br\/#website\"},\"primaryImageOfPage\":{\"@id\":\"https:\/\/blogdobispo.com.br\/?p=5316#primaryimage\"},\"image\":{\"@id\":\"https:\/\/blogdobispo.com.br\/?p=5316#primaryimage\"},\"thumbnailUrl\":\"https:\/\/blogdobispo.com.br\/wp-content\/uploads\/2025\/05\/56e47fa2-a5e5-4b2c-8d35-f2ae901150d5-1.jpg\",\"datePublished\":\"2025-05-13T23:35:46+00:00\",\"breadcrumb\":{\"@id\":\"https:\/\/blogdobispo.com.br\/?p=5316#breadcrumb\"},\"inLanguage\":\"pt-BR\",\"potentialAction\":[{\"@type\":\"ReadAction\",\"target\":[\"https:\/\/blogdobispo.com.br\/?p=5316\"]}]},{\"@type\":\"ImageObject\",\"inLanguage\":\"pt-BR\",\"@id\":\"https:\/\/blogdobispo.com.br\/?p=5316#primaryimage\",\"url\":\"https:\/\/blogdobispo.com.br\/wp-content\/uploads\/2025\/05\/56e47fa2-a5e5-4b2c-8d35-f2ae901150d5-1.jpg\",\"contentUrl\":\"https:\/\/blogdobispo.com.br\/wp-content\/uploads\/2025\/05\/56e47fa2-a5e5-4b2c-8d35-f2ae901150d5-1.jpg\"},{\"@type\":\"BreadcrumbList\",\"@id\":\"https:\/\/blogdobispo.com.br\/?p=5316#breadcrumb\",\"itemListElement\":[{\"@type\":\"ListItem\",\"position\":1,\"name\":\"In\u00edcio\",\"item\":\"https:\/\/blogdobispo.com.br\/\"},{\"@type\":\"ListItem\",\"position\":2,\"name\":\"PL e Instituto \u00c1lvaro Valle realizam oficina do Rota 22 em Bara\u00fana\"}]},{\"@type\":\"WebSite\",\"@id\":\"https:\/\/blogdobispo.com.br\/#website\",\"url\":\"https:\/\/blogdobispo.com.br\/\",\"name\":\"Blog do Bispo\",\"description\":\"Comprometido apenas com o leitor\",\"publisher\":{\"@id\":\"https:\/\/blogdobispo.com.br\/#organization\"},\"potentialAction\":[{\"@type\":\"SearchAction\",\"target\":{\"@type\":\"EntryPoint\",\"urlTemplate\":\"https:\/\/blogdobispo.com.br\/?s={search_term_string}\"},\"query-input\":{\"@type\":\"PropertyValueSpecification\",\"valueRequired\":true,\"valueName\":\"search_term_string\"}}],\"inLanguage\":\"pt-BR\"},{\"@type\":\"Organization\",\"@id\":\"https:\/\/blogdobispo.com.br\/#organization\",\"name\":\"Blog do Bispo\",\"url\":\"https:\/\/blogdobispo.com.br\/\",\"logo\":{\"@type\":\"ImageObject\",\"inLanguage\":\"pt-BR\",\"@id\":\"https:\/\/blogdobispo.com.br\/#\/schema\/logo\/image\/\",\"url\":\"http:\/\/blogdobispo.com.br\/wp-content\/uploads\/2023\/05\/cropped-headear.png\",\"contentUrl\":\"http:\/\/blogdobispo.com.br\/wp-content\/uploads\/2023\/05\/cropped-headear.png\",\"width\":1500,\"height\":399,\"caption\":\"Blog do Bispo\"},\"image\":{\"@id\":\"https:\/\/blogdobispo.com.br\/#\/schema\/logo\/image\/\"}},{\"@type\":\"Person\",\"@id\":\"https:\/\/blogdobispo.com.br\/#\/schema\/person\/e2209cc0e6cea5c5233d033e997b373f\",\"name\":\"Jefferson Sterfeno\",\"image\":{\"@type\":\"ImageObject\",\"inLanguage\":\"pt-BR\",\"@id\":\"https:\/\/blogdobispo.com.br\/#\/schema\/person\/image\/\",\"url\":\"https:\/\/secure.gravatar.com\/avatar\/0534e84764641168a677026b6d57a3f51dc7ac4db0b4f6186d9cb330d4ee1160?s=96&d=mm&r=g\",\"contentUrl\":\"https:\/\/secure.gravatar.com\/avatar\/0534e84764641168a677026b6d57a3f51dc7ac4db0b4f6186d9cb330d4ee1160?s=96&d=mm&r=g\",\"caption\":\"Jefferson Sterfeno\"},\"sameAs\":[\"http:\/\/blogdobispo.com.br\"],\"url\":\"https:\/\/blogdobispo.com.br\/?author=1\"}]}<\/script>\n<!-- \/ Yoast SEO plugin. -->","yoast_head_json":{"title":"PL e Instituto \u00c1lvaro Valle realizam oficina do Rota 22 em Bara\u00fana - Blog do Bispo","robots":{"index":"index","follow":"follow","max-snippet":"max-snippet:-1","max-image-preview":"max-image-preview:large","max-video-preview":"max-video-preview:-1"},"canonical":"https:\/\/blogdobispo.com.br\/?p=5316","og_locale":"pt_BR","og_type":"article","og_title":"PL e Instituto \u00c1lvaro Valle realizam oficina do Rota 22 em Bara\u00fana - Blog do Bispo","og_description":"\u201cO que n\u00f3s podemos fazer a mais?\u201d Essa foi a provoca\u00e7\u00e3o lan\u00e7ada pela coordena\u00e7\u00e3o do Projeto Rota 22 durante a oficina realizada na C\u00e2mara Municipal de Bara\u00fana, nesta ter\u00e7a-feira (13), das 15h \u00e0s 19h. O evento contou com a participa\u00e7\u00e3o de lideran\u00e7as pol\u00edticas, representantes da sociedade civil e da popula\u00e7\u00e3o em geral, que se reuniram [&hellip;]","og_url":"https:\/\/blogdobispo.com.br\/?p=5316","og_site_name":"Blog do Bispo","article_published_time":"2025-05-13T23:35:46+00:00","og_image":[{"url":"https:\/\/blogdobispo.com.br\/wp-content\/uploads\/2025\/05\/56e47fa2-a5e5-4b2c-8d35-f2ae901150d5-1.jpg","type":"","width":"","height":""}],"author":"Jefferson Sterfeno","twitter_card":"summary_large_image","twitter_misc":{"Escrito por":"Jefferson Sterfeno","Est. tempo de leitura":"1 minuto"},"schema":{"@context":"https:\/\/schema.org","@graph":[{"@type":"Article","@id":"https:\/\/blogdobispo.com.br\/?p=5316#article","isPartOf":{"@id":"https:\/\/blogdobispo.com.br\/?p=5316"},"author":{"name":"Jefferson Sterfeno","@id":"https:\/\/blogdobispo.com.br\/#\/schema\/person\/e2209cc0e6cea5c5233d033e997b373f"},"headline":"PL e Instituto \u00c1lvaro Valle realizam oficina do Rota 22 em Bara\u00fana","datePublished":"2025-05-13T23:35:46+00:00","mainEntityOfPage":{"@id":"https:\/\/blogdobispo.com.br\/?p=5316"},"wordCount":285,"commentCount":0,"publisher":{"@id":"https:\/\/blogdobispo.com.br\/#organization"},"image":{"@id":"https:\/\/blogdobispo.com.br\/?p=5316#primaryimage"},"thumbnailUrl":"https:\/\/blogdobispo.com.br\/wp-content\/uploads\/2025\/05\/56e47fa2-a5e5-4b2c-8d35-f2ae901150d5-1.jpg","articleSection":["diversos"],"inLanguage":"pt-BR","potentialAction":[{"@type":"CommentAction","name":"Comment","target":["https:\/\/blogdobispo.com.br\/?p=5316#respond"]}]},{"@type":"WebPage","@id":"https:\/\/blogdobispo.com.br\/?p=5316","url":"https:\/\/blogdobispo.com.br\/?p=5316","name":"PL e Instituto \u00c1lvaro Valle realizam oficina do Rota 22 em Bara\u00fana - Blog do Bispo","isPartOf":{"@id":"https:\/\/blogdobispo.com.br\/#website"},"primaryImageOfPage":{"@id":"https:\/\/blogdobispo.com.br\/?p=5316#primaryimage"},"image":{"@id":"https:\/\/blogdobispo.com.br\/?p=5316#primaryimage"},"thumbnailUrl":"https:\/\/blogdobispo.com.br\/wp-content\/uploads\/2025\/05\/56e47fa2-a5e5-4b2c-8d35-f2ae901150d5-1.jpg","datePublished":"2025-05-13T23:35:46+00:00","breadcrumb":{"@id":"https:\/\/blogdobispo.com.br\/?p=5316#breadcrumb"},"inLanguage":"pt-BR","potentialAction":[{"@type":"ReadAction","target":["https:\/\/blogdobispo.com.br\/?p=5316"]}]},{"@type":"ImageObject","inLanguage":"pt-BR","@id":"https:\/\/blogdobispo.com.br\/?p=5316#primaryimage","url":"https:\/\/blogdobispo.com.br\/wp-content\/uploads\/2025\/05\/56e47fa2-a5e5-4b2c-8d35-f2ae901150d5-1.jpg","contentUrl":"https:\/\/blogdobispo.com.br\/wp-content\/uploads\/2025\/05\/56e47fa2-a5e5-4b2c-8d35-f2ae901150d5-1.jpg"},{"@type":"BreadcrumbList","@id":"https:\/\/blogdobispo.com.br\/?p=5316#breadcrumb","itemListElement":[{"@type":"ListItem","position":1,"name":"In\u00edcio","item":"https:\/\/blogdobispo.com.br\/"},{"@type":"ListItem","position":2,"name":"PL e Instituto \u00c1lvaro Valle realizam oficina do Rota 22 em Bara\u00fana"}]},{"@type":"WebSite","@id":"https:\/\/blogdobispo.com.br\/#website","url":"https:\/\/blogdobispo.com.br\/","name":"Blog do Bispo","description":"Comprometido apenas com o leitor","publisher":{"@id":"https:\/\/blogdobispo.com.br\/#organization"},"potentialAction":[{"@type":"SearchAction","target":{"@type":"EntryPoint","urlTemplate":"https:\/\/blogdobispo.com.br\/?s={search_term_string}"},"query-input":{"@type":"PropertyValueSpecification","valueRequired":true,"valueName":"search_term_string"}}],"inLanguage":"pt-BR"},{"@type":"Organization","@id":"https:\/\/blogdobispo.com.br\/#organization","name":"Blog do Bispo","url":"https:\/\/blogdobispo.com.br\/","logo":{"@type":"ImageObject","inLanguage":"pt-BR","@id":"https:\/\/blogdobispo.com.br\/#\/schema\/logo\/image\/","url":"http:\/\/blogdobispo.com.br\/wp-content\/uploads\/2023\/05\/cropped-headear.png","contentUrl":"http:\/\/blogdobispo.com.br\/wp-content\/uploads\/2023\/05\/cropped-headear.png","width":1500,"height":399,"caption":"Blog do Bispo"},"image":{"@id":"https:\/\/blogdobispo.com.br\/#\/schema\/logo\/image\/"}},{"@type":"Person","@id":"https:\/\/blogdobispo.com.br\/#\/schema\/person\/e2209cc0e6cea5c5233d033e997b373f","name":"Jefferson Sterfeno","image":{"@type":"ImageObject","inLanguage":"pt-BR","@id":"https:\/\/blogdobispo.com.br\/#\/schema\/person\/image\/","url":"https:\/\/secure.gravatar.com\/avatar\/0534e84764641168a677026b6d57a3f51dc7ac4db0b4f6186d9cb330d4ee1160?s=96&d=mm&r=g","contentUrl":"https:\/\/secure.gravatar.com\/avatar\/0534e84764641168a677026b6d57a3f51dc7ac4db0b4f6186d9cb330d4ee1160?s=96&d=mm&r=g","caption":"Jefferson Sterfeno"},"sameAs":["http:\/\/blogdobispo.com.br"],"url":"https:\/\/blogdobispo.com.br\/?author=1"}]}},"featured_image_urls":{"full":"","thumbnail":"","medium":"","medium_large":"","large":"","1536x1536":"","2048x2048":""},"author_info":{"display_name":"Jefferson Sterfeno","author_link":"https:\/\/blogdobispo.com.br\/?author=1"},"category_info":"<a href=\"https:\/\/blogdobispo.com.br\/?cat=1\" rel=\"category\">diversos<\/a>","tag_info":"diversos","comment_count":"0","jetpack_featured_media_url":"","jetpack_sharing_enabled":true,"_links":{"self":[{"href":"https:\/\/blogdobispo.com.br\/index.php?rest_route=\/wp\/v2\/posts\/5316","targetHints":{"allow":["GET"]}}],"collection":[{"href":"https:\/\/blogdobispo.com.br\/index.php?rest_route=\/wp\/v2\/posts"}],"about":[{"href":"https:\/\/blogdobispo.com.br\/index.php?rest_route=\/wp\/v2\/types\/post"}],"author":[{"embeddable":true,"href":"https:\/\/blogdobispo.com.br\/index.php?rest_route=\/wp\/v2\/users\/1"}],"replies":[{"embeddable":true,"href":"https:\/\/blogdobispo.com.br\/index.php?rest_route=%2Fwp%2Fv2%2Fcomments&post=5316"}],"version-history":[{"count":0,"href":"https:\/\/blogdobispo.com.br\/index.php?rest_route=\/wp\/v2\/posts\/5316\/revisions"}],"wp:attachment":[{"href":"https:\/\/blogdobispo.com.br\/index.php?rest_route=%2Fwp%2Fv2%2Fmedia&parent=5316"}],"wp:term":[{"taxonomy":"category","embeddable":true,"href":"https:\/\/blogdobispo.com.br\/index.php?rest_route=%2Fwp%2Fv2%2Fcategories&post=5316"},{"taxonomy":"post_tag","embeddable":true,"href":"https:\/\/blogdobispo.com.br\/index.php?rest_route=%2Fwp%2Fv2%2Ftags&post=5316"}],"curies":[{"name":"wp","href":"https:\/\/api.w.org\/{rel}","templated":true}]}}