{"id":5314,"date":"2025-05-13T23:11:43","date_gmt":"2025-05-13T23:11:43","guid":{"rendered":"https:\/\/blogdobispo.com.br\/?p=5314"},"modified":"2025-05-13T23:11:43","modified_gmt":"2025-05-13T23:11:43","slug":"tudo-por-um-pi-a-industria-das-midias-e-a-epidemia-de-blogs-politicos","status":"publish","type":"post","link":"https:\/\/blogdobispo.com.br\/?p=5314","title":{"rendered":"Tudo por um PI: A Ind\u00fastria das m\u00eddias e a epidemia de blogs pol\u00edticos"},"content":{"rendered":"\n<p class=\"p1\">Quando comecei esse blog em fevereiro de 2021, ouvindo conselhos de amigos, acreditava que uma p\u00e1gina de blog pol\u00edtico tinha por ess\u00eancia a comunica\u00e7\u00e3o, depois descobri que existe uma ind\u00fastria de constru\u00e7\u00e3o de imageme bem mais de desconstru\u00e7\u00e3o. Ao longo desse tempo vivenciei discurs\u00f5es, liga\u00e7\u00f5es desaforadas, pedidos inusitados, tudo com muita discri\u00e7\u00e3o que sempre foi o meu perfil. Vi muitos blogs sendo constru\u00eddos e depois sendo fracassados pelo simples fato do objetivo ser totalmente financeiro. C<\/p>\n\n\n\n<p class=\"p1\">idad\u00e3o que criava blog em um dia e no outro me ligava perguntando como conseguia m\u00eddia institucional, ora, este blog conseguiu seu primeiro pedido de inser\u00e7\u00e3o (PI) com quase dois anos de cria\u00e7\u00e3o. Hoje a ind\u00fastria de blogs deixou o verdadeiro fim informativo pra ser uma m\u00e1quina mercantilista. <\/p>\n\n\n\n<p class=\"p1\">.<\/p>\n\n\n\n<p><\/p>\n\n\n\n<p class=\"p1\">Na era da hiperconex\u00e3o, onde cada segundo vira manchete e cada curtida vale mais que um voto, a pol\u00edtica encontrou um novo palanque: o blog. E n\u00e3o estamos falando de colunas assinadas por especialistas em portais tradicionais. Estamos falando de uma prolifera\u00e7\u00e3o quase viral de blogs independentes, pessoais e muitas vezes an\u00f4nimos, onde an\u00e1lises, palpites e teorias fervilham sob o disfarce de opini\u00e3o.<\/p>\n\n\n\n<p class=\"p1\">Se a pol\u00edtica sempre foi palco, agora virou feed.<\/p>\n\n\n\n<p class=\"p1\">Com a queda das barreiras editoriais, qualquer um com um teclado e uma conta no WordPress pode montar sua reda\u00e7\u00e3o, seu comit\u00ea, sua trincheira ideol\u00f3gica. A ind\u00fastria da m\u00eddia, j\u00e1 pressionada por cliques e polariza\u00e7\u00e3o, assiste a esse fen\u00f4meno com ambiguidade: por um lado, celebra o \u201cengajamento\u201d. Por outro, observa sua autoridade ser dilu\u00edda em uma mar\u00e9 de microvozes.<\/p>\n\n\n\n<p class=\"p1\">De colunistas a comentaristas de sof\u00e1 digital.<\/p>\n\n\n\n<p class=\"p1\">Blog sobre pol\u00edtica virou quase um rito de passagem. Ex-estudantes de ci\u00eancias sociais, jornalistas desencantados, advogados indignados e influenciadores sem nicho: todos encontram no blog pol\u00edtico o palco perfeito para opinar, desabafar ou militar. Alguns, com brilho intelectual e pesquisa. Outros, com memes e manchetes em caixa alta.<\/p>\n\n\n\n<p class=\"p1\"><\/p>\n\n\n\n<p class=\"p1\">Textos longos, t\u00edtulos provocativos, fontes question\u00e1veis e convic\u00e7\u00f5es absolutas. O blog pol\u00edtico \u00e9, muitas vezes, menos jornalismo e mais performance. \u00c9 an\u00e1lise travestida de torcida. Mas tamb\u00e9m pode ser o contr\u00e1rio: \u00e9 nesse espa\u00e7o paralelo que muitas discuss\u00f5es s\u00e9rias t\u00eam come\u00e7ado \u2014 longe dos filtros e da modera\u00e7\u00e3o dos grandes ve\u00edculos.<\/p>\n\n\n\n<p class=\"p1\"><\/p>\n\n\n\n<figure class=\"wp-block-image size-large\"><img data-recalc-dims=\"1\" fetchpriority=\"high\" decoding=\"async\" width=\"678\" height=\"452\" src=\"https:\/\/i0.wp.com\/blogdobispo.com.br\/wp-content\/uploads\/2025\/05\/img_4404-1.jpg?resize=678%2C452&#038;ssl=1\" class=\"wp-image-5313\" srcset=\"https:\/\/i0.wp.com\/blogdobispo.com.br\/wp-content\/uploads\/2025\/05\/img_4404-1.jpg?w=678&amp;ssl=1 678w, https:\/\/i0.wp.com\/blogdobispo.com.br\/wp-content\/uploads\/2025\/05\/img_4404-1.jpg?resize=300%2C200&amp;ssl=1 300w\" sizes=\"(max-width: 678px) 100vw, 678px\" \/><\/figure>\n\n\n\n<p class=\"p1\">Os blogs se transformaram em ferramentas de influ\u00eancia e, em alguns casos, em verdadeiras incubadoras de narrativas. Um post pode virar pauta, virar podcast, virar pol\u00eamica. A m\u00eddia tradicional, encurralada pela velocidade e pelo algoritmo, muitas vezes \u00e9 arrastada por essa enxurrada opinativa \u2014 reproduzindo, legitimando, combatendo.<\/p>\n\n\n\n<p class=\"p1\">Conclus\u00e3o: Entre liberdade de express\u00e3o e excesso de express\u00e3o, a pol\u00edtica virou um eterno post.<\/p>\n\n\n\n<p class=\"p1\">A ind\u00fastria da m\u00eddia, antes centralizada e vertical, se v\u00ea desafiada por uma multid\u00e3o de microemissores, todos certos de estarem certos. \u00c9 libertador, \u00e9 ca\u00f3tico, \u00e9 contempor\u00e2neo. A democracia agradece \u2014 mas pede, com urg\u00eancia, um pouco mais de filtro. N\u00e3o o do Instagram, mas o do pensamento cr\u00edtico.<\/p>\n","protected":false},"excerpt":{"rendered":"<p>Quando comecei esse blog em fevereiro de 2021, ouvindo conselhos de amigos, acreditava que uma p\u00e1gina de blog pol\u00edtico tinha por ess\u00eancia a comunica\u00e7\u00e3o, depois descobri que existe uma ind\u00fastria de constru\u00e7\u00e3o de imageme bem mais de desconstru\u00e7\u00e3o. Ao longo desse tempo vivenciei discurs\u00f5es, liga\u00e7\u00f5es desaforadas, pedidos inusitados, tudo com muita discri\u00e7\u00e3o que sempre foi [&hellip;]<\/p>\n","protected":false},"author":1,"featured_media":0,"comment_status":"open","ping_status":"open","sticky":false,"template":"","format":"standard","meta":{"cybocfi_hide_featured_image":"","_jetpack_memberships_contains_paid_content":false,"footnotes":""},"categories":[1],"tags":[],"class_list":["post-5314","post","type-post","status-publish","format-standard","hentry","category-diversos"],"yoast_head":"<!-- This site is optimized with the Yoast SEO plugin v25.6 - https:\/\/yoast.com\/wordpress\/plugins\/seo\/ -->\n<title>Tudo por um PI: A Ind\u00fastria das m\u00eddias e a epidemia de blogs pol\u00edticos - Blog do Bispo<\/title>\n<meta name=\"robots\" content=\"index, follow, max-snippet:-1, max-image-preview:large, max-video-preview:-1\" \/>\n<link rel=\"canonical\" href=\"https:\/\/blogdobispo.com.br\/?p=5314\" \/>\n<meta property=\"og:locale\" content=\"pt_BR\" \/>\n<meta property=\"og:type\" content=\"article\" \/>\n<meta property=\"og:title\" content=\"Tudo por um PI: A Ind\u00fastria das m\u00eddias e a epidemia de blogs pol\u00edticos - Blog do Bispo\" \/>\n<meta property=\"og:description\" content=\"Quando comecei esse blog em fevereiro de 2021, ouvindo conselhos de amigos, acreditava que uma p\u00e1gina de blog pol\u00edtico tinha por ess\u00eancia a comunica\u00e7\u00e3o, depois descobri que existe uma ind\u00fastria de constru\u00e7\u00e3o de imageme bem mais de desconstru\u00e7\u00e3o. Ao longo desse tempo vivenciei discurs\u00f5es, liga\u00e7\u00f5es desaforadas, pedidos inusitados, tudo com muita discri\u00e7\u00e3o que sempre foi [&hellip;]\" \/>\n<meta property=\"og:url\" content=\"https:\/\/blogdobispo.com.br\/?p=5314\" \/>\n<meta property=\"og:site_name\" content=\"Blog do Bispo\" \/>\n<meta property=\"article:published_time\" content=\"2025-05-13T23:11:43+00:00\" \/>\n<meta property=\"og:image\" content=\"https:\/\/blogdobispo.com.br\/wp-content\/uploads\/2025\/05\/img_4404-1.jpg\" \/>\n<meta name=\"author\" content=\"Jefferson Sterfeno\" \/>\n<meta name=\"twitter:card\" content=\"summary_large_image\" \/>\n<meta name=\"twitter:label1\" content=\"Escrito por\" \/>\n\t<meta name=\"twitter:data1\" content=\"Jefferson Sterfeno\" \/>\n\t<meta name=\"twitter:label2\" content=\"Est. tempo de leitura\" \/>\n\t<meta name=\"twitter:data2\" content=\"3 minutos\" \/>\n<script type=\"application\/ld+json\" class=\"yoast-schema-graph\">{\"@context\":\"https:\/\/schema.org\",\"@graph\":[{\"@type\":\"Article\",\"@id\":\"https:\/\/blogdobispo.com.br\/?p=5314#article\",\"isPartOf\":{\"@id\":\"https:\/\/blogdobispo.com.br\/?p=5314\"},\"author\":{\"name\":\"Jefferson Sterfeno\",\"@id\":\"https:\/\/blogdobispo.com.br\/#\/schema\/person\/e2209cc0e6cea5c5233d033e997b373f\"},\"headline\":\"Tudo por um PI: A Ind\u00fastria das m\u00eddias e a epidemia de blogs pol\u00edticos\",\"datePublished\":\"2025-05-13T23:11:43+00:00\",\"mainEntityOfPage\":{\"@id\":\"https:\/\/blogdobispo.com.br\/?p=5314\"},\"wordCount\":542,\"commentCount\":0,\"publisher\":{\"@id\":\"https:\/\/blogdobispo.com.br\/#organization\"},\"image\":{\"@id\":\"https:\/\/blogdobispo.com.br\/?p=5314#primaryimage\"},\"thumbnailUrl\":\"https:\/\/blogdobispo.com.br\/wp-content\/uploads\/2025\/05\/img_4404-1.jpg\",\"articleSection\":[\"diversos\"],\"inLanguage\":\"pt-BR\",\"potentialAction\":[{\"@type\":\"CommentAction\",\"name\":\"Comment\",\"target\":[\"https:\/\/blogdobispo.com.br\/?p=5314#respond\"]}]},{\"@type\":\"WebPage\",\"@id\":\"https:\/\/blogdobispo.com.br\/?p=5314\",\"url\":\"https:\/\/blogdobispo.com.br\/?p=5314\",\"name\":\"Tudo por um PI: A Ind\u00fastria das m\u00eddias e a epidemia de blogs pol\u00edticos - Blog do Bispo\",\"isPartOf\":{\"@id\":\"https:\/\/blogdobispo.com.br\/#website\"},\"primaryImageOfPage\":{\"@id\":\"https:\/\/blogdobispo.com.br\/?p=5314#primaryimage\"},\"image\":{\"@id\":\"https:\/\/blogdobispo.com.br\/?p=5314#primaryimage\"},\"thumbnailUrl\":\"https:\/\/blogdobispo.com.br\/wp-content\/uploads\/2025\/05\/img_4404-1.jpg\",\"datePublished\":\"2025-05-13T23:11:43+00:00\",\"breadcrumb\":{\"@id\":\"https:\/\/blogdobispo.com.br\/?p=5314#breadcrumb\"},\"inLanguage\":\"pt-BR\",\"potentialAction\":[{\"@type\":\"ReadAction\",\"target\":[\"https:\/\/blogdobispo.com.br\/?p=5314\"]}]},{\"@type\":\"ImageObject\",\"inLanguage\":\"pt-BR\",\"@id\":\"https:\/\/blogdobispo.com.br\/?p=5314#primaryimage\",\"url\":\"https:\/\/blogdobispo.com.br\/wp-content\/uploads\/2025\/05\/img_4404-1.jpg\",\"contentUrl\":\"https:\/\/blogdobispo.com.br\/wp-content\/uploads\/2025\/05\/img_4404-1.jpg\"},{\"@type\":\"BreadcrumbList\",\"@id\":\"https:\/\/blogdobispo.com.br\/?p=5314#breadcrumb\",\"itemListElement\":[{\"@type\":\"ListItem\",\"position\":1,\"name\":\"In\u00edcio\",\"item\":\"https:\/\/blogdobispo.com.br\/\"},{\"@type\":\"ListItem\",\"position\":2,\"name\":\"Tudo por um PI: A Ind\u00fastria das m\u00eddias e a epidemia de blogs pol\u00edticos\"}]},{\"@type\":\"WebSite\",\"@id\":\"https:\/\/blogdobispo.com.br\/#website\",\"url\":\"https:\/\/blogdobispo.com.br\/\",\"name\":\"Blog do Bispo\",\"description\":\"Comprometido apenas com o leitor\",\"publisher\":{\"@id\":\"https:\/\/blogdobispo.com.br\/#organization\"},\"potentialAction\":[{\"@type\":\"SearchAction\",\"target\":{\"@type\":\"EntryPoint\",\"urlTemplate\":\"https:\/\/blogdobispo.com.br\/?s={search_term_string}\"},\"query-input\":{\"@type\":\"PropertyValueSpecification\",\"valueRequired\":true,\"valueName\":\"search_term_string\"}}],\"inLanguage\":\"pt-BR\"},{\"@type\":\"Organization\",\"@id\":\"https:\/\/blogdobispo.com.br\/#organization\",\"name\":\"Blog do Bispo\",\"url\":\"https:\/\/blogdobispo.com.br\/\",\"logo\":{\"@type\":\"ImageObject\",\"inLanguage\":\"pt-BR\",\"@id\":\"https:\/\/blogdobispo.com.br\/#\/schema\/logo\/image\/\",\"url\":\"http:\/\/blogdobispo.com.br\/wp-content\/uploads\/2023\/05\/cropped-headear.png\",\"contentUrl\":\"http:\/\/blogdobispo.com.br\/wp-content\/uploads\/2023\/05\/cropped-headear.png\",\"width\":1500,\"height\":399,\"caption\":\"Blog do Bispo\"},\"image\":{\"@id\":\"https:\/\/blogdobispo.com.br\/#\/schema\/logo\/image\/\"}},{\"@type\":\"Person\",\"@id\":\"https:\/\/blogdobispo.com.br\/#\/schema\/person\/e2209cc0e6cea5c5233d033e997b373f\",\"name\":\"Jefferson Sterfeno\",\"image\":{\"@type\":\"ImageObject\",\"inLanguage\":\"pt-BR\",\"@id\":\"https:\/\/blogdobispo.com.br\/#\/schema\/person\/image\/\",\"url\":\"https:\/\/secure.gravatar.com\/avatar\/0534e84764641168a677026b6d57a3f51dc7ac4db0b4f6186d9cb330d4ee1160?s=96&d=mm&r=g\",\"contentUrl\":\"https:\/\/secure.gravatar.com\/avatar\/0534e84764641168a677026b6d57a3f51dc7ac4db0b4f6186d9cb330d4ee1160?s=96&d=mm&r=g\",\"caption\":\"Jefferson Sterfeno\"},\"sameAs\":[\"http:\/\/blogdobispo.com.br\"],\"url\":\"https:\/\/blogdobispo.com.br\/?author=1\"}]}<\/script>\n<!-- \/ Yoast SEO plugin. -->","yoast_head_json":{"title":"Tudo por um PI: A Ind\u00fastria das m\u00eddias e a epidemia de blogs pol\u00edticos - Blog do Bispo","robots":{"index":"index","follow":"follow","max-snippet":"max-snippet:-1","max-image-preview":"max-image-preview:large","max-video-preview":"max-video-preview:-1"},"canonical":"https:\/\/blogdobispo.com.br\/?p=5314","og_locale":"pt_BR","og_type":"article","og_title":"Tudo por um PI: A Ind\u00fastria das m\u00eddias e a epidemia de blogs pol\u00edticos - Blog do Bispo","og_description":"Quando comecei esse blog em fevereiro de 2021, ouvindo conselhos de amigos, acreditava que uma p\u00e1gina de blog pol\u00edtico tinha por ess\u00eancia a comunica\u00e7\u00e3o, depois descobri que existe uma ind\u00fastria de constru\u00e7\u00e3o de imageme bem mais de desconstru\u00e7\u00e3o. Ao longo desse tempo vivenciei discurs\u00f5es, liga\u00e7\u00f5es desaforadas, pedidos inusitados, tudo com muita discri\u00e7\u00e3o que sempre foi [&hellip;]","og_url":"https:\/\/blogdobispo.com.br\/?p=5314","og_site_name":"Blog do Bispo","article_published_time":"2025-05-13T23:11:43+00:00","og_image":[{"url":"https:\/\/blogdobispo.com.br\/wp-content\/uploads\/2025\/05\/img_4404-1.jpg","type":"","width":"","height":""}],"author":"Jefferson Sterfeno","twitter_card":"summary_large_image","twitter_misc":{"Escrito por":"Jefferson Sterfeno","Est. tempo de leitura":"3 minutos"},"schema":{"@context":"https:\/\/schema.org","@graph":[{"@type":"Article","@id":"https:\/\/blogdobispo.com.br\/?p=5314#article","isPartOf":{"@id":"https:\/\/blogdobispo.com.br\/?p=5314"},"author":{"name":"Jefferson Sterfeno","@id":"https:\/\/blogdobispo.com.br\/#\/schema\/person\/e2209cc0e6cea5c5233d033e997b373f"},"headline":"Tudo por um PI: A Ind\u00fastria das m\u00eddias e a epidemia de blogs pol\u00edticos","datePublished":"2025-05-13T23:11:43+00:00","mainEntityOfPage":{"@id":"https:\/\/blogdobispo.com.br\/?p=5314"},"wordCount":542,"commentCount":0,"publisher":{"@id":"https:\/\/blogdobispo.com.br\/#organization"},"image":{"@id":"https:\/\/blogdobispo.com.br\/?p=5314#primaryimage"},"thumbnailUrl":"https:\/\/blogdobispo.com.br\/wp-content\/uploads\/2025\/05\/img_4404-1.jpg","articleSection":["diversos"],"inLanguage":"pt-BR","potentialAction":[{"@type":"CommentAction","name":"Comment","target":["https:\/\/blogdobispo.com.br\/?p=5314#respond"]}]},{"@type":"WebPage","@id":"https:\/\/blogdobispo.com.br\/?p=5314","url":"https:\/\/blogdobispo.com.br\/?p=5314","name":"Tudo por um PI: A Ind\u00fastria das m\u00eddias e a epidemia de blogs pol\u00edticos - Blog do Bispo","isPartOf":{"@id":"https:\/\/blogdobispo.com.br\/#website"},"primaryImageOfPage":{"@id":"https:\/\/blogdobispo.com.br\/?p=5314#primaryimage"},"image":{"@id":"https:\/\/blogdobispo.com.br\/?p=5314#primaryimage"},"thumbnailUrl":"https:\/\/blogdobispo.com.br\/wp-content\/uploads\/2025\/05\/img_4404-1.jpg","datePublished":"2025-05-13T23:11:43+00:00","breadcrumb":{"@id":"https:\/\/blogdobispo.com.br\/?p=5314#breadcrumb"},"inLanguage":"pt-BR","potentialAction":[{"@type":"ReadAction","target":["https:\/\/blogdobispo.com.br\/?p=5314"]}]},{"@type":"ImageObject","inLanguage":"pt-BR","@id":"https:\/\/blogdobispo.com.br\/?p=5314#primaryimage","url":"https:\/\/blogdobispo.com.br\/wp-content\/uploads\/2025\/05\/img_4404-1.jpg","contentUrl":"https:\/\/blogdobispo.com.br\/wp-content\/uploads\/2025\/05\/img_4404-1.jpg"},{"@type":"BreadcrumbList","@id":"https:\/\/blogdobispo.com.br\/?p=5314#breadcrumb","itemListElement":[{"@type":"ListItem","position":1,"name":"In\u00edcio","item":"https:\/\/blogdobispo.com.br\/"},{"@type":"ListItem","position":2,"name":"Tudo por um PI: A Ind\u00fastria das m\u00eddias e a epidemia de blogs pol\u00edticos"}]},{"@type":"WebSite","@id":"https:\/\/blogdobispo.com.br\/#website","url":"https:\/\/blogdobispo.com.br\/","name":"Blog do Bispo","description":"Comprometido apenas com o leitor","publisher":{"@id":"https:\/\/blogdobispo.com.br\/#organization"},"potentialAction":[{"@type":"SearchAction","target":{"@type":"EntryPoint","urlTemplate":"https:\/\/blogdobispo.com.br\/?s={search_term_string}"},"query-input":{"@type":"PropertyValueSpecification","valueRequired":true,"valueName":"search_term_string"}}],"inLanguage":"pt-BR"},{"@type":"Organization","@id":"https:\/\/blogdobispo.com.br\/#organization","name":"Blog do Bispo","url":"https:\/\/blogdobispo.com.br\/","logo":{"@type":"ImageObject","inLanguage":"pt-BR","@id":"https:\/\/blogdobispo.com.br\/#\/schema\/logo\/image\/","url":"http:\/\/blogdobispo.com.br\/wp-content\/uploads\/2023\/05\/cropped-headear.png","contentUrl":"http:\/\/blogdobispo.com.br\/wp-content\/uploads\/2023\/05\/cropped-headear.png","width":1500,"height":399,"caption":"Blog do Bispo"},"image":{"@id":"https:\/\/blogdobispo.com.br\/#\/schema\/logo\/image\/"}},{"@type":"Person","@id":"https:\/\/blogdobispo.com.br\/#\/schema\/person\/e2209cc0e6cea5c5233d033e997b373f","name":"Jefferson Sterfeno","image":{"@type":"ImageObject","inLanguage":"pt-BR","@id":"https:\/\/blogdobispo.com.br\/#\/schema\/person\/image\/","url":"https:\/\/secure.gravatar.com\/avatar\/0534e84764641168a677026b6d57a3f51dc7ac4db0b4f6186d9cb330d4ee1160?s=96&d=mm&r=g","contentUrl":"https:\/\/secure.gravatar.com\/avatar\/0534e84764641168a677026b6d57a3f51dc7ac4db0b4f6186d9cb330d4ee1160?s=96&d=mm&r=g","caption":"Jefferson Sterfeno"},"sameAs":["http:\/\/blogdobispo.com.br"],"url":"https:\/\/blogdobispo.com.br\/?author=1"}]}},"featured_image_urls":{"full":"","thumbnail":"","medium":"","medium_large":"","large":"","1536x1536":"","2048x2048":""},"author_info":{"display_name":"Jefferson Sterfeno","author_link":"https:\/\/blogdobispo.com.br\/?author=1"},"category_info":"<a href=\"https:\/\/blogdobispo.com.br\/?cat=1\" rel=\"category\">diversos<\/a>","tag_info":"diversos","comment_count":"0","jetpack_featured_media_url":"","jetpack_sharing_enabled":true,"_links":{"self":[{"href":"https:\/\/blogdobispo.com.br\/index.php?rest_route=\/wp\/v2\/posts\/5314","targetHints":{"allow":["GET"]}}],"collection":[{"href":"https:\/\/blogdobispo.com.br\/index.php?rest_route=\/wp\/v2\/posts"}],"about":[{"href":"https:\/\/blogdobispo.com.br\/index.php?rest_route=\/wp\/v2\/types\/post"}],"author":[{"embeddable":true,"href":"https:\/\/blogdobispo.com.br\/index.php?rest_route=\/wp\/v2\/users\/1"}],"replies":[{"embeddable":true,"href":"https:\/\/blogdobispo.com.br\/index.php?rest_route=%2Fwp%2Fv2%2Fcomments&post=5314"}],"version-history":[{"count":0,"href":"https:\/\/blogdobispo.com.br\/index.php?rest_route=\/wp\/v2\/posts\/5314\/revisions"}],"wp:attachment":[{"href":"https:\/\/blogdobispo.com.br\/index.php?rest_route=%2Fwp%2Fv2%2Fmedia&parent=5314"}],"wp:term":[{"taxonomy":"category","embeddable":true,"href":"https:\/\/blogdobispo.com.br\/index.php?rest_route=%2Fwp%2Fv2%2Fcategories&post=5314"},{"taxonomy":"post_tag","embeddable":true,"href":"https:\/\/blogdobispo.com.br\/index.php?rest_route=%2Fwp%2Fv2%2Ftags&post=5314"}],"curies":[{"name":"wp","href":"https:\/\/api.w.org\/{rel}","templated":true}]}}