{"id":5312,"date":"2025-05-13T22:50:30","date_gmt":"2025-05-13T22:50:30","guid":{"rendered":"https:\/\/blogdobispo.com.br\/?p=5312"},"modified":"2025-05-13T22:50:30","modified_gmt":"2025-05-13T22:50:30","slug":"aliado-do-pt-jaime-calado-descarta-cadu-e-defende-allyson-para-governo-do-rn","status":"publish","type":"post","link":"https:\/\/blogdobispo.com.br\/?p=5312","title":{"rendered":"Aliado do PT, Jaime Calado descarta Cadu e defende Allyson para governo do RN"},"content":{"rendered":"\n<p>O prefeito de S\u00e3o Gon\u00e7alo do Amarante, Jaime Calado (PSD), afirmou que o prefeito de Mossor\u00f3, Allyson Bezerra (Uni\u00e3o), \u00e9 o nome mais preparado para disputar o governo do Rio Grande do Norte em 2026. Aliado do PT, Jaime descartou apoio ao secret\u00e1rio estadual da Fazenda (Sefaz), Cadu Xavier (PT) e defendeu uma chapa com a senadora Zenaide Maia (PSD) e a governadora F\u00e1tima Bezerra (PT) para o Senado.<\/p>\n\n\n\n<p>\u201cEu conhe\u00e7o Cadu, \u00e9 um cara decente. Fui secret\u00e1rio junto com ele. \u00c9 um rapaz excelente. S\u00f3 tenho elogios para Cadu. Agora, na hora de formar uma chapa dessa, s\u00e3o muitos fatores. \u00c9 poss\u00edvel? Tudo \u00e9 poss\u00edvel. Agora, eu acho que o nome mais forte hoje para governador do Estado \u00e9 Allyson Bezerra. Ele est\u00e1 preparado? Mossor\u00f3 \u00e9 um celeiro de ex-governadores, senadores\u201d, afirmou, em entrevista \u00e0 98 FM, nesta ter\u00e7a-feira 13.<\/p>\n\n\n\n<p>Jaime reconheceu a influ\u00eancia de Allyson no cen\u00e1rio pol\u00edtico, destacando a afinidade entre o gestor e a senadora. \u201cH\u00e1 uma afinidade muito grande do nosso amigo Allyson. Isso nos remete a gente tamb\u00e9m ter a mesma postura\u201d. Mas reconheceu que o cen\u00e1rio ainda est\u00e1 em aberto e pode mudar. \u201cPode ser que mais na frente haja composi\u00e7\u00f5es\u201d.<\/p>\n\n\n\n<p>Sobre a rela\u00e7\u00e3o de Zenaide com o PT, Jaime afirmou que h\u00e1 simpatia, mas independ\u00eancia. \u201cZenaide \u00e9 uma pessoa muito independente. Muita gente acha que ela faz o que eu quero. Nem sempre. A gente pensa parecido, mas nem tudo\u201d.<\/p>\n\n\n\n<p>O prefeito de S\u00e3o Gon\u00e7alo lembrou que, embora a senadora tenha proximidade com o presidente Lula (PT), recusou-se a subir no palanque da deputada federal Nat\u00e1lia Bonavides (PT), candidata petista \u00e0 prefeitura de Natal em 2024.<\/p>\n\n\n\n<p>Apesar da proposta, Jaime admitiu a complexidade do cen\u00e1rio pol\u00edtico, com poss\u00edveis vetos e resist\u00eancias. O senador Rog\u00e9rio Marinho (PL), pr\u00e9-candidato ao governo, j\u00e1 declarou que n\u00e3o aceitaria Zenaide em sua chapa. \u201cSe Allyson for para o grupo de Rog\u00e9rio, ele disse que n\u00e3o aceita Zenaide. Aceita ele. Onde \u00e9 que fica Zenaide?\u201d, questionou.<\/p>\n\n\n\n<p>Sobre o senador, ele afirmou ser dif\u00edcil uma alian\u00e7a. \u201cAgora \u00e9 mais dif\u00edcil, bem mais dif\u00edcil a gente estar com o Rog\u00e9rio. Isso \u00e9 claro. Quem nos conhece sabe disso. Agora, sabe por que eu digo que n\u00e3o veto? Porque tem prefeito que apoia a Zenaide e apoia Rog\u00e9rio. Voc\u00ea entendeu? Tem prefeito que apoia o senador Styvenson Valentim (PSDB) e apoia a Zenaide\u201d, disse.<\/p>\n\n\n\n<p>Agora RN<\/p>\n\n\n\n<figure class=\"wp-block-image size-large\"><img data-recalc-dims=\"1\" fetchpriority=\"high\" decoding=\"async\" width=\"720\" height=\"468\" src=\"https:\/\/i0.wp.com\/blogdobispo.com.br\/wp-content\/uploads\/2025\/05\/img_4403-1.png?resize=720%2C468&#038;ssl=1\" class=\"wp-image-5311\" srcset=\"https:\/\/i0.wp.com\/blogdobispo.com.br\/wp-content\/uploads\/2025\/05\/img_4403-1.png?w=720&amp;ssl=1 720w, https:\/\/i0.wp.com\/blogdobispo.com.br\/wp-content\/uploads\/2025\/05\/img_4403-1.png?resize=300%2C195&amp;ssl=1 300w\" sizes=\"(max-width: 720px) 100vw, 720px\" \/><\/figure>\n","protected":false},"excerpt":{"rendered":"<p>O prefeito de S\u00e3o Gon\u00e7alo do Amarante, Jaime Calado (PSD), afirmou que o prefeito de Mossor\u00f3, Allyson Bezerra (Uni\u00e3o), \u00e9 o nome mais preparado para disputar o governo do Rio Grande do Norte em 2026. Aliado do PT, Jaime descartou apoio ao secret\u00e1rio estadual da Fazenda (Sefaz), Cadu Xavier (PT) e defendeu uma chapa com [&hellip;]<\/p>\n","protected":false},"author":1,"featured_media":0,"comment_status":"open","ping_status":"open","sticky":false,"template":"","format":"standard","meta":{"cybocfi_hide_featured_image":"","_jetpack_memberships_contains_paid_content":false,"footnotes":""},"categories":[1],"tags":[],"class_list":["post-5312","post","type-post","status-publish","format-standard","hentry","category-diversos"],"yoast_head":"<!-- This site is optimized with the Yoast SEO plugin v25.6 - https:\/\/yoast.com\/wordpress\/plugins\/seo\/ -->\n<title>Aliado do PT, Jaime Calado descarta Cadu e defende Allyson para governo do RN - Blog do Bispo<\/title>\n<meta name=\"robots\" content=\"index, follow, max-snippet:-1, max-image-preview:large, max-video-preview:-1\" \/>\n<link rel=\"canonical\" href=\"https:\/\/blogdobispo.com.br\/?p=5312\" \/>\n<meta property=\"og:locale\" content=\"pt_BR\" \/>\n<meta property=\"og:type\" content=\"article\" \/>\n<meta property=\"og:title\" content=\"Aliado do PT, Jaime Calado descarta Cadu e defende Allyson para governo do RN - Blog do Bispo\" \/>\n<meta property=\"og:description\" content=\"O prefeito de S\u00e3o Gon\u00e7alo do Amarante, Jaime Calado (PSD), afirmou que o prefeito de Mossor\u00f3, Allyson Bezerra (Uni\u00e3o), \u00e9 o nome mais preparado para disputar o governo do Rio Grande do Norte em 2026. Aliado do PT, Jaime descartou apoio ao secret\u00e1rio estadual da Fazenda (Sefaz), Cadu Xavier (PT) e defendeu uma chapa com [&hellip;]\" \/>\n<meta property=\"og:url\" content=\"https:\/\/blogdobispo.com.br\/?p=5312\" \/>\n<meta property=\"og:site_name\" content=\"Blog do Bispo\" \/>\n<meta property=\"article:published_time\" content=\"2025-05-13T22:50:30+00:00\" \/>\n<meta property=\"og:image\" content=\"https:\/\/blogdobispo.com.br\/wp-content\/uploads\/2025\/05\/img_4403-1.png\" \/>\n<meta name=\"author\" content=\"Jefferson Sterfeno\" \/>\n<meta name=\"twitter:card\" content=\"summary_large_image\" \/>\n<meta name=\"twitter:label1\" content=\"Escrito por\" \/>\n\t<meta name=\"twitter:data1\" content=\"Jefferson Sterfeno\" \/>\n\t<meta name=\"twitter:label2\" content=\"Est. tempo de leitura\" \/>\n\t<meta name=\"twitter:data2\" content=\"2 minutos\" \/>\n<script type=\"application\/ld+json\" class=\"yoast-schema-graph\">{\"@context\":\"https:\/\/schema.org\",\"@graph\":[{\"@type\":\"Article\",\"@id\":\"https:\/\/blogdobispo.com.br\/?p=5312#article\",\"isPartOf\":{\"@id\":\"https:\/\/blogdobispo.com.br\/?p=5312\"},\"author\":{\"name\":\"Jefferson Sterfeno\",\"@id\":\"https:\/\/blogdobispo.com.br\/#\/schema\/person\/e2209cc0e6cea5c5233d033e997b373f\"},\"headline\":\"Aliado do PT, Jaime Calado descarta Cadu e defende Allyson para governo do RN\",\"datePublished\":\"2025-05-13T22:50:30+00:00\",\"mainEntityOfPage\":{\"@id\":\"https:\/\/blogdobispo.com.br\/?p=5312\"},\"wordCount\":430,\"commentCount\":0,\"publisher\":{\"@id\":\"https:\/\/blogdobispo.com.br\/#organization\"},\"image\":{\"@id\":\"https:\/\/blogdobispo.com.br\/?p=5312#primaryimage\"},\"thumbnailUrl\":\"https:\/\/blogdobispo.com.br\/wp-content\/uploads\/2025\/05\/img_4403-1.png\",\"articleSection\":[\"diversos\"],\"inLanguage\":\"pt-BR\",\"potentialAction\":[{\"@type\":\"CommentAction\",\"name\":\"Comment\",\"target\":[\"https:\/\/blogdobispo.com.br\/?p=5312#respond\"]}]},{\"@type\":\"WebPage\",\"@id\":\"https:\/\/blogdobispo.com.br\/?p=5312\",\"url\":\"https:\/\/blogdobispo.com.br\/?p=5312\",\"name\":\"Aliado do PT, Jaime Calado descarta Cadu e defende Allyson para governo do RN - Blog do Bispo\",\"isPartOf\":{\"@id\":\"https:\/\/blogdobispo.com.br\/#website\"},\"primaryImageOfPage\":{\"@id\":\"https:\/\/blogdobispo.com.br\/?p=5312#primaryimage\"},\"image\":{\"@id\":\"https:\/\/blogdobispo.com.br\/?p=5312#primaryimage\"},\"thumbnailUrl\":\"https:\/\/blogdobispo.com.br\/wp-content\/uploads\/2025\/05\/img_4403-1.png\",\"datePublished\":\"2025-05-13T22:50:30+00:00\",\"breadcrumb\":{\"@id\":\"https:\/\/blogdobispo.com.br\/?p=5312#breadcrumb\"},\"inLanguage\":\"pt-BR\",\"potentialAction\":[{\"@type\":\"ReadAction\",\"target\":[\"https:\/\/blogdobispo.com.br\/?p=5312\"]}]},{\"@type\":\"ImageObject\",\"inLanguage\":\"pt-BR\",\"@id\":\"https:\/\/blogdobispo.com.br\/?p=5312#primaryimage\",\"url\":\"https:\/\/blogdobispo.com.br\/wp-content\/uploads\/2025\/05\/img_4403-1.png\",\"contentUrl\":\"https:\/\/blogdobispo.com.br\/wp-content\/uploads\/2025\/05\/img_4403-1.png\"},{\"@type\":\"BreadcrumbList\",\"@id\":\"https:\/\/blogdobispo.com.br\/?p=5312#breadcrumb\",\"itemListElement\":[{\"@type\":\"ListItem\",\"position\":1,\"name\":\"In\u00edcio\",\"item\":\"https:\/\/blogdobispo.com.br\/\"},{\"@type\":\"ListItem\",\"position\":2,\"name\":\"Aliado do PT, Jaime Calado descarta Cadu e defende Allyson para governo do RN\"}]},{\"@type\":\"WebSite\",\"@id\":\"https:\/\/blogdobispo.com.br\/#website\",\"url\":\"https:\/\/blogdobispo.com.br\/\",\"name\":\"Blog do Bispo\",\"description\":\"Comprometido apenas com o leitor\",\"publisher\":{\"@id\":\"https:\/\/blogdobispo.com.br\/#organization\"},\"potentialAction\":[{\"@type\":\"SearchAction\",\"target\":{\"@type\":\"EntryPoint\",\"urlTemplate\":\"https:\/\/blogdobispo.com.br\/?s={search_term_string}\"},\"query-input\":{\"@type\":\"PropertyValueSpecification\",\"valueRequired\":true,\"valueName\":\"search_term_string\"}}],\"inLanguage\":\"pt-BR\"},{\"@type\":\"Organization\",\"@id\":\"https:\/\/blogdobispo.com.br\/#organization\",\"name\":\"Blog do Bispo\",\"url\":\"https:\/\/blogdobispo.com.br\/\",\"logo\":{\"@type\":\"ImageObject\",\"inLanguage\":\"pt-BR\",\"@id\":\"https:\/\/blogdobispo.com.br\/#\/schema\/logo\/image\/\",\"url\":\"http:\/\/blogdobispo.com.br\/wp-content\/uploads\/2023\/05\/cropped-headear.png\",\"contentUrl\":\"http:\/\/blogdobispo.com.br\/wp-content\/uploads\/2023\/05\/cropped-headear.png\",\"width\":1500,\"height\":399,\"caption\":\"Blog do Bispo\"},\"image\":{\"@id\":\"https:\/\/blogdobispo.com.br\/#\/schema\/logo\/image\/\"}},{\"@type\":\"Person\",\"@id\":\"https:\/\/blogdobispo.com.br\/#\/schema\/person\/e2209cc0e6cea5c5233d033e997b373f\",\"name\":\"Jefferson Sterfeno\",\"image\":{\"@type\":\"ImageObject\",\"inLanguage\":\"pt-BR\",\"@id\":\"https:\/\/blogdobispo.com.br\/#\/schema\/person\/image\/\",\"url\":\"https:\/\/secure.gravatar.com\/avatar\/0534e84764641168a677026b6d57a3f51dc7ac4db0b4f6186d9cb330d4ee1160?s=96&d=mm&r=g\",\"contentUrl\":\"https:\/\/secure.gravatar.com\/avatar\/0534e84764641168a677026b6d57a3f51dc7ac4db0b4f6186d9cb330d4ee1160?s=96&d=mm&r=g\",\"caption\":\"Jefferson Sterfeno\"},\"sameAs\":[\"http:\/\/blogdobispo.com.br\"],\"url\":\"https:\/\/blogdobispo.com.br\/?author=1\"}]}<\/script>\n<!-- \/ Yoast SEO plugin. -->","yoast_head_json":{"title":"Aliado do PT, Jaime Calado descarta Cadu e defende Allyson para governo do RN - Blog do Bispo","robots":{"index":"index","follow":"follow","max-snippet":"max-snippet:-1","max-image-preview":"max-image-preview:large","max-video-preview":"max-video-preview:-1"},"canonical":"https:\/\/blogdobispo.com.br\/?p=5312","og_locale":"pt_BR","og_type":"article","og_title":"Aliado do PT, Jaime Calado descarta Cadu e defende Allyson para governo do RN - Blog do Bispo","og_description":"O prefeito de S\u00e3o Gon\u00e7alo do Amarante, Jaime Calado (PSD), afirmou que o prefeito de Mossor\u00f3, Allyson Bezerra (Uni\u00e3o), \u00e9 o nome mais preparado para disputar o governo do Rio Grande do Norte em 2026. Aliado do PT, Jaime descartou apoio ao secret\u00e1rio estadual da Fazenda (Sefaz), Cadu Xavier (PT) e defendeu uma chapa com [&hellip;]","og_url":"https:\/\/blogdobispo.com.br\/?p=5312","og_site_name":"Blog do Bispo","article_published_time":"2025-05-13T22:50:30+00:00","og_image":[{"url":"https:\/\/blogdobispo.com.br\/wp-content\/uploads\/2025\/05\/img_4403-1.png","type":"","width":"","height":""}],"author":"Jefferson Sterfeno","twitter_card":"summary_large_image","twitter_misc":{"Escrito por":"Jefferson Sterfeno","Est. tempo de leitura":"2 minutos"},"schema":{"@context":"https:\/\/schema.org","@graph":[{"@type":"Article","@id":"https:\/\/blogdobispo.com.br\/?p=5312#article","isPartOf":{"@id":"https:\/\/blogdobispo.com.br\/?p=5312"},"author":{"name":"Jefferson Sterfeno","@id":"https:\/\/blogdobispo.com.br\/#\/schema\/person\/e2209cc0e6cea5c5233d033e997b373f"},"headline":"Aliado do PT, Jaime Calado descarta Cadu e defende Allyson para governo do RN","datePublished":"2025-05-13T22:50:30+00:00","mainEntityOfPage":{"@id":"https:\/\/blogdobispo.com.br\/?p=5312"},"wordCount":430,"commentCount":0,"publisher":{"@id":"https:\/\/blogdobispo.com.br\/#organization"},"image":{"@id":"https:\/\/blogdobispo.com.br\/?p=5312#primaryimage"},"thumbnailUrl":"https:\/\/blogdobispo.com.br\/wp-content\/uploads\/2025\/05\/img_4403-1.png","articleSection":["diversos"],"inLanguage":"pt-BR","potentialAction":[{"@type":"CommentAction","name":"Comment","target":["https:\/\/blogdobispo.com.br\/?p=5312#respond"]}]},{"@type":"WebPage","@id":"https:\/\/blogdobispo.com.br\/?p=5312","url":"https:\/\/blogdobispo.com.br\/?p=5312","name":"Aliado do PT, Jaime Calado descarta Cadu e defende Allyson para governo do RN - Blog do Bispo","isPartOf":{"@id":"https:\/\/blogdobispo.com.br\/#website"},"primaryImageOfPage":{"@id":"https:\/\/blogdobispo.com.br\/?p=5312#primaryimage"},"image":{"@id":"https:\/\/blogdobispo.com.br\/?p=5312#primaryimage"},"thumbnailUrl":"https:\/\/blogdobispo.com.br\/wp-content\/uploads\/2025\/05\/img_4403-1.png","datePublished":"2025-05-13T22:50:30+00:00","breadcrumb":{"@id":"https:\/\/blogdobispo.com.br\/?p=5312#breadcrumb"},"inLanguage":"pt-BR","potentialAction":[{"@type":"ReadAction","target":["https:\/\/blogdobispo.com.br\/?p=5312"]}]},{"@type":"ImageObject","inLanguage":"pt-BR","@id":"https:\/\/blogdobispo.com.br\/?p=5312#primaryimage","url":"https:\/\/blogdobispo.com.br\/wp-content\/uploads\/2025\/05\/img_4403-1.png","contentUrl":"https:\/\/blogdobispo.com.br\/wp-content\/uploads\/2025\/05\/img_4403-1.png"},{"@type":"BreadcrumbList","@id":"https:\/\/blogdobispo.com.br\/?p=5312#breadcrumb","itemListElement":[{"@type":"ListItem","position":1,"name":"In\u00edcio","item":"https:\/\/blogdobispo.com.br\/"},{"@type":"ListItem","position":2,"name":"Aliado do PT, Jaime Calado descarta Cadu e defende Allyson para governo do RN"}]},{"@type":"WebSite","@id":"https:\/\/blogdobispo.com.br\/#website","url":"https:\/\/blogdobispo.com.br\/","name":"Blog do Bispo","description":"Comprometido apenas com o leitor","publisher":{"@id":"https:\/\/blogdobispo.com.br\/#organization"},"potentialAction":[{"@type":"SearchAction","target":{"@type":"EntryPoint","urlTemplate":"https:\/\/blogdobispo.com.br\/?s={search_term_string}"},"query-input":{"@type":"PropertyValueSpecification","valueRequired":true,"valueName":"search_term_string"}}],"inLanguage":"pt-BR"},{"@type":"Organization","@id":"https:\/\/blogdobispo.com.br\/#organization","name":"Blog do Bispo","url":"https:\/\/blogdobispo.com.br\/","logo":{"@type":"ImageObject","inLanguage":"pt-BR","@id":"https:\/\/blogdobispo.com.br\/#\/schema\/logo\/image\/","url":"http:\/\/blogdobispo.com.br\/wp-content\/uploads\/2023\/05\/cropped-headear.png","contentUrl":"http:\/\/blogdobispo.com.br\/wp-content\/uploads\/2023\/05\/cropped-headear.png","width":1500,"height":399,"caption":"Blog do Bispo"},"image":{"@id":"https:\/\/blogdobispo.com.br\/#\/schema\/logo\/image\/"}},{"@type":"Person","@id":"https:\/\/blogdobispo.com.br\/#\/schema\/person\/e2209cc0e6cea5c5233d033e997b373f","name":"Jefferson Sterfeno","image":{"@type":"ImageObject","inLanguage":"pt-BR","@id":"https:\/\/blogdobispo.com.br\/#\/schema\/person\/image\/","url":"https:\/\/secure.gravatar.com\/avatar\/0534e84764641168a677026b6d57a3f51dc7ac4db0b4f6186d9cb330d4ee1160?s=96&d=mm&r=g","contentUrl":"https:\/\/secure.gravatar.com\/avatar\/0534e84764641168a677026b6d57a3f51dc7ac4db0b4f6186d9cb330d4ee1160?s=96&d=mm&r=g","caption":"Jefferson Sterfeno"},"sameAs":["http:\/\/blogdobispo.com.br"],"url":"https:\/\/blogdobispo.com.br\/?author=1"}]}},"featured_image_urls":{"full":"","thumbnail":"","medium":"","medium_large":"","large":"","1536x1536":"","2048x2048":""},"author_info":{"display_name":"Jefferson Sterfeno","author_link":"https:\/\/blogdobispo.com.br\/?author=1"},"category_info":"<a href=\"https:\/\/blogdobispo.com.br\/?cat=1\" rel=\"category\">diversos<\/a>","tag_info":"diversos","comment_count":"0","jetpack_featured_media_url":"","jetpack_sharing_enabled":true,"_links":{"self":[{"href":"https:\/\/blogdobispo.com.br\/index.php?rest_route=\/wp\/v2\/posts\/5312","targetHints":{"allow":["GET"]}}],"collection":[{"href":"https:\/\/blogdobispo.com.br\/index.php?rest_route=\/wp\/v2\/posts"}],"about":[{"href":"https:\/\/blogdobispo.com.br\/index.php?rest_route=\/wp\/v2\/types\/post"}],"author":[{"embeddable":true,"href":"https:\/\/blogdobispo.com.br\/index.php?rest_route=\/wp\/v2\/users\/1"}],"replies":[{"embeddable":true,"href":"https:\/\/blogdobispo.com.br\/index.php?rest_route=%2Fwp%2Fv2%2Fcomments&post=5312"}],"version-history":[{"count":0,"href":"https:\/\/blogdobispo.com.br\/index.php?rest_route=\/wp\/v2\/posts\/5312\/revisions"}],"wp:attachment":[{"href":"https:\/\/blogdobispo.com.br\/index.php?rest_route=%2Fwp%2Fv2%2Fmedia&parent=5312"}],"wp:term":[{"taxonomy":"category","embeddable":true,"href":"https:\/\/blogdobispo.com.br\/index.php?rest_route=%2Fwp%2Fv2%2Fcategories&post=5312"},{"taxonomy":"post_tag","embeddable":true,"href":"https:\/\/blogdobispo.com.br\/index.php?rest_route=%2Fwp%2Fv2%2Ftags&post=5312"}],"curies":[{"name":"wp","href":"https:\/\/api.w.org\/{rel}","templated":true}]}}