{"id":5310,"date":"2025-05-13T22:33:12","date_gmt":"2025-05-13T22:33:12","guid":{"rendered":"https:\/\/blogdobispo.com.br\/?p=5310"},"modified":"2025-05-13T22:33:12","modified_gmt":"2025-05-13T22:33:12","slug":"prefeitura-de-natal-participa-da-23a-semana-nacional-de-museus-com-programacao-gratuita","status":"publish","type":"post","link":"https:\/\/blogdobispo.com.br\/?p=5310","title":{"rendered":"Prefeitura de Natal participa da 23\u00aa Semana Nacional de Museus com programa\u00e7\u00e3o gratuita"},"content":{"rendered":"\n<p>A Prefeitura de Natal, por meio da Funda\u00e7\u00e3o Cultural Capitania das Artes (Funcarte), est\u00e1 participando da 23\u00aa Semana Nacional de Museus, realizada pelo Instituto Brasileiro de Museus (Ibram), com programa\u00e7\u00e3o especial no Museu Memorial Natal. Este ano, o evento acontece de 12 a 18 de maio e tem como tema \u201cO futuro dos museus em comunidades em r\u00e1pida transforma\u00e7\u00e3o\u201d.<\/p>\n\n\n\n<p>O projeto ocorre anualmente em comemora\u00e7\u00e3o ao Dia Internacional dos Museus, realizado no dia 18 de maio. Em Natal, a programa\u00e7\u00e3o ser\u00e1 totalmente gratuita e aberta ao p\u00fablico, com palestras, visitas guiadas e atividades que destacam a import\u00e2ncia da oralidade, da mem\u00f3ria e da cultura viva nas comunidades locais.<\/p>\n\n\n\n<p>As a\u00e7\u00f5es ocorreram no Museu Memorial Natal, um espa\u00e7o dedicado \u00e0 preserva\u00e7\u00e3o e divulga\u00e7\u00e3o da hist\u00f3ria da capital potiguar. A secret\u00e1ria municipal de Cultura, Iracy Azevedo, ressaltou a import\u00e2ncia da participa\u00e7\u00e3o da capital potiguar no evento.<\/p>\n\n\n\n<p>&#8220;Participar da Semana Nacional de Museus \u00e9 uma forma de reafirmar o compromisso da gest\u00e3o do prefeito Paulinho Freire com a preserva\u00e7\u00e3o da mem\u00f3ria e com a valoriza\u00e7\u00e3o da cultura de nossa cidade. Estamos contribuindo para um debate nacional e, ao mesmo tempo, fortalecendo a identidade de nossa cidade&#8221;, destacou o titular da Funcarte.<\/p>\n\n\n\n<p><strong>Confira a programa\u00e7\u00e3o:<\/strong><\/p>\n\n\n\n<p>Prof. Magno Santos, UFRN&nbsp;<br \/>14\/05 &#8211; 14h&nbsp;<br \/>Palestra:&nbsp;<br \/>As vozes do espa\u00e7o sagrado do samba:&nbsp;<br \/>&#8220;Hist\u00f3ria oral na comunidade das Rocas&#8221;&nbsp;<br \/>Local: Museu Memorial Natal<\/p>\n\n\n\n<p>Profa. Aliny Pranto, UFRN&nbsp;<br \/>15\/05 &#8211; 15h&nbsp;<br \/>Palestra:&nbsp;<br \/>Escutas em comunidades: &#8220;Hist\u00f3ria oral e p\u00fablica como pr\u00e1ticas sob autoridade compartilhada.&#8221;&nbsp;<br \/>Local: Museu Memorial Natal<\/p>\n\n\n\n<p>Dami\u00e3o Paz Pixor\u00e9&nbsp;<br \/>16\/05 &#8211; 14h&nbsp;<br \/>Palestra:&nbsp;<br \/>Ygarap\u00e9: o caminho da canoa.&nbsp;<br \/>A cultura viva na oralidade do povo.&nbsp;<br \/>Local: Museu Memorial Natal<\/p>\n\n\n\n<p>Tour Guiado &#8211; SEMURB&nbsp;<br \/>17\/05 &#8211; 15h&nbsp;<br \/>Visita\u00e7\u00e3o para conhecimento do pr\u00e9dio da&nbsp;<br \/>SEMURB em conjunto com o Memorial.&nbsp;<br \/>Local: Museu Memorial Natal + SEMURB<\/p>\n\n\n\n<p>Prof. Luciano Capistrano&nbsp;<br>18\/05 &#8211; 14h&nbsp;<br>Palestra:&nbsp;<br>A oralidade na hist\u00f3ria local: &#8220;Um exemplo do Projeto Mem\u00f3ria Minha Comunidade&#8221;&nbsp;<br>Local: Museu Memorial Natal<\/p>\n\n\n\n<figure class=\"wp-block-image size-large\"><img data-recalc-dims=\"1\" fetchpriority=\"high\" decoding=\"async\" width=\"768\" height=\"510\" src=\"https:\/\/i0.wp.com\/blogdobispo.com.br\/wp-content\/uploads\/2025\/05\/img_4402-1.jpg?resize=768%2C510&#038;ssl=1\" class=\"wp-image-5309\" srcset=\"https:\/\/i0.wp.com\/blogdobispo.com.br\/wp-content\/uploads\/2025\/05\/img_4402-1.jpg?w=768&amp;ssl=1 768w, https:\/\/i0.wp.com\/blogdobispo.com.br\/wp-content\/uploads\/2025\/05\/img_4402-1.jpg?resize=300%2C199&amp;ssl=1 300w\" sizes=\"(max-width: 768px) 100vw, 768px\" \/><\/figure>\n","protected":false},"excerpt":{"rendered":"<p>A Prefeitura de Natal, por meio da Funda\u00e7\u00e3o Cultural Capitania das Artes (Funcarte), est\u00e1 participando da 23\u00aa Semana Nacional de Museus, realizada pelo Instituto Brasileiro de Museus (Ibram), com programa\u00e7\u00e3o especial no Museu Memorial Natal. Este ano, o evento acontece de 12 a 18 de maio e tem como tema \u201cO futuro dos museus em [&hellip;]<\/p>\n","protected":false},"author":1,"featured_media":0,"comment_status":"open","ping_status":"open","sticky":false,"template":"","format":"standard","meta":{"cybocfi_hide_featured_image":"","_jetpack_memberships_contains_paid_content":false,"footnotes":""},"categories":[1],"tags":[],"class_list":["post-5310","post","type-post","status-publish","format-standard","hentry","category-diversos"],"yoast_head":"<!-- This site is optimized with the Yoast SEO plugin v25.6 - https:\/\/yoast.com\/wordpress\/plugins\/seo\/ -->\n<title>Prefeitura de Natal participa da 23\u00aa Semana Nacional de Museus com programa\u00e7\u00e3o gratuita - Blog do Bispo<\/title>\n<meta name=\"robots\" content=\"index, follow, max-snippet:-1, max-image-preview:large, max-video-preview:-1\" \/>\n<link rel=\"canonical\" href=\"https:\/\/blogdobispo.com.br\/?p=5310\" \/>\n<meta property=\"og:locale\" content=\"pt_BR\" \/>\n<meta property=\"og:type\" content=\"article\" \/>\n<meta property=\"og:title\" content=\"Prefeitura de Natal participa da 23\u00aa Semana Nacional de Museus com programa\u00e7\u00e3o gratuita - Blog do Bispo\" \/>\n<meta property=\"og:description\" content=\"A Prefeitura de Natal, por meio da Funda\u00e7\u00e3o Cultural Capitania das Artes (Funcarte), est\u00e1 participando da 23\u00aa Semana Nacional de Museus, realizada pelo Instituto Brasileiro de Museus (Ibram), com programa\u00e7\u00e3o especial no Museu Memorial Natal. Este ano, o evento acontece de 12 a 18 de maio e tem como tema \u201cO futuro dos museus em [&hellip;]\" \/>\n<meta property=\"og:url\" content=\"https:\/\/blogdobispo.com.br\/?p=5310\" \/>\n<meta property=\"og:site_name\" content=\"Blog do Bispo\" \/>\n<meta property=\"article:published_time\" content=\"2025-05-13T22:33:12+00:00\" \/>\n<meta property=\"og:image\" content=\"https:\/\/blogdobispo.com.br\/wp-content\/uploads\/2025\/05\/img_4402-1.jpg\" \/>\n<meta name=\"author\" content=\"Jefferson Sterfeno\" \/>\n<meta name=\"twitter:card\" content=\"summary_large_image\" \/>\n<meta name=\"twitter:label1\" content=\"Escrito por\" \/>\n\t<meta name=\"twitter:data1\" content=\"Jefferson Sterfeno\" \/>\n\t<meta name=\"twitter:label2\" content=\"Est. tempo de leitura\" \/>\n\t<meta name=\"twitter:data2\" content=\"2 minutos\" \/>\n<script type=\"application\/ld+json\" class=\"yoast-schema-graph\">{\"@context\":\"https:\/\/schema.org\",\"@graph\":[{\"@type\":\"Article\",\"@id\":\"https:\/\/blogdobispo.com.br\/?p=5310#article\",\"isPartOf\":{\"@id\":\"https:\/\/blogdobispo.com.br\/?p=5310\"},\"author\":{\"name\":\"Jefferson Sterfeno\",\"@id\":\"https:\/\/blogdobispo.com.br\/#\/schema\/person\/e2209cc0e6cea5c5233d033e997b373f\"},\"headline\":\"Prefeitura de Natal participa da 23\u00aa Semana Nacional de Museus com programa\u00e7\u00e3o gratuita\",\"datePublished\":\"2025-05-13T22:33:12+00:00\",\"mainEntityOfPage\":{\"@id\":\"https:\/\/blogdobispo.com.br\/?p=5310\"},\"wordCount\":376,\"commentCount\":0,\"publisher\":{\"@id\":\"https:\/\/blogdobispo.com.br\/#organization\"},\"image\":{\"@id\":\"https:\/\/blogdobispo.com.br\/?p=5310#primaryimage\"},\"thumbnailUrl\":\"https:\/\/blogdobispo.com.br\/wp-content\/uploads\/2025\/05\/img_4402-1.jpg\",\"articleSection\":[\"diversos\"],\"inLanguage\":\"pt-BR\",\"potentialAction\":[{\"@type\":\"CommentAction\",\"name\":\"Comment\",\"target\":[\"https:\/\/blogdobispo.com.br\/?p=5310#respond\"]}]},{\"@type\":\"WebPage\",\"@id\":\"https:\/\/blogdobispo.com.br\/?p=5310\",\"url\":\"https:\/\/blogdobispo.com.br\/?p=5310\",\"name\":\"Prefeitura de Natal participa da 23\u00aa Semana Nacional de Museus com programa\u00e7\u00e3o gratuita - Blog do Bispo\",\"isPartOf\":{\"@id\":\"https:\/\/blogdobispo.com.br\/#website\"},\"primaryImageOfPage\":{\"@id\":\"https:\/\/blogdobispo.com.br\/?p=5310#primaryimage\"},\"image\":{\"@id\":\"https:\/\/blogdobispo.com.br\/?p=5310#primaryimage\"},\"thumbnailUrl\":\"https:\/\/blogdobispo.com.br\/wp-content\/uploads\/2025\/05\/img_4402-1.jpg\",\"datePublished\":\"2025-05-13T22:33:12+00:00\",\"breadcrumb\":{\"@id\":\"https:\/\/blogdobispo.com.br\/?p=5310#breadcrumb\"},\"inLanguage\":\"pt-BR\",\"potentialAction\":[{\"@type\":\"ReadAction\",\"target\":[\"https:\/\/blogdobispo.com.br\/?p=5310\"]}]},{\"@type\":\"ImageObject\",\"inLanguage\":\"pt-BR\",\"@id\":\"https:\/\/blogdobispo.com.br\/?p=5310#primaryimage\",\"url\":\"https:\/\/blogdobispo.com.br\/wp-content\/uploads\/2025\/05\/img_4402-1.jpg\",\"contentUrl\":\"https:\/\/blogdobispo.com.br\/wp-content\/uploads\/2025\/05\/img_4402-1.jpg\"},{\"@type\":\"BreadcrumbList\",\"@id\":\"https:\/\/blogdobispo.com.br\/?p=5310#breadcrumb\",\"itemListElement\":[{\"@type\":\"ListItem\",\"position\":1,\"name\":\"In\u00edcio\",\"item\":\"https:\/\/blogdobispo.com.br\/\"},{\"@type\":\"ListItem\",\"position\":2,\"name\":\"Prefeitura de Natal participa da 23\u00aa Semana Nacional de Museus com programa\u00e7\u00e3o gratuita\"}]},{\"@type\":\"WebSite\",\"@id\":\"https:\/\/blogdobispo.com.br\/#website\",\"url\":\"https:\/\/blogdobispo.com.br\/\",\"name\":\"Blog do Bispo\",\"description\":\"Comprometido apenas com o leitor\",\"publisher\":{\"@id\":\"https:\/\/blogdobispo.com.br\/#organization\"},\"potentialAction\":[{\"@type\":\"SearchAction\",\"target\":{\"@type\":\"EntryPoint\",\"urlTemplate\":\"https:\/\/blogdobispo.com.br\/?s={search_term_string}\"},\"query-input\":{\"@type\":\"PropertyValueSpecification\",\"valueRequired\":true,\"valueName\":\"search_term_string\"}}],\"inLanguage\":\"pt-BR\"},{\"@type\":\"Organization\",\"@id\":\"https:\/\/blogdobispo.com.br\/#organization\",\"name\":\"Blog do Bispo\",\"url\":\"https:\/\/blogdobispo.com.br\/\",\"logo\":{\"@type\":\"ImageObject\",\"inLanguage\":\"pt-BR\",\"@id\":\"https:\/\/blogdobispo.com.br\/#\/schema\/logo\/image\/\",\"url\":\"http:\/\/blogdobispo.com.br\/wp-content\/uploads\/2023\/05\/cropped-headear.png\",\"contentUrl\":\"http:\/\/blogdobispo.com.br\/wp-content\/uploads\/2023\/05\/cropped-headear.png\",\"width\":1500,\"height\":399,\"caption\":\"Blog do Bispo\"},\"image\":{\"@id\":\"https:\/\/blogdobispo.com.br\/#\/schema\/logo\/image\/\"}},{\"@type\":\"Person\",\"@id\":\"https:\/\/blogdobispo.com.br\/#\/schema\/person\/e2209cc0e6cea5c5233d033e997b373f\",\"name\":\"Jefferson Sterfeno\",\"image\":{\"@type\":\"ImageObject\",\"inLanguage\":\"pt-BR\",\"@id\":\"https:\/\/blogdobispo.com.br\/#\/schema\/person\/image\/\",\"url\":\"https:\/\/secure.gravatar.com\/avatar\/0534e84764641168a677026b6d57a3f51dc7ac4db0b4f6186d9cb330d4ee1160?s=96&d=mm&r=g\",\"contentUrl\":\"https:\/\/secure.gravatar.com\/avatar\/0534e84764641168a677026b6d57a3f51dc7ac4db0b4f6186d9cb330d4ee1160?s=96&d=mm&r=g\",\"caption\":\"Jefferson Sterfeno\"},\"sameAs\":[\"http:\/\/blogdobispo.com.br\"],\"url\":\"https:\/\/blogdobispo.com.br\/?author=1\"}]}<\/script>\n<!-- \/ Yoast SEO plugin. -->","yoast_head_json":{"title":"Prefeitura de Natal participa da 23\u00aa Semana Nacional de Museus com programa\u00e7\u00e3o gratuita - Blog do Bispo","robots":{"index":"index","follow":"follow","max-snippet":"max-snippet:-1","max-image-preview":"max-image-preview:large","max-video-preview":"max-video-preview:-1"},"canonical":"https:\/\/blogdobispo.com.br\/?p=5310","og_locale":"pt_BR","og_type":"article","og_title":"Prefeitura de Natal participa da 23\u00aa Semana Nacional de Museus com programa\u00e7\u00e3o gratuita - Blog do Bispo","og_description":"A Prefeitura de Natal, por meio da Funda\u00e7\u00e3o Cultural Capitania das Artes (Funcarte), est\u00e1 participando da 23\u00aa Semana Nacional de Museus, realizada pelo Instituto Brasileiro de Museus (Ibram), com programa\u00e7\u00e3o especial no Museu Memorial Natal. Este ano, o evento acontece de 12 a 18 de maio e tem como tema \u201cO futuro dos museus em [&hellip;]","og_url":"https:\/\/blogdobispo.com.br\/?p=5310","og_site_name":"Blog do Bispo","article_published_time":"2025-05-13T22:33:12+00:00","og_image":[{"url":"https:\/\/blogdobispo.com.br\/wp-content\/uploads\/2025\/05\/img_4402-1.jpg","type":"","width":"","height":""}],"author":"Jefferson Sterfeno","twitter_card":"summary_large_image","twitter_misc":{"Escrito por":"Jefferson Sterfeno","Est. tempo de leitura":"2 minutos"},"schema":{"@context":"https:\/\/schema.org","@graph":[{"@type":"Article","@id":"https:\/\/blogdobispo.com.br\/?p=5310#article","isPartOf":{"@id":"https:\/\/blogdobispo.com.br\/?p=5310"},"author":{"name":"Jefferson Sterfeno","@id":"https:\/\/blogdobispo.com.br\/#\/schema\/person\/e2209cc0e6cea5c5233d033e997b373f"},"headline":"Prefeitura de Natal participa da 23\u00aa Semana Nacional de Museus com programa\u00e7\u00e3o gratuita","datePublished":"2025-05-13T22:33:12+00:00","mainEntityOfPage":{"@id":"https:\/\/blogdobispo.com.br\/?p=5310"},"wordCount":376,"commentCount":0,"publisher":{"@id":"https:\/\/blogdobispo.com.br\/#organization"},"image":{"@id":"https:\/\/blogdobispo.com.br\/?p=5310#primaryimage"},"thumbnailUrl":"https:\/\/blogdobispo.com.br\/wp-content\/uploads\/2025\/05\/img_4402-1.jpg","articleSection":["diversos"],"inLanguage":"pt-BR","potentialAction":[{"@type":"CommentAction","name":"Comment","target":["https:\/\/blogdobispo.com.br\/?p=5310#respond"]}]},{"@type":"WebPage","@id":"https:\/\/blogdobispo.com.br\/?p=5310","url":"https:\/\/blogdobispo.com.br\/?p=5310","name":"Prefeitura de Natal participa da 23\u00aa Semana Nacional de Museus com programa\u00e7\u00e3o gratuita - Blog do Bispo","isPartOf":{"@id":"https:\/\/blogdobispo.com.br\/#website"},"primaryImageOfPage":{"@id":"https:\/\/blogdobispo.com.br\/?p=5310#primaryimage"},"image":{"@id":"https:\/\/blogdobispo.com.br\/?p=5310#primaryimage"},"thumbnailUrl":"https:\/\/blogdobispo.com.br\/wp-content\/uploads\/2025\/05\/img_4402-1.jpg","datePublished":"2025-05-13T22:33:12+00:00","breadcrumb":{"@id":"https:\/\/blogdobispo.com.br\/?p=5310#breadcrumb"},"inLanguage":"pt-BR","potentialAction":[{"@type":"ReadAction","target":["https:\/\/blogdobispo.com.br\/?p=5310"]}]},{"@type":"ImageObject","inLanguage":"pt-BR","@id":"https:\/\/blogdobispo.com.br\/?p=5310#primaryimage","url":"https:\/\/blogdobispo.com.br\/wp-content\/uploads\/2025\/05\/img_4402-1.jpg","contentUrl":"https:\/\/blogdobispo.com.br\/wp-content\/uploads\/2025\/05\/img_4402-1.jpg"},{"@type":"BreadcrumbList","@id":"https:\/\/blogdobispo.com.br\/?p=5310#breadcrumb","itemListElement":[{"@type":"ListItem","position":1,"name":"In\u00edcio","item":"https:\/\/blogdobispo.com.br\/"},{"@type":"ListItem","position":2,"name":"Prefeitura de Natal participa da 23\u00aa Semana Nacional de Museus com programa\u00e7\u00e3o gratuita"}]},{"@type":"WebSite","@id":"https:\/\/blogdobispo.com.br\/#website","url":"https:\/\/blogdobispo.com.br\/","name":"Blog do Bispo","description":"Comprometido apenas com o leitor","publisher":{"@id":"https:\/\/blogdobispo.com.br\/#organization"},"potentialAction":[{"@type":"SearchAction","target":{"@type":"EntryPoint","urlTemplate":"https:\/\/blogdobispo.com.br\/?s={search_term_string}"},"query-input":{"@type":"PropertyValueSpecification","valueRequired":true,"valueName":"search_term_string"}}],"inLanguage":"pt-BR"},{"@type":"Organization","@id":"https:\/\/blogdobispo.com.br\/#organization","name":"Blog do Bispo","url":"https:\/\/blogdobispo.com.br\/","logo":{"@type":"ImageObject","inLanguage":"pt-BR","@id":"https:\/\/blogdobispo.com.br\/#\/schema\/logo\/image\/","url":"http:\/\/blogdobispo.com.br\/wp-content\/uploads\/2023\/05\/cropped-headear.png","contentUrl":"http:\/\/blogdobispo.com.br\/wp-content\/uploads\/2023\/05\/cropped-headear.png","width":1500,"height":399,"caption":"Blog do Bispo"},"image":{"@id":"https:\/\/blogdobispo.com.br\/#\/schema\/logo\/image\/"}},{"@type":"Person","@id":"https:\/\/blogdobispo.com.br\/#\/schema\/person\/e2209cc0e6cea5c5233d033e997b373f","name":"Jefferson Sterfeno","image":{"@type":"ImageObject","inLanguage":"pt-BR","@id":"https:\/\/blogdobispo.com.br\/#\/schema\/person\/image\/","url":"https:\/\/secure.gravatar.com\/avatar\/0534e84764641168a677026b6d57a3f51dc7ac4db0b4f6186d9cb330d4ee1160?s=96&d=mm&r=g","contentUrl":"https:\/\/secure.gravatar.com\/avatar\/0534e84764641168a677026b6d57a3f51dc7ac4db0b4f6186d9cb330d4ee1160?s=96&d=mm&r=g","caption":"Jefferson Sterfeno"},"sameAs":["http:\/\/blogdobispo.com.br"],"url":"https:\/\/blogdobispo.com.br\/?author=1"}]}},"featured_image_urls":{"full":"","thumbnail":"","medium":"","medium_large":"","large":"","1536x1536":"","2048x2048":""},"author_info":{"display_name":"Jefferson Sterfeno","author_link":"https:\/\/blogdobispo.com.br\/?author=1"},"category_info":"<a href=\"https:\/\/blogdobispo.com.br\/?cat=1\" rel=\"category\">diversos<\/a>","tag_info":"diversos","comment_count":"0","jetpack_featured_media_url":"","jetpack_sharing_enabled":true,"_links":{"self":[{"href":"https:\/\/blogdobispo.com.br\/index.php?rest_route=\/wp\/v2\/posts\/5310","targetHints":{"allow":["GET"]}}],"collection":[{"href":"https:\/\/blogdobispo.com.br\/index.php?rest_route=\/wp\/v2\/posts"}],"about":[{"href":"https:\/\/blogdobispo.com.br\/index.php?rest_route=\/wp\/v2\/types\/post"}],"author":[{"embeddable":true,"href":"https:\/\/blogdobispo.com.br\/index.php?rest_route=\/wp\/v2\/users\/1"}],"replies":[{"embeddable":true,"href":"https:\/\/blogdobispo.com.br\/index.php?rest_route=%2Fwp%2Fv2%2Fcomments&post=5310"}],"version-history":[{"count":0,"href":"https:\/\/blogdobispo.com.br\/index.php?rest_route=\/wp\/v2\/posts\/5310\/revisions"}],"wp:attachment":[{"href":"https:\/\/blogdobispo.com.br\/index.php?rest_route=%2Fwp%2Fv2%2Fmedia&parent=5310"}],"wp:term":[{"taxonomy":"category","embeddable":true,"href":"https:\/\/blogdobispo.com.br\/index.php?rest_route=%2Fwp%2Fv2%2Fcategories&post=5310"},{"taxonomy":"post_tag","embeddable":true,"href":"https:\/\/blogdobispo.com.br\/index.php?rest_route=%2Fwp%2Fv2%2Ftags&post=5310"}],"curies":[{"name":"wp","href":"https:\/\/api.w.org\/{rel}","templated":true}]}}