{"id":5300,"date":"2025-05-12T14:10:36","date_gmt":"2025-05-12T14:10:36","guid":{"rendered":"https:\/\/blogdobispo.com.br\/?p=5300"},"modified":"2025-05-12T14:10:36","modified_gmt":"2025-05-12T14:10:36","slug":"precisamos-romper-o-silencio-diz-vereadora-camila-sobre-abuso-sexual-contra-menores","status":"publish","type":"post","link":"https:\/\/blogdobispo.com.br\/?p=5300","title":{"rendered":"\u201dPrecisamos romper o sil\u00eancio\u201d, diz vereadora Camila sobre abuso sexual contra menores"},"content":{"rendered":"\n<figure class=\"wp-block-image size-large\"><img data-recalc-dims=\"1\" fetchpriority=\"high\" decoding=\"async\" width=\"768\" height=\"1024\" src=\"https:\/\/i0.wp.com\/blogdobispo.com.br\/wp-content\/uploads\/2025\/05\/690eade5-6d6b-4883-8c2e-e8aac77e937f-1-768x1024.jpg?resize=768%2C1024&#038;ssl=1\" class=\"wp-image-5299\" srcset=\"https:\/\/i0.wp.com\/blogdobispo.com.br\/wp-content\/uploads\/2025\/05\/690eade5-6d6b-4883-8c2e-e8aac77e937f-1.jpg?resize=768%2C1024&amp;ssl=1 768w, https:\/\/i0.wp.com\/blogdobispo.com.br\/wp-content\/uploads\/2025\/05\/690eade5-6d6b-4883-8c2e-e8aac77e937f-1.jpg?resize=225%2C300&amp;ssl=1 225w, https:\/\/i0.wp.com\/blogdobispo.com.br\/wp-content\/uploads\/2025\/05\/690eade5-6d6b-4883-8c2e-e8aac77e937f-1.jpg?resize=1152%2C1536&amp;ssl=1 1152w, https:\/\/i0.wp.com\/blogdobispo.com.br\/wp-content\/uploads\/2025\/05\/690eade5-6d6b-4883-8c2e-e8aac77e937f-1.jpg?resize=1024%2C1365&amp;ssl=1 1024w, https:\/\/i0.wp.com\/blogdobispo.com.br\/wp-content\/uploads\/2025\/05\/690eade5-6d6b-4883-8c2e-e8aac77e937f-1.jpg?w=1500&amp;ssl=1 1500w\" sizes=\"(max-width: 768px) 100vw, 768px\" \/><\/figure>\n\n\n\n<p><\/p>\n\n\n\n<p>No pr\u00f3ximo dia 18 de maio, o Brasil se mobiliza em torno de uma das causas mais urgentes e sens\u00edveis da sociedade: o combate ao abuso e \u00e0 explora\u00e7\u00e3o sexual de crian\u00e7as e adolescentes. A data marca o Dia Nacional de Enfrentamento, institu\u00eddo em mem\u00f3ria da menina Araceli Crespo, de apenas 8 anos, que foi cruelmente assassinada em 1973, ap\u00f3s ser sequestrada e violentada.<\/p>\n\n\n\n<p>Em Natal, a vereadora Camila Ara\u00fajo refor\u00e7a a import\u00e2ncia da campanha como um chamado \u00e0 consci\u00eancia coletiva e ao dever de prote\u00e7\u00e3o da inf\u00e2ncia.<\/p>\n\n\n\n<p>\u201cA cada hora, pelo menos 3 crian\u00e7as ou adolescentes s\u00e3o v\u00edtimas de viol\u00eancia sexual no Brasil. E em mais de 70% dos casos, o agressor est\u00e1 dentro da pr\u00f3pria casa ou \u00e9 algu\u00e9m de confian\u00e7a da fam\u00edlia. Isso \u00e9 assustador. Precisamos urgentemente romper o sil\u00eancio\u201d, afirma.<\/p>\n\n\n\n<p>Camila destaca que muitas v\u00edtimas n\u00e3o conseguem verbalizar o abuso, e alerta os pais e respons\u00e1veis para que fiquem atentos a mudan\u00e7as de comportamento, como medo repentino, tristeza excessiva, isolamento, regress\u00e3o no desenvolvimento e at\u00e9 resist\u00eancia em estar perto de determinadas pessoas.<\/p>\n\n\n\n<p>\u201cA crian\u00e7a d\u00e1 sinais. Nosso papel \u00e9 perceber e agir. N\u00e3o d\u00e1 mais para fechar os olhos. Nem adianta apenas v\u00eddeo de internet em discuss\u00f5es entre milit\u00e2ncias. \u00c9 preciso agir! Denunciar \u00e9 um ato de amor\u201d, diz.<\/p>\n\n\n\n<p>A vereadora tamb\u00e9m defende a educa\u00e7\u00e3o preventiva nas escolas, o fortalecimento da rede de prote\u00e7\u00e3o e a puni\u00e7\u00e3o severa aos criminosos.<\/p>\n\n\n\n<p>\u201c\u00c9 inadmiss\u00edvel que ainda tenhamos leis brandas para crimes t\u00e3o b\u00e1rbaros. Precisamos endurecer as penas e proteger nossas crian\u00e7as com firmeza\u201d, defende Camila.<\/p>\n","protected":false},"excerpt":{"rendered":"<p>No pr\u00f3ximo dia 18 de maio, o Brasil se mobiliza em torno de uma das causas mais urgentes e sens\u00edveis da sociedade: o combate ao abuso e \u00e0 explora\u00e7\u00e3o sexual de crian\u00e7as e adolescentes. A data marca o Dia Nacional de Enfrentamento, institu\u00eddo em mem\u00f3ria da menina Araceli Crespo, de apenas 8 anos, que foi [&hellip;]<\/p>\n","protected":false},"author":1,"featured_media":0,"comment_status":"open","ping_status":"open","sticky":false,"template":"","format":"standard","meta":{"cybocfi_hide_featured_image":"","_jetpack_memberships_contains_paid_content":false,"footnotes":""},"categories":[1],"tags":[],"class_list":["post-5300","post","type-post","status-publish","format-standard","hentry","category-diversos"],"yoast_head":"<!-- This site is optimized with the Yoast SEO plugin v25.6 - https:\/\/yoast.com\/wordpress\/plugins\/seo\/ -->\n<title>\u201dPrecisamos romper o sil\u00eancio\u201d, diz vereadora Camila sobre abuso sexual contra menores - Blog do Bispo<\/title>\n<meta name=\"robots\" content=\"index, follow, max-snippet:-1, max-image-preview:large, max-video-preview:-1\" \/>\n<link rel=\"canonical\" href=\"https:\/\/blogdobispo.com.br\/?p=5300\" \/>\n<meta property=\"og:locale\" content=\"pt_BR\" \/>\n<meta property=\"og:type\" content=\"article\" \/>\n<meta property=\"og:title\" content=\"\u201dPrecisamos romper o sil\u00eancio\u201d, diz vereadora Camila sobre abuso sexual contra menores - Blog do Bispo\" \/>\n<meta property=\"og:description\" content=\"No pr\u00f3ximo dia 18 de maio, o Brasil se mobiliza em torno de uma das causas mais urgentes e sens\u00edveis da sociedade: o combate ao abuso e \u00e0 explora\u00e7\u00e3o sexual de crian\u00e7as e adolescentes. A data marca o Dia Nacional de Enfrentamento, institu\u00eddo em mem\u00f3ria da menina Araceli Crespo, de apenas 8 anos, que foi [&hellip;]\" \/>\n<meta property=\"og:url\" content=\"https:\/\/blogdobispo.com.br\/?p=5300\" \/>\n<meta property=\"og:site_name\" content=\"Blog do Bispo\" \/>\n<meta property=\"article:published_time\" content=\"2025-05-12T14:10:36+00:00\" \/>\n<meta property=\"og:image\" content=\"https:\/\/blogdobispo.com.br\/wp-content\/uploads\/2025\/05\/690eade5-6d6b-4883-8c2e-e8aac77e937f-1-768x1024.jpg\" \/>\n<meta name=\"author\" content=\"Jefferson Sterfeno\" \/>\n<meta name=\"twitter:card\" content=\"summary_large_image\" \/>\n<meta name=\"twitter:label1\" content=\"Escrito por\" \/>\n\t<meta name=\"twitter:data1\" content=\"Jefferson Sterfeno\" \/>\n\t<meta name=\"twitter:label2\" content=\"Est. tempo de leitura\" \/>\n\t<meta name=\"twitter:data2\" content=\"1 minuto\" \/>\n<script type=\"application\/ld+json\" class=\"yoast-schema-graph\">{\"@context\":\"https:\/\/schema.org\",\"@graph\":[{\"@type\":\"Article\",\"@id\":\"https:\/\/blogdobispo.com.br\/?p=5300#article\",\"isPartOf\":{\"@id\":\"https:\/\/blogdobispo.com.br\/?p=5300\"},\"author\":{\"name\":\"Jefferson Sterfeno\",\"@id\":\"https:\/\/blogdobispo.com.br\/#\/schema\/person\/e2209cc0e6cea5c5233d033e997b373f\"},\"headline\":\"\u201dPrecisamos romper o sil\u00eancio\u201d, diz vereadora Camila sobre abuso sexual contra menores\",\"datePublished\":\"2025-05-12T14:10:36+00:00\",\"mainEntityOfPage\":{\"@id\":\"https:\/\/blogdobispo.com.br\/?p=5300\"},\"wordCount\":298,\"commentCount\":0,\"publisher\":{\"@id\":\"https:\/\/blogdobispo.com.br\/#organization\"},\"image\":{\"@id\":\"https:\/\/blogdobispo.com.br\/?p=5300#primaryimage\"},\"thumbnailUrl\":\"https:\/\/blogdobispo.com.br\/wp-content\/uploads\/2025\/05\/690eade5-6d6b-4883-8c2e-e8aac77e937f-1-768x1024.jpg\",\"articleSection\":[\"diversos\"],\"inLanguage\":\"pt-BR\",\"potentialAction\":[{\"@type\":\"CommentAction\",\"name\":\"Comment\",\"target\":[\"https:\/\/blogdobispo.com.br\/?p=5300#respond\"]}]},{\"@type\":\"WebPage\",\"@id\":\"https:\/\/blogdobispo.com.br\/?p=5300\",\"url\":\"https:\/\/blogdobispo.com.br\/?p=5300\",\"name\":\"\u201dPrecisamos romper o sil\u00eancio\u201d, diz vereadora Camila sobre abuso sexual contra menores - Blog do Bispo\",\"isPartOf\":{\"@id\":\"https:\/\/blogdobispo.com.br\/#website\"},\"primaryImageOfPage\":{\"@id\":\"https:\/\/blogdobispo.com.br\/?p=5300#primaryimage\"},\"image\":{\"@id\":\"https:\/\/blogdobispo.com.br\/?p=5300#primaryimage\"},\"thumbnailUrl\":\"https:\/\/blogdobispo.com.br\/wp-content\/uploads\/2025\/05\/690eade5-6d6b-4883-8c2e-e8aac77e937f-1-768x1024.jpg\",\"datePublished\":\"2025-05-12T14:10:36+00:00\",\"breadcrumb\":{\"@id\":\"https:\/\/blogdobispo.com.br\/?p=5300#breadcrumb\"},\"inLanguage\":\"pt-BR\",\"potentialAction\":[{\"@type\":\"ReadAction\",\"target\":[\"https:\/\/blogdobispo.com.br\/?p=5300\"]}]},{\"@type\":\"ImageObject\",\"inLanguage\":\"pt-BR\",\"@id\":\"https:\/\/blogdobispo.com.br\/?p=5300#primaryimage\",\"url\":\"https:\/\/blogdobispo.com.br\/wp-content\/uploads\/2025\/05\/690eade5-6d6b-4883-8c2e-e8aac77e937f-1-768x1024.jpg\",\"contentUrl\":\"https:\/\/blogdobispo.com.br\/wp-content\/uploads\/2025\/05\/690eade5-6d6b-4883-8c2e-e8aac77e937f-1-768x1024.jpg\"},{\"@type\":\"BreadcrumbList\",\"@id\":\"https:\/\/blogdobispo.com.br\/?p=5300#breadcrumb\",\"itemListElement\":[{\"@type\":\"ListItem\",\"position\":1,\"name\":\"In\u00edcio\",\"item\":\"https:\/\/blogdobispo.com.br\/\"},{\"@type\":\"ListItem\",\"position\":2,\"name\":\"\u201dPrecisamos romper o sil\u00eancio\u201d, diz vereadora Camila sobre abuso sexual contra menores\"}]},{\"@type\":\"WebSite\",\"@id\":\"https:\/\/blogdobispo.com.br\/#website\",\"url\":\"https:\/\/blogdobispo.com.br\/\",\"name\":\"Blog do Bispo\",\"description\":\"Comprometido apenas com o leitor\",\"publisher\":{\"@id\":\"https:\/\/blogdobispo.com.br\/#organization\"},\"potentialAction\":[{\"@type\":\"SearchAction\",\"target\":{\"@type\":\"EntryPoint\",\"urlTemplate\":\"https:\/\/blogdobispo.com.br\/?s={search_term_string}\"},\"query-input\":{\"@type\":\"PropertyValueSpecification\",\"valueRequired\":true,\"valueName\":\"search_term_string\"}}],\"inLanguage\":\"pt-BR\"},{\"@type\":\"Organization\",\"@id\":\"https:\/\/blogdobispo.com.br\/#organization\",\"name\":\"Blog do Bispo\",\"url\":\"https:\/\/blogdobispo.com.br\/\",\"logo\":{\"@type\":\"ImageObject\",\"inLanguage\":\"pt-BR\",\"@id\":\"https:\/\/blogdobispo.com.br\/#\/schema\/logo\/image\/\",\"url\":\"http:\/\/blogdobispo.com.br\/wp-content\/uploads\/2023\/05\/cropped-headear.png\",\"contentUrl\":\"http:\/\/blogdobispo.com.br\/wp-content\/uploads\/2023\/05\/cropped-headear.png\",\"width\":1500,\"height\":399,\"caption\":\"Blog do Bispo\"},\"image\":{\"@id\":\"https:\/\/blogdobispo.com.br\/#\/schema\/logo\/image\/\"}},{\"@type\":\"Person\",\"@id\":\"https:\/\/blogdobispo.com.br\/#\/schema\/person\/e2209cc0e6cea5c5233d033e997b373f\",\"name\":\"Jefferson Sterfeno\",\"image\":{\"@type\":\"ImageObject\",\"inLanguage\":\"pt-BR\",\"@id\":\"https:\/\/blogdobispo.com.br\/#\/schema\/person\/image\/\",\"url\":\"https:\/\/secure.gravatar.com\/avatar\/0534e84764641168a677026b6d57a3f51dc7ac4db0b4f6186d9cb330d4ee1160?s=96&d=mm&r=g\",\"contentUrl\":\"https:\/\/secure.gravatar.com\/avatar\/0534e84764641168a677026b6d57a3f51dc7ac4db0b4f6186d9cb330d4ee1160?s=96&d=mm&r=g\",\"caption\":\"Jefferson Sterfeno\"},\"sameAs\":[\"http:\/\/blogdobispo.com.br\"],\"url\":\"https:\/\/blogdobispo.com.br\/?author=1\"}]}<\/script>\n<!-- \/ Yoast SEO plugin. -->","yoast_head_json":{"title":"\u201dPrecisamos romper o sil\u00eancio\u201d, diz vereadora Camila sobre abuso sexual contra menores - Blog do Bispo","robots":{"index":"index","follow":"follow","max-snippet":"max-snippet:-1","max-image-preview":"max-image-preview:large","max-video-preview":"max-video-preview:-1"},"canonical":"https:\/\/blogdobispo.com.br\/?p=5300","og_locale":"pt_BR","og_type":"article","og_title":"\u201dPrecisamos romper o sil\u00eancio\u201d, diz vereadora Camila sobre abuso sexual contra menores - Blog do Bispo","og_description":"No pr\u00f3ximo dia 18 de maio, o Brasil se mobiliza em torno de uma das causas mais urgentes e sens\u00edveis da sociedade: o combate ao abuso e \u00e0 explora\u00e7\u00e3o sexual de crian\u00e7as e adolescentes. A data marca o Dia Nacional de Enfrentamento, institu\u00eddo em mem\u00f3ria da menina Araceli Crespo, de apenas 8 anos, que foi [&hellip;]","og_url":"https:\/\/blogdobispo.com.br\/?p=5300","og_site_name":"Blog do Bispo","article_published_time":"2025-05-12T14:10:36+00:00","og_image":[{"url":"https:\/\/blogdobispo.com.br\/wp-content\/uploads\/2025\/05\/690eade5-6d6b-4883-8c2e-e8aac77e937f-1-768x1024.jpg","type":"","width":"","height":""}],"author":"Jefferson Sterfeno","twitter_card":"summary_large_image","twitter_misc":{"Escrito por":"Jefferson Sterfeno","Est. tempo de leitura":"1 minuto"},"schema":{"@context":"https:\/\/schema.org","@graph":[{"@type":"Article","@id":"https:\/\/blogdobispo.com.br\/?p=5300#article","isPartOf":{"@id":"https:\/\/blogdobispo.com.br\/?p=5300"},"author":{"name":"Jefferson Sterfeno","@id":"https:\/\/blogdobispo.com.br\/#\/schema\/person\/e2209cc0e6cea5c5233d033e997b373f"},"headline":"\u201dPrecisamos romper o sil\u00eancio\u201d, diz vereadora Camila sobre abuso sexual contra menores","datePublished":"2025-05-12T14:10:36+00:00","mainEntityOfPage":{"@id":"https:\/\/blogdobispo.com.br\/?p=5300"},"wordCount":298,"commentCount":0,"publisher":{"@id":"https:\/\/blogdobispo.com.br\/#organization"},"image":{"@id":"https:\/\/blogdobispo.com.br\/?p=5300#primaryimage"},"thumbnailUrl":"https:\/\/blogdobispo.com.br\/wp-content\/uploads\/2025\/05\/690eade5-6d6b-4883-8c2e-e8aac77e937f-1-768x1024.jpg","articleSection":["diversos"],"inLanguage":"pt-BR","potentialAction":[{"@type":"CommentAction","name":"Comment","target":["https:\/\/blogdobispo.com.br\/?p=5300#respond"]}]},{"@type":"WebPage","@id":"https:\/\/blogdobispo.com.br\/?p=5300","url":"https:\/\/blogdobispo.com.br\/?p=5300","name":"\u201dPrecisamos romper o sil\u00eancio\u201d, diz vereadora Camila sobre abuso sexual contra menores - Blog do Bispo","isPartOf":{"@id":"https:\/\/blogdobispo.com.br\/#website"},"primaryImageOfPage":{"@id":"https:\/\/blogdobispo.com.br\/?p=5300#primaryimage"},"image":{"@id":"https:\/\/blogdobispo.com.br\/?p=5300#primaryimage"},"thumbnailUrl":"https:\/\/blogdobispo.com.br\/wp-content\/uploads\/2025\/05\/690eade5-6d6b-4883-8c2e-e8aac77e937f-1-768x1024.jpg","datePublished":"2025-05-12T14:10:36+00:00","breadcrumb":{"@id":"https:\/\/blogdobispo.com.br\/?p=5300#breadcrumb"},"inLanguage":"pt-BR","potentialAction":[{"@type":"ReadAction","target":["https:\/\/blogdobispo.com.br\/?p=5300"]}]},{"@type":"ImageObject","inLanguage":"pt-BR","@id":"https:\/\/blogdobispo.com.br\/?p=5300#primaryimage","url":"https:\/\/blogdobispo.com.br\/wp-content\/uploads\/2025\/05\/690eade5-6d6b-4883-8c2e-e8aac77e937f-1-768x1024.jpg","contentUrl":"https:\/\/blogdobispo.com.br\/wp-content\/uploads\/2025\/05\/690eade5-6d6b-4883-8c2e-e8aac77e937f-1-768x1024.jpg"},{"@type":"BreadcrumbList","@id":"https:\/\/blogdobispo.com.br\/?p=5300#breadcrumb","itemListElement":[{"@type":"ListItem","position":1,"name":"In\u00edcio","item":"https:\/\/blogdobispo.com.br\/"},{"@type":"ListItem","position":2,"name":"\u201dPrecisamos romper o sil\u00eancio\u201d, diz vereadora Camila sobre abuso sexual contra menores"}]},{"@type":"WebSite","@id":"https:\/\/blogdobispo.com.br\/#website","url":"https:\/\/blogdobispo.com.br\/","name":"Blog do Bispo","description":"Comprometido apenas com o leitor","publisher":{"@id":"https:\/\/blogdobispo.com.br\/#organization"},"potentialAction":[{"@type":"SearchAction","target":{"@type":"EntryPoint","urlTemplate":"https:\/\/blogdobispo.com.br\/?s={search_term_string}"},"query-input":{"@type":"PropertyValueSpecification","valueRequired":true,"valueName":"search_term_string"}}],"inLanguage":"pt-BR"},{"@type":"Organization","@id":"https:\/\/blogdobispo.com.br\/#organization","name":"Blog do Bispo","url":"https:\/\/blogdobispo.com.br\/","logo":{"@type":"ImageObject","inLanguage":"pt-BR","@id":"https:\/\/blogdobispo.com.br\/#\/schema\/logo\/image\/","url":"http:\/\/blogdobispo.com.br\/wp-content\/uploads\/2023\/05\/cropped-headear.png","contentUrl":"http:\/\/blogdobispo.com.br\/wp-content\/uploads\/2023\/05\/cropped-headear.png","width":1500,"height":399,"caption":"Blog do Bispo"},"image":{"@id":"https:\/\/blogdobispo.com.br\/#\/schema\/logo\/image\/"}},{"@type":"Person","@id":"https:\/\/blogdobispo.com.br\/#\/schema\/person\/e2209cc0e6cea5c5233d033e997b373f","name":"Jefferson Sterfeno","image":{"@type":"ImageObject","inLanguage":"pt-BR","@id":"https:\/\/blogdobispo.com.br\/#\/schema\/person\/image\/","url":"https:\/\/secure.gravatar.com\/avatar\/0534e84764641168a677026b6d57a3f51dc7ac4db0b4f6186d9cb330d4ee1160?s=96&d=mm&r=g","contentUrl":"https:\/\/secure.gravatar.com\/avatar\/0534e84764641168a677026b6d57a3f51dc7ac4db0b4f6186d9cb330d4ee1160?s=96&d=mm&r=g","caption":"Jefferson Sterfeno"},"sameAs":["http:\/\/blogdobispo.com.br"],"url":"https:\/\/blogdobispo.com.br\/?author=1"}]}},"featured_image_urls":{"full":"","thumbnail":"","medium":"","medium_large":"","large":"","1536x1536":"","2048x2048":""},"author_info":{"display_name":"Jefferson Sterfeno","author_link":"https:\/\/blogdobispo.com.br\/?author=1"},"category_info":"<a href=\"https:\/\/blogdobispo.com.br\/?cat=1\" rel=\"category\">diversos<\/a>","tag_info":"diversos","comment_count":"0","jetpack_featured_media_url":"","jetpack_sharing_enabled":true,"_links":{"self":[{"href":"https:\/\/blogdobispo.com.br\/index.php?rest_route=\/wp\/v2\/posts\/5300","targetHints":{"allow":["GET"]}}],"collection":[{"href":"https:\/\/blogdobispo.com.br\/index.php?rest_route=\/wp\/v2\/posts"}],"about":[{"href":"https:\/\/blogdobispo.com.br\/index.php?rest_route=\/wp\/v2\/types\/post"}],"author":[{"embeddable":true,"href":"https:\/\/blogdobispo.com.br\/index.php?rest_route=\/wp\/v2\/users\/1"}],"replies":[{"embeddable":true,"href":"https:\/\/blogdobispo.com.br\/index.php?rest_route=%2Fwp%2Fv2%2Fcomments&post=5300"}],"version-history":[{"count":0,"href":"https:\/\/blogdobispo.com.br\/index.php?rest_route=\/wp\/v2\/posts\/5300\/revisions"}],"wp:attachment":[{"href":"https:\/\/blogdobispo.com.br\/index.php?rest_route=%2Fwp%2Fv2%2Fmedia&parent=5300"}],"wp:term":[{"taxonomy":"category","embeddable":true,"href":"https:\/\/blogdobispo.com.br\/index.php?rest_route=%2Fwp%2Fv2%2Fcategories&post=5300"},{"taxonomy":"post_tag","embeddable":true,"href":"https:\/\/blogdobispo.com.br\/index.php?rest_route=%2Fwp%2Fv2%2Ftags&post=5300"}],"curies":[{"name":"wp","href":"https:\/\/api.w.org\/{rel}","templated":true}]}}