{"id":5297,"date":"2025-05-11T00:39:55","date_gmt":"2025-05-11T00:39:55","guid":{"rendered":"https:\/\/blogdobispo.com.br\/?p=5297"},"modified":"2025-05-11T00:39:55","modified_gmt":"2025-05-11T00:39:55","slug":"amor-de-eleicao-a-paixao-de-uma-moca-pelo-assessor-parlamentar","status":"publish","type":"post","link":"https:\/\/blogdobispo.com.br\/?p=5297","title":{"rendered":"Amor de elei\u00e7\u00e3o: A paix\u00e3o de uma mo\u00e7a pelo assessor parlamentar"},"content":{"rendered":"\n<figure class=\"wp-block-image size-large\"><img data-recalc-dims=\"1\" fetchpriority=\"high\" decoding=\"async\" width=\"678\" height=\"452\" src=\"https:\/\/i0.wp.com\/blogdobispo.com.br\/wp-content\/uploads\/2025\/05\/img_4356-1.jpg?resize=678%2C452&#038;ssl=1\" class=\"wp-image-5296\" srcset=\"https:\/\/i0.wp.com\/blogdobispo.com.br\/wp-content\/uploads\/2025\/05\/img_4356-1.jpg?w=678&amp;ssl=1 678w, https:\/\/i0.wp.com\/blogdobispo.com.br\/wp-content\/uploads\/2025\/05\/img_4356-1.jpg?resize=300%2C200&amp;ssl=1 300w\" sizes=\"(max-width: 678px) 100vw, 678px\" \/><\/figure>\n\n\n\n<p class=\"p1\">Ela o conheceu durante a campanha. Estava ali, entre cartazes mal colados e promessas bem ensaiadas, tentando acreditar que dava pra mudar o mundo com panfletos e disposi\u00e7\u00e3o. Ele era o assessor do candidato \u2014 sempre apressado, sempre elegante, sempre com um celular tocando e outro vibrando no bolso.<\/p>\n\n\n\n<p class=\"p1\">N\u00e3o era o tipo de homem que se apaixona de primeira. Mas era o tipo que sabe olhar nos olhos com a intensidade exata para fazer voc\u00ea esquecer que est\u00e1 numa sala cheia. Falava com confian\u00e7a, como quem j\u00e1 decorou todas as respostas. E talvez tivesse mesmo decorado.<\/p>\n\n\n\n<p class=\"p1\">Ela sabia que ele era casado. Ele nunca escondeu, mas tamb\u00e9m nunca contou direito. Falava da esposa com um cansa\u00e7o ensaiado, como se o casamento fosse mais uma pauta a resolver depois da elei\u00e7\u00e3o. \u201c\u00c9 complicado\u201d, dizia ele, com aquele tom de quem acha que essa frase resolve tudo.<\/p>\n\n\n\n<p class=\"p1\">No come\u00e7o, era tudo nos bastidores: olhares r\u00e1pidos, mensagens durante as reuni\u00f5es, encontros entre agendas. E ela, no meio daquele furac\u00e3o pol\u00edtico, foi se deixando levar. Acreditou, talvez por ingenuidade, talvez por escolha, que havia ali algo al\u00e9m do jogo. Algo sincero.<\/p>\n\n\n\n<p class=\"p1\">Mas a elei\u00e7\u00e3o passou. O candidato venceu. As reuni\u00f5es viraram gabinetes, os sorrisos viraram protocolos e ele\u2026 virou aus\u00eancia. Dizia que agora estava \u201csobrecarregado\u201d. E ela entendeu. Entendeu que ele tinha prometido a ela o mesmo que o chefe dele prometeu ao povo: tudo. E entregado o mesmo: sil\u00eancio.<\/p>\n\n\n\n<p class=\"p1\">Ela n\u00e3o guardou raiva. S\u00f3 uma tristeza discreta, daquelas que aparecem quando se ouve uma m\u00fasica ou se passa perto do lugar onde tudo come\u00e7ou. N\u00e3o perdeu a f\u00e9 na pol\u00edtica, mas aprendeu que, \u00e0s vezes, \u00e9 nos bastidores que se encenam as hist\u00f3rias mais falsas.<\/p>\n\n\n\n<p class=\"p1\">E prometeu a si mesma que, na pr\u00f3xima elei\u00e7\u00e3o, votaria melhor. E amaria melhor tamb\u00e9m.<\/p>\n","protected":false},"excerpt":{"rendered":"<p>Ela o conheceu durante a campanha. Estava ali, entre cartazes mal colados e promessas bem ensaiadas, tentando acreditar que dava pra mudar o mundo com panfletos e disposi\u00e7\u00e3o. Ele era o assessor do candidato \u2014 sempre apressado, sempre elegante, sempre com um celular tocando e outro vibrando no bolso. N\u00e3o era o tipo de homem [&hellip;]<\/p>\n","protected":false},"author":1,"featured_media":0,"comment_status":"open","ping_status":"open","sticky":false,"template":"","format":"standard","meta":{"cybocfi_hide_featured_image":"","_jetpack_memberships_contains_paid_content":false,"footnotes":""},"categories":[1],"tags":[],"class_list":["post-5297","post","type-post","status-publish","format-standard","hentry","category-diversos"],"yoast_head":"<!-- This site is optimized with the Yoast SEO plugin v25.6 - https:\/\/yoast.com\/wordpress\/plugins\/seo\/ -->\n<title>Amor de elei\u00e7\u00e3o: A paix\u00e3o de uma mo\u00e7a pelo assessor parlamentar - Blog do Bispo<\/title>\n<meta name=\"robots\" content=\"index, follow, max-snippet:-1, max-image-preview:large, max-video-preview:-1\" \/>\n<link rel=\"canonical\" href=\"https:\/\/blogdobispo.com.br\/?p=5297\" \/>\n<meta property=\"og:locale\" content=\"pt_BR\" \/>\n<meta property=\"og:type\" content=\"article\" \/>\n<meta property=\"og:title\" content=\"Amor de elei\u00e7\u00e3o: A paix\u00e3o de uma mo\u00e7a pelo assessor parlamentar - Blog do Bispo\" \/>\n<meta property=\"og:description\" content=\"Ela o conheceu durante a campanha. Estava ali, entre cartazes mal colados e promessas bem ensaiadas, tentando acreditar que dava pra mudar o mundo com panfletos e disposi\u00e7\u00e3o. Ele era o assessor do candidato \u2014 sempre apressado, sempre elegante, sempre com um celular tocando e outro vibrando no bolso. N\u00e3o era o tipo de homem [&hellip;]\" \/>\n<meta property=\"og:url\" content=\"https:\/\/blogdobispo.com.br\/?p=5297\" \/>\n<meta property=\"og:site_name\" content=\"Blog do Bispo\" \/>\n<meta property=\"article:published_time\" content=\"2025-05-11T00:39:55+00:00\" \/>\n<meta property=\"og:image\" content=\"https:\/\/blogdobispo.com.br\/wp-content\/uploads\/2025\/05\/img_4356-1.jpg\" \/>\n<meta name=\"author\" content=\"Jefferson Sterfeno\" \/>\n<meta name=\"twitter:card\" content=\"summary_large_image\" \/>\n<meta name=\"twitter:label1\" content=\"Escrito por\" \/>\n\t<meta name=\"twitter:data1\" content=\"Jefferson Sterfeno\" \/>\n\t<meta name=\"twitter:label2\" content=\"Est. tempo de leitura\" \/>\n\t<meta name=\"twitter:data2\" content=\"2 minutos\" \/>\n<script type=\"application\/ld+json\" class=\"yoast-schema-graph\">{\"@context\":\"https:\/\/schema.org\",\"@graph\":[{\"@type\":\"Article\",\"@id\":\"https:\/\/blogdobispo.com.br\/?p=5297#article\",\"isPartOf\":{\"@id\":\"https:\/\/blogdobispo.com.br\/?p=5297\"},\"author\":{\"name\":\"Jefferson Sterfeno\",\"@id\":\"https:\/\/blogdobispo.com.br\/#\/schema\/person\/e2209cc0e6cea5c5233d033e997b373f\"},\"headline\":\"Amor de elei\u00e7\u00e3o: A paix\u00e3o de uma mo\u00e7a pelo assessor parlamentar\",\"datePublished\":\"2025-05-11T00:39:55+00:00\",\"mainEntityOfPage\":{\"@id\":\"https:\/\/blogdobispo.com.br\/?p=5297\"},\"wordCount\":334,\"commentCount\":0,\"publisher\":{\"@id\":\"https:\/\/blogdobispo.com.br\/#organization\"},\"image\":{\"@id\":\"https:\/\/blogdobispo.com.br\/?p=5297#primaryimage\"},\"thumbnailUrl\":\"https:\/\/blogdobispo.com.br\/wp-content\/uploads\/2025\/05\/img_4356-1.jpg\",\"articleSection\":[\"diversos\"],\"inLanguage\":\"pt-BR\",\"potentialAction\":[{\"@type\":\"CommentAction\",\"name\":\"Comment\",\"target\":[\"https:\/\/blogdobispo.com.br\/?p=5297#respond\"]}]},{\"@type\":\"WebPage\",\"@id\":\"https:\/\/blogdobispo.com.br\/?p=5297\",\"url\":\"https:\/\/blogdobispo.com.br\/?p=5297\",\"name\":\"Amor de elei\u00e7\u00e3o: A paix\u00e3o de uma mo\u00e7a pelo assessor parlamentar - Blog do Bispo\",\"isPartOf\":{\"@id\":\"https:\/\/blogdobispo.com.br\/#website\"},\"primaryImageOfPage\":{\"@id\":\"https:\/\/blogdobispo.com.br\/?p=5297#primaryimage\"},\"image\":{\"@id\":\"https:\/\/blogdobispo.com.br\/?p=5297#primaryimage\"},\"thumbnailUrl\":\"https:\/\/blogdobispo.com.br\/wp-content\/uploads\/2025\/05\/img_4356-1.jpg\",\"datePublished\":\"2025-05-11T00:39:55+00:00\",\"breadcrumb\":{\"@id\":\"https:\/\/blogdobispo.com.br\/?p=5297#breadcrumb\"},\"inLanguage\":\"pt-BR\",\"potentialAction\":[{\"@type\":\"ReadAction\",\"target\":[\"https:\/\/blogdobispo.com.br\/?p=5297\"]}]},{\"@type\":\"ImageObject\",\"inLanguage\":\"pt-BR\",\"@id\":\"https:\/\/blogdobispo.com.br\/?p=5297#primaryimage\",\"url\":\"https:\/\/blogdobispo.com.br\/wp-content\/uploads\/2025\/05\/img_4356-1.jpg\",\"contentUrl\":\"https:\/\/blogdobispo.com.br\/wp-content\/uploads\/2025\/05\/img_4356-1.jpg\"},{\"@type\":\"BreadcrumbList\",\"@id\":\"https:\/\/blogdobispo.com.br\/?p=5297#breadcrumb\",\"itemListElement\":[{\"@type\":\"ListItem\",\"position\":1,\"name\":\"In\u00edcio\",\"item\":\"https:\/\/blogdobispo.com.br\/\"},{\"@type\":\"ListItem\",\"position\":2,\"name\":\"Amor de elei\u00e7\u00e3o: A paix\u00e3o de uma mo\u00e7a pelo assessor parlamentar\"}]},{\"@type\":\"WebSite\",\"@id\":\"https:\/\/blogdobispo.com.br\/#website\",\"url\":\"https:\/\/blogdobispo.com.br\/\",\"name\":\"Blog do Bispo\",\"description\":\"Comprometido apenas com o leitor\",\"publisher\":{\"@id\":\"https:\/\/blogdobispo.com.br\/#organization\"},\"potentialAction\":[{\"@type\":\"SearchAction\",\"target\":{\"@type\":\"EntryPoint\",\"urlTemplate\":\"https:\/\/blogdobispo.com.br\/?s={search_term_string}\"},\"query-input\":{\"@type\":\"PropertyValueSpecification\",\"valueRequired\":true,\"valueName\":\"search_term_string\"}}],\"inLanguage\":\"pt-BR\"},{\"@type\":\"Organization\",\"@id\":\"https:\/\/blogdobispo.com.br\/#organization\",\"name\":\"Blog do Bispo\",\"url\":\"https:\/\/blogdobispo.com.br\/\",\"logo\":{\"@type\":\"ImageObject\",\"inLanguage\":\"pt-BR\",\"@id\":\"https:\/\/blogdobispo.com.br\/#\/schema\/logo\/image\/\",\"url\":\"http:\/\/blogdobispo.com.br\/wp-content\/uploads\/2023\/05\/cropped-headear.png\",\"contentUrl\":\"http:\/\/blogdobispo.com.br\/wp-content\/uploads\/2023\/05\/cropped-headear.png\",\"width\":1500,\"height\":399,\"caption\":\"Blog do Bispo\"},\"image\":{\"@id\":\"https:\/\/blogdobispo.com.br\/#\/schema\/logo\/image\/\"}},{\"@type\":\"Person\",\"@id\":\"https:\/\/blogdobispo.com.br\/#\/schema\/person\/e2209cc0e6cea5c5233d033e997b373f\",\"name\":\"Jefferson Sterfeno\",\"image\":{\"@type\":\"ImageObject\",\"inLanguage\":\"pt-BR\",\"@id\":\"https:\/\/blogdobispo.com.br\/#\/schema\/person\/image\/\",\"url\":\"https:\/\/secure.gravatar.com\/avatar\/0534e84764641168a677026b6d57a3f51dc7ac4db0b4f6186d9cb330d4ee1160?s=96&d=mm&r=g\",\"contentUrl\":\"https:\/\/secure.gravatar.com\/avatar\/0534e84764641168a677026b6d57a3f51dc7ac4db0b4f6186d9cb330d4ee1160?s=96&d=mm&r=g\",\"caption\":\"Jefferson Sterfeno\"},\"sameAs\":[\"http:\/\/blogdobispo.com.br\"],\"url\":\"https:\/\/blogdobispo.com.br\/?author=1\"}]}<\/script>\n<!-- \/ Yoast SEO plugin. -->","yoast_head_json":{"title":"Amor de elei\u00e7\u00e3o: A paix\u00e3o de uma mo\u00e7a pelo assessor parlamentar - Blog do Bispo","robots":{"index":"index","follow":"follow","max-snippet":"max-snippet:-1","max-image-preview":"max-image-preview:large","max-video-preview":"max-video-preview:-1"},"canonical":"https:\/\/blogdobispo.com.br\/?p=5297","og_locale":"pt_BR","og_type":"article","og_title":"Amor de elei\u00e7\u00e3o: A paix\u00e3o de uma mo\u00e7a pelo assessor parlamentar - Blog do Bispo","og_description":"Ela o conheceu durante a campanha. Estava ali, entre cartazes mal colados e promessas bem ensaiadas, tentando acreditar que dava pra mudar o mundo com panfletos e disposi\u00e7\u00e3o. Ele era o assessor do candidato \u2014 sempre apressado, sempre elegante, sempre com um celular tocando e outro vibrando no bolso. N\u00e3o era o tipo de homem [&hellip;]","og_url":"https:\/\/blogdobispo.com.br\/?p=5297","og_site_name":"Blog do Bispo","article_published_time":"2025-05-11T00:39:55+00:00","og_image":[{"url":"https:\/\/blogdobispo.com.br\/wp-content\/uploads\/2025\/05\/img_4356-1.jpg","type":"","width":"","height":""}],"author":"Jefferson Sterfeno","twitter_card":"summary_large_image","twitter_misc":{"Escrito por":"Jefferson Sterfeno","Est. tempo de leitura":"2 minutos"},"schema":{"@context":"https:\/\/schema.org","@graph":[{"@type":"Article","@id":"https:\/\/blogdobispo.com.br\/?p=5297#article","isPartOf":{"@id":"https:\/\/blogdobispo.com.br\/?p=5297"},"author":{"name":"Jefferson Sterfeno","@id":"https:\/\/blogdobispo.com.br\/#\/schema\/person\/e2209cc0e6cea5c5233d033e997b373f"},"headline":"Amor de elei\u00e7\u00e3o: A paix\u00e3o de uma mo\u00e7a pelo assessor parlamentar","datePublished":"2025-05-11T00:39:55+00:00","mainEntityOfPage":{"@id":"https:\/\/blogdobispo.com.br\/?p=5297"},"wordCount":334,"commentCount":0,"publisher":{"@id":"https:\/\/blogdobispo.com.br\/#organization"},"image":{"@id":"https:\/\/blogdobispo.com.br\/?p=5297#primaryimage"},"thumbnailUrl":"https:\/\/blogdobispo.com.br\/wp-content\/uploads\/2025\/05\/img_4356-1.jpg","articleSection":["diversos"],"inLanguage":"pt-BR","potentialAction":[{"@type":"CommentAction","name":"Comment","target":["https:\/\/blogdobispo.com.br\/?p=5297#respond"]}]},{"@type":"WebPage","@id":"https:\/\/blogdobispo.com.br\/?p=5297","url":"https:\/\/blogdobispo.com.br\/?p=5297","name":"Amor de elei\u00e7\u00e3o: A paix\u00e3o de uma mo\u00e7a pelo assessor parlamentar - Blog do Bispo","isPartOf":{"@id":"https:\/\/blogdobispo.com.br\/#website"},"primaryImageOfPage":{"@id":"https:\/\/blogdobispo.com.br\/?p=5297#primaryimage"},"image":{"@id":"https:\/\/blogdobispo.com.br\/?p=5297#primaryimage"},"thumbnailUrl":"https:\/\/blogdobispo.com.br\/wp-content\/uploads\/2025\/05\/img_4356-1.jpg","datePublished":"2025-05-11T00:39:55+00:00","breadcrumb":{"@id":"https:\/\/blogdobispo.com.br\/?p=5297#breadcrumb"},"inLanguage":"pt-BR","potentialAction":[{"@type":"ReadAction","target":["https:\/\/blogdobispo.com.br\/?p=5297"]}]},{"@type":"ImageObject","inLanguage":"pt-BR","@id":"https:\/\/blogdobispo.com.br\/?p=5297#primaryimage","url":"https:\/\/blogdobispo.com.br\/wp-content\/uploads\/2025\/05\/img_4356-1.jpg","contentUrl":"https:\/\/blogdobispo.com.br\/wp-content\/uploads\/2025\/05\/img_4356-1.jpg"},{"@type":"BreadcrumbList","@id":"https:\/\/blogdobispo.com.br\/?p=5297#breadcrumb","itemListElement":[{"@type":"ListItem","position":1,"name":"In\u00edcio","item":"https:\/\/blogdobispo.com.br\/"},{"@type":"ListItem","position":2,"name":"Amor de elei\u00e7\u00e3o: A paix\u00e3o de uma mo\u00e7a pelo assessor parlamentar"}]},{"@type":"WebSite","@id":"https:\/\/blogdobispo.com.br\/#website","url":"https:\/\/blogdobispo.com.br\/","name":"Blog do Bispo","description":"Comprometido apenas com o leitor","publisher":{"@id":"https:\/\/blogdobispo.com.br\/#organization"},"potentialAction":[{"@type":"SearchAction","target":{"@type":"EntryPoint","urlTemplate":"https:\/\/blogdobispo.com.br\/?s={search_term_string}"},"query-input":{"@type":"PropertyValueSpecification","valueRequired":true,"valueName":"search_term_string"}}],"inLanguage":"pt-BR"},{"@type":"Organization","@id":"https:\/\/blogdobispo.com.br\/#organization","name":"Blog do Bispo","url":"https:\/\/blogdobispo.com.br\/","logo":{"@type":"ImageObject","inLanguage":"pt-BR","@id":"https:\/\/blogdobispo.com.br\/#\/schema\/logo\/image\/","url":"http:\/\/blogdobispo.com.br\/wp-content\/uploads\/2023\/05\/cropped-headear.png","contentUrl":"http:\/\/blogdobispo.com.br\/wp-content\/uploads\/2023\/05\/cropped-headear.png","width":1500,"height":399,"caption":"Blog do Bispo"},"image":{"@id":"https:\/\/blogdobispo.com.br\/#\/schema\/logo\/image\/"}},{"@type":"Person","@id":"https:\/\/blogdobispo.com.br\/#\/schema\/person\/e2209cc0e6cea5c5233d033e997b373f","name":"Jefferson Sterfeno","image":{"@type":"ImageObject","inLanguage":"pt-BR","@id":"https:\/\/blogdobispo.com.br\/#\/schema\/person\/image\/","url":"https:\/\/secure.gravatar.com\/avatar\/0534e84764641168a677026b6d57a3f51dc7ac4db0b4f6186d9cb330d4ee1160?s=96&d=mm&r=g","contentUrl":"https:\/\/secure.gravatar.com\/avatar\/0534e84764641168a677026b6d57a3f51dc7ac4db0b4f6186d9cb330d4ee1160?s=96&d=mm&r=g","caption":"Jefferson Sterfeno"},"sameAs":["http:\/\/blogdobispo.com.br"],"url":"https:\/\/blogdobispo.com.br\/?author=1"}]}},"featured_image_urls":{"full":"","thumbnail":"","medium":"","medium_large":"","large":"","1536x1536":"","2048x2048":""},"author_info":{"display_name":"Jefferson Sterfeno","author_link":"https:\/\/blogdobispo.com.br\/?author=1"},"category_info":"<a href=\"https:\/\/blogdobispo.com.br\/?cat=1\" rel=\"category\">diversos<\/a>","tag_info":"diversos","comment_count":"0","jetpack_featured_media_url":"","jetpack_sharing_enabled":true,"_links":{"self":[{"href":"https:\/\/blogdobispo.com.br\/index.php?rest_route=\/wp\/v2\/posts\/5297","targetHints":{"allow":["GET"]}}],"collection":[{"href":"https:\/\/blogdobispo.com.br\/index.php?rest_route=\/wp\/v2\/posts"}],"about":[{"href":"https:\/\/blogdobispo.com.br\/index.php?rest_route=\/wp\/v2\/types\/post"}],"author":[{"embeddable":true,"href":"https:\/\/blogdobispo.com.br\/index.php?rest_route=\/wp\/v2\/users\/1"}],"replies":[{"embeddable":true,"href":"https:\/\/blogdobispo.com.br\/index.php?rest_route=%2Fwp%2Fv2%2Fcomments&post=5297"}],"version-history":[{"count":0,"href":"https:\/\/blogdobispo.com.br\/index.php?rest_route=\/wp\/v2\/posts\/5297\/revisions"}],"wp:attachment":[{"href":"https:\/\/blogdobispo.com.br\/index.php?rest_route=%2Fwp%2Fv2%2Fmedia&parent=5297"}],"wp:term":[{"taxonomy":"category","embeddable":true,"href":"https:\/\/blogdobispo.com.br\/index.php?rest_route=%2Fwp%2Fv2%2Fcategories&post=5297"},{"taxonomy":"post_tag","embeddable":true,"href":"https:\/\/blogdobispo.com.br\/index.php?rest_route=%2Fwp%2Fv2%2Ftags&post=5297"}],"curies":[{"name":"wp","href":"https:\/\/api.w.org\/{rel}","templated":true}]}}