{"id":5295,"date":"2025-05-11T00:20:05","date_gmt":"2025-05-11T00:20:05","guid":{"rendered":"https:\/\/blogdobispo.com.br\/?p=5295"},"modified":"2025-05-11T00:20:05","modified_gmt":"2025-05-11T00:20:05","slug":"prefeita-andrezza-brasil-se-filia-ao-psd-com-ato-politico-em-sitio-novo-com-liderancas-politicas-de-todo-o-rn","status":"publish","type":"post","link":"https:\/\/blogdobispo.com.br\/?p=5295","title":{"rendered":"Prefeita Andrezza Brasil se filia ao PSD, com ato pol\u00edtico em S\u00edtio Novo, com lideran\u00e7as pol\u00edticas de todo o RN"},"content":{"rendered":"\n<figure class=\"wp-block-image size-large\"><img data-recalc-dims=\"1\" fetchpriority=\"high\" decoding=\"async\" width=\"800\" height=\"600\" src=\"https:\/\/i0.wp.com\/blogdobispo.com.br\/wp-content\/uploads\/2025\/05\/3f132659-e3b5-4405-bcb0-6f7365c04783-1-1024x768.jpg?resize=800%2C600&#038;ssl=1\" class=\"wp-image-5294\" srcset=\"https:\/\/i0.wp.com\/blogdobispo.com.br\/wp-content\/uploads\/2025\/05\/3f132659-e3b5-4405-bcb0-6f7365c04783-1.jpg?resize=1024%2C768&amp;ssl=1 1024w, https:\/\/i0.wp.com\/blogdobispo.com.br\/wp-content\/uploads\/2025\/05\/3f132659-e3b5-4405-bcb0-6f7365c04783-1.jpg?resize=300%2C225&amp;ssl=1 300w, https:\/\/i0.wp.com\/blogdobispo.com.br\/wp-content\/uploads\/2025\/05\/3f132659-e3b5-4405-bcb0-6f7365c04783-1.jpg?resize=768%2C576&amp;ssl=1 768w, https:\/\/i0.wp.com\/blogdobispo.com.br\/wp-content\/uploads\/2025\/05\/3f132659-e3b5-4405-bcb0-6f7365c04783-1.jpg?w=1280&amp;ssl=1 1280w\" sizes=\"(max-width: 800px) 100vw, 800px\" \/><\/figure>\n\n\n\n<p><\/p>\n\n\n\n<p>A prefeita de S\u00edtio Novo, Andrezza Brasil, oficializou na noite deste s\u00e1bado (10), sua filia\u00e7\u00e3o ao Partido Social Democr\u00e1tico (PSD), em um evento prestigiado por diversas lideran\u00e7as pol\u00edticas do Rio Grande do Norte. A solenidade, realizada na Quadra Coberta Joaquim Batista Mafra, foi marcada por emo\u00e7\u00e3o, gratid\u00e3o e reafirma\u00e7\u00e3o de compromissos com o desenvolvimento do munic\u00edpio. A senadora Zenaide Maia, presidente estadual do PSD, abonou a filia\u00e7\u00e3o e destacou a import\u00e2ncia da chegada da prefeita ao partido, refor\u00e7ando o protagonismo das mulheres na pol\u00edtica.<\/p>\n\n\n\n<p>Ao discursar, Andrezza relembrou sua trajet\u00f3ria iniciada em 2020, agradeceu \u00e0 popula\u00e7\u00e3o de S\u00edtio Novo e destacou sua vit\u00f3ria hist\u00f3rica nas elei\u00e7\u00f5es de 2024. \u201cIniciei esse caminho em 2020, quando coloquei meu nome \u00e0 disposi\u00e7\u00e3o de S\u00edtio Novo para disputar o pleito, e gra\u00e7as ao povo que consolidou aquela vit\u00f3ria, eu trabalhei muito. Foi ao longo desse trabalho que chegou 2024, com uma base ampliada, e tivemos uma maioria hist\u00f3rica de 1.045 votos. Sou muito grata \u00e0s pessoas que confiaram em mim e em Nira para conduzir os destinos do nosso munic\u00edpio\u201d, declarou. A prefeita tamb\u00e9m refor\u00e7ou sua confian\u00e7a na senadora Zenaide: \u201cTodas as vezes que estive com a senadora fui bem acolhida. Ela sempre mostrou caminhos, solu\u00e7\u00f5es, e com esse compromisso de trabalho hoje consolido minha entrada no PSD. Estou muito feliz em estar ao lado de um time com homens e mulheres competentes.\u201d<\/p>\n\n\n\n<p>A senadora Zenaide Maia celebrou a filia\u00e7\u00e3o e destacou a for\u00e7a da nova integrante do partido. \u201c\u00c9 uma felicidade imensa acolher, de bra\u00e7os abertos, a mais nova integrante prefeita do nosso partido PSD, que \u00e9 um dos maiores partidos do Brasil\u201d, afirmou. Tamb\u00e9m marcaram presen\u00e7a no evento a prefeita de Pau dos Ferros, Mariana Almeida; o deputado estadual Kleber Rodrigues; o prefeito de Tangar\u00e1, Augusto Alves; o ex-prefeito de Tangar\u00e1, Gija Alves; a ex-prefeita de S\u00edtio Novo, Wanira Brasil; a ex-prefeita de Ruy Barbosa, Nika; o prefeito de Lagoa de Velhos, Nildo Galdino; o ex-prefeito de Campo Redondo, Welber; al\u00e9m de ex-prefeitos, vereadores e lideran\u00e7as pol\u00edticas da regi\u00e3o.<\/p>\n","protected":false},"excerpt":{"rendered":"<p>A prefeita de S\u00edtio Novo, Andrezza Brasil, oficializou na noite deste s\u00e1bado (10), sua filia\u00e7\u00e3o ao Partido Social Democr\u00e1tico (PSD), em um evento prestigiado por diversas lideran\u00e7as pol\u00edticas do Rio Grande do Norte. A solenidade, realizada na Quadra Coberta Joaquim Batista Mafra, foi marcada por emo\u00e7\u00e3o, gratid\u00e3o e reafirma\u00e7\u00e3o de compromissos com o desenvolvimento do [&hellip;]<\/p>\n","protected":false},"author":1,"featured_media":0,"comment_status":"open","ping_status":"open","sticky":false,"template":"","format":"standard","meta":{"cybocfi_hide_featured_image":"","_jetpack_memberships_contains_paid_content":false,"footnotes":""},"categories":[1],"tags":[],"class_list":["post-5295","post","type-post","status-publish","format-standard","hentry","category-diversos"],"yoast_head":"<!-- This site is optimized with the Yoast SEO plugin v25.6 - https:\/\/yoast.com\/wordpress\/plugins\/seo\/ -->\n<title>Prefeita Andrezza Brasil se filia ao PSD, com ato pol\u00edtico em S\u00edtio Novo, com lideran\u00e7as pol\u00edticas de todo o RN - Blog do Bispo<\/title>\n<meta name=\"robots\" content=\"index, follow, max-snippet:-1, max-image-preview:large, max-video-preview:-1\" \/>\n<link rel=\"canonical\" href=\"https:\/\/blogdobispo.com.br\/?p=5295\" \/>\n<meta property=\"og:locale\" content=\"pt_BR\" \/>\n<meta property=\"og:type\" content=\"article\" \/>\n<meta property=\"og:title\" content=\"Prefeita Andrezza Brasil se filia ao PSD, com ato pol\u00edtico em S\u00edtio Novo, com lideran\u00e7as pol\u00edticas de todo o RN - Blog do Bispo\" \/>\n<meta property=\"og:description\" content=\"A prefeita de S\u00edtio Novo, Andrezza Brasil, oficializou na noite deste s\u00e1bado (10), sua filia\u00e7\u00e3o ao Partido Social Democr\u00e1tico (PSD), em um evento prestigiado por diversas lideran\u00e7as pol\u00edticas do Rio Grande do Norte. A solenidade, realizada na Quadra Coberta Joaquim Batista Mafra, foi marcada por emo\u00e7\u00e3o, gratid\u00e3o e reafirma\u00e7\u00e3o de compromissos com o desenvolvimento do [&hellip;]\" \/>\n<meta property=\"og:url\" content=\"https:\/\/blogdobispo.com.br\/?p=5295\" \/>\n<meta property=\"og:site_name\" content=\"Blog do Bispo\" \/>\n<meta property=\"article:published_time\" content=\"2025-05-11T00:20:05+00:00\" \/>\n<meta property=\"og:image\" content=\"https:\/\/blogdobispo.com.br\/wp-content\/uploads\/2025\/05\/3f132659-e3b5-4405-bcb0-6f7365c04783-1-1024x768.jpg\" \/>\n<meta name=\"author\" content=\"Jefferson Sterfeno\" \/>\n<meta name=\"twitter:card\" content=\"summary_large_image\" \/>\n<meta name=\"twitter:label1\" content=\"Escrito por\" \/>\n\t<meta name=\"twitter:data1\" content=\"Jefferson Sterfeno\" \/>\n\t<meta name=\"twitter:label2\" content=\"Est. tempo de leitura\" \/>\n\t<meta name=\"twitter:data2\" content=\"2 minutos\" \/>\n<script type=\"application\/ld+json\" class=\"yoast-schema-graph\">{\"@context\":\"https:\/\/schema.org\",\"@graph\":[{\"@type\":\"Article\",\"@id\":\"https:\/\/blogdobispo.com.br\/?p=5295#article\",\"isPartOf\":{\"@id\":\"https:\/\/blogdobispo.com.br\/?p=5295\"},\"author\":{\"name\":\"Jefferson Sterfeno\",\"@id\":\"https:\/\/blogdobispo.com.br\/#\/schema\/person\/e2209cc0e6cea5c5233d033e997b373f\"},\"headline\":\"Prefeita Andrezza Brasil se filia ao PSD, com ato pol\u00edtico em S\u00edtio Novo, com lideran\u00e7as pol\u00edticas de todo o RN\",\"datePublished\":\"2025-05-11T00:20:05+00:00\",\"mainEntityOfPage\":{\"@id\":\"https:\/\/blogdobispo.com.br\/?p=5295\"},\"wordCount\":391,\"commentCount\":0,\"publisher\":{\"@id\":\"https:\/\/blogdobispo.com.br\/#organization\"},\"image\":{\"@id\":\"https:\/\/blogdobispo.com.br\/?p=5295#primaryimage\"},\"thumbnailUrl\":\"https:\/\/blogdobispo.com.br\/wp-content\/uploads\/2025\/05\/3f132659-e3b5-4405-bcb0-6f7365c04783-1-1024x768.jpg\",\"articleSection\":[\"diversos\"],\"inLanguage\":\"pt-BR\",\"potentialAction\":[{\"@type\":\"CommentAction\",\"name\":\"Comment\",\"target\":[\"https:\/\/blogdobispo.com.br\/?p=5295#respond\"]}]},{\"@type\":\"WebPage\",\"@id\":\"https:\/\/blogdobispo.com.br\/?p=5295\",\"url\":\"https:\/\/blogdobispo.com.br\/?p=5295\",\"name\":\"Prefeita Andrezza Brasil se filia ao PSD, com ato pol\u00edtico em S\u00edtio Novo, com lideran\u00e7as pol\u00edticas de todo o RN - Blog do Bispo\",\"isPartOf\":{\"@id\":\"https:\/\/blogdobispo.com.br\/#website\"},\"primaryImageOfPage\":{\"@id\":\"https:\/\/blogdobispo.com.br\/?p=5295#primaryimage\"},\"image\":{\"@id\":\"https:\/\/blogdobispo.com.br\/?p=5295#primaryimage\"},\"thumbnailUrl\":\"https:\/\/blogdobispo.com.br\/wp-content\/uploads\/2025\/05\/3f132659-e3b5-4405-bcb0-6f7365c04783-1-1024x768.jpg\",\"datePublished\":\"2025-05-11T00:20:05+00:00\",\"breadcrumb\":{\"@id\":\"https:\/\/blogdobispo.com.br\/?p=5295#breadcrumb\"},\"inLanguage\":\"pt-BR\",\"potentialAction\":[{\"@type\":\"ReadAction\",\"target\":[\"https:\/\/blogdobispo.com.br\/?p=5295\"]}]},{\"@type\":\"ImageObject\",\"inLanguage\":\"pt-BR\",\"@id\":\"https:\/\/blogdobispo.com.br\/?p=5295#primaryimage\",\"url\":\"https:\/\/blogdobispo.com.br\/wp-content\/uploads\/2025\/05\/3f132659-e3b5-4405-bcb0-6f7365c04783-1-1024x768.jpg\",\"contentUrl\":\"https:\/\/blogdobispo.com.br\/wp-content\/uploads\/2025\/05\/3f132659-e3b5-4405-bcb0-6f7365c04783-1-1024x768.jpg\"},{\"@type\":\"BreadcrumbList\",\"@id\":\"https:\/\/blogdobispo.com.br\/?p=5295#breadcrumb\",\"itemListElement\":[{\"@type\":\"ListItem\",\"position\":1,\"name\":\"In\u00edcio\",\"item\":\"https:\/\/blogdobispo.com.br\/\"},{\"@type\":\"ListItem\",\"position\":2,\"name\":\"Prefeita Andrezza Brasil se filia ao PSD, com ato pol\u00edtico em S\u00edtio Novo, com lideran\u00e7as pol\u00edticas de todo o RN\"}]},{\"@type\":\"WebSite\",\"@id\":\"https:\/\/blogdobispo.com.br\/#website\",\"url\":\"https:\/\/blogdobispo.com.br\/\",\"name\":\"Blog do Bispo\",\"description\":\"Comprometido apenas com o leitor\",\"publisher\":{\"@id\":\"https:\/\/blogdobispo.com.br\/#organization\"},\"potentialAction\":[{\"@type\":\"SearchAction\",\"target\":{\"@type\":\"EntryPoint\",\"urlTemplate\":\"https:\/\/blogdobispo.com.br\/?s={search_term_string}\"},\"query-input\":{\"@type\":\"PropertyValueSpecification\",\"valueRequired\":true,\"valueName\":\"search_term_string\"}}],\"inLanguage\":\"pt-BR\"},{\"@type\":\"Organization\",\"@id\":\"https:\/\/blogdobispo.com.br\/#organization\",\"name\":\"Blog do Bispo\",\"url\":\"https:\/\/blogdobispo.com.br\/\",\"logo\":{\"@type\":\"ImageObject\",\"inLanguage\":\"pt-BR\",\"@id\":\"https:\/\/blogdobispo.com.br\/#\/schema\/logo\/image\/\",\"url\":\"http:\/\/blogdobispo.com.br\/wp-content\/uploads\/2023\/05\/cropped-headear.png\",\"contentUrl\":\"http:\/\/blogdobispo.com.br\/wp-content\/uploads\/2023\/05\/cropped-headear.png\",\"width\":1500,\"height\":399,\"caption\":\"Blog do Bispo\"},\"image\":{\"@id\":\"https:\/\/blogdobispo.com.br\/#\/schema\/logo\/image\/\"}},{\"@type\":\"Person\",\"@id\":\"https:\/\/blogdobispo.com.br\/#\/schema\/person\/e2209cc0e6cea5c5233d033e997b373f\",\"name\":\"Jefferson Sterfeno\",\"image\":{\"@type\":\"ImageObject\",\"inLanguage\":\"pt-BR\",\"@id\":\"https:\/\/blogdobispo.com.br\/#\/schema\/person\/image\/\",\"url\":\"https:\/\/secure.gravatar.com\/avatar\/0534e84764641168a677026b6d57a3f51dc7ac4db0b4f6186d9cb330d4ee1160?s=96&d=mm&r=g\",\"contentUrl\":\"https:\/\/secure.gravatar.com\/avatar\/0534e84764641168a677026b6d57a3f51dc7ac4db0b4f6186d9cb330d4ee1160?s=96&d=mm&r=g\",\"caption\":\"Jefferson Sterfeno\"},\"sameAs\":[\"http:\/\/blogdobispo.com.br\"],\"url\":\"https:\/\/blogdobispo.com.br\/?author=1\"}]}<\/script>\n<!-- \/ Yoast SEO plugin. -->","yoast_head_json":{"title":"Prefeita Andrezza Brasil se filia ao PSD, com ato pol\u00edtico em S\u00edtio Novo, com lideran\u00e7as pol\u00edticas de todo o RN - Blog do Bispo","robots":{"index":"index","follow":"follow","max-snippet":"max-snippet:-1","max-image-preview":"max-image-preview:large","max-video-preview":"max-video-preview:-1"},"canonical":"https:\/\/blogdobispo.com.br\/?p=5295","og_locale":"pt_BR","og_type":"article","og_title":"Prefeita Andrezza Brasil se filia ao PSD, com ato pol\u00edtico em S\u00edtio Novo, com lideran\u00e7as pol\u00edticas de todo o RN - Blog do Bispo","og_description":"A prefeita de S\u00edtio Novo, Andrezza Brasil, oficializou na noite deste s\u00e1bado (10), sua filia\u00e7\u00e3o ao Partido Social Democr\u00e1tico (PSD), em um evento prestigiado por diversas lideran\u00e7as pol\u00edticas do Rio Grande do Norte. A solenidade, realizada na Quadra Coberta Joaquim Batista Mafra, foi marcada por emo\u00e7\u00e3o, gratid\u00e3o e reafirma\u00e7\u00e3o de compromissos com o desenvolvimento do [&hellip;]","og_url":"https:\/\/blogdobispo.com.br\/?p=5295","og_site_name":"Blog do Bispo","article_published_time":"2025-05-11T00:20:05+00:00","og_image":[{"url":"https:\/\/blogdobispo.com.br\/wp-content\/uploads\/2025\/05\/3f132659-e3b5-4405-bcb0-6f7365c04783-1-1024x768.jpg","type":"","width":"","height":""}],"author":"Jefferson Sterfeno","twitter_card":"summary_large_image","twitter_misc":{"Escrito por":"Jefferson Sterfeno","Est. tempo de leitura":"2 minutos"},"schema":{"@context":"https:\/\/schema.org","@graph":[{"@type":"Article","@id":"https:\/\/blogdobispo.com.br\/?p=5295#article","isPartOf":{"@id":"https:\/\/blogdobispo.com.br\/?p=5295"},"author":{"name":"Jefferson Sterfeno","@id":"https:\/\/blogdobispo.com.br\/#\/schema\/person\/e2209cc0e6cea5c5233d033e997b373f"},"headline":"Prefeita Andrezza Brasil se filia ao PSD, com ato pol\u00edtico em S\u00edtio Novo, com lideran\u00e7as pol\u00edticas de todo o RN","datePublished":"2025-05-11T00:20:05+00:00","mainEntityOfPage":{"@id":"https:\/\/blogdobispo.com.br\/?p=5295"},"wordCount":391,"commentCount":0,"publisher":{"@id":"https:\/\/blogdobispo.com.br\/#organization"},"image":{"@id":"https:\/\/blogdobispo.com.br\/?p=5295#primaryimage"},"thumbnailUrl":"https:\/\/blogdobispo.com.br\/wp-content\/uploads\/2025\/05\/3f132659-e3b5-4405-bcb0-6f7365c04783-1-1024x768.jpg","articleSection":["diversos"],"inLanguage":"pt-BR","potentialAction":[{"@type":"CommentAction","name":"Comment","target":["https:\/\/blogdobispo.com.br\/?p=5295#respond"]}]},{"@type":"WebPage","@id":"https:\/\/blogdobispo.com.br\/?p=5295","url":"https:\/\/blogdobispo.com.br\/?p=5295","name":"Prefeita Andrezza Brasil se filia ao PSD, com ato pol\u00edtico em S\u00edtio Novo, com lideran\u00e7as pol\u00edticas de todo o RN - Blog do Bispo","isPartOf":{"@id":"https:\/\/blogdobispo.com.br\/#website"},"primaryImageOfPage":{"@id":"https:\/\/blogdobispo.com.br\/?p=5295#primaryimage"},"image":{"@id":"https:\/\/blogdobispo.com.br\/?p=5295#primaryimage"},"thumbnailUrl":"https:\/\/blogdobispo.com.br\/wp-content\/uploads\/2025\/05\/3f132659-e3b5-4405-bcb0-6f7365c04783-1-1024x768.jpg","datePublished":"2025-05-11T00:20:05+00:00","breadcrumb":{"@id":"https:\/\/blogdobispo.com.br\/?p=5295#breadcrumb"},"inLanguage":"pt-BR","potentialAction":[{"@type":"ReadAction","target":["https:\/\/blogdobispo.com.br\/?p=5295"]}]},{"@type":"ImageObject","inLanguage":"pt-BR","@id":"https:\/\/blogdobispo.com.br\/?p=5295#primaryimage","url":"https:\/\/blogdobispo.com.br\/wp-content\/uploads\/2025\/05\/3f132659-e3b5-4405-bcb0-6f7365c04783-1-1024x768.jpg","contentUrl":"https:\/\/blogdobispo.com.br\/wp-content\/uploads\/2025\/05\/3f132659-e3b5-4405-bcb0-6f7365c04783-1-1024x768.jpg"},{"@type":"BreadcrumbList","@id":"https:\/\/blogdobispo.com.br\/?p=5295#breadcrumb","itemListElement":[{"@type":"ListItem","position":1,"name":"In\u00edcio","item":"https:\/\/blogdobispo.com.br\/"},{"@type":"ListItem","position":2,"name":"Prefeita Andrezza Brasil se filia ao PSD, com ato pol\u00edtico em S\u00edtio Novo, com lideran\u00e7as pol\u00edticas de todo o RN"}]},{"@type":"WebSite","@id":"https:\/\/blogdobispo.com.br\/#website","url":"https:\/\/blogdobispo.com.br\/","name":"Blog do Bispo","description":"Comprometido apenas com o leitor","publisher":{"@id":"https:\/\/blogdobispo.com.br\/#organization"},"potentialAction":[{"@type":"SearchAction","target":{"@type":"EntryPoint","urlTemplate":"https:\/\/blogdobispo.com.br\/?s={search_term_string}"},"query-input":{"@type":"PropertyValueSpecification","valueRequired":true,"valueName":"search_term_string"}}],"inLanguage":"pt-BR"},{"@type":"Organization","@id":"https:\/\/blogdobispo.com.br\/#organization","name":"Blog do Bispo","url":"https:\/\/blogdobispo.com.br\/","logo":{"@type":"ImageObject","inLanguage":"pt-BR","@id":"https:\/\/blogdobispo.com.br\/#\/schema\/logo\/image\/","url":"http:\/\/blogdobispo.com.br\/wp-content\/uploads\/2023\/05\/cropped-headear.png","contentUrl":"http:\/\/blogdobispo.com.br\/wp-content\/uploads\/2023\/05\/cropped-headear.png","width":1500,"height":399,"caption":"Blog do Bispo"},"image":{"@id":"https:\/\/blogdobispo.com.br\/#\/schema\/logo\/image\/"}},{"@type":"Person","@id":"https:\/\/blogdobispo.com.br\/#\/schema\/person\/e2209cc0e6cea5c5233d033e997b373f","name":"Jefferson Sterfeno","image":{"@type":"ImageObject","inLanguage":"pt-BR","@id":"https:\/\/blogdobispo.com.br\/#\/schema\/person\/image\/","url":"https:\/\/secure.gravatar.com\/avatar\/0534e84764641168a677026b6d57a3f51dc7ac4db0b4f6186d9cb330d4ee1160?s=96&d=mm&r=g","contentUrl":"https:\/\/secure.gravatar.com\/avatar\/0534e84764641168a677026b6d57a3f51dc7ac4db0b4f6186d9cb330d4ee1160?s=96&d=mm&r=g","caption":"Jefferson Sterfeno"},"sameAs":["http:\/\/blogdobispo.com.br"],"url":"https:\/\/blogdobispo.com.br\/?author=1"}]}},"featured_image_urls":{"full":"","thumbnail":"","medium":"","medium_large":"","large":"","1536x1536":"","2048x2048":""},"author_info":{"display_name":"Jefferson Sterfeno","author_link":"https:\/\/blogdobispo.com.br\/?author=1"},"category_info":"<a href=\"https:\/\/blogdobispo.com.br\/?cat=1\" rel=\"category\">diversos<\/a>","tag_info":"diversos","comment_count":"0","jetpack_featured_media_url":"","jetpack_sharing_enabled":true,"_links":{"self":[{"href":"https:\/\/blogdobispo.com.br\/index.php?rest_route=\/wp\/v2\/posts\/5295","targetHints":{"allow":["GET"]}}],"collection":[{"href":"https:\/\/blogdobispo.com.br\/index.php?rest_route=\/wp\/v2\/posts"}],"about":[{"href":"https:\/\/blogdobispo.com.br\/index.php?rest_route=\/wp\/v2\/types\/post"}],"author":[{"embeddable":true,"href":"https:\/\/blogdobispo.com.br\/index.php?rest_route=\/wp\/v2\/users\/1"}],"replies":[{"embeddable":true,"href":"https:\/\/blogdobispo.com.br\/index.php?rest_route=%2Fwp%2Fv2%2Fcomments&post=5295"}],"version-history":[{"count":0,"href":"https:\/\/blogdobispo.com.br\/index.php?rest_route=\/wp\/v2\/posts\/5295\/revisions"}],"wp:attachment":[{"href":"https:\/\/blogdobispo.com.br\/index.php?rest_route=%2Fwp%2Fv2%2Fmedia&parent=5295"}],"wp:term":[{"taxonomy":"category","embeddable":true,"href":"https:\/\/blogdobispo.com.br\/index.php?rest_route=%2Fwp%2Fv2%2Fcategories&post=5295"},{"taxonomy":"post_tag","embeddable":true,"href":"https:\/\/blogdobispo.com.br\/index.php?rest_route=%2Fwp%2Fv2%2Ftags&post=5295"}],"curies":[{"name":"wp","href":"https:\/\/api.w.org\/{rel}","templated":true}]}}