{"id":5291,"date":"2025-05-10T02:06:03","date_gmt":"2025-05-10T02:06:03","guid":{"rendered":"https:\/\/blogdobispo.com.br\/?p=5291"},"modified":"2025-05-10T02:06:03","modified_gmt":"2025-05-10T02:06:03","slug":"audiencia-discute-campanha-maio-amarelo-e-destaca-queda-nos-acidentes-em-natal","status":"publish","type":"post","link":"https:\/\/blogdobispo.com.br\/?p=5291","title":{"rendered":"Audi\u00eancia discute campanha Maio Amarelo e destaca queda nos acidentes em Natal"},"content":{"rendered":"\n<figure class=\"wp-block-image foto-noticia\"><img data-recalc-dims=\"1\" decoding=\"async\" src=\"https:\/\/i0.wp.com\/www.cmnat.rn.gov.br\/_ups\/noticias\/2025\/05\/09\/ce925e8f1233b6f0ece26601972465a3.jpeg?w=800&#038;ssl=1\" alt=\"\"\/><\/figure>\n\n\n\n<p>A C\u00e2mara Municipal de Natal realizou, nesta sexta-feira (9), uma audi\u00eancia p\u00fablica para debater o tema da campanha Maio Amarelo 2025: \u201cDesacelere. Seu bem maior \u00e9 a vida\u201d. A iniciativa foi proposta pelo vereador Herberth Sena (PV), com o objetivo de chamar a aten\u00e7\u00e3o da sociedade para a import\u00e2ncia da seguran\u00e7a no tr\u00e2nsito e a redu\u00e7\u00e3o do n\u00famero de acidentes na capital potiguar.<\/p>\n\n\n\n<p>O Maio Amarelo \u00e9 um movimento global de conscientiza\u00e7\u00e3o que acontece durante todo o m\u00eas de maio, envolvendo diversos setores da sociedade em a\u00e7\u00f5es educativas voltadas para motoristas, motociclistas, ciclistas e pedestres.<\/p>\n\n\n\n<p>Durante a audi\u00eancia, o vereador Herberth Sena ressaltou a relev\u00e2ncia do debate: \u201cEssa \u00e9 mais uma audi\u00eancia que propomos com o objetivo de integrar esfor\u00e7os entre poder p\u00fablico e sociedade civil para salvar vidas no tr\u00e2nsito. Tivemos bons resultados em 2024, com redu\u00e7\u00e3o no n\u00famero de acidentes, e queremos avan\u00e7ar ainda mais com a\u00e7\u00f5es coordenadas e educativas, especialmente com foco nos motociclistas, que representam o grupo mais vulner\u00e1vel\u201d, destacou.<\/p>\n\n\n\n<p>A secret\u00e1ria municipal de Mobilidade Urbana (STTU), J\u00f3dia Melo, apresentou dados que evidenciam o impacto positivo das a\u00e7\u00f5es de conscientiza\u00e7\u00e3o. Segundo ela, Natal registrou uma redu\u00e7\u00e3o de 33% nas infra\u00e7\u00f5es por excesso de velocidade no primeiro quadrimestre de 2025 em compara\u00e7\u00e3o ao mesmo per\u00edodo de 2024. Al\u00e9m disso, houve queda de 18% no n\u00famero de \u00f3bitos por sinistros de tr\u00e2nsito. \u201cSabemos que cada vida importa, e a educa\u00e7\u00e3o \u00e9 o caminho. Estamos com a\u00e7\u00f5es todos os dias do m\u00eas, em shoppings, escolas, ruas e bares, atingindo p\u00fablicos de todas as idades e modais\u201d, afirmou.<\/p>\n\n\n\n<p>Representando o Comando de Pol\u00edcia Rodovi\u00e1ria Estadual (CPRE), o major C\u00e9sar Fagundes apresentou a atua\u00e7\u00e3o da Opera\u00e7\u00e3o Zero \u00c1lcool, idealizada pelo coronel Jos\u00e9 M\u00e1rio. A a\u00e7\u00e3o busca complementar a fiscaliza\u00e7\u00e3o da Lei Seca e coibir a combina\u00e7\u00e3o de \u00e1lcool e dire\u00e7\u00e3o. \u201cTemos intensificado as pris\u00f5es por embriaguez ao volante, pois essa \u00e9 uma das principais causas de acidentes fatais. \u00c9 preciso refor\u00e7ar que dirigir sob efeito de \u00e1lcool \u00e9 crime e coloca vidas inocentes em risco\u201d, alertou.<\/p>\n\n\n\n<p>J\u00e1 o superintendente da Pol\u00edcia Rodovi\u00e1ria Federal (PRF) no RN, P\u00e9ricles Ven\u00e2ncio, destacou as tr\u00eas frentes de atua\u00e7\u00e3o do \u00f3rg\u00e3o: fiscaliza\u00e7\u00e3o, educa\u00e7\u00e3o e engenharia de tr\u00e2nsito. \u201cEstamos atuando em pontos cr\u00edticos, com comandos de ultrapassagem proibida, fiscaliza\u00e7\u00e3o de motociclistas e controle da jornada de caminhoneiros. Al\u00e9m disso, levamos educa\u00e7\u00e3o para escolas e empresas e identificamos falhas na infraestrutura vi\u00e1ria para repassar aos \u00f3rg\u00e3os respons\u00e1veis\u201d, explicou.<\/p>\n\n\n\n<p>A audi\u00eancia contou com a participa\u00e7\u00e3o de representantes do Minist\u00e9rio P\u00fablico, PRF, CPRE, STTU, Detran e outros \u00f3rg\u00e3os ligados \u00e0 mobilidade urbana e \u00e0 seguran\u00e7a vi\u00e1ria.<\/p>\n","protected":false},"excerpt":{"rendered":"<p>A C\u00e2mara Municipal de Natal realizou, nesta sexta-feira (9), uma audi\u00eancia p\u00fablica para debater o tema da campanha Maio Amarelo 2025: \u201cDesacelere. Seu bem maior \u00e9 a vida\u201d. A iniciativa foi proposta pelo vereador Herberth Sena (PV), com o objetivo de chamar a aten\u00e7\u00e3o da sociedade para a import\u00e2ncia da seguran\u00e7a no tr\u00e2nsito e a [&hellip;]<\/p>\n","protected":false},"author":1,"featured_media":0,"comment_status":"open","ping_status":"open","sticky":false,"template":"","format":"standard","meta":{"cybocfi_hide_featured_image":"","_jetpack_memberships_contains_paid_content":false,"footnotes":""},"categories":[1],"tags":[],"class_list":["post-5291","post","type-post","status-publish","format-standard","hentry","category-diversos"],"yoast_head":"<!-- This site is optimized with the Yoast SEO plugin v25.6 - https:\/\/yoast.com\/wordpress\/plugins\/seo\/ -->\n<title>Audi\u00eancia discute campanha Maio Amarelo e destaca queda nos acidentes em Natal - Blog do Bispo<\/title>\n<meta name=\"robots\" content=\"index, follow, max-snippet:-1, max-image-preview:large, max-video-preview:-1\" \/>\n<link rel=\"canonical\" href=\"https:\/\/blogdobispo.com.br\/?p=5291\" \/>\n<meta property=\"og:locale\" content=\"pt_BR\" \/>\n<meta property=\"og:type\" content=\"article\" \/>\n<meta property=\"og:title\" content=\"Audi\u00eancia discute campanha Maio Amarelo e destaca queda nos acidentes em Natal - Blog do Bispo\" \/>\n<meta property=\"og:description\" content=\"A C\u00e2mara Municipal de Natal realizou, nesta sexta-feira (9), uma audi\u00eancia p\u00fablica para debater o tema da campanha Maio Amarelo 2025: \u201cDesacelere. Seu bem maior \u00e9 a vida\u201d. A iniciativa foi proposta pelo vereador Herberth Sena (PV), com o objetivo de chamar a aten\u00e7\u00e3o da sociedade para a import\u00e2ncia da seguran\u00e7a no tr\u00e2nsito e a [&hellip;]\" \/>\n<meta property=\"og:url\" content=\"https:\/\/blogdobispo.com.br\/?p=5291\" \/>\n<meta property=\"og:site_name\" content=\"Blog do Bispo\" \/>\n<meta property=\"article:published_time\" content=\"2025-05-10T02:06:03+00:00\" \/>\n<meta property=\"og:image\" content=\"https:\/\/www.cmnat.rn.gov.br\/_ups\/noticias\/2025\/05\/09\/ce925e8f1233b6f0ece26601972465a3.jpeg\" \/>\n<meta name=\"author\" content=\"Jefferson Sterfeno\" \/>\n<meta name=\"twitter:card\" content=\"summary_large_image\" \/>\n<meta name=\"twitter:label1\" content=\"Escrito por\" \/>\n\t<meta name=\"twitter:data1\" content=\"Jefferson Sterfeno\" \/>\n\t<meta name=\"twitter:label2\" content=\"Est. tempo de leitura\" \/>\n\t<meta name=\"twitter:data2\" content=\"2 minutos\" \/>\n<script type=\"application\/ld+json\" class=\"yoast-schema-graph\">{\"@context\":\"https:\/\/schema.org\",\"@graph\":[{\"@type\":\"Article\",\"@id\":\"https:\/\/blogdobispo.com.br\/?p=5291#article\",\"isPartOf\":{\"@id\":\"https:\/\/blogdobispo.com.br\/?p=5291\"},\"author\":{\"name\":\"Jefferson Sterfeno\",\"@id\":\"https:\/\/blogdobispo.com.br\/#\/schema\/person\/e2209cc0e6cea5c5233d033e997b373f\"},\"headline\":\"Audi\u00eancia discute campanha Maio Amarelo e destaca queda nos acidentes em Natal\",\"datePublished\":\"2025-05-10T02:06:03+00:00\",\"mainEntityOfPage\":{\"@id\":\"https:\/\/blogdobispo.com.br\/?p=5291\"},\"wordCount\":497,\"commentCount\":0,\"publisher\":{\"@id\":\"https:\/\/blogdobispo.com.br\/#organization\"},\"image\":{\"@id\":\"https:\/\/blogdobispo.com.br\/?p=5291#primaryimage\"},\"thumbnailUrl\":\"https:\/\/www.cmnat.rn.gov.br\/_ups\/noticias\/2025\/05\/09\/ce925e8f1233b6f0ece26601972465a3.jpeg\",\"articleSection\":[\"diversos\"],\"inLanguage\":\"pt-BR\",\"potentialAction\":[{\"@type\":\"CommentAction\",\"name\":\"Comment\",\"target\":[\"https:\/\/blogdobispo.com.br\/?p=5291#respond\"]}]},{\"@type\":\"WebPage\",\"@id\":\"https:\/\/blogdobispo.com.br\/?p=5291\",\"url\":\"https:\/\/blogdobispo.com.br\/?p=5291\",\"name\":\"Audi\u00eancia discute campanha Maio Amarelo e destaca queda nos acidentes em Natal - Blog do Bispo\",\"isPartOf\":{\"@id\":\"https:\/\/blogdobispo.com.br\/#website\"},\"primaryImageOfPage\":{\"@id\":\"https:\/\/blogdobispo.com.br\/?p=5291#primaryimage\"},\"image\":{\"@id\":\"https:\/\/blogdobispo.com.br\/?p=5291#primaryimage\"},\"thumbnailUrl\":\"https:\/\/www.cmnat.rn.gov.br\/_ups\/noticias\/2025\/05\/09\/ce925e8f1233b6f0ece26601972465a3.jpeg\",\"datePublished\":\"2025-05-10T02:06:03+00:00\",\"breadcrumb\":{\"@id\":\"https:\/\/blogdobispo.com.br\/?p=5291#breadcrumb\"},\"inLanguage\":\"pt-BR\",\"potentialAction\":[{\"@type\":\"ReadAction\",\"target\":[\"https:\/\/blogdobispo.com.br\/?p=5291\"]}]},{\"@type\":\"ImageObject\",\"inLanguage\":\"pt-BR\",\"@id\":\"https:\/\/blogdobispo.com.br\/?p=5291#primaryimage\",\"url\":\"https:\/\/www.cmnat.rn.gov.br\/_ups\/noticias\/2025\/05\/09\/ce925e8f1233b6f0ece26601972465a3.jpeg\",\"contentUrl\":\"https:\/\/www.cmnat.rn.gov.br\/_ups\/noticias\/2025\/05\/09\/ce925e8f1233b6f0ece26601972465a3.jpeg\"},{\"@type\":\"BreadcrumbList\",\"@id\":\"https:\/\/blogdobispo.com.br\/?p=5291#breadcrumb\",\"itemListElement\":[{\"@type\":\"ListItem\",\"position\":1,\"name\":\"In\u00edcio\",\"item\":\"https:\/\/blogdobispo.com.br\/\"},{\"@type\":\"ListItem\",\"position\":2,\"name\":\"Audi\u00eancia discute campanha Maio Amarelo e destaca queda nos acidentes em Natal\"}]},{\"@type\":\"WebSite\",\"@id\":\"https:\/\/blogdobispo.com.br\/#website\",\"url\":\"https:\/\/blogdobispo.com.br\/\",\"name\":\"Blog do Bispo\",\"description\":\"Comprometido apenas com o leitor\",\"publisher\":{\"@id\":\"https:\/\/blogdobispo.com.br\/#organization\"},\"potentialAction\":[{\"@type\":\"SearchAction\",\"target\":{\"@type\":\"EntryPoint\",\"urlTemplate\":\"https:\/\/blogdobispo.com.br\/?s={search_term_string}\"},\"query-input\":{\"@type\":\"PropertyValueSpecification\",\"valueRequired\":true,\"valueName\":\"search_term_string\"}}],\"inLanguage\":\"pt-BR\"},{\"@type\":\"Organization\",\"@id\":\"https:\/\/blogdobispo.com.br\/#organization\",\"name\":\"Blog do Bispo\",\"url\":\"https:\/\/blogdobispo.com.br\/\",\"logo\":{\"@type\":\"ImageObject\",\"inLanguage\":\"pt-BR\",\"@id\":\"https:\/\/blogdobispo.com.br\/#\/schema\/logo\/image\/\",\"url\":\"http:\/\/blogdobispo.com.br\/wp-content\/uploads\/2023\/05\/cropped-headear.png\",\"contentUrl\":\"http:\/\/blogdobispo.com.br\/wp-content\/uploads\/2023\/05\/cropped-headear.png\",\"width\":1500,\"height\":399,\"caption\":\"Blog do Bispo\"},\"image\":{\"@id\":\"https:\/\/blogdobispo.com.br\/#\/schema\/logo\/image\/\"}},{\"@type\":\"Person\",\"@id\":\"https:\/\/blogdobispo.com.br\/#\/schema\/person\/e2209cc0e6cea5c5233d033e997b373f\",\"name\":\"Jefferson Sterfeno\",\"image\":{\"@type\":\"ImageObject\",\"inLanguage\":\"pt-BR\",\"@id\":\"https:\/\/blogdobispo.com.br\/#\/schema\/person\/image\/\",\"url\":\"https:\/\/secure.gravatar.com\/avatar\/0534e84764641168a677026b6d57a3f51dc7ac4db0b4f6186d9cb330d4ee1160?s=96&d=mm&r=g\",\"contentUrl\":\"https:\/\/secure.gravatar.com\/avatar\/0534e84764641168a677026b6d57a3f51dc7ac4db0b4f6186d9cb330d4ee1160?s=96&d=mm&r=g\",\"caption\":\"Jefferson Sterfeno\"},\"sameAs\":[\"http:\/\/blogdobispo.com.br\"],\"url\":\"https:\/\/blogdobispo.com.br\/?author=1\"}]}<\/script>\n<!-- \/ Yoast SEO plugin. -->","yoast_head_json":{"title":"Audi\u00eancia discute campanha Maio Amarelo e destaca queda nos acidentes em Natal - Blog do Bispo","robots":{"index":"index","follow":"follow","max-snippet":"max-snippet:-1","max-image-preview":"max-image-preview:large","max-video-preview":"max-video-preview:-1"},"canonical":"https:\/\/blogdobispo.com.br\/?p=5291","og_locale":"pt_BR","og_type":"article","og_title":"Audi\u00eancia discute campanha Maio Amarelo e destaca queda nos acidentes em Natal - Blog do Bispo","og_description":"A C\u00e2mara Municipal de Natal realizou, nesta sexta-feira (9), uma audi\u00eancia p\u00fablica para debater o tema da campanha Maio Amarelo 2025: \u201cDesacelere. Seu bem maior \u00e9 a vida\u201d. A iniciativa foi proposta pelo vereador Herberth Sena (PV), com o objetivo de chamar a aten\u00e7\u00e3o da sociedade para a import\u00e2ncia da seguran\u00e7a no tr\u00e2nsito e a [&hellip;]","og_url":"https:\/\/blogdobispo.com.br\/?p=5291","og_site_name":"Blog do Bispo","article_published_time":"2025-05-10T02:06:03+00:00","og_image":[{"url":"https:\/\/www.cmnat.rn.gov.br\/_ups\/noticias\/2025\/05\/09\/ce925e8f1233b6f0ece26601972465a3.jpeg","type":"","width":"","height":""}],"author":"Jefferson Sterfeno","twitter_card":"summary_large_image","twitter_misc":{"Escrito por":"Jefferson Sterfeno","Est. tempo de leitura":"2 minutos"},"schema":{"@context":"https:\/\/schema.org","@graph":[{"@type":"Article","@id":"https:\/\/blogdobispo.com.br\/?p=5291#article","isPartOf":{"@id":"https:\/\/blogdobispo.com.br\/?p=5291"},"author":{"name":"Jefferson Sterfeno","@id":"https:\/\/blogdobispo.com.br\/#\/schema\/person\/e2209cc0e6cea5c5233d033e997b373f"},"headline":"Audi\u00eancia discute campanha Maio Amarelo e destaca queda nos acidentes em Natal","datePublished":"2025-05-10T02:06:03+00:00","mainEntityOfPage":{"@id":"https:\/\/blogdobispo.com.br\/?p=5291"},"wordCount":497,"commentCount":0,"publisher":{"@id":"https:\/\/blogdobispo.com.br\/#organization"},"image":{"@id":"https:\/\/blogdobispo.com.br\/?p=5291#primaryimage"},"thumbnailUrl":"https:\/\/www.cmnat.rn.gov.br\/_ups\/noticias\/2025\/05\/09\/ce925e8f1233b6f0ece26601972465a3.jpeg","articleSection":["diversos"],"inLanguage":"pt-BR","potentialAction":[{"@type":"CommentAction","name":"Comment","target":["https:\/\/blogdobispo.com.br\/?p=5291#respond"]}]},{"@type":"WebPage","@id":"https:\/\/blogdobispo.com.br\/?p=5291","url":"https:\/\/blogdobispo.com.br\/?p=5291","name":"Audi\u00eancia discute campanha Maio Amarelo e destaca queda nos acidentes em Natal - Blog do Bispo","isPartOf":{"@id":"https:\/\/blogdobispo.com.br\/#website"},"primaryImageOfPage":{"@id":"https:\/\/blogdobispo.com.br\/?p=5291#primaryimage"},"image":{"@id":"https:\/\/blogdobispo.com.br\/?p=5291#primaryimage"},"thumbnailUrl":"https:\/\/www.cmnat.rn.gov.br\/_ups\/noticias\/2025\/05\/09\/ce925e8f1233b6f0ece26601972465a3.jpeg","datePublished":"2025-05-10T02:06:03+00:00","breadcrumb":{"@id":"https:\/\/blogdobispo.com.br\/?p=5291#breadcrumb"},"inLanguage":"pt-BR","potentialAction":[{"@type":"ReadAction","target":["https:\/\/blogdobispo.com.br\/?p=5291"]}]},{"@type":"ImageObject","inLanguage":"pt-BR","@id":"https:\/\/blogdobispo.com.br\/?p=5291#primaryimage","url":"https:\/\/www.cmnat.rn.gov.br\/_ups\/noticias\/2025\/05\/09\/ce925e8f1233b6f0ece26601972465a3.jpeg","contentUrl":"https:\/\/www.cmnat.rn.gov.br\/_ups\/noticias\/2025\/05\/09\/ce925e8f1233b6f0ece26601972465a3.jpeg"},{"@type":"BreadcrumbList","@id":"https:\/\/blogdobispo.com.br\/?p=5291#breadcrumb","itemListElement":[{"@type":"ListItem","position":1,"name":"In\u00edcio","item":"https:\/\/blogdobispo.com.br\/"},{"@type":"ListItem","position":2,"name":"Audi\u00eancia discute campanha Maio Amarelo e destaca queda nos acidentes em Natal"}]},{"@type":"WebSite","@id":"https:\/\/blogdobispo.com.br\/#website","url":"https:\/\/blogdobispo.com.br\/","name":"Blog do Bispo","description":"Comprometido apenas com o leitor","publisher":{"@id":"https:\/\/blogdobispo.com.br\/#organization"},"potentialAction":[{"@type":"SearchAction","target":{"@type":"EntryPoint","urlTemplate":"https:\/\/blogdobispo.com.br\/?s={search_term_string}"},"query-input":{"@type":"PropertyValueSpecification","valueRequired":true,"valueName":"search_term_string"}}],"inLanguage":"pt-BR"},{"@type":"Organization","@id":"https:\/\/blogdobispo.com.br\/#organization","name":"Blog do Bispo","url":"https:\/\/blogdobispo.com.br\/","logo":{"@type":"ImageObject","inLanguage":"pt-BR","@id":"https:\/\/blogdobispo.com.br\/#\/schema\/logo\/image\/","url":"http:\/\/blogdobispo.com.br\/wp-content\/uploads\/2023\/05\/cropped-headear.png","contentUrl":"http:\/\/blogdobispo.com.br\/wp-content\/uploads\/2023\/05\/cropped-headear.png","width":1500,"height":399,"caption":"Blog do Bispo"},"image":{"@id":"https:\/\/blogdobispo.com.br\/#\/schema\/logo\/image\/"}},{"@type":"Person","@id":"https:\/\/blogdobispo.com.br\/#\/schema\/person\/e2209cc0e6cea5c5233d033e997b373f","name":"Jefferson Sterfeno","image":{"@type":"ImageObject","inLanguage":"pt-BR","@id":"https:\/\/blogdobispo.com.br\/#\/schema\/person\/image\/","url":"https:\/\/secure.gravatar.com\/avatar\/0534e84764641168a677026b6d57a3f51dc7ac4db0b4f6186d9cb330d4ee1160?s=96&d=mm&r=g","contentUrl":"https:\/\/secure.gravatar.com\/avatar\/0534e84764641168a677026b6d57a3f51dc7ac4db0b4f6186d9cb330d4ee1160?s=96&d=mm&r=g","caption":"Jefferson Sterfeno"},"sameAs":["http:\/\/blogdobispo.com.br"],"url":"https:\/\/blogdobispo.com.br\/?author=1"}]}},"featured_image_urls":{"full":"","thumbnail":"","medium":"","medium_large":"","large":"","1536x1536":"","2048x2048":""},"author_info":{"display_name":"Jefferson Sterfeno","author_link":"https:\/\/blogdobispo.com.br\/?author=1"},"category_info":"<a href=\"https:\/\/blogdobispo.com.br\/?cat=1\" rel=\"category\">diversos<\/a>","tag_info":"diversos","comment_count":"0","jetpack_featured_media_url":"","jetpack_sharing_enabled":true,"_links":{"self":[{"href":"https:\/\/blogdobispo.com.br\/index.php?rest_route=\/wp\/v2\/posts\/5291","targetHints":{"allow":["GET"]}}],"collection":[{"href":"https:\/\/blogdobispo.com.br\/index.php?rest_route=\/wp\/v2\/posts"}],"about":[{"href":"https:\/\/blogdobispo.com.br\/index.php?rest_route=\/wp\/v2\/types\/post"}],"author":[{"embeddable":true,"href":"https:\/\/blogdobispo.com.br\/index.php?rest_route=\/wp\/v2\/users\/1"}],"replies":[{"embeddable":true,"href":"https:\/\/blogdobispo.com.br\/index.php?rest_route=%2Fwp%2Fv2%2Fcomments&post=5291"}],"version-history":[{"count":0,"href":"https:\/\/blogdobispo.com.br\/index.php?rest_route=\/wp\/v2\/posts\/5291\/revisions"}],"wp:attachment":[{"href":"https:\/\/blogdobispo.com.br\/index.php?rest_route=%2Fwp%2Fv2%2Fmedia&parent=5291"}],"wp:term":[{"taxonomy":"category","embeddable":true,"href":"https:\/\/blogdobispo.com.br\/index.php?rest_route=%2Fwp%2Fv2%2Fcategories&post=5291"},{"taxonomy":"post_tag","embeddable":true,"href":"https:\/\/blogdobispo.com.br\/index.php?rest_route=%2Fwp%2Fv2%2Ftags&post=5291"}],"curies":[{"name":"wp","href":"https:\/\/api.w.org\/{rel}","templated":true}]}}