{"id":5290,"date":"2025-05-09T20:05:08","date_gmt":"2025-05-09T20:05:08","guid":{"rendered":"https:\/\/blogdobispo.com.br\/?p=5290"},"modified":"2025-05-09T20:05:08","modified_gmt":"2025-05-09T20:05:08","slug":"rota-22-chega-a-assu-com-debate-investimentos-e-presenca-de-rogerio-marinho","status":"publish","type":"post","link":"https:\/\/blogdobispo.com.br\/?p=5290","title":{"rendered":"Rota 22 chega \u00e0 Ass\u00fa com debate, investimentos e presen\u00e7a de Rog\u00e9rio Marinho"},"content":{"rendered":"\n<figure class=\"wp-block-image size-large\"><img data-recalc-dims=\"1\" fetchpriority=\"high\" decoding=\"async\" width=\"300\" height=\"241\" src=\"https:\/\/i0.wp.com\/blogdobispo.com.br\/wp-content\/uploads\/2025\/05\/aa0550dc-5801-417b-801a-3eed11d88c3e-1-300x241.jpg?resize=300%2C241&#038;ssl=1\" class=\"wp-image-5289\" srcset=\"https:\/\/i0.wp.com\/blogdobispo.com.br\/wp-content\/uploads\/2025\/05\/aa0550dc-5801-417b-801a-3eed11d88c3e-1.jpg?resize=300%2C241&amp;ssl=1 300w, https:\/\/i0.wp.com\/blogdobispo.com.br\/wp-content\/uploads\/2025\/05\/aa0550dc-5801-417b-801a-3eed11d88c3e-1.jpg?w=684&amp;ssl=1 684w\" sizes=\"(max-width: 300px) 100vw, 300px\" \/><\/figure>\n\n\n\n<p><\/p>\n\n\n\n<p><em>Evento re\u00fane senador, deputados e apoiadores para discutir solu\u00e7\u00f5es e investimentos para os munic\u00edpios da regi\u00e3o<\/em><\/p>\n\n\n\n<p>Contagem regressiva para o Semin\u00e1rio da Regi\u00e3o Central do Rota 22, neste s\u00e1bado (10), a partir das 9h, no Domus Recep\u00e7\u00f5es, no bairro Novo Horizonte, em Ass\u00fa (RN). Os deputados federais do Partido Liberal (PL), General Gir\u00e3o e Sargento Gon\u00e7alves, confirmaram presen\u00e7a, assim como o senador Rog\u00e9rio Marinho, secret\u00e1rio-geral do PL.<\/p>\n\n\n\n<p>De acordo com Rog\u00e9rio Marinho, o Rota 22 \u2014 realizado em parceria com o Instituto \u00c1lvaro Valle \u2014 \u00e9 um projeto do PL Nacional que come\u00e7ou no Rio Grande do Norte com um prop\u00f3sito claro: \u201cTransformar a realidade dos munic\u00edpios com base em dados e di\u00e1logo\u201d, afirmou.<\/p>\n\n\n\n<p>Marinho tamb\u00e9m destacou que o PL tem atua\u00e7\u00e3o efetiva na Regi\u00e3o Central. \u201cO Partido Liberal destinou mais de R$ 140 milh\u00f5es em investimentos que est\u00e3o mudando a realidade de quem mais precisa, com a\u00e7\u00f5es estruturantes em setores como habita\u00e7\u00e3o, mobilidade urbana, seguran\u00e7a h\u00eddrica e fornecimento de m\u00e1quinas e equipamentos para fortalecer o trabalho do homem do campo\u201d, ressaltou o senador.<\/p>\n\n\n\n<p>Al\u00e9m dos deputados federais, os deputados estaduais Gustavo Carvalho, Tomba Farias e Coronel Azevedo tamb\u00e9m participar\u00e3o do Semin\u00e1rio Central, dialogando com a comunidade. \u201cEstaremos em Ass\u00fa participando do semin\u00e1rio do PL, ao lado de lideran\u00e7as, filiados e apoiadores, debatendo os rumos do nosso estado e fortalecendo os valores que defendemos\u201d, declarou o deputado Coronel Azevedo.<\/p>\n\n\n\n<p>Fique conectado com o Rota 22 \u2014 Acesse o site plrota22.com.br e confira quando o projeto passar\u00e1 por sua regi\u00e3o. Mais informa\u00e7\u00f5es tamb\u00e9m est\u00e3o dispon\u00edveis nas redes sociais, pelos perfis @pl22rn e @plnacional22, e no canal de WhatsApp do Rota 22 no Rio Grande do Norte: canal.plrota22.com.br.<\/p>\n\n\n\n<p>Realizado pelo PL, em parceria com o Instituto \u00c1lvaro Valle e sob a lideran\u00e7a do ex-presidente Jair Bolsonaro e do senador Rog\u00e9rio Marinho, o Rota 22 promove oficinas e semin\u00e1rios em todas as regi\u00f5es do Rio Grande do Norte com o objetivo de identificar demandas locais e fortalecer o compromisso do partido com a melhoria da qualidade de vida da popula\u00e7\u00e3o.<\/p>\n","protected":false},"excerpt":{"rendered":"<p>Evento re\u00fane senador, deputados e apoiadores para discutir solu\u00e7\u00f5es e investimentos para os munic\u00edpios da regi\u00e3o Contagem regressiva para o Semin\u00e1rio da Regi\u00e3o Central do Rota 22, neste s\u00e1bado (10), a partir das 9h, no Domus Recep\u00e7\u00f5es, no bairro Novo Horizonte, em Ass\u00fa (RN). Os deputados federais do Partido Liberal (PL), General Gir\u00e3o e Sargento [&hellip;]<\/p>\n","protected":false},"author":1,"featured_media":0,"comment_status":"open","ping_status":"open","sticky":false,"template":"","format":"standard","meta":{"cybocfi_hide_featured_image":"","_jetpack_memberships_contains_paid_content":false,"footnotes":""},"categories":[1],"tags":[],"class_list":["post-5290","post","type-post","status-publish","format-standard","hentry","category-diversos"],"yoast_head":"<!-- This site is optimized with the Yoast SEO plugin v25.6 - https:\/\/yoast.com\/wordpress\/plugins\/seo\/ -->\n<title>Rota 22 chega \u00e0 Ass\u00fa com debate, investimentos e presen\u00e7a de Rog\u00e9rio Marinho - Blog do Bispo<\/title>\n<meta name=\"robots\" content=\"index, follow, max-snippet:-1, max-image-preview:large, max-video-preview:-1\" \/>\n<link rel=\"canonical\" href=\"https:\/\/blogdobispo.com.br\/?p=5290\" \/>\n<meta property=\"og:locale\" content=\"pt_BR\" \/>\n<meta property=\"og:type\" content=\"article\" \/>\n<meta property=\"og:title\" content=\"Rota 22 chega \u00e0 Ass\u00fa com debate, investimentos e presen\u00e7a de Rog\u00e9rio Marinho - Blog do Bispo\" \/>\n<meta property=\"og:description\" content=\"Evento re\u00fane senador, deputados e apoiadores para discutir solu\u00e7\u00f5es e investimentos para os munic\u00edpios da regi\u00e3o Contagem regressiva para o Semin\u00e1rio da Regi\u00e3o Central do Rota 22, neste s\u00e1bado (10), a partir das 9h, no Domus Recep\u00e7\u00f5es, no bairro Novo Horizonte, em Ass\u00fa (RN). Os deputados federais do Partido Liberal (PL), General Gir\u00e3o e Sargento [&hellip;]\" \/>\n<meta property=\"og:url\" content=\"https:\/\/blogdobispo.com.br\/?p=5290\" \/>\n<meta property=\"og:site_name\" content=\"Blog do Bispo\" \/>\n<meta property=\"article:published_time\" content=\"2025-05-09T20:05:08+00:00\" \/>\n<meta property=\"og:image\" content=\"https:\/\/blogdobispo.com.br\/wp-content\/uploads\/2025\/05\/aa0550dc-5801-417b-801a-3eed11d88c3e-1-300x241.jpg\" \/>\n<meta name=\"author\" content=\"Jefferson Sterfeno\" \/>\n<meta name=\"twitter:card\" content=\"summary_large_image\" \/>\n<meta name=\"twitter:label1\" content=\"Escrito por\" \/>\n\t<meta name=\"twitter:data1\" content=\"Jefferson Sterfeno\" \/>\n\t<meta name=\"twitter:label2\" content=\"Est. tempo de leitura\" \/>\n\t<meta name=\"twitter:data2\" content=\"2 minutos\" \/>\n<script type=\"application\/ld+json\" class=\"yoast-schema-graph\">{\"@context\":\"https:\/\/schema.org\",\"@graph\":[{\"@type\":\"Article\",\"@id\":\"https:\/\/blogdobispo.com.br\/?p=5290#article\",\"isPartOf\":{\"@id\":\"https:\/\/blogdobispo.com.br\/?p=5290\"},\"author\":{\"name\":\"Jefferson Sterfeno\",\"@id\":\"https:\/\/blogdobispo.com.br\/#\/schema\/person\/e2209cc0e6cea5c5233d033e997b373f\"},\"headline\":\"Rota 22 chega \u00e0 Ass\u00fa com debate, investimentos e presen\u00e7a de Rog\u00e9rio Marinho\",\"datePublished\":\"2025-05-09T20:05:08+00:00\",\"mainEntityOfPage\":{\"@id\":\"https:\/\/blogdobispo.com.br\/?p=5290\"},\"wordCount\":389,\"commentCount\":0,\"publisher\":{\"@id\":\"https:\/\/blogdobispo.com.br\/#organization\"},\"image\":{\"@id\":\"https:\/\/blogdobispo.com.br\/?p=5290#primaryimage\"},\"thumbnailUrl\":\"https:\/\/blogdobispo.com.br\/wp-content\/uploads\/2025\/05\/aa0550dc-5801-417b-801a-3eed11d88c3e-1-300x241.jpg\",\"articleSection\":[\"diversos\"],\"inLanguage\":\"pt-BR\",\"potentialAction\":[{\"@type\":\"CommentAction\",\"name\":\"Comment\",\"target\":[\"https:\/\/blogdobispo.com.br\/?p=5290#respond\"]}]},{\"@type\":\"WebPage\",\"@id\":\"https:\/\/blogdobispo.com.br\/?p=5290\",\"url\":\"https:\/\/blogdobispo.com.br\/?p=5290\",\"name\":\"Rota 22 chega \u00e0 Ass\u00fa com debate, investimentos e presen\u00e7a de Rog\u00e9rio Marinho - Blog do Bispo\",\"isPartOf\":{\"@id\":\"https:\/\/blogdobispo.com.br\/#website\"},\"primaryImageOfPage\":{\"@id\":\"https:\/\/blogdobispo.com.br\/?p=5290#primaryimage\"},\"image\":{\"@id\":\"https:\/\/blogdobispo.com.br\/?p=5290#primaryimage\"},\"thumbnailUrl\":\"https:\/\/blogdobispo.com.br\/wp-content\/uploads\/2025\/05\/aa0550dc-5801-417b-801a-3eed11d88c3e-1-300x241.jpg\",\"datePublished\":\"2025-05-09T20:05:08+00:00\",\"breadcrumb\":{\"@id\":\"https:\/\/blogdobispo.com.br\/?p=5290#breadcrumb\"},\"inLanguage\":\"pt-BR\",\"potentialAction\":[{\"@type\":\"ReadAction\",\"target\":[\"https:\/\/blogdobispo.com.br\/?p=5290\"]}]},{\"@type\":\"ImageObject\",\"inLanguage\":\"pt-BR\",\"@id\":\"https:\/\/blogdobispo.com.br\/?p=5290#primaryimage\",\"url\":\"https:\/\/blogdobispo.com.br\/wp-content\/uploads\/2025\/05\/aa0550dc-5801-417b-801a-3eed11d88c3e-1-300x241.jpg\",\"contentUrl\":\"https:\/\/blogdobispo.com.br\/wp-content\/uploads\/2025\/05\/aa0550dc-5801-417b-801a-3eed11d88c3e-1-300x241.jpg\"},{\"@type\":\"BreadcrumbList\",\"@id\":\"https:\/\/blogdobispo.com.br\/?p=5290#breadcrumb\",\"itemListElement\":[{\"@type\":\"ListItem\",\"position\":1,\"name\":\"In\u00edcio\",\"item\":\"https:\/\/blogdobispo.com.br\/\"},{\"@type\":\"ListItem\",\"position\":2,\"name\":\"Rota 22 chega \u00e0 Ass\u00fa com debate, investimentos e presen\u00e7a de Rog\u00e9rio Marinho\"}]},{\"@type\":\"WebSite\",\"@id\":\"https:\/\/blogdobispo.com.br\/#website\",\"url\":\"https:\/\/blogdobispo.com.br\/\",\"name\":\"Blog do Bispo\",\"description\":\"Comprometido apenas com o leitor\",\"publisher\":{\"@id\":\"https:\/\/blogdobispo.com.br\/#organization\"},\"potentialAction\":[{\"@type\":\"SearchAction\",\"target\":{\"@type\":\"EntryPoint\",\"urlTemplate\":\"https:\/\/blogdobispo.com.br\/?s={search_term_string}\"},\"query-input\":{\"@type\":\"PropertyValueSpecification\",\"valueRequired\":true,\"valueName\":\"search_term_string\"}}],\"inLanguage\":\"pt-BR\"},{\"@type\":\"Organization\",\"@id\":\"https:\/\/blogdobispo.com.br\/#organization\",\"name\":\"Blog do Bispo\",\"url\":\"https:\/\/blogdobispo.com.br\/\",\"logo\":{\"@type\":\"ImageObject\",\"inLanguage\":\"pt-BR\",\"@id\":\"https:\/\/blogdobispo.com.br\/#\/schema\/logo\/image\/\",\"url\":\"http:\/\/blogdobispo.com.br\/wp-content\/uploads\/2023\/05\/cropped-headear.png\",\"contentUrl\":\"http:\/\/blogdobispo.com.br\/wp-content\/uploads\/2023\/05\/cropped-headear.png\",\"width\":1500,\"height\":399,\"caption\":\"Blog do Bispo\"},\"image\":{\"@id\":\"https:\/\/blogdobispo.com.br\/#\/schema\/logo\/image\/\"}},{\"@type\":\"Person\",\"@id\":\"https:\/\/blogdobispo.com.br\/#\/schema\/person\/e2209cc0e6cea5c5233d033e997b373f\",\"name\":\"Jefferson Sterfeno\",\"image\":{\"@type\":\"ImageObject\",\"inLanguage\":\"pt-BR\",\"@id\":\"https:\/\/blogdobispo.com.br\/#\/schema\/person\/image\/\",\"url\":\"https:\/\/secure.gravatar.com\/avatar\/0534e84764641168a677026b6d57a3f51dc7ac4db0b4f6186d9cb330d4ee1160?s=96&d=mm&r=g\",\"contentUrl\":\"https:\/\/secure.gravatar.com\/avatar\/0534e84764641168a677026b6d57a3f51dc7ac4db0b4f6186d9cb330d4ee1160?s=96&d=mm&r=g\",\"caption\":\"Jefferson Sterfeno\"},\"sameAs\":[\"http:\/\/blogdobispo.com.br\"],\"url\":\"https:\/\/blogdobispo.com.br\/?author=1\"}]}<\/script>\n<!-- \/ Yoast SEO plugin. -->","yoast_head_json":{"title":"Rota 22 chega \u00e0 Ass\u00fa com debate, investimentos e presen\u00e7a de Rog\u00e9rio Marinho - Blog do Bispo","robots":{"index":"index","follow":"follow","max-snippet":"max-snippet:-1","max-image-preview":"max-image-preview:large","max-video-preview":"max-video-preview:-1"},"canonical":"https:\/\/blogdobispo.com.br\/?p=5290","og_locale":"pt_BR","og_type":"article","og_title":"Rota 22 chega \u00e0 Ass\u00fa com debate, investimentos e presen\u00e7a de Rog\u00e9rio Marinho - Blog do Bispo","og_description":"Evento re\u00fane senador, deputados e apoiadores para discutir solu\u00e7\u00f5es e investimentos para os munic\u00edpios da regi\u00e3o Contagem regressiva para o Semin\u00e1rio da Regi\u00e3o Central do Rota 22, neste s\u00e1bado (10), a partir das 9h, no Domus Recep\u00e7\u00f5es, no bairro Novo Horizonte, em Ass\u00fa (RN). Os deputados federais do Partido Liberal (PL), General Gir\u00e3o e Sargento [&hellip;]","og_url":"https:\/\/blogdobispo.com.br\/?p=5290","og_site_name":"Blog do Bispo","article_published_time":"2025-05-09T20:05:08+00:00","og_image":[{"url":"https:\/\/blogdobispo.com.br\/wp-content\/uploads\/2025\/05\/aa0550dc-5801-417b-801a-3eed11d88c3e-1-300x241.jpg","type":"","width":"","height":""}],"author":"Jefferson Sterfeno","twitter_card":"summary_large_image","twitter_misc":{"Escrito por":"Jefferson Sterfeno","Est. tempo de leitura":"2 minutos"},"schema":{"@context":"https:\/\/schema.org","@graph":[{"@type":"Article","@id":"https:\/\/blogdobispo.com.br\/?p=5290#article","isPartOf":{"@id":"https:\/\/blogdobispo.com.br\/?p=5290"},"author":{"name":"Jefferson Sterfeno","@id":"https:\/\/blogdobispo.com.br\/#\/schema\/person\/e2209cc0e6cea5c5233d033e997b373f"},"headline":"Rota 22 chega \u00e0 Ass\u00fa com debate, investimentos e presen\u00e7a de Rog\u00e9rio Marinho","datePublished":"2025-05-09T20:05:08+00:00","mainEntityOfPage":{"@id":"https:\/\/blogdobispo.com.br\/?p=5290"},"wordCount":389,"commentCount":0,"publisher":{"@id":"https:\/\/blogdobispo.com.br\/#organization"},"image":{"@id":"https:\/\/blogdobispo.com.br\/?p=5290#primaryimage"},"thumbnailUrl":"https:\/\/blogdobispo.com.br\/wp-content\/uploads\/2025\/05\/aa0550dc-5801-417b-801a-3eed11d88c3e-1-300x241.jpg","articleSection":["diversos"],"inLanguage":"pt-BR","potentialAction":[{"@type":"CommentAction","name":"Comment","target":["https:\/\/blogdobispo.com.br\/?p=5290#respond"]}]},{"@type":"WebPage","@id":"https:\/\/blogdobispo.com.br\/?p=5290","url":"https:\/\/blogdobispo.com.br\/?p=5290","name":"Rota 22 chega \u00e0 Ass\u00fa com debate, investimentos e presen\u00e7a de Rog\u00e9rio Marinho - Blog do Bispo","isPartOf":{"@id":"https:\/\/blogdobispo.com.br\/#website"},"primaryImageOfPage":{"@id":"https:\/\/blogdobispo.com.br\/?p=5290#primaryimage"},"image":{"@id":"https:\/\/blogdobispo.com.br\/?p=5290#primaryimage"},"thumbnailUrl":"https:\/\/blogdobispo.com.br\/wp-content\/uploads\/2025\/05\/aa0550dc-5801-417b-801a-3eed11d88c3e-1-300x241.jpg","datePublished":"2025-05-09T20:05:08+00:00","breadcrumb":{"@id":"https:\/\/blogdobispo.com.br\/?p=5290#breadcrumb"},"inLanguage":"pt-BR","potentialAction":[{"@type":"ReadAction","target":["https:\/\/blogdobispo.com.br\/?p=5290"]}]},{"@type":"ImageObject","inLanguage":"pt-BR","@id":"https:\/\/blogdobispo.com.br\/?p=5290#primaryimage","url":"https:\/\/blogdobispo.com.br\/wp-content\/uploads\/2025\/05\/aa0550dc-5801-417b-801a-3eed11d88c3e-1-300x241.jpg","contentUrl":"https:\/\/blogdobispo.com.br\/wp-content\/uploads\/2025\/05\/aa0550dc-5801-417b-801a-3eed11d88c3e-1-300x241.jpg"},{"@type":"BreadcrumbList","@id":"https:\/\/blogdobispo.com.br\/?p=5290#breadcrumb","itemListElement":[{"@type":"ListItem","position":1,"name":"In\u00edcio","item":"https:\/\/blogdobispo.com.br\/"},{"@type":"ListItem","position":2,"name":"Rota 22 chega \u00e0 Ass\u00fa com debate, investimentos e presen\u00e7a de Rog\u00e9rio Marinho"}]},{"@type":"WebSite","@id":"https:\/\/blogdobispo.com.br\/#website","url":"https:\/\/blogdobispo.com.br\/","name":"Blog do Bispo","description":"Comprometido apenas com o leitor","publisher":{"@id":"https:\/\/blogdobispo.com.br\/#organization"},"potentialAction":[{"@type":"SearchAction","target":{"@type":"EntryPoint","urlTemplate":"https:\/\/blogdobispo.com.br\/?s={search_term_string}"},"query-input":{"@type":"PropertyValueSpecification","valueRequired":true,"valueName":"search_term_string"}}],"inLanguage":"pt-BR"},{"@type":"Organization","@id":"https:\/\/blogdobispo.com.br\/#organization","name":"Blog do Bispo","url":"https:\/\/blogdobispo.com.br\/","logo":{"@type":"ImageObject","inLanguage":"pt-BR","@id":"https:\/\/blogdobispo.com.br\/#\/schema\/logo\/image\/","url":"http:\/\/blogdobispo.com.br\/wp-content\/uploads\/2023\/05\/cropped-headear.png","contentUrl":"http:\/\/blogdobispo.com.br\/wp-content\/uploads\/2023\/05\/cropped-headear.png","width":1500,"height":399,"caption":"Blog do Bispo"},"image":{"@id":"https:\/\/blogdobispo.com.br\/#\/schema\/logo\/image\/"}},{"@type":"Person","@id":"https:\/\/blogdobispo.com.br\/#\/schema\/person\/e2209cc0e6cea5c5233d033e997b373f","name":"Jefferson Sterfeno","image":{"@type":"ImageObject","inLanguage":"pt-BR","@id":"https:\/\/blogdobispo.com.br\/#\/schema\/person\/image\/","url":"https:\/\/secure.gravatar.com\/avatar\/0534e84764641168a677026b6d57a3f51dc7ac4db0b4f6186d9cb330d4ee1160?s=96&d=mm&r=g","contentUrl":"https:\/\/secure.gravatar.com\/avatar\/0534e84764641168a677026b6d57a3f51dc7ac4db0b4f6186d9cb330d4ee1160?s=96&d=mm&r=g","caption":"Jefferson Sterfeno"},"sameAs":["http:\/\/blogdobispo.com.br"],"url":"https:\/\/blogdobispo.com.br\/?author=1"}]}},"featured_image_urls":{"full":"","thumbnail":"","medium":"","medium_large":"","large":"","1536x1536":"","2048x2048":""},"author_info":{"display_name":"Jefferson Sterfeno","author_link":"https:\/\/blogdobispo.com.br\/?author=1"},"category_info":"<a href=\"https:\/\/blogdobispo.com.br\/?cat=1\" rel=\"category\">diversos<\/a>","tag_info":"diversos","comment_count":"0","jetpack_featured_media_url":"","jetpack_sharing_enabled":true,"_links":{"self":[{"href":"https:\/\/blogdobispo.com.br\/index.php?rest_route=\/wp\/v2\/posts\/5290","targetHints":{"allow":["GET"]}}],"collection":[{"href":"https:\/\/blogdobispo.com.br\/index.php?rest_route=\/wp\/v2\/posts"}],"about":[{"href":"https:\/\/blogdobispo.com.br\/index.php?rest_route=\/wp\/v2\/types\/post"}],"author":[{"embeddable":true,"href":"https:\/\/blogdobispo.com.br\/index.php?rest_route=\/wp\/v2\/users\/1"}],"replies":[{"embeddable":true,"href":"https:\/\/blogdobispo.com.br\/index.php?rest_route=%2Fwp%2Fv2%2Fcomments&post=5290"}],"version-history":[{"count":0,"href":"https:\/\/blogdobispo.com.br\/index.php?rest_route=\/wp\/v2\/posts\/5290\/revisions"}],"wp:attachment":[{"href":"https:\/\/blogdobispo.com.br\/index.php?rest_route=%2Fwp%2Fv2%2Fmedia&parent=5290"}],"wp:term":[{"taxonomy":"category","embeddable":true,"href":"https:\/\/blogdobispo.com.br\/index.php?rest_route=%2Fwp%2Fv2%2Fcategories&post=5290"},{"taxonomy":"post_tag","embeddable":true,"href":"https:\/\/blogdobispo.com.br\/index.php?rest_route=%2Fwp%2Fv2%2Ftags&post=5290"}],"curies":[{"name":"wp","href":"https:\/\/api.w.org\/{rel}","templated":true}]}}