{"id":5274,"date":"2025-05-08T17:21:03","date_gmt":"2025-05-08T17:21:03","guid":{"rendered":"https:\/\/blogdobispo.com.br\/?p=5274"},"modified":"2025-05-08T17:44:30","modified_gmt":"2025-05-08T17:44:30","slug":"urgente-cardeal-prevost-e-escolhido-papa-e-escolhe-o-nome-leao-xiv","status":"publish","type":"post","link":"https:\/\/blogdobispo.com.br\/?p=5274","title":{"rendered":"Urgente: Cardeal Prevost \u00e9 escolhido Papa com o nome nome Le\u00e3o XIV"},"content":{"rendered":"\n<figure class=\"wp-block-image size-large\"><img data-recalc-dims=\"1\" fetchpriority=\"high\" decoding=\"async\" width=\"708\" height=\"433\" src=\"https:\/\/i0.wp.com\/blogdobispo.com.br\/wp-content\/uploads\/2025\/05\/img_4280-1.jpg?resize=708%2C433&#038;ssl=1\" class=\"wp-image-5276\" srcset=\"https:\/\/i0.wp.com\/blogdobispo.com.br\/wp-content\/uploads\/2025\/05\/img_4280-1.jpg?w=708&amp;ssl=1 708w, https:\/\/i0.wp.com\/blogdobispo.com.br\/wp-content\/uploads\/2025\/05\/img_4280-1.jpg?resize=300%2C183&amp;ssl=1 300w\" sizes=\"(max-width: 708px) 100vw, 708px\" \/><\/figure>\n\n\n\n<p class=\"p1\">Robert Francis Prevost \u00e9 o novo Papa da Igreja Cat\u00f3lica, eleito em 8 de maio de 2025, adotando o nome de Le\u00e3o XIV. Ele \u00e9 o primeiro pont\u00edfice nascido nos Estados Unidos, natural de Chicago, e tamb\u00e9m possui cidadania peruana desde 2015, refletindo sua profunda liga\u00e7\u00e3o com a Am\u00e9rica Latina.&nbsp;<\/p>\n\n\n\n<p class=\"p3\">Forma\u00e7\u00e3o e trajet\u00f3ria eclesi\u00e1stica<\/p>\n\n\n\n<p class=\"p1\">Nascido em 14 de setembro de 1955, Prevost ingressou na Ordem de Santo Agostinho em 1977 e foi ordenado sacerdote em 1982. Obteve doutorado em Direito Can\u00f4nico pela Pontif\u00edcia Universidade de Santo Tom\u00e1s de Aquino, em Roma. Sua carreira mission\u00e1ria come\u00e7ou no Peru, onde atuou como p\u00e1roco, professor de semin\u00e1rio e administrador entre 1985 e 1998.&nbsp;<\/p>\n\n\n\n<p class=\"p1\">Em 2001, foi eleito Prior Geral da Ordem de Santo Agostinho, cargo que ocupou at\u00e9 2013. Posteriormente, foi nomeado bispo de Chiclayo, no Peru, em 2014, e tornou-se arcebispo em\u00e9rito dessa diocese em 2023. Nesse mesmo ano, foi nomeado prefeito do Dicast\u00e9rio para os Bispos, \u00f3rg\u00e3o respons\u00e1vel pela nomea\u00e7\u00e3o e supervis\u00e3o de bispos em todo o mundo.&nbsp;<\/p>\n\n\n\n<p class=\"p3\">Elei\u00e7\u00e3o ao papado<\/p>\n\n\n\n<p class=\"p1\">A elei\u00e7\u00e3o de Prevost como Papa Le\u00e3o XIV ocorreu ap\u00f3s quatro escrut\u00ednios no conclave, sendo anunciada ao mundo da sacada da Bas\u00edlica de S\u00e3o Pedro, no Vaticano. Sua escolha reflete uma valoriza\u00e7\u00e3o de sua experi\u00eancia internacional, lideran\u00e7a pastoral e alinhamento com as reformas promovidas por seu antecessor, o Papa Francisco.<\/p>\n\n\n\n<p class=\"p1\">Conhecido como \u201cpastor de duas p\u00e1trias\u201d, Prevost \u00e9 fluente em espanhol e possui uma vis\u00e3o global da Igreja, caracter\u00edsticas que contribu\u00edram para sua elei\u00e7\u00e3o.<\/p>\n\n\n\n<p class=\"p3\">Perspectivas para o pontificado<\/p>\n\n\n\n<p class=\"p1\">Como Papa Le\u00e3o XIV, espera-se que Prevost continue a promover uma Igreja mais pr\u00f3xima dos fi\u00e9is, com foco na pastoral e na inclus\u00e3o. Sua experi\u00eancia na Am\u00e9rica Latina e sua atua\u00e7\u00e3o na C\u00faria Romana indicam uma continuidade nas reformas iniciadas por Francisco, com \u00eanfase na descentraliza\u00e7\u00e3o e na valoriza\u00e7\u00e3o das igrejas locais.<\/p>\n\n\n\n<p><\/p>\n\n\n\n<p><\/p>\n\n\n\n<p><\/p>\n","protected":false},"excerpt":{"rendered":"<p>Robert Francis Prevost \u00e9 o novo Papa da Igreja Cat\u00f3lica, eleito em 8 de maio de 2025, adotando o nome de Le\u00e3o XIV. Ele \u00e9 o primeiro pont\u00edfice nascido nos Estados Unidos, natural de Chicago, e tamb\u00e9m possui cidadania peruana desde 2015, refletindo sua profunda liga\u00e7\u00e3o com a Am\u00e9rica Latina.&nbsp; Forma\u00e7\u00e3o e trajet\u00f3ria eclesi\u00e1stica Nascido [&hellip;]<\/p>\n","protected":false},"author":1,"featured_media":0,"comment_status":"open","ping_status":"open","sticky":false,"template":"","format":"standard","meta":{"cybocfi_hide_featured_image":"","_jetpack_memberships_contains_paid_content":false,"footnotes":""},"categories":[1],"tags":[],"class_list":["post-5274","post","type-post","status-publish","format-standard","hentry","category-diversos"],"yoast_head":"<!-- This site is optimized with the Yoast SEO plugin v25.6 - https:\/\/yoast.com\/wordpress\/plugins\/seo\/ -->\n<title>Urgente: Cardeal Prevost \u00e9 escolhido Papa com o nome nome Le\u00e3o XIV - Blog do Bispo<\/title>\n<meta name=\"robots\" content=\"index, follow, max-snippet:-1, max-image-preview:large, max-video-preview:-1\" \/>\n<link rel=\"canonical\" href=\"https:\/\/blogdobispo.com.br\/?p=5274\" \/>\n<meta property=\"og:locale\" content=\"pt_BR\" \/>\n<meta property=\"og:type\" content=\"article\" \/>\n<meta property=\"og:title\" content=\"Urgente: Cardeal Prevost \u00e9 escolhido Papa com o nome nome Le\u00e3o XIV - Blog do Bispo\" \/>\n<meta property=\"og:description\" content=\"Robert Francis Prevost \u00e9 o novo Papa da Igreja Cat\u00f3lica, eleito em 8 de maio de 2025, adotando o nome de Le\u00e3o XIV. Ele \u00e9 o primeiro pont\u00edfice nascido nos Estados Unidos, natural de Chicago, e tamb\u00e9m possui cidadania peruana desde 2015, refletindo sua profunda liga\u00e7\u00e3o com a Am\u00e9rica Latina.&nbsp; Forma\u00e7\u00e3o e trajet\u00f3ria eclesi\u00e1stica Nascido [&hellip;]\" \/>\n<meta property=\"og:url\" content=\"https:\/\/blogdobispo.com.br\/?p=5274\" \/>\n<meta property=\"og:site_name\" content=\"Blog do Bispo\" \/>\n<meta property=\"article:published_time\" content=\"2025-05-08T17:21:03+00:00\" \/>\n<meta property=\"article:modified_time\" content=\"2025-05-08T17:44:30+00:00\" \/>\n<meta property=\"og:image\" content=\"https:\/\/blogdobispo.com.br\/wp-content\/uploads\/2025\/05\/img_4280-1.jpg\" \/>\n<meta name=\"author\" content=\"Jefferson Sterfeno\" \/>\n<meta name=\"twitter:card\" content=\"summary_large_image\" \/>\n<meta name=\"twitter:label1\" content=\"Escrito por\" \/>\n\t<meta name=\"twitter:data1\" content=\"Jefferson Sterfeno\" \/>\n\t<meta name=\"twitter:label2\" content=\"Est. tempo de leitura\" \/>\n\t<meta name=\"twitter:data2\" content=\"2 minutos\" \/>\n<script type=\"application\/ld+json\" class=\"yoast-schema-graph\">{\"@context\":\"https:\/\/schema.org\",\"@graph\":[{\"@type\":\"Article\",\"@id\":\"https:\/\/blogdobispo.com.br\/?p=5274#article\",\"isPartOf\":{\"@id\":\"https:\/\/blogdobispo.com.br\/?p=5274\"},\"author\":{\"name\":\"Jefferson Sterfeno\",\"@id\":\"https:\/\/blogdobispo.com.br\/#\/schema\/person\/e2209cc0e6cea5c5233d033e997b373f\"},\"headline\":\"Urgente: Cardeal Prevost \u00e9 escolhido Papa com o nome nome Le\u00e3o XIV\",\"datePublished\":\"2025-05-08T17:21:03+00:00\",\"dateModified\":\"2025-05-08T17:44:30+00:00\",\"mainEntityOfPage\":{\"@id\":\"https:\/\/blogdobispo.com.br\/?p=5274\"},\"wordCount\":346,\"commentCount\":0,\"publisher\":{\"@id\":\"https:\/\/blogdobispo.com.br\/#organization\"},\"image\":{\"@id\":\"https:\/\/blogdobispo.com.br\/?p=5274#primaryimage\"},\"thumbnailUrl\":\"https:\/\/blogdobispo.com.br\/wp-content\/uploads\/2025\/05\/img_4280-1.jpg\",\"articleSection\":[\"diversos\"],\"inLanguage\":\"pt-BR\",\"potentialAction\":[{\"@type\":\"CommentAction\",\"name\":\"Comment\",\"target\":[\"https:\/\/blogdobispo.com.br\/?p=5274#respond\"]}]},{\"@type\":\"WebPage\",\"@id\":\"https:\/\/blogdobispo.com.br\/?p=5274\",\"url\":\"https:\/\/blogdobispo.com.br\/?p=5274\",\"name\":\"Urgente: Cardeal Prevost \u00e9 escolhido Papa com o nome nome Le\u00e3o XIV - Blog do Bispo\",\"isPartOf\":{\"@id\":\"https:\/\/blogdobispo.com.br\/#website\"},\"primaryImageOfPage\":{\"@id\":\"https:\/\/blogdobispo.com.br\/?p=5274#primaryimage\"},\"image\":{\"@id\":\"https:\/\/blogdobispo.com.br\/?p=5274#primaryimage\"},\"thumbnailUrl\":\"https:\/\/blogdobispo.com.br\/wp-content\/uploads\/2025\/05\/img_4280-1.jpg\",\"datePublished\":\"2025-05-08T17:21:03+00:00\",\"dateModified\":\"2025-05-08T17:44:30+00:00\",\"breadcrumb\":{\"@id\":\"https:\/\/blogdobispo.com.br\/?p=5274#breadcrumb\"},\"inLanguage\":\"pt-BR\",\"potentialAction\":[{\"@type\":\"ReadAction\",\"target\":[\"https:\/\/blogdobispo.com.br\/?p=5274\"]}]},{\"@type\":\"ImageObject\",\"inLanguage\":\"pt-BR\",\"@id\":\"https:\/\/blogdobispo.com.br\/?p=5274#primaryimage\",\"url\":\"https:\/\/blogdobispo.com.br\/wp-content\/uploads\/2025\/05\/img_4280-1.jpg\",\"contentUrl\":\"https:\/\/blogdobispo.com.br\/wp-content\/uploads\/2025\/05\/img_4280-1.jpg\"},{\"@type\":\"BreadcrumbList\",\"@id\":\"https:\/\/blogdobispo.com.br\/?p=5274#breadcrumb\",\"itemListElement\":[{\"@type\":\"ListItem\",\"position\":1,\"name\":\"In\u00edcio\",\"item\":\"https:\/\/blogdobispo.com.br\/\"},{\"@type\":\"ListItem\",\"position\":2,\"name\":\"Urgente: Cardeal Prevost \u00e9 escolhido Papa com o nome nome Le\u00e3o XIV\"}]},{\"@type\":\"WebSite\",\"@id\":\"https:\/\/blogdobispo.com.br\/#website\",\"url\":\"https:\/\/blogdobispo.com.br\/\",\"name\":\"Blog do Bispo\",\"description\":\"Comprometido apenas com o leitor\",\"publisher\":{\"@id\":\"https:\/\/blogdobispo.com.br\/#organization\"},\"potentialAction\":[{\"@type\":\"SearchAction\",\"target\":{\"@type\":\"EntryPoint\",\"urlTemplate\":\"https:\/\/blogdobispo.com.br\/?s={search_term_string}\"},\"query-input\":{\"@type\":\"PropertyValueSpecification\",\"valueRequired\":true,\"valueName\":\"search_term_string\"}}],\"inLanguage\":\"pt-BR\"},{\"@type\":\"Organization\",\"@id\":\"https:\/\/blogdobispo.com.br\/#organization\",\"name\":\"Blog do Bispo\",\"url\":\"https:\/\/blogdobispo.com.br\/\",\"logo\":{\"@type\":\"ImageObject\",\"inLanguage\":\"pt-BR\",\"@id\":\"https:\/\/blogdobispo.com.br\/#\/schema\/logo\/image\/\",\"url\":\"http:\/\/blogdobispo.com.br\/wp-content\/uploads\/2023\/05\/cropped-headear.png\",\"contentUrl\":\"http:\/\/blogdobispo.com.br\/wp-content\/uploads\/2023\/05\/cropped-headear.png\",\"width\":1500,\"height\":399,\"caption\":\"Blog do Bispo\"},\"image\":{\"@id\":\"https:\/\/blogdobispo.com.br\/#\/schema\/logo\/image\/\"}},{\"@type\":\"Person\",\"@id\":\"https:\/\/blogdobispo.com.br\/#\/schema\/person\/e2209cc0e6cea5c5233d033e997b373f\",\"name\":\"Jefferson Sterfeno\",\"image\":{\"@type\":\"ImageObject\",\"inLanguage\":\"pt-BR\",\"@id\":\"https:\/\/blogdobispo.com.br\/#\/schema\/person\/image\/\",\"url\":\"https:\/\/secure.gravatar.com\/avatar\/0534e84764641168a677026b6d57a3f51dc7ac4db0b4f6186d9cb330d4ee1160?s=96&d=mm&r=g\",\"contentUrl\":\"https:\/\/secure.gravatar.com\/avatar\/0534e84764641168a677026b6d57a3f51dc7ac4db0b4f6186d9cb330d4ee1160?s=96&d=mm&r=g\",\"caption\":\"Jefferson Sterfeno\"},\"sameAs\":[\"http:\/\/blogdobispo.com.br\"],\"url\":\"https:\/\/blogdobispo.com.br\/?author=1\"}]}<\/script>\n<!-- \/ Yoast SEO plugin. -->","yoast_head_json":{"title":"Urgente: Cardeal Prevost \u00e9 escolhido Papa com o nome nome Le\u00e3o XIV - Blog do Bispo","robots":{"index":"index","follow":"follow","max-snippet":"max-snippet:-1","max-image-preview":"max-image-preview:large","max-video-preview":"max-video-preview:-1"},"canonical":"https:\/\/blogdobispo.com.br\/?p=5274","og_locale":"pt_BR","og_type":"article","og_title":"Urgente: Cardeal Prevost \u00e9 escolhido Papa com o nome nome Le\u00e3o XIV - Blog do Bispo","og_description":"Robert Francis Prevost \u00e9 o novo Papa da Igreja Cat\u00f3lica, eleito em 8 de maio de 2025, adotando o nome de Le\u00e3o XIV. Ele \u00e9 o primeiro pont\u00edfice nascido nos Estados Unidos, natural de Chicago, e tamb\u00e9m possui cidadania peruana desde 2015, refletindo sua profunda liga\u00e7\u00e3o com a Am\u00e9rica Latina.&nbsp; Forma\u00e7\u00e3o e trajet\u00f3ria eclesi\u00e1stica Nascido [&hellip;]","og_url":"https:\/\/blogdobispo.com.br\/?p=5274","og_site_name":"Blog do Bispo","article_published_time":"2025-05-08T17:21:03+00:00","article_modified_time":"2025-05-08T17:44:30+00:00","og_image":[{"url":"https:\/\/blogdobispo.com.br\/wp-content\/uploads\/2025\/05\/img_4280-1.jpg","type":"","width":"","height":""}],"author":"Jefferson Sterfeno","twitter_card":"summary_large_image","twitter_misc":{"Escrito por":"Jefferson Sterfeno","Est. tempo de leitura":"2 minutos"},"schema":{"@context":"https:\/\/schema.org","@graph":[{"@type":"Article","@id":"https:\/\/blogdobispo.com.br\/?p=5274#article","isPartOf":{"@id":"https:\/\/blogdobispo.com.br\/?p=5274"},"author":{"name":"Jefferson Sterfeno","@id":"https:\/\/blogdobispo.com.br\/#\/schema\/person\/e2209cc0e6cea5c5233d033e997b373f"},"headline":"Urgente: Cardeal Prevost \u00e9 escolhido Papa com o nome nome Le\u00e3o XIV","datePublished":"2025-05-08T17:21:03+00:00","dateModified":"2025-05-08T17:44:30+00:00","mainEntityOfPage":{"@id":"https:\/\/blogdobispo.com.br\/?p=5274"},"wordCount":346,"commentCount":0,"publisher":{"@id":"https:\/\/blogdobispo.com.br\/#organization"},"image":{"@id":"https:\/\/blogdobispo.com.br\/?p=5274#primaryimage"},"thumbnailUrl":"https:\/\/blogdobispo.com.br\/wp-content\/uploads\/2025\/05\/img_4280-1.jpg","articleSection":["diversos"],"inLanguage":"pt-BR","potentialAction":[{"@type":"CommentAction","name":"Comment","target":["https:\/\/blogdobispo.com.br\/?p=5274#respond"]}]},{"@type":"WebPage","@id":"https:\/\/blogdobispo.com.br\/?p=5274","url":"https:\/\/blogdobispo.com.br\/?p=5274","name":"Urgente: Cardeal Prevost \u00e9 escolhido Papa com o nome nome Le\u00e3o XIV - Blog do Bispo","isPartOf":{"@id":"https:\/\/blogdobispo.com.br\/#website"},"primaryImageOfPage":{"@id":"https:\/\/blogdobispo.com.br\/?p=5274#primaryimage"},"image":{"@id":"https:\/\/blogdobispo.com.br\/?p=5274#primaryimage"},"thumbnailUrl":"https:\/\/blogdobispo.com.br\/wp-content\/uploads\/2025\/05\/img_4280-1.jpg","datePublished":"2025-05-08T17:21:03+00:00","dateModified":"2025-05-08T17:44:30+00:00","breadcrumb":{"@id":"https:\/\/blogdobispo.com.br\/?p=5274#breadcrumb"},"inLanguage":"pt-BR","potentialAction":[{"@type":"ReadAction","target":["https:\/\/blogdobispo.com.br\/?p=5274"]}]},{"@type":"ImageObject","inLanguage":"pt-BR","@id":"https:\/\/blogdobispo.com.br\/?p=5274#primaryimage","url":"https:\/\/blogdobispo.com.br\/wp-content\/uploads\/2025\/05\/img_4280-1.jpg","contentUrl":"https:\/\/blogdobispo.com.br\/wp-content\/uploads\/2025\/05\/img_4280-1.jpg"},{"@type":"BreadcrumbList","@id":"https:\/\/blogdobispo.com.br\/?p=5274#breadcrumb","itemListElement":[{"@type":"ListItem","position":1,"name":"In\u00edcio","item":"https:\/\/blogdobispo.com.br\/"},{"@type":"ListItem","position":2,"name":"Urgente: Cardeal Prevost \u00e9 escolhido Papa com o nome nome Le\u00e3o XIV"}]},{"@type":"WebSite","@id":"https:\/\/blogdobispo.com.br\/#website","url":"https:\/\/blogdobispo.com.br\/","name":"Blog do Bispo","description":"Comprometido apenas com o leitor","publisher":{"@id":"https:\/\/blogdobispo.com.br\/#organization"},"potentialAction":[{"@type":"SearchAction","target":{"@type":"EntryPoint","urlTemplate":"https:\/\/blogdobispo.com.br\/?s={search_term_string}"},"query-input":{"@type":"PropertyValueSpecification","valueRequired":true,"valueName":"search_term_string"}}],"inLanguage":"pt-BR"},{"@type":"Organization","@id":"https:\/\/blogdobispo.com.br\/#organization","name":"Blog do Bispo","url":"https:\/\/blogdobispo.com.br\/","logo":{"@type":"ImageObject","inLanguage":"pt-BR","@id":"https:\/\/blogdobispo.com.br\/#\/schema\/logo\/image\/","url":"http:\/\/blogdobispo.com.br\/wp-content\/uploads\/2023\/05\/cropped-headear.png","contentUrl":"http:\/\/blogdobispo.com.br\/wp-content\/uploads\/2023\/05\/cropped-headear.png","width":1500,"height":399,"caption":"Blog do Bispo"},"image":{"@id":"https:\/\/blogdobispo.com.br\/#\/schema\/logo\/image\/"}},{"@type":"Person","@id":"https:\/\/blogdobispo.com.br\/#\/schema\/person\/e2209cc0e6cea5c5233d033e997b373f","name":"Jefferson Sterfeno","image":{"@type":"ImageObject","inLanguage":"pt-BR","@id":"https:\/\/blogdobispo.com.br\/#\/schema\/person\/image\/","url":"https:\/\/secure.gravatar.com\/avatar\/0534e84764641168a677026b6d57a3f51dc7ac4db0b4f6186d9cb330d4ee1160?s=96&d=mm&r=g","contentUrl":"https:\/\/secure.gravatar.com\/avatar\/0534e84764641168a677026b6d57a3f51dc7ac4db0b4f6186d9cb330d4ee1160?s=96&d=mm&r=g","caption":"Jefferson Sterfeno"},"sameAs":["http:\/\/blogdobispo.com.br"],"url":"https:\/\/blogdobispo.com.br\/?author=1"}]}},"featured_image_urls":{"full":"","thumbnail":"","medium":"","medium_large":"","large":"","1536x1536":"","2048x2048":""},"author_info":{"display_name":"Jefferson Sterfeno","author_link":"https:\/\/blogdobispo.com.br\/?author=1"},"category_info":"<a href=\"https:\/\/blogdobispo.com.br\/?cat=1\" rel=\"category\">diversos<\/a>","tag_info":"diversos","comment_count":"0","jetpack_featured_media_url":"","jetpack_sharing_enabled":true,"_links":{"self":[{"href":"https:\/\/blogdobispo.com.br\/index.php?rest_route=\/wp\/v2\/posts\/5274","targetHints":{"allow":["GET"]}}],"collection":[{"href":"https:\/\/blogdobispo.com.br\/index.php?rest_route=\/wp\/v2\/posts"}],"about":[{"href":"https:\/\/blogdobispo.com.br\/index.php?rest_route=\/wp\/v2\/types\/post"}],"author":[{"embeddable":true,"href":"https:\/\/blogdobispo.com.br\/index.php?rest_route=\/wp\/v2\/users\/1"}],"replies":[{"embeddable":true,"href":"https:\/\/blogdobispo.com.br\/index.php?rest_route=%2Fwp%2Fv2%2Fcomments&post=5274"}],"version-history":[{"count":2,"href":"https:\/\/blogdobispo.com.br\/index.php?rest_route=\/wp\/v2\/posts\/5274\/revisions"}],"predecessor-version":[{"id":5277,"href":"https:\/\/blogdobispo.com.br\/index.php?rest_route=\/wp\/v2\/posts\/5274\/revisions\/5277"}],"wp:attachment":[{"href":"https:\/\/blogdobispo.com.br\/index.php?rest_route=%2Fwp%2Fv2%2Fmedia&parent=5274"}],"wp:term":[{"taxonomy":"category","embeddable":true,"href":"https:\/\/blogdobispo.com.br\/index.php?rest_route=%2Fwp%2Fv2%2Fcategories&post=5274"},{"taxonomy":"post_tag","embeddable":true,"href":"https:\/\/blogdobispo.com.br\/index.php?rest_route=%2Fwp%2Fv2%2Ftags&post=5274"}],"curies":[{"name":"wp","href":"https:\/\/api.w.org\/{rel}","templated":true}]}}