{"id":5262,"date":"2025-05-08T15:50:36","date_gmt":"2025-05-08T15:50:36","guid":{"rendered":"https:\/\/blogdobispo.com.br\/?p=5262"},"modified":"2025-05-08T16:00:40","modified_gmt":"2025-05-08T16:00:40","slug":"quem-foi-o-cardeal-brasileiro-que-quase-virou-papa-e-foi-citado-ate-em-o-poderoso-chefao-3","status":"publish","type":"post","link":"https:\/\/blogdobispo.com.br\/?p=5262","title":{"rendered":"Quem foi o cardeal brasileiro que foi eleito Papa e n\u00e3o aceitou  e foi citado at\u00e9 em &#8216;O Poderoso Chef\u00e3o 3&#8217;"},"content":{"rendered":"\n<p>H\u00e1 quase 50 anos, a Igreja Cat\u00f3lica teve um conclave para a elei\u00e7\u00e3o de um novo l\u00edder: o de outubro de 1978.&nbsp;<strong>Um cardeal brasileiro, dom Alo\u00edsio Lorscheider, teria sido o primeiro a ter a maioria dos votos.<\/strong>&nbsp;Ao recusar o cargo por problemas card\u00edacos, o ent\u00e3o arcebispo de&nbsp;<a class=\"\" href=\"https:\/\/g1.globo.com\/ce\/ceara\/cidade\/fortaleza\/\">Fortaleza<\/a>teria aberto caminho para a escolha de Jo\u00e3o Paulo II.<\/p>\n\n\n\n<p>O detalhe dos bastidores do conclave de 1978 foi partilhado em artigo publicado pelo escritor e te\u00f3logo Frei Betto em abril deste ano. Tamb\u00e9m na fic\u00e7\u00e3o,&nbsp;dom Alo\u00edsio Lorscheider foi citado no filme O Poderoso Chef\u00e3o: Parte 3, ao receber um voto no conclave encenado no longa&nbsp;<strong><em>(veja v\u00eddeo acima)<\/em><\/strong>.&nbsp;<\/p>\n\n\n\n<p>Na vida real, o religioso que poderia ter sido o primeiro papa brasileiro teve uma trajet\u00f3ria marcada pela defesa dos direitos humanos e pelos posicionamentos a favor da democratiza\u00e7\u00e3o do Brasil e contra as torturas praticadas na ditadura militar.&nbsp;<\/p>\n\n\n\n<p>O cardeal vivenciou, ainda, um epis\u00f3dio cujas imagens marcaram a hist\u00f3ria recente do Cear\u00e1: em 1994,&nbsp;ele foi sequestrado por internos de um pres\u00eddio na Grande Fortaleza&nbsp;enquanto fazia uma visita ao local.<\/p>\n\n\n\n<p>Dom Alo\u00edsio Lorscheider participou de dois conclaves e viveu durante o pontificado de sete papas.&nbsp;<strong>Veja a trajet\u00f3ria dele:&nbsp;<\/strong><\/p>\n\n\n\n<ul class=\"wp-block-list content-unordered-list\">\n<li>Dom Alo\u00edsio Lorscheider era neto de alem\u00e3es e nasceu na cidade de&nbsp;<a class=\"\" href=\"https:\/\/g1.globo.com\/rs\/rio-grande-do-sul\/cidade\/estrela\/\">Estrela<\/a>, no Rio Grande do Sul, em 1924. \u00c0 \u00e9poca, a Igreja era liderada pelo&nbsp;<strong>papa Pio XI (1922 a 1939)<\/strong>.&nbsp;<\/li>\n\n\n\n<li>Ele se ordenou como sacerdote aos 23 anos, quando o papa era&nbsp;<strong>Pio XII (1939 a 1958)<\/strong>.&nbsp;<\/li>\n\n\n\n<li>O sucessor de Pio XII foi o&nbsp;<strong>papa Jo\u00e3o XXIII (1958 a 1963)<\/strong>, que nomeou dom Alo\u00edsio Lorscheider como bispo, em 1962.&nbsp;<\/li>\n\n\n\n<li>Em seguida, a Igreja foi liderada pelo papa&nbsp;<strong>Paulo VI (1963 a 1978)<\/strong>. Foi este pont\u00edfice quem nomeou dom Alo\u00edsio Lorscheider como arcebispo de Fortaleza (1973) e quem deu a ele o t\u00edtulo de cardeal (1976).&nbsp;<\/li>\n\n\n\n<li>Como cardeal, dom Alo\u00edsio Lorscheider participou dos conclaves para eleger os dois papas seguintes:&nbsp;<strong>Jo\u00e3o Paulo I (1978)<\/strong>&nbsp;e&nbsp;<strong>Jo\u00e3o Paulo II (1978 a 2005)<\/strong>.&nbsp;<\/li>\n\n\n\n<li>Ele teve a ren\u00fancia aceita pelo Vaticano em 2004, um ano antes do conclave que elegeu&nbsp;<strong>Bento XVI (2005 a 2013)<\/strong>.&nbsp;<\/li>\n\n\n\n<li>Dom Alo\u00edsio Lorscheider faleceu em dezembro de 2007, sem ter vivenciado o pontificado do papa Francisco (2013 a 2025). <br \/>Batizado como Leo Arlindo Lorscheider, o religioso passou a adotar o nome de Frei Alo\u00edsio em 1944. Enquanto atuou no Rio Grande do Sul, ele foi bispo de Santo \u00c2ngelo e chegou a ser eleito presidente da Confer\u00eancia Nacional dos Bispos do Brasil (CNBB).<br \/>Foi em 1973 que a liga\u00e7\u00e3o de dom Alo\u00edsio Lorscheider com o Cear\u00e1 se fortaleceu, quando se tornou o arcebispo de Fortaleza. Nos 22 anos em que ficou na fun\u00e7\u00e3o, ele ficou conhecido pela participa\u00e7\u00e3o na vida pol\u00edtica, social e religiosa do estado.&nbsp;<br \/><br \/><br \/>Dentre as causas, o religioso defendeu o fim dos conflitos por terra no Cear\u00e1, os direitos dos marginalizados, a melhor distribui\u00e7\u00e3o de renda, a redemocratiza\u00e7\u00e3o do Brasil e o fim das torturas durante a ditadura militar.&nbsp;<br \/>No episcopado de dom Alo\u00edsio, foram onze novas par\u00f3quias criadas na Arquidiocese de Fortaleza. Dentre elas, est\u00e3o as par\u00f3quias dos bairros Cidade dos Funcion\u00e1rios, Conjunto Cear\u00e1 e Bom Jardim, em Fortaleza.&nbsp;<br \/>Lembrado por um estilo de vida simples, ele tamb\u00e9m atuou em institui\u00e7\u00f5es como C\u00e1ritas Internacional, Secretariado para a Uni\u00e3o dos Crist\u00e3os, Conselho Pontif\u00edcio \u201cCor Unum\u201d, Congrega\u00e7\u00e3o para os Bispos e Congrega\u00e7\u00e3o para o Clero, da C\u00faria Romana.<br \/>Ap\u00f3s deixar Fortaleza, passou a ser arcebispo de Aparecida em 1995. Em raz\u00e3o da idade, ele precisou renunciar ao cargo no ano 2000, quando passou a ser conhecido como o arcebispo em\u00e9rito de Aparecida.&nbsp;<br \/>Ele faleceu em 2007, aos 83 anos. No ano seguinte, o cardeal completaria 60 anos de sacerd\u00f3cio.<br \/>Foram dois conclaves realizados em 1978. Isso porque Jo\u00e3o Paulo I teve uma morte repentina e s\u00f3 ficou por 33 dias na c\u00e1tedra de Pedro. O cardeal italiano Albino Luciani foi eleito j\u00e1 com a presen\u00e7a de dom Alo\u00edsio Lorscheider como votante.<br \/>Em artigo publicado em seu site, o escritor Frei Betto revela que a curta dura\u00e7\u00e3o do papado teve influ\u00eancia na recusa do cardeal brasileiro para ser o pr\u00f3ximo papa.&nbsp;<br \/>Conforme o frade, dom Alo\u00edsio Lorscheider foi o primeiro a obter dois ter\u00e7os dos votos no conclave para escolher o sucessor de Jo\u00e3o Paulo I.&nbsp;<br \/>O brasileiro, que j\u00e1 tinha oito pontes de safena, teria declinado o cargo por motivos de sa\u00fade. Ele teria demonstrado o receio de que a Igreja precisasse passar por outro conclave em pouco tempo. O resultado final foi a escolha do papa Jo\u00e3o Paulo II, o cardeal polon\u00eas Karol Wojtyla.&nbsp;<br \/>No texto, Frei Betto destaca uma curiosidade: Lorscheider viveu dois anos a mais que Jo\u00e3o Paulo II, que morreu em 2005. <br \/>Citado em \u2018O Poderoso Chef\u00e3o<\/li>\n<\/ul>\n\n\n\n<p>Na d\u00e9cada de 1990, o filme \u2018O Poderoso Chef\u00e3o 3\u2019 fez uma refer\u00eancia a dom Alo\u00edsio Lorscheider em um conclave fict\u00edcio&nbsp;<strong><em>(veja v\u00eddeo no in\u00edcio da reportagem)<\/em><\/strong>.&nbsp;<\/p>\n\n\n\n<p>No filme, a vota\u00e7\u00e3o levou \u00e0 escolha de Jo\u00e3o Paulo I. Mas, durante o an\u00fancio dos cardeais que receberam votos, uma das falas diz: \u201cLorscheider, um voto\u201d.&nbsp;<\/p>\n\n\n\n<p>G1<\/p>\n\n\n\n<figure class=\"wp-block-image size-large\"><img data-recalc-dims=\"1\" fetchpriority=\"high\" decoding=\"async\" width=\"600\" height=\"437\" src=\"https:\/\/i0.wp.com\/blogdobispo.com.br\/wp-content\/uploads\/2025\/05\/img_4267-1.jpg?resize=600%2C437&#038;ssl=1\" alt=\"\" class=\"wp-image-5261\" srcset=\"https:\/\/i0.wp.com\/blogdobispo.com.br\/wp-content\/uploads\/2025\/05\/img_4267-1.jpg?w=600&amp;ssl=1 600w, https:\/\/i0.wp.com\/blogdobispo.com.br\/wp-content\/uploads\/2025\/05\/img_4267-1.jpg?resize=300%2C219&amp;ssl=1 300w\" sizes=\"(max-width: 600px) 100vw, 600px\" \/><\/figure>\n\n\n\n<p><\/p>\n","protected":false},"excerpt":{"rendered":"<p>H\u00e1 quase 50 anos, a Igreja Cat\u00f3lica teve um conclave para a elei\u00e7\u00e3o de um novo l\u00edder: o de outubro de 1978.&nbsp;Um cardeal brasileiro, dom Alo\u00edsio Lorscheider, teria sido o primeiro a ter a maioria dos votos.&nbsp;Ao recusar o cargo por problemas card\u00edacos, o ent\u00e3o arcebispo de&nbsp;Fortalezateria aberto caminho para a escolha de Jo\u00e3o Paulo [&hellip;]<\/p>\n","protected":false},"author":1,"featured_media":0,"comment_status":"open","ping_status":"open","sticky":false,"template":"","format":"standard","meta":{"cybocfi_hide_featured_image":"","_jetpack_memberships_contains_paid_content":false,"footnotes":""},"categories":[1],"tags":[],"class_list":["post-5262","post","type-post","status-publish","format-standard","hentry","category-diversos"],"yoast_head":"<!-- This site is optimized with the Yoast SEO plugin v25.6 - https:\/\/yoast.com\/wordpress\/plugins\/seo\/ -->\n<title>Quem foi o cardeal brasileiro que foi eleito Papa e n\u00e3o aceitou e foi citado at\u00e9 em &#039;O Poderoso Chef\u00e3o 3&#039; - Blog do Bispo<\/title>\n<meta name=\"robots\" content=\"index, follow, max-snippet:-1, max-image-preview:large, max-video-preview:-1\" \/>\n<link rel=\"canonical\" href=\"https:\/\/blogdobispo.com.br\/?p=5262\" \/>\n<meta property=\"og:locale\" content=\"pt_BR\" \/>\n<meta property=\"og:type\" content=\"article\" \/>\n<meta property=\"og:title\" content=\"Quem foi o cardeal brasileiro que foi eleito Papa e n\u00e3o aceitou e foi citado at\u00e9 em &#039;O Poderoso Chef\u00e3o 3&#039; - Blog do Bispo\" \/>\n<meta property=\"og:description\" content=\"H\u00e1 quase 50 anos, a Igreja Cat\u00f3lica teve um conclave para a elei\u00e7\u00e3o de um novo l\u00edder: o de outubro de 1978.&nbsp;Um cardeal brasileiro, dom Alo\u00edsio Lorscheider, teria sido o primeiro a ter a maioria dos votos.&nbsp;Ao recusar o cargo por problemas card\u00edacos, o ent\u00e3o arcebispo de&nbsp;Fortalezateria aberto caminho para a escolha de Jo\u00e3o Paulo [&hellip;]\" \/>\n<meta property=\"og:url\" content=\"https:\/\/blogdobispo.com.br\/?p=5262\" \/>\n<meta property=\"og:site_name\" content=\"Blog do Bispo\" \/>\n<meta property=\"article:published_time\" content=\"2025-05-08T15:50:36+00:00\" \/>\n<meta property=\"article:modified_time\" content=\"2025-05-08T16:00:40+00:00\" \/>\n<meta property=\"og:image\" content=\"https:\/\/blogdobispo.com.br\/wp-content\/uploads\/2025\/05\/img_4267-1.jpg\" \/>\n<meta name=\"author\" content=\"Jefferson Sterfeno\" \/>\n<meta name=\"twitter:card\" content=\"summary_large_image\" \/>\n<meta name=\"twitter:label1\" content=\"Escrito por\" \/>\n\t<meta name=\"twitter:data1\" content=\"Jefferson Sterfeno\" \/>\n\t<meta name=\"twitter:label2\" content=\"Est. tempo de leitura\" \/>\n\t<meta name=\"twitter:data2\" content=\"5 minutos\" \/>\n<script type=\"application\/ld+json\" class=\"yoast-schema-graph\">{\"@context\":\"https:\/\/schema.org\",\"@graph\":[{\"@type\":\"Article\",\"@id\":\"https:\/\/blogdobispo.com.br\/?p=5262#article\",\"isPartOf\":{\"@id\":\"https:\/\/blogdobispo.com.br\/?p=5262\"},\"author\":{\"name\":\"Jefferson Sterfeno\",\"@id\":\"https:\/\/blogdobispo.com.br\/#\/schema\/person\/e2209cc0e6cea5c5233d033e997b373f\"},\"headline\":\"Quem foi o cardeal brasileiro que foi eleito Papa e n\u00e3o aceitou e foi citado at\u00e9 em &#8216;O Poderoso Chef\u00e3o 3&#8217;\",\"datePublished\":\"2025-05-08T15:50:36+00:00\",\"dateModified\":\"2025-05-08T16:00:40+00:00\",\"mainEntityOfPage\":{\"@id\":\"https:\/\/blogdobispo.com.br\/?p=5262\"},\"wordCount\":943,\"commentCount\":0,\"publisher\":{\"@id\":\"https:\/\/blogdobispo.com.br\/#organization\"},\"image\":{\"@id\":\"https:\/\/blogdobispo.com.br\/?p=5262#primaryimage\"},\"thumbnailUrl\":\"https:\/\/blogdobispo.com.br\/wp-content\/uploads\/2025\/05\/img_4267-1.jpg\",\"articleSection\":[\"diversos\"],\"inLanguage\":\"pt-BR\",\"potentialAction\":[{\"@type\":\"CommentAction\",\"name\":\"Comment\",\"target\":[\"https:\/\/blogdobispo.com.br\/?p=5262#respond\"]}]},{\"@type\":\"WebPage\",\"@id\":\"https:\/\/blogdobispo.com.br\/?p=5262\",\"url\":\"https:\/\/blogdobispo.com.br\/?p=5262\",\"name\":\"Quem foi o cardeal brasileiro que foi eleito Papa e n\u00e3o aceitou e foi citado at\u00e9 em 'O Poderoso Chef\u00e3o 3' - Blog do Bispo\",\"isPartOf\":{\"@id\":\"https:\/\/blogdobispo.com.br\/#website\"},\"primaryImageOfPage\":{\"@id\":\"https:\/\/blogdobispo.com.br\/?p=5262#primaryimage\"},\"image\":{\"@id\":\"https:\/\/blogdobispo.com.br\/?p=5262#primaryimage\"},\"thumbnailUrl\":\"https:\/\/blogdobispo.com.br\/wp-content\/uploads\/2025\/05\/img_4267-1.jpg\",\"datePublished\":\"2025-05-08T15:50:36+00:00\",\"dateModified\":\"2025-05-08T16:00:40+00:00\",\"breadcrumb\":{\"@id\":\"https:\/\/blogdobispo.com.br\/?p=5262#breadcrumb\"},\"inLanguage\":\"pt-BR\",\"potentialAction\":[{\"@type\":\"ReadAction\",\"target\":[\"https:\/\/blogdobispo.com.br\/?p=5262\"]}]},{\"@type\":\"ImageObject\",\"inLanguage\":\"pt-BR\",\"@id\":\"https:\/\/blogdobispo.com.br\/?p=5262#primaryimage\",\"url\":\"https:\/\/blogdobispo.com.br\/wp-content\/uploads\/2025\/05\/img_4267-1.jpg\",\"contentUrl\":\"https:\/\/blogdobispo.com.br\/wp-content\/uploads\/2025\/05\/img_4267-1.jpg\"},{\"@type\":\"BreadcrumbList\",\"@id\":\"https:\/\/blogdobispo.com.br\/?p=5262#breadcrumb\",\"itemListElement\":[{\"@type\":\"ListItem\",\"position\":1,\"name\":\"In\u00edcio\",\"item\":\"https:\/\/blogdobispo.com.br\/\"},{\"@type\":\"ListItem\",\"position\":2,\"name\":\"Quem foi o cardeal brasileiro que foi eleito Papa e n\u00e3o aceitou e foi citado at\u00e9 em &#8216;O Poderoso Chef\u00e3o 3&#8217;\"}]},{\"@type\":\"WebSite\",\"@id\":\"https:\/\/blogdobispo.com.br\/#website\",\"url\":\"https:\/\/blogdobispo.com.br\/\",\"name\":\"Blog do Bispo\",\"description\":\"Comprometido apenas com o leitor\",\"publisher\":{\"@id\":\"https:\/\/blogdobispo.com.br\/#organization\"},\"potentialAction\":[{\"@type\":\"SearchAction\",\"target\":{\"@type\":\"EntryPoint\",\"urlTemplate\":\"https:\/\/blogdobispo.com.br\/?s={search_term_string}\"},\"query-input\":{\"@type\":\"PropertyValueSpecification\",\"valueRequired\":true,\"valueName\":\"search_term_string\"}}],\"inLanguage\":\"pt-BR\"},{\"@type\":\"Organization\",\"@id\":\"https:\/\/blogdobispo.com.br\/#organization\",\"name\":\"Blog do Bispo\",\"url\":\"https:\/\/blogdobispo.com.br\/\",\"logo\":{\"@type\":\"ImageObject\",\"inLanguage\":\"pt-BR\",\"@id\":\"https:\/\/blogdobispo.com.br\/#\/schema\/logo\/image\/\",\"url\":\"http:\/\/blogdobispo.com.br\/wp-content\/uploads\/2023\/05\/cropped-headear.png\",\"contentUrl\":\"http:\/\/blogdobispo.com.br\/wp-content\/uploads\/2023\/05\/cropped-headear.png\",\"width\":1500,\"height\":399,\"caption\":\"Blog do Bispo\"},\"image\":{\"@id\":\"https:\/\/blogdobispo.com.br\/#\/schema\/logo\/image\/\"}},{\"@type\":\"Person\",\"@id\":\"https:\/\/blogdobispo.com.br\/#\/schema\/person\/e2209cc0e6cea5c5233d033e997b373f\",\"name\":\"Jefferson Sterfeno\",\"image\":{\"@type\":\"ImageObject\",\"inLanguage\":\"pt-BR\",\"@id\":\"https:\/\/blogdobispo.com.br\/#\/schema\/person\/image\/\",\"url\":\"https:\/\/secure.gravatar.com\/avatar\/0534e84764641168a677026b6d57a3f51dc7ac4db0b4f6186d9cb330d4ee1160?s=96&d=mm&r=g\",\"contentUrl\":\"https:\/\/secure.gravatar.com\/avatar\/0534e84764641168a677026b6d57a3f51dc7ac4db0b4f6186d9cb330d4ee1160?s=96&d=mm&r=g\",\"caption\":\"Jefferson Sterfeno\"},\"sameAs\":[\"http:\/\/blogdobispo.com.br\"],\"url\":\"https:\/\/blogdobispo.com.br\/?author=1\"}]}<\/script>\n<!-- \/ Yoast SEO plugin. -->","yoast_head_json":{"title":"Quem foi o cardeal brasileiro que foi eleito Papa e n\u00e3o aceitou e foi citado at\u00e9 em 'O Poderoso Chef\u00e3o 3' - Blog do Bispo","robots":{"index":"index","follow":"follow","max-snippet":"max-snippet:-1","max-image-preview":"max-image-preview:large","max-video-preview":"max-video-preview:-1"},"canonical":"https:\/\/blogdobispo.com.br\/?p=5262","og_locale":"pt_BR","og_type":"article","og_title":"Quem foi o cardeal brasileiro que foi eleito Papa e n\u00e3o aceitou e foi citado at\u00e9 em 'O Poderoso Chef\u00e3o 3' - Blog do Bispo","og_description":"H\u00e1 quase 50 anos, a Igreja Cat\u00f3lica teve um conclave para a elei\u00e7\u00e3o de um novo l\u00edder: o de outubro de 1978.&nbsp;Um cardeal brasileiro, dom Alo\u00edsio Lorscheider, teria sido o primeiro a ter a maioria dos votos.&nbsp;Ao recusar o cargo por problemas card\u00edacos, o ent\u00e3o arcebispo de&nbsp;Fortalezateria aberto caminho para a escolha de Jo\u00e3o Paulo [&hellip;]","og_url":"https:\/\/blogdobispo.com.br\/?p=5262","og_site_name":"Blog do Bispo","article_published_time":"2025-05-08T15:50:36+00:00","article_modified_time":"2025-05-08T16:00:40+00:00","og_image":[{"url":"https:\/\/blogdobispo.com.br\/wp-content\/uploads\/2025\/05\/img_4267-1.jpg","type":"","width":"","height":""}],"author":"Jefferson Sterfeno","twitter_card":"summary_large_image","twitter_misc":{"Escrito por":"Jefferson Sterfeno","Est. tempo de leitura":"5 minutos"},"schema":{"@context":"https:\/\/schema.org","@graph":[{"@type":"Article","@id":"https:\/\/blogdobispo.com.br\/?p=5262#article","isPartOf":{"@id":"https:\/\/blogdobispo.com.br\/?p=5262"},"author":{"name":"Jefferson Sterfeno","@id":"https:\/\/blogdobispo.com.br\/#\/schema\/person\/e2209cc0e6cea5c5233d033e997b373f"},"headline":"Quem foi o cardeal brasileiro que foi eleito Papa e n\u00e3o aceitou e foi citado at\u00e9 em &#8216;O Poderoso Chef\u00e3o 3&#8217;","datePublished":"2025-05-08T15:50:36+00:00","dateModified":"2025-05-08T16:00:40+00:00","mainEntityOfPage":{"@id":"https:\/\/blogdobispo.com.br\/?p=5262"},"wordCount":943,"commentCount":0,"publisher":{"@id":"https:\/\/blogdobispo.com.br\/#organization"},"image":{"@id":"https:\/\/blogdobispo.com.br\/?p=5262#primaryimage"},"thumbnailUrl":"https:\/\/blogdobispo.com.br\/wp-content\/uploads\/2025\/05\/img_4267-1.jpg","articleSection":["diversos"],"inLanguage":"pt-BR","potentialAction":[{"@type":"CommentAction","name":"Comment","target":["https:\/\/blogdobispo.com.br\/?p=5262#respond"]}]},{"@type":"WebPage","@id":"https:\/\/blogdobispo.com.br\/?p=5262","url":"https:\/\/blogdobispo.com.br\/?p=5262","name":"Quem foi o cardeal brasileiro que foi eleito Papa e n\u00e3o aceitou e foi citado at\u00e9 em 'O Poderoso Chef\u00e3o 3' - Blog do Bispo","isPartOf":{"@id":"https:\/\/blogdobispo.com.br\/#website"},"primaryImageOfPage":{"@id":"https:\/\/blogdobispo.com.br\/?p=5262#primaryimage"},"image":{"@id":"https:\/\/blogdobispo.com.br\/?p=5262#primaryimage"},"thumbnailUrl":"https:\/\/blogdobispo.com.br\/wp-content\/uploads\/2025\/05\/img_4267-1.jpg","datePublished":"2025-05-08T15:50:36+00:00","dateModified":"2025-05-08T16:00:40+00:00","breadcrumb":{"@id":"https:\/\/blogdobispo.com.br\/?p=5262#breadcrumb"},"inLanguage":"pt-BR","potentialAction":[{"@type":"ReadAction","target":["https:\/\/blogdobispo.com.br\/?p=5262"]}]},{"@type":"ImageObject","inLanguage":"pt-BR","@id":"https:\/\/blogdobispo.com.br\/?p=5262#primaryimage","url":"https:\/\/blogdobispo.com.br\/wp-content\/uploads\/2025\/05\/img_4267-1.jpg","contentUrl":"https:\/\/blogdobispo.com.br\/wp-content\/uploads\/2025\/05\/img_4267-1.jpg"},{"@type":"BreadcrumbList","@id":"https:\/\/blogdobispo.com.br\/?p=5262#breadcrumb","itemListElement":[{"@type":"ListItem","position":1,"name":"In\u00edcio","item":"https:\/\/blogdobispo.com.br\/"},{"@type":"ListItem","position":2,"name":"Quem foi o cardeal brasileiro que foi eleito Papa e n\u00e3o aceitou e foi citado at\u00e9 em &#8216;O Poderoso Chef\u00e3o 3&#8217;"}]},{"@type":"WebSite","@id":"https:\/\/blogdobispo.com.br\/#website","url":"https:\/\/blogdobispo.com.br\/","name":"Blog do Bispo","description":"Comprometido apenas com o leitor","publisher":{"@id":"https:\/\/blogdobispo.com.br\/#organization"},"potentialAction":[{"@type":"SearchAction","target":{"@type":"EntryPoint","urlTemplate":"https:\/\/blogdobispo.com.br\/?s={search_term_string}"},"query-input":{"@type":"PropertyValueSpecification","valueRequired":true,"valueName":"search_term_string"}}],"inLanguage":"pt-BR"},{"@type":"Organization","@id":"https:\/\/blogdobispo.com.br\/#organization","name":"Blog do Bispo","url":"https:\/\/blogdobispo.com.br\/","logo":{"@type":"ImageObject","inLanguage":"pt-BR","@id":"https:\/\/blogdobispo.com.br\/#\/schema\/logo\/image\/","url":"http:\/\/blogdobispo.com.br\/wp-content\/uploads\/2023\/05\/cropped-headear.png","contentUrl":"http:\/\/blogdobispo.com.br\/wp-content\/uploads\/2023\/05\/cropped-headear.png","width":1500,"height":399,"caption":"Blog do Bispo"},"image":{"@id":"https:\/\/blogdobispo.com.br\/#\/schema\/logo\/image\/"}},{"@type":"Person","@id":"https:\/\/blogdobispo.com.br\/#\/schema\/person\/e2209cc0e6cea5c5233d033e997b373f","name":"Jefferson Sterfeno","image":{"@type":"ImageObject","inLanguage":"pt-BR","@id":"https:\/\/blogdobispo.com.br\/#\/schema\/person\/image\/","url":"https:\/\/secure.gravatar.com\/avatar\/0534e84764641168a677026b6d57a3f51dc7ac4db0b4f6186d9cb330d4ee1160?s=96&d=mm&r=g","contentUrl":"https:\/\/secure.gravatar.com\/avatar\/0534e84764641168a677026b6d57a3f51dc7ac4db0b4f6186d9cb330d4ee1160?s=96&d=mm&r=g","caption":"Jefferson Sterfeno"},"sameAs":["http:\/\/blogdobispo.com.br"],"url":"https:\/\/blogdobispo.com.br\/?author=1"}]}},"featured_image_urls":{"full":"","thumbnail":"","medium":"","medium_large":"","large":"","1536x1536":"","2048x2048":""},"author_info":{"display_name":"Jefferson Sterfeno","author_link":"https:\/\/blogdobispo.com.br\/?author=1"},"category_info":"<a href=\"https:\/\/blogdobispo.com.br\/?cat=1\" rel=\"category\">diversos<\/a>","tag_info":"diversos","comment_count":"0","jetpack_featured_media_url":"","jetpack_sharing_enabled":true,"_links":{"self":[{"href":"https:\/\/blogdobispo.com.br\/index.php?rest_route=\/wp\/v2\/posts\/5262","targetHints":{"allow":["GET"]}}],"collection":[{"href":"https:\/\/blogdobispo.com.br\/index.php?rest_route=\/wp\/v2\/posts"}],"about":[{"href":"https:\/\/blogdobispo.com.br\/index.php?rest_route=\/wp\/v2\/types\/post"}],"author":[{"embeddable":true,"href":"https:\/\/blogdobispo.com.br\/index.php?rest_route=\/wp\/v2\/users\/1"}],"replies":[{"embeddable":true,"href":"https:\/\/blogdobispo.com.br\/index.php?rest_route=%2Fwp%2Fv2%2Fcomments&post=5262"}],"version-history":[{"count":2,"href":"https:\/\/blogdobispo.com.br\/index.php?rest_route=\/wp\/v2\/posts\/5262\/revisions"}],"predecessor-version":[{"id":5266,"href":"https:\/\/blogdobispo.com.br\/index.php?rest_route=\/wp\/v2\/posts\/5262\/revisions\/5266"}],"wp:attachment":[{"href":"https:\/\/blogdobispo.com.br\/index.php?rest_route=%2Fwp%2Fv2%2Fmedia&parent=5262"}],"wp:term":[{"taxonomy":"category","embeddable":true,"href":"https:\/\/blogdobispo.com.br\/index.php?rest_route=%2Fwp%2Fv2%2Fcategories&post=5262"},{"taxonomy":"post_tag","embeddable":true,"href":"https:\/\/blogdobispo.com.br\/index.php?rest_route=%2Fwp%2Fv2%2Ftags&post=5262"}],"curies":[{"name":"wp","href":"https:\/\/api.w.org\/{rel}","templated":true}]}}