{"id":5257,"date":"2025-05-08T13:45:20","date_gmt":"2025-05-08T13:45:20","guid":{"rendered":"https:\/\/blogdobispo.com.br\/?p=5257"},"modified":"2025-05-08T13:45:20","modified_gmt":"2025-05-08T13:45:20","slug":"eribaldo-medeiros-celebra-homenagem-ao-seu-pai-no-dia-da-forca-expedicionaria-brasileira","status":"publish","type":"post","link":"https:\/\/blogdobispo.com.br\/?p=5257","title":{"rendered":"Eribaldo Medeiros celebra homenagem ao seu pai no Dia da For\u00e7a Expedicion\u00e1ria Brasileira"},"content":{"rendered":"\n<p class=\"p1\"><\/p>\n\n\n\n<p class=\"p1\">Sess\u00e3o solene na C\u00e2mara destaca legado dos her\u00f3is brasileiros da Segunda Guerra Mundial<\/p>\n\n\n\n<p class=\"p1\">Em uma cerim\u00f4nia marcada pela emo\u00e7\u00e3o e pelo reconhecimento hist\u00f3rico, Eribaldo Medeiros celebrou, nesta semana, a homenagem prestada a seu pai, ex-combatente da For\u00e7a Expedicion\u00e1ria Brasileira (FEB), por ocasi\u00e3o do Dia da FEB, comemorado em 8 de maio. A data remete ao fim da Segunda Guerra Mundial na Europa e honra os mais de 25 mil soldados brasileiros que lutaram ao lado dos Aliados na campanha da It\u00e1lia.<\/p>\n\n\n\n<p class=\"p1\">O evento, realizado na C\u00e2mara Municipal do Natal contou com a presen\u00e7a de autoridades civis e militares, familiares de ex-combatentes, al\u00e9m de estudantes e representantes de entidades patri\u00f3ticas. Durante a solenidade, os veteranos foram lembrados por sua coragem e pelo papel fundamental que desempenharam na constru\u00e7\u00e3o da paz e na defesa da democracia mundial.<\/p>\n\n\n\n<p class=\"p1\">Eribaldo Medeiros, visivelmente emocionado, destacou o orgulho de ver o pai Martinho Avelino da Silva soldado 418 por ser lembrado entre os her\u00f3is nacionais. \u201c\u00c9 um momento de grande significado para nossa fam\u00edlia. Meu pai sempre foi uma inspira\u00e7\u00e3o por sua bravura e humildade. Essa homenagem \u00e9 mais do que merecida e deve servir para que nunca nos esque\u00e7amos do valor desses homens que lutaram por um mundo livre\u201d, afirmou.<\/p>\n\n\n\n<figure class=\"wp-block-image size-large\"><img data-recalc-dims=\"1\" fetchpriority=\"high\" decoding=\"async\" width=\"473\" height=\"327\" src=\"https:\/\/i0.wp.com\/blogdobispo.com.br\/wp-content\/uploads\/2025\/05\/image-4.jpg?resize=473%2C327&#038;ssl=1\" class=\"wp-image-5256\" srcset=\"https:\/\/i0.wp.com\/blogdobispo.com.br\/wp-content\/uploads\/2025\/05\/image-4.jpg?w=473&amp;ssl=1 473w, https:\/\/i0.wp.com\/blogdobispo.com.br\/wp-content\/uploads\/2025\/05\/image-4.jpg?resize=300%2C207&amp;ssl=1 300w\" sizes=\"(max-width: 473px) 100vw, 473px\" \/><\/figure>\n\n\n\n<p class=\"p1\">A For\u00e7a Expedicion\u00e1ria Brasileira foi a \u00fanica tropa latino-americana a combater na Segunda Guerra Mundial. Formada majoritariamente por jovens volunt\u00e1rios, a FEB atuou na Campanha da It\u00e1lia entre 1944 e 1945, enfrentando condi\u00e7\u00f5es adversas e protagonizando batalhas decisivas, como as de Monte Castelo e Montese.<\/p>\n\n\n\n<p class=\"p1\">Com o passar das d\u00e9cadas, os veteranos da FEB se tornaram s\u00edmbolos vivos da hist\u00f3ria nacional. Para Eribaldo, manter viva essa mem\u00f3ria \u00e9 um dever c\u00edvico: \u201cPrecisamos transmitir essa hist\u00f3ria \u00e0s futuras gera\u00e7\u00f5es. A liberdade que temos hoje foi conquistada com muito sacrif\u00edcio.\u201d<\/p>\n\n\n\n<p class=\"p1\">O evento refor\u00e7ou o compromisso de preservar o legado da FEB e reconhecer o valor de cada combatente brasileiro que, mesmo longe de casa, lutou com honra e coragem em um dos epis\u00f3dios mais marcantes da hist\u00f3ria do s\u00e9culo XX.<\/p>\n","protected":false},"excerpt":{"rendered":"<p>Sess\u00e3o solene na C\u00e2mara destaca legado dos her\u00f3is brasileiros da Segunda Guerra Mundial Em uma cerim\u00f4nia marcada pela emo\u00e7\u00e3o e pelo reconhecimento hist\u00f3rico, Eribaldo Medeiros celebrou, nesta semana, a homenagem prestada a seu pai, ex-combatente da For\u00e7a Expedicion\u00e1ria Brasileira (FEB), por ocasi\u00e3o do Dia da FEB, comemorado em 8 de maio. A data remete ao [&hellip;]<\/p>\n","protected":false},"author":1,"featured_media":0,"comment_status":"open","ping_status":"open","sticky":false,"template":"","format":"standard","meta":{"cybocfi_hide_featured_image":"","_jetpack_memberships_contains_paid_content":false,"footnotes":""},"categories":[1],"tags":[],"class_list":["post-5257","post","type-post","status-publish","format-standard","hentry","category-diversos"],"yoast_head":"<!-- This site is optimized with the Yoast SEO plugin v25.6 - https:\/\/yoast.com\/wordpress\/plugins\/seo\/ -->\n<title>Eribaldo Medeiros celebra homenagem ao seu pai no Dia da For\u00e7a Expedicion\u00e1ria Brasileira - Blog do Bispo<\/title>\n<meta name=\"robots\" content=\"index, follow, max-snippet:-1, max-image-preview:large, max-video-preview:-1\" \/>\n<link rel=\"canonical\" href=\"https:\/\/blogdobispo.com.br\/?p=5257\" \/>\n<meta property=\"og:locale\" content=\"pt_BR\" \/>\n<meta property=\"og:type\" content=\"article\" \/>\n<meta property=\"og:title\" content=\"Eribaldo Medeiros celebra homenagem ao seu pai no Dia da For\u00e7a Expedicion\u00e1ria Brasileira - Blog do Bispo\" \/>\n<meta property=\"og:description\" content=\"Sess\u00e3o solene na C\u00e2mara destaca legado dos her\u00f3is brasileiros da Segunda Guerra Mundial Em uma cerim\u00f4nia marcada pela emo\u00e7\u00e3o e pelo reconhecimento hist\u00f3rico, Eribaldo Medeiros celebrou, nesta semana, a homenagem prestada a seu pai, ex-combatente da For\u00e7a Expedicion\u00e1ria Brasileira (FEB), por ocasi\u00e3o do Dia da FEB, comemorado em 8 de maio. A data remete ao [&hellip;]\" \/>\n<meta property=\"og:url\" content=\"https:\/\/blogdobispo.com.br\/?p=5257\" \/>\n<meta property=\"og:site_name\" content=\"Blog do Bispo\" \/>\n<meta property=\"article:published_time\" content=\"2025-05-08T13:45:20+00:00\" \/>\n<meta property=\"og:image\" content=\"https:\/\/blogdobispo.com.br\/wp-content\/uploads\/2025\/05\/image-4.jpg\" \/>\n<meta name=\"author\" content=\"Jefferson Sterfeno\" \/>\n<meta name=\"twitter:card\" content=\"summary_large_image\" \/>\n<meta name=\"twitter:label1\" content=\"Escrito por\" \/>\n\t<meta name=\"twitter:data1\" content=\"Jefferson Sterfeno\" \/>\n\t<meta name=\"twitter:label2\" content=\"Est. tempo de leitura\" \/>\n\t<meta name=\"twitter:data2\" content=\"2 minutos\" \/>\n<script type=\"application\/ld+json\" class=\"yoast-schema-graph\">{\"@context\":\"https:\/\/schema.org\",\"@graph\":[{\"@type\":\"Article\",\"@id\":\"https:\/\/blogdobispo.com.br\/?p=5257#article\",\"isPartOf\":{\"@id\":\"https:\/\/blogdobispo.com.br\/?p=5257\"},\"author\":{\"name\":\"Jefferson Sterfeno\",\"@id\":\"https:\/\/blogdobispo.com.br\/#\/schema\/person\/e2209cc0e6cea5c5233d033e997b373f\"},\"headline\":\"Eribaldo Medeiros celebra homenagem ao seu pai no Dia da For\u00e7a Expedicion\u00e1ria Brasileira\",\"datePublished\":\"2025-05-08T13:45:20+00:00\",\"mainEntityOfPage\":{\"@id\":\"https:\/\/blogdobispo.com.br\/?p=5257\"},\"wordCount\":376,\"commentCount\":0,\"publisher\":{\"@id\":\"https:\/\/blogdobispo.com.br\/#organization\"},\"image\":{\"@id\":\"https:\/\/blogdobispo.com.br\/?p=5257#primaryimage\"},\"thumbnailUrl\":\"https:\/\/blogdobispo.com.br\/wp-content\/uploads\/2025\/05\/image-4.jpg\",\"articleSection\":[\"diversos\"],\"inLanguage\":\"pt-BR\",\"potentialAction\":[{\"@type\":\"CommentAction\",\"name\":\"Comment\",\"target\":[\"https:\/\/blogdobispo.com.br\/?p=5257#respond\"]}]},{\"@type\":\"WebPage\",\"@id\":\"https:\/\/blogdobispo.com.br\/?p=5257\",\"url\":\"https:\/\/blogdobispo.com.br\/?p=5257\",\"name\":\"Eribaldo Medeiros celebra homenagem ao seu pai no Dia da For\u00e7a Expedicion\u00e1ria Brasileira - Blog do Bispo\",\"isPartOf\":{\"@id\":\"https:\/\/blogdobispo.com.br\/#website\"},\"primaryImageOfPage\":{\"@id\":\"https:\/\/blogdobispo.com.br\/?p=5257#primaryimage\"},\"image\":{\"@id\":\"https:\/\/blogdobispo.com.br\/?p=5257#primaryimage\"},\"thumbnailUrl\":\"https:\/\/blogdobispo.com.br\/wp-content\/uploads\/2025\/05\/image-4.jpg\",\"datePublished\":\"2025-05-08T13:45:20+00:00\",\"breadcrumb\":{\"@id\":\"https:\/\/blogdobispo.com.br\/?p=5257#breadcrumb\"},\"inLanguage\":\"pt-BR\",\"potentialAction\":[{\"@type\":\"ReadAction\",\"target\":[\"https:\/\/blogdobispo.com.br\/?p=5257\"]}]},{\"@type\":\"ImageObject\",\"inLanguage\":\"pt-BR\",\"@id\":\"https:\/\/blogdobispo.com.br\/?p=5257#primaryimage\",\"url\":\"https:\/\/blogdobispo.com.br\/wp-content\/uploads\/2025\/05\/image-4.jpg\",\"contentUrl\":\"https:\/\/blogdobispo.com.br\/wp-content\/uploads\/2025\/05\/image-4.jpg\"},{\"@type\":\"BreadcrumbList\",\"@id\":\"https:\/\/blogdobispo.com.br\/?p=5257#breadcrumb\",\"itemListElement\":[{\"@type\":\"ListItem\",\"position\":1,\"name\":\"In\u00edcio\",\"item\":\"https:\/\/blogdobispo.com.br\/\"},{\"@type\":\"ListItem\",\"position\":2,\"name\":\"Eribaldo Medeiros celebra homenagem ao seu pai no Dia da For\u00e7a Expedicion\u00e1ria Brasileira\"}]},{\"@type\":\"WebSite\",\"@id\":\"https:\/\/blogdobispo.com.br\/#website\",\"url\":\"https:\/\/blogdobispo.com.br\/\",\"name\":\"Blog do Bispo\",\"description\":\"Comprometido apenas com o leitor\",\"publisher\":{\"@id\":\"https:\/\/blogdobispo.com.br\/#organization\"},\"potentialAction\":[{\"@type\":\"SearchAction\",\"target\":{\"@type\":\"EntryPoint\",\"urlTemplate\":\"https:\/\/blogdobispo.com.br\/?s={search_term_string}\"},\"query-input\":{\"@type\":\"PropertyValueSpecification\",\"valueRequired\":true,\"valueName\":\"search_term_string\"}}],\"inLanguage\":\"pt-BR\"},{\"@type\":\"Organization\",\"@id\":\"https:\/\/blogdobispo.com.br\/#organization\",\"name\":\"Blog do Bispo\",\"url\":\"https:\/\/blogdobispo.com.br\/\",\"logo\":{\"@type\":\"ImageObject\",\"inLanguage\":\"pt-BR\",\"@id\":\"https:\/\/blogdobispo.com.br\/#\/schema\/logo\/image\/\",\"url\":\"http:\/\/blogdobispo.com.br\/wp-content\/uploads\/2023\/05\/cropped-headear.png\",\"contentUrl\":\"http:\/\/blogdobispo.com.br\/wp-content\/uploads\/2023\/05\/cropped-headear.png\",\"width\":1500,\"height\":399,\"caption\":\"Blog do Bispo\"},\"image\":{\"@id\":\"https:\/\/blogdobispo.com.br\/#\/schema\/logo\/image\/\"}},{\"@type\":\"Person\",\"@id\":\"https:\/\/blogdobispo.com.br\/#\/schema\/person\/e2209cc0e6cea5c5233d033e997b373f\",\"name\":\"Jefferson Sterfeno\",\"image\":{\"@type\":\"ImageObject\",\"inLanguage\":\"pt-BR\",\"@id\":\"https:\/\/blogdobispo.com.br\/#\/schema\/person\/image\/\",\"url\":\"https:\/\/secure.gravatar.com\/avatar\/0534e84764641168a677026b6d57a3f51dc7ac4db0b4f6186d9cb330d4ee1160?s=96&d=mm&r=g\",\"contentUrl\":\"https:\/\/secure.gravatar.com\/avatar\/0534e84764641168a677026b6d57a3f51dc7ac4db0b4f6186d9cb330d4ee1160?s=96&d=mm&r=g\",\"caption\":\"Jefferson Sterfeno\"},\"sameAs\":[\"http:\/\/blogdobispo.com.br\"],\"url\":\"https:\/\/blogdobispo.com.br\/?author=1\"}]}<\/script>\n<!-- \/ Yoast SEO plugin. -->","yoast_head_json":{"title":"Eribaldo Medeiros celebra homenagem ao seu pai no Dia da For\u00e7a Expedicion\u00e1ria Brasileira - Blog do Bispo","robots":{"index":"index","follow":"follow","max-snippet":"max-snippet:-1","max-image-preview":"max-image-preview:large","max-video-preview":"max-video-preview:-1"},"canonical":"https:\/\/blogdobispo.com.br\/?p=5257","og_locale":"pt_BR","og_type":"article","og_title":"Eribaldo Medeiros celebra homenagem ao seu pai no Dia da For\u00e7a Expedicion\u00e1ria Brasileira - Blog do Bispo","og_description":"Sess\u00e3o solene na C\u00e2mara destaca legado dos her\u00f3is brasileiros da Segunda Guerra Mundial Em uma cerim\u00f4nia marcada pela emo\u00e7\u00e3o e pelo reconhecimento hist\u00f3rico, Eribaldo Medeiros celebrou, nesta semana, a homenagem prestada a seu pai, ex-combatente da For\u00e7a Expedicion\u00e1ria Brasileira (FEB), por ocasi\u00e3o do Dia da FEB, comemorado em 8 de maio. A data remete ao [&hellip;]","og_url":"https:\/\/blogdobispo.com.br\/?p=5257","og_site_name":"Blog do Bispo","article_published_time":"2025-05-08T13:45:20+00:00","og_image":[{"url":"https:\/\/blogdobispo.com.br\/wp-content\/uploads\/2025\/05\/image-4.jpg","type":"","width":"","height":""}],"author":"Jefferson Sterfeno","twitter_card":"summary_large_image","twitter_misc":{"Escrito por":"Jefferson Sterfeno","Est. tempo de leitura":"2 minutos"},"schema":{"@context":"https:\/\/schema.org","@graph":[{"@type":"Article","@id":"https:\/\/blogdobispo.com.br\/?p=5257#article","isPartOf":{"@id":"https:\/\/blogdobispo.com.br\/?p=5257"},"author":{"name":"Jefferson Sterfeno","@id":"https:\/\/blogdobispo.com.br\/#\/schema\/person\/e2209cc0e6cea5c5233d033e997b373f"},"headline":"Eribaldo Medeiros celebra homenagem ao seu pai no Dia da For\u00e7a Expedicion\u00e1ria Brasileira","datePublished":"2025-05-08T13:45:20+00:00","mainEntityOfPage":{"@id":"https:\/\/blogdobispo.com.br\/?p=5257"},"wordCount":376,"commentCount":0,"publisher":{"@id":"https:\/\/blogdobispo.com.br\/#organization"},"image":{"@id":"https:\/\/blogdobispo.com.br\/?p=5257#primaryimage"},"thumbnailUrl":"https:\/\/blogdobispo.com.br\/wp-content\/uploads\/2025\/05\/image-4.jpg","articleSection":["diversos"],"inLanguage":"pt-BR","potentialAction":[{"@type":"CommentAction","name":"Comment","target":["https:\/\/blogdobispo.com.br\/?p=5257#respond"]}]},{"@type":"WebPage","@id":"https:\/\/blogdobispo.com.br\/?p=5257","url":"https:\/\/blogdobispo.com.br\/?p=5257","name":"Eribaldo Medeiros celebra homenagem ao seu pai no Dia da For\u00e7a Expedicion\u00e1ria Brasileira - Blog do Bispo","isPartOf":{"@id":"https:\/\/blogdobispo.com.br\/#website"},"primaryImageOfPage":{"@id":"https:\/\/blogdobispo.com.br\/?p=5257#primaryimage"},"image":{"@id":"https:\/\/blogdobispo.com.br\/?p=5257#primaryimage"},"thumbnailUrl":"https:\/\/blogdobispo.com.br\/wp-content\/uploads\/2025\/05\/image-4.jpg","datePublished":"2025-05-08T13:45:20+00:00","breadcrumb":{"@id":"https:\/\/blogdobispo.com.br\/?p=5257#breadcrumb"},"inLanguage":"pt-BR","potentialAction":[{"@type":"ReadAction","target":["https:\/\/blogdobispo.com.br\/?p=5257"]}]},{"@type":"ImageObject","inLanguage":"pt-BR","@id":"https:\/\/blogdobispo.com.br\/?p=5257#primaryimage","url":"https:\/\/blogdobispo.com.br\/wp-content\/uploads\/2025\/05\/image-4.jpg","contentUrl":"https:\/\/blogdobispo.com.br\/wp-content\/uploads\/2025\/05\/image-4.jpg"},{"@type":"BreadcrumbList","@id":"https:\/\/blogdobispo.com.br\/?p=5257#breadcrumb","itemListElement":[{"@type":"ListItem","position":1,"name":"In\u00edcio","item":"https:\/\/blogdobispo.com.br\/"},{"@type":"ListItem","position":2,"name":"Eribaldo Medeiros celebra homenagem ao seu pai no Dia da For\u00e7a Expedicion\u00e1ria Brasileira"}]},{"@type":"WebSite","@id":"https:\/\/blogdobispo.com.br\/#website","url":"https:\/\/blogdobispo.com.br\/","name":"Blog do Bispo","description":"Comprometido apenas com o leitor","publisher":{"@id":"https:\/\/blogdobispo.com.br\/#organization"},"potentialAction":[{"@type":"SearchAction","target":{"@type":"EntryPoint","urlTemplate":"https:\/\/blogdobispo.com.br\/?s={search_term_string}"},"query-input":{"@type":"PropertyValueSpecification","valueRequired":true,"valueName":"search_term_string"}}],"inLanguage":"pt-BR"},{"@type":"Organization","@id":"https:\/\/blogdobispo.com.br\/#organization","name":"Blog do Bispo","url":"https:\/\/blogdobispo.com.br\/","logo":{"@type":"ImageObject","inLanguage":"pt-BR","@id":"https:\/\/blogdobispo.com.br\/#\/schema\/logo\/image\/","url":"http:\/\/blogdobispo.com.br\/wp-content\/uploads\/2023\/05\/cropped-headear.png","contentUrl":"http:\/\/blogdobispo.com.br\/wp-content\/uploads\/2023\/05\/cropped-headear.png","width":1500,"height":399,"caption":"Blog do Bispo"},"image":{"@id":"https:\/\/blogdobispo.com.br\/#\/schema\/logo\/image\/"}},{"@type":"Person","@id":"https:\/\/blogdobispo.com.br\/#\/schema\/person\/e2209cc0e6cea5c5233d033e997b373f","name":"Jefferson Sterfeno","image":{"@type":"ImageObject","inLanguage":"pt-BR","@id":"https:\/\/blogdobispo.com.br\/#\/schema\/person\/image\/","url":"https:\/\/secure.gravatar.com\/avatar\/0534e84764641168a677026b6d57a3f51dc7ac4db0b4f6186d9cb330d4ee1160?s=96&d=mm&r=g","contentUrl":"https:\/\/secure.gravatar.com\/avatar\/0534e84764641168a677026b6d57a3f51dc7ac4db0b4f6186d9cb330d4ee1160?s=96&d=mm&r=g","caption":"Jefferson Sterfeno"},"sameAs":["http:\/\/blogdobispo.com.br"],"url":"https:\/\/blogdobispo.com.br\/?author=1"}]}},"featured_image_urls":{"full":"","thumbnail":"","medium":"","medium_large":"","large":"","1536x1536":"","2048x2048":""},"author_info":{"display_name":"Jefferson Sterfeno","author_link":"https:\/\/blogdobispo.com.br\/?author=1"},"category_info":"<a href=\"https:\/\/blogdobispo.com.br\/?cat=1\" rel=\"category\">diversos<\/a>","tag_info":"diversos","comment_count":"0","jetpack_featured_media_url":"","jetpack_sharing_enabled":true,"_links":{"self":[{"href":"https:\/\/blogdobispo.com.br\/index.php?rest_route=\/wp\/v2\/posts\/5257","targetHints":{"allow":["GET"]}}],"collection":[{"href":"https:\/\/blogdobispo.com.br\/index.php?rest_route=\/wp\/v2\/posts"}],"about":[{"href":"https:\/\/blogdobispo.com.br\/index.php?rest_route=\/wp\/v2\/types\/post"}],"author":[{"embeddable":true,"href":"https:\/\/blogdobispo.com.br\/index.php?rest_route=\/wp\/v2\/users\/1"}],"replies":[{"embeddable":true,"href":"https:\/\/blogdobispo.com.br\/index.php?rest_route=%2Fwp%2Fv2%2Fcomments&post=5257"}],"version-history":[{"count":0,"href":"https:\/\/blogdobispo.com.br\/index.php?rest_route=\/wp\/v2\/posts\/5257\/revisions"}],"wp:attachment":[{"href":"https:\/\/blogdobispo.com.br\/index.php?rest_route=%2Fwp%2Fv2%2Fmedia&parent=5257"}],"wp:term":[{"taxonomy":"category","embeddable":true,"href":"https:\/\/blogdobispo.com.br\/index.php?rest_route=%2Fwp%2Fv2%2Fcategories&post=5257"},{"taxonomy":"post_tag","embeddable":true,"href":"https:\/\/blogdobispo.com.br\/index.php?rest_route=%2Fwp%2Fv2%2Ftags&post=5257"}],"curies":[{"name":"wp","href":"https:\/\/api.w.org\/{rel}","templated":true}]}}