{"id":5251,"date":"2025-05-08T01:14:41","date_gmt":"2025-05-08T01:14:41","guid":{"rendered":"https:\/\/blogdobispo.com.br\/?p=5251"},"modified":"2025-05-08T01:36:21","modified_gmt":"2025-05-08T01:36:21","slug":"as-aventuras-de-paulo-sergio-em-brasilia","status":"publish","type":"post","link":"https:\/\/blogdobispo.com.br\/?p=5251","title":{"rendered":"As aventuras de Paulo S\u00e9rgio em Bras\u00edlia"},"content":{"rendered":"\n<p class=\"p1\"><\/p>\n\n\n\n<p class=\"p1\">Quem conhece o bairro de M\u00e3e Luiza, em Natal, certamente j\u00e1 ouviu falar \u2014 ou melhor, j\u00e1 recebeu um \u00e1udio \u2014 de Paulo S\u00e9rgio, o l\u00edder comunit\u00e1rio mais ativo (e folcl\u00f3rico) da regi\u00e3o. Desta vez, ele n\u00e3o est\u00e1 nas ladeiras do bairro nem nos grupos de WhatsApp espalhando suas mensagens cheias de emo\u00e7\u00e3o: est\u00e1 em Bras\u00edlia, andando de gabinete em gabinete, com a famosa pasta na m\u00e3o, em busca de emendas parlamentares para sua comunidade.<\/p>\n\n\n\n<p class=\"p1\">Prestativo e dono de uma orat\u00f3ria \u00fanica, Paulo S\u00e9rgio segundo algumas fontes, sonha em levar o show do Grafith para a Capital Federal. \u00c9 um verdadeiro \u201cembaixador do povo\u201d, fazendo da pol\u00edtica uma extens\u00e3o de sua miss\u00e3o comunit\u00e1ria. <\/p>\n\n\n\n<p class=\"p1\">Entre um \u00e1udio e outro \u2014 sempre com aquele tom inconfund\u00edvel de urg\u00eancia e paix\u00e3o \u2014 ele vai abrindo portas, cobrando promessas, e mostrando que, mesmo longe de casa, continua sendo a voz de quem mais precisa.<\/p>\n\n\n\n<p class=\"p1\">Se depender de Paulo S\u00e9rgio, M\u00e3e Luiza vai ser ouvida at\u00e9 no Congresso Nacional.<\/p>\n\n\n\n<figure class=\"wp-block-image size-large\"><img data-recalc-dims=\"1\" fetchpriority=\"high\" decoding=\"async\" width=\"473\" height=\"814\" src=\"https:\/\/i0.wp.com\/blogdobispo.com.br\/wp-content\/uploads\/2025\/05\/image-3.jpg?resize=473%2C814&#038;ssl=1\" alt=\"\" class=\"wp-image-5250\" srcset=\"https:\/\/i0.wp.com\/blogdobispo.com.br\/wp-content\/uploads\/2025\/05\/image-3.jpg?w=473&amp;ssl=1 473w, https:\/\/i0.wp.com\/blogdobispo.com.br\/wp-content\/uploads\/2025\/05\/image-3.jpg?resize=174%2C300&amp;ssl=1 174w\" sizes=\"(max-width: 473px) 100vw, 473px\" \/><\/figure>\n\n\n\n<figure class=\"wp-block-video\"><video controls src=\"https:\/\/blogdobispo.com.br\/wp-content\/uploads\/2025\/05\/576a5927-cac6-4780-a5fd-56a2490fc22a.mp4\"><\/video><\/figure>\n\n\n\n<figure class=\"wp-block-image size-large\"><img data-recalc-dims=\"1\" decoding=\"async\" width=\"713\" height=\"845\" src=\"https:\/\/i0.wp.com\/blogdobispo.com.br\/wp-content\/uploads\/2025\/05\/image-1-1.jpg?resize=713%2C845&#038;ssl=1\" class=\"wp-image-5253\" srcset=\"https:\/\/i0.wp.com\/blogdobispo.com.br\/wp-content\/uploads\/2025\/05\/image-1-1.jpg?w=713&amp;ssl=1 713w, https:\/\/i0.wp.com\/blogdobispo.com.br\/wp-content\/uploads\/2025\/05\/image-1-1.jpg?resize=253%2C300&amp;ssl=1 253w\" sizes=\"(max-width: 713px) 100vw, 713px\" \/><\/figure>\n","protected":false},"excerpt":{"rendered":"<p>Quem conhece o bairro de M\u00e3e Luiza, em Natal, certamente j\u00e1 ouviu falar \u2014 ou melhor, j\u00e1 recebeu um \u00e1udio \u2014 de Paulo S\u00e9rgio, o l\u00edder comunit\u00e1rio mais ativo (e folcl\u00f3rico) da regi\u00e3o. Desta vez, ele n\u00e3o est\u00e1 nas ladeiras do bairro nem nos grupos de WhatsApp espalhando suas mensagens cheias de emo\u00e7\u00e3o: est\u00e1 em [&hellip;]<\/p>\n","protected":false},"author":1,"featured_media":0,"comment_status":"open","ping_status":"open","sticky":false,"template":"","format":"standard","meta":{"cybocfi_hide_featured_image":"","_jetpack_memberships_contains_paid_content":false,"footnotes":""},"categories":[1],"tags":[],"class_list":["post-5251","post","type-post","status-publish","format-standard","hentry","category-diversos"],"yoast_head":"<!-- This site is optimized with the Yoast SEO plugin v25.6 - https:\/\/yoast.com\/wordpress\/plugins\/seo\/ -->\n<title>As aventuras de Paulo S\u00e9rgio em Bras\u00edlia - Blog do Bispo<\/title>\n<meta name=\"robots\" content=\"index, follow, max-snippet:-1, max-image-preview:large, max-video-preview:-1\" \/>\n<link rel=\"canonical\" href=\"https:\/\/blogdobispo.com.br\/?p=5251\" \/>\n<meta property=\"og:locale\" content=\"pt_BR\" \/>\n<meta property=\"og:type\" content=\"article\" \/>\n<meta property=\"og:title\" content=\"As aventuras de Paulo S\u00e9rgio em Bras\u00edlia - Blog do Bispo\" \/>\n<meta property=\"og:description\" content=\"Quem conhece o bairro de M\u00e3e Luiza, em Natal, certamente j\u00e1 ouviu falar \u2014 ou melhor, j\u00e1 recebeu um \u00e1udio \u2014 de Paulo S\u00e9rgio, o l\u00edder comunit\u00e1rio mais ativo (e folcl\u00f3rico) da regi\u00e3o. Desta vez, ele n\u00e3o est\u00e1 nas ladeiras do bairro nem nos grupos de WhatsApp espalhando suas mensagens cheias de emo\u00e7\u00e3o: est\u00e1 em [&hellip;]\" \/>\n<meta property=\"og:url\" content=\"https:\/\/blogdobispo.com.br\/?p=5251\" \/>\n<meta property=\"og:site_name\" content=\"Blog do Bispo\" \/>\n<meta property=\"article:published_time\" content=\"2025-05-08T01:14:41+00:00\" \/>\n<meta property=\"article:modified_time\" content=\"2025-05-08T01:36:21+00:00\" \/>\n<meta property=\"og:image\" content=\"https:\/\/blogdobispo.com.br\/wp-content\/uploads\/2025\/05\/image-3.jpg\" \/>\n<meta name=\"author\" content=\"Jefferson Sterfeno\" \/>\n<meta name=\"twitter:card\" content=\"summary_large_image\" \/>\n<meta name=\"twitter:label1\" content=\"Escrito por\" \/>\n\t<meta name=\"twitter:data1\" content=\"Jefferson Sterfeno\" \/>\n\t<meta name=\"twitter:label2\" content=\"Est. tempo de leitura\" \/>\n\t<meta name=\"twitter:data2\" content=\"1 minuto\" \/>\n<script type=\"application\/ld+json\" class=\"yoast-schema-graph\">{\"@context\":\"https:\/\/schema.org\",\"@graph\":[{\"@type\":\"Article\",\"@id\":\"https:\/\/blogdobispo.com.br\/?p=5251#article\",\"isPartOf\":{\"@id\":\"https:\/\/blogdobispo.com.br\/?p=5251\"},\"author\":{\"name\":\"Jefferson Sterfeno\",\"@id\":\"https:\/\/blogdobispo.com.br\/#\/schema\/person\/e2209cc0e6cea5c5233d033e997b373f\"},\"headline\":\"As aventuras de Paulo S\u00e9rgio em Bras\u00edlia\",\"datePublished\":\"2025-05-08T01:14:41+00:00\",\"dateModified\":\"2025-05-08T01:36:21+00:00\",\"mainEntityOfPage\":{\"@id\":\"https:\/\/blogdobispo.com.br\/?p=5251\"},\"wordCount\":189,\"commentCount\":0,\"publisher\":{\"@id\":\"https:\/\/blogdobispo.com.br\/#organization\"},\"image\":{\"@id\":\"https:\/\/blogdobispo.com.br\/?p=5251#primaryimage\"},\"thumbnailUrl\":\"https:\/\/blogdobispo.com.br\/wp-content\/uploads\/2025\/05\/image-3.jpg\",\"articleSection\":[\"diversos\"],\"inLanguage\":\"pt-BR\",\"potentialAction\":[{\"@type\":\"CommentAction\",\"name\":\"Comment\",\"target\":[\"https:\/\/blogdobispo.com.br\/?p=5251#respond\"]}]},{\"@type\":\"WebPage\",\"@id\":\"https:\/\/blogdobispo.com.br\/?p=5251\",\"url\":\"https:\/\/blogdobispo.com.br\/?p=5251\",\"name\":\"As aventuras de Paulo S\u00e9rgio em Bras\u00edlia - Blog do Bispo\",\"isPartOf\":{\"@id\":\"https:\/\/blogdobispo.com.br\/#website\"},\"primaryImageOfPage\":{\"@id\":\"https:\/\/blogdobispo.com.br\/?p=5251#primaryimage\"},\"image\":{\"@id\":\"https:\/\/blogdobispo.com.br\/?p=5251#primaryimage\"},\"thumbnailUrl\":\"https:\/\/blogdobispo.com.br\/wp-content\/uploads\/2025\/05\/image-3.jpg\",\"datePublished\":\"2025-05-08T01:14:41+00:00\",\"dateModified\":\"2025-05-08T01:36:21+00:00\",\"breadcrumb\":{\"@id\":\"https:\/\/blogdobispo.com.br\/?p=5251#breadcrumb\"},\"inLanguage\":\"pt-BR\",\"potentialAction\":[{\"@type\":\"ReadAction\",\"target\":[\"https:\/\/blogdobispo.com.br\/?p=5251\"]}]},{\"@type\":\"ImageObject\",\"inLanguage\":\"pt-BR\",\"@id\":\"https:\/\/blogdobispo.com.br\/?p=5251#primaryimage\",\"url\":\"https:\/\/blogdobispo.com.br\/wp-content\/uploads\/2025\/05\/image-3.jpg\",\"contentUrl\":\"https:\/\/blogdobispo.com.br\/wp-content\/uploads\/2025\/05\/image-3.jpg\"},{\"@type\":\"BreadcrumbList\",\"@id\":\"https:\/\/blogdobispo.com.br\/?p=5251#breadcrumb\",\"itemListElement\":[{\"@type\":\"ListItem\",\"position\":1,\"name\":\"In\u00edcio\",\"item\":\"https:\/\/blogdobispo.com.br\/\"},{\"@type\":\"ListItem\",\"position\":2,\"name\":\"As aventuras de Paulo S\u00e9rgio em Bras\u00edlia\"}]},{\"@type\":\"WebSite\",\"@id\":\"https:\/\/blogdobispo.com.br\/#website\",\"url\":\"https:\/\/blogdobispo.com.br\/\",\"name\":\"Blog do Bispo\",\"description\":\"Comprometido apenas com o leitor\",\"publisher\":{\"@id\":\"https:\/\/blogdobispo.com.br\/#organization\"},\"potentialAction\":[{\"@type\":\"SearchAction\",\"target\":{\"@type\":\"EntryPoint\",\"urlTemplate\":\"https:\/\/blogdobispo.com.br\/?s={search_term_string}\"},\"query-input\":{\"@type\":\"PropertyValueSpecification\",\"valueRequired\":true,\"valueName\":\"search_term_string\"}}],\"inLanguage\":\"pt-BR\"},{\"@type\":\"Organization\",\"@id\":\"https:\/\/blogdobispo.com.br\/#organization\",\"name\":\"Blog do Bispo\",\"url\":\"https:\/\/blogdobispo.com.br\/\",\"logo\":{\"@type\":\"ImageObject\",\"inLanguage\":\"pt-BR\",\"@id\":\"https:\/\/blogdobispo.com.br\/#\/schema\/logo\/image\/\",\"url\":\"http:\/\/blogdobispo.com.br\/wp-content\/uploads\/2023\/05\/cropped-headear.png\",\"contentUrl\":\"http:\/\/blogdobispo.com.br\/wp-content\/uploads\/2023\/05\/cropped-headear.png\",\"width\":1500,\"height\":399,\"caption\":\"Blog do Bispo\"},\"image\":{\"@id\":\"https:\/\/blogdobispo.com.br\/#\/schema\/logo\/image\/\"}},{\"@type\":\"Person\",\"@id\":\"https:\/\/blogdobispo.com.br\/#\/schema\/person\/e2209cc0e6cea5c5233d033e997b373f\",\"name\":\"Jefferson Sterfeno\",\"image\":{\"@type\":\"ImageObject\",\"inLanguage\":\"pt-BR\",\"@id\":\"https:\/\/blogdobispo.com.br\/#\/schema\/person\/image\/\",\"url\":\"https:\/\/secure.gravatar.com\/avatar\/0534e84764641168a677026b6d57a3f51dc7ac4db0b4f6186d9cb330d4ee1160?s=96&d=mm&r=g\",\"contentUrl\":\"https:\/\/secure.gravatar.com\/avatar\/0534e84764641168a677026b6d57a3f51dc7ac4db0b4f6186d9cb330d4ee1160?s=96&d=mm&r=g\",\"caption\":\"Jefferson Sterfeno\"},\"sameAs\":[\"http:\/\/blogdobispo.com.br\"],\"url\":\"https:\/\/blogdobispo.com.br\/?author=1\"}]}<\/script>\n<!-- \/ Yoast SEO plugin. -->","yoast_head_json":{"title":"As aventuras de Paulo S\u00e9rgio em Bras\u00edlia - Blog do Bispo","robots":{"index":"index","follow":"follow","max-snippet":"max-snippet:-1","max-image-preview":"max-image-preview:large","max-video-preview":"max-video-preview:-1"},"canonical":"https:\/\/blogdobispo.com.br\/?p=5251","og_locale":"pt_BR","og_type":"article","og_title":"As aventuras de Paulo S\u00e9rgio em Bras\u00edlia - Blog do Bispo","og_description":"Quem conhece o bairro de M\u00e3e Luiza, em Natal, certamente j\u00e1 ouviu falar \u2014 ou melhor, j\u00e1 recebeu um \u00e1udio \u2014 de Paulo S\u00e9rgio, o l\u00edder comunit\u00e1rio mais ativo (e folcl\u00f3rico) da regi\u00e3o. Desta vez, ele n\u00e3o est\u00e1 nas ladeiras do bairro nem nos grupos de WhatsApp espalhando suas mensagens cheias de emo\u00e7\u00e3o: est\u00e1 em [&hellip;]","og_url":"https:\/\/blogdobispo.com.br\/?p=5251","og_site_name":"Blog do Bispo","article_published_time":"2025-05-08T01:14:41+00:00","article_modified_time":"2025-05-08T01:36:21+00:00","og_image":[{"url":"https:\/\/blogdobispo.com.br\/wp-content\/uploads\/2025\/05\/image-3.jpg","type":"","width":"","height":""}],"author":"Jefferson Sterfeno","twitter_card":"summary_large_image","twitter_misc":{"Escrito por":"Jefferson Sterfeno","Est. tempo de leitura":"1 minuto"},"schema":{"@context":"https:\/\/schema.org","@graph":[{"@type":"Article","@id":"https:\/\/blogdobispo.com.br\/?p=5251#article","isPartOf":{"@id":"https:\/\/blogdobispo.com.br\/?p=5251"},"author":{"name":"Jefferson Sterfeno","@id":"https:\/\/blogdobispo.com.br\/#\/schema\/person\/e2209cc0e6cea5c5233d033e997b373f"},"headline":"As aventuras de Paulo S\u00e9rgio em Bras\u00edlia","datePublished":"2025-05-08T01:14:41+00:00","dateModified":"2025-05-08T01:36:21+00:00","mainEntityOfPage":{"@id":"https:\/\/blogdobispo.com.br\/?p=5251"},"wordCount":189,"commentCount":0,"publisher":{"@id":"https:\/\/blogdobispo.com.br\/#organization"},"image":{"@id":"https:\/\/blogdobispo.com.br\/?p=5251#primaryimage"},"thumbnailUrl":"https:\/\/blogdobispo.com.br\/wp-content\/uploads\/2025\/05\/image-3.jpg","articleSection":["diversos"],"inLanguage":"pt-BR","potentialAction":[{"@type":"CommentAction","name":"Comment","target":["https:\/\/blogdobispo.com.br\/?p=5251#respond"]}]},{"@type":"WebPage","@id":"https:\/\/blogdobispo.com.br\/?p=5251","url":"https:\/\/blogdobispo.com.br\/?p=5251","name":"As aventuras de Paulo S\u00e9rgio em Bras\u00edlia - Blog do Bispo","isPartOf":{"@id":"https:\/\/blogdobispo.com.br\/#website"},"primaryImageOfPage":{"@id":"https:\/\/blogdobispo.com.br\/?p=5251#primaryimage"},"image":{"@id":"https:\/\/blogdobispo.com.br\/?p=5251#primaryimage"},"thumbnailUrl":"https:\/\/blogdobispo.com.br\/wp-content\/uploads\/2025\/05\/image-3.jpg","datePublished":"2025-05-08T01:14:41+00:00","dateModified":"2025-05-08T01:36:21+00:00","breadcrumb":{"@id":"https:\/\/blogdobispo.com.br\/?p=5251#breadcrumb"},"inLanguage":"pt-BR","potentialAction":[{"@type":"ReadAction","target":["https:\/\/blogdobispo.com.br\/?p=5251"]}]},{"@type":"ImageObject","inLanguage":"pt-BR","@id":"https:\/\/blogdobispo.com.br\/?p=5251#primaryimage","url":"https:\/\/blogdobispo.com.br\/wp-content\/uploads\/2025\/05\/image-3.jpg","contentUrl":"https:\/\/blogdobispo.com.br\/wp-content\/uploads\/2025\/05\/image-3.jpg"},{"@type":"BreadcrumbList","@id":"https:\/\/blogdobispo.com.br\/?p=5251#breadcrumb","itemListElement":[{"@type":"ListItem","position":1,"name":"In\u00edcio","item":"https:\/\/blogdobispo.com.br\/"},{"@type":"ListItem","position":2,"name":"As aventuras de Paulo S\u00e9rgio em Bras\u00edlia"}]},{"@type":"WebSite","@id":"https:\/\/blogdobispo.com.br\/#website","url":"https:\/\/blogdobispo.com.br\/","name":"Blog do Bispo","description":"Comprometido apenas com o leitor","publisher":{"@id":"https:\/\/blogdobispo.com.br\/#organization"},"potentialAction":[{"@type":"SearchAction","target":{"@type":"EntryPoint","urlTemplate":"https:\/\/blogdobispo.com.br\/?s={search_term_string}"},"query-input":{"@type":"PropertyValueSpecification","valueRequired":true,"valueName":"search_term_string"}}],"inLanguage":"pt-BR"},{"@type":"Organization","@id":"https:\/\/blogdobispo.com.br\/#organization","name":"Blog do Bispo","url":"https:\/\/blogdobispo.com.br\/","logo":{"@type":"ImageObject","inLanguage":"pt-BR","@id":"https:\/\/blogdobispo.com.br\/#\/schema\/logo\/image\/","url":"http:\/\/blogdobispo.com.br\/wp-content\/uploads\/2023\/05\/cropped-headear.png","contentUrl":"http:\/\/blogdobispo.com.br\/wp-content\/uploads\/2023\/05\/cropped-headear.png","width":1500,"height":399,"caption":"Blog do Bispo"},"image":{"@id":"https:\/\/blogdobispo.com.br\/#\/schema\/logo\/image\/"}},{"@type":"Person","@id":"https:\/\/blogdobispo.com.br\/#\/schema\/person\/e2209cc0e6cea5c5233d033e997b373f","name":"Jefferson Sterfeno","image":{"@type":"ImageObject","inLanguage":"pt-BR","@id":"https:\/\/blogdobispo.com.br\/#\/schema\/person\/image\/","url":"https:\/\/secure.gravatar.com\/avatar\/0534e84764641168a677026b6d57a3f51dc7ac4db0b4f6186d9cb330d4ee1160?s=96&d=mm&r=g","contentUrl":"https:\/\/secure.gravatar.com\/avatar\/0534e84764641168a677026b6d57a3f51dc7ac4db0b4f6186d9cb330d4ee1160?s=96&d=mm&r=g","caption":"Jefferson Sterfeno"},"sameAs":["http:\/\/blogdobispo.com.br"],"url":"https:\/\/blogdobispo.com.br\/?author=1"}]}},"featured_image_urls":{"full":"","thumbnail":"","medium":"","medium_large":"","large":"","1536x1536":"","2048x2048":""},"author_info":{"display_name":"Jefferson Sterfeno","author_link":"https:\/\/blogdobispo.com.br\/?author=1"},"category_info":"<a href=\"https:\/\/blogdobispo.com.br\/?cat=1\" rel=\"category\">diversos<\/a>","tag_info":"diversos","comment_count":"0","jetpack_featured_media_url":"","jetpack_sharing_enabled":true,"_links":{"self":[{"href":"https:\/\/blogdobispo.com.br\/index.php?rest_route=\/wp\/v2\/posts\/5251","targetHints":{"allow":["GET"]}}],"collection":[{"href":"https:\/\/blogdobispo.com.br\/index.php?rest_route=\/wp\/v2\/posts"}],"about":[{"href":"https:\/\/blogdobispo.com.br\/index.php?rest_route=\/wp\/v2\/types\/post"}],"author":[{"embeddable":true,"href":"https:\/\/blogdobispo.com.br\/index.php?rest_route=\/wp\/v2\/users\/1"}],"replies":[{"embeddable":true,"href":"https:\/\/blogdobispo.com.br\/index.php?rest_route=%2Fwp%2Fv2%2Fcomments&post=5251"}],"version-history":[{"count":1,"href":"https:\/\/blogdobispo.com.br\/index.php?rest_route=\/wp\/v2\/posts\/5251\/revisions"}],"predecessor-version":[{"id":5254,"href":"https:\/\/blogdobispo.com.br\/index.php?rest_route=\/wp\/v2\/posts\/5251\/revisions\/5254"}],"wp:attachment":[{"href":"https:\/\/blogdobispo.com.br\/index.php?rest_route=%2Fwp%2Fv2%2Fmedia&parent=5251"}],"wp:term":[{"taxonomy":"category","embeddable":true,"href":"https:\/\/blogdobispo.com.br\/index.php?rest_route=%2Fwp%2Fv2%2Fcategories&post=5251"},{"taxonomy":"post_tag","embeddable":true,"href":"https:\/\/blogdobispo.com.br\/index.php?rest_route=%2Fwp%2Fv2%2Ftags&post=5251"}],"curies":[{"name":"wp","href":"https:\/\/api.w.org\/{rel}","templated":true}]}}