{"id":5240,"date":"2025-05-07T18:21:57","date_gmt":"2025-05-07T18:21:57","guid":{"rendered":"https:\/\/blogdobispo.com.br\/?p=5240"},"modified":"2025-05-07T18:21:57","modified_gmt":"2025-05-07T18:21:57","slug":"possivel-saida-de-carla-dickson-do-uniao-brasil-vira-ativo-de-joao-maia-em-disputa-com-agripino-por-comando-da-federacao","status":"publish","type":"post","link":"https:\/\/blogdobispo.com.br\/?p=5240","title":{"rendered":"Poss\u00edvel sa\u00edda de Carla Dickson do Uni\u00e3o Brasil vira \u2018ativo\u2019 de Jo\u00e3o Maia em disputa com Agripino por comando da federa\u00e7\u00e3o"},"content":{"rendered":"\n<figure class=\"wp-block-image size-large\"><img data-recalc-dims=\"1\" fetchpriority=\"high\" decoding=\"async\" width=\"390\" height=\"219\" src=\"https:\/\/i0.wp.com\/blogdobispo.com.br\/wp-content\/uploads\/2025\/05\/img_4249-1.png?resize=390%2C219&#038;ssl=1\" class=\"wp-image-5239\" srcset=\"https:\/\/i0.wp.com\/blogdobispo.com.br\/wp-content\/uploads\/2025\/05\/img_4249-1.png?w=390&amp;ssl=1 390w, https:\/\/i0.wp.com\/blogdobispo.com.br\/wp-content\/uploads\/2025\/05\/img_4249-1.png?resize=300%2C168&amp;ssl=1 300w\" sizes=\"(max-width: 390px) 100vw, 390px\" \/><\/figure>\n\n\n\n<p>A poss\u00edvel sa\u00edda da&nbsp;<a href=\"https:\/\/agorarn.com.br\/ultimas\/carla-dickson-paulinho-grande-aglutinador\/\">deputada federal Carla Dickson<\/a>&nbsp;dos quadros do Uni\u00e3o Brasil virou um fator decisivo para a defini\u00e7\u00e3o de quem vai comandar a federa\u00e7\u00e3o entre o Uni\u00e3o Brasil e o PP no Rio Grande do Norte. A reportagem do&nbsp;<strong>AGORA RN<\/strong>&nbsp;apurou que o assunto dever\u00e1 ser discutido ainda nesta semana em uma reuni\u00e3o entre Jos\u00e9 Agripino Maia e Jo\u00e3o Maia, dirigentes dos dois partidos no Estado.<\/p>\n\n\n\n<p>Com a poss\u00edvel mudan\u00e7a de sigla da deputada (que \u00e9 cotada no PL), o Uni\u00e3o Brasil passaria a ter apenas um parlamentar no Estado, no caso Benes Leoc\u00e1dio, o que faria o Uni\u00e3o Brasil empatar em n\u00famero de deputados com o PP, que tem apenas Jo\u00e3o Maia.<\/p>\n\n\n\n<p>Ao formalizarem a jun\u00e7\u00e3o na semana passada, as dire\u00e7\u00f5es nacionais de Uni\u00e3o Brasil e PP definiram que o comando da federa\u00e7\u00e3o nos estados seria estabelecido seguindo um crit\u00e9rio objetivo. Pela regra, deve ter prioridade no comando o partido que tiver o governador do Estado. Caso o governador n\u00e3o seja de nenhuma das duas legendas (caso do RN), a presid\u00eancia fica a legenda que tem o maior n\u00famero de deputados. Atualmente, o Uni\u00e3o Brasil tem dois, e o PP, um. Com a sa\u00edda de Carla, o jogo ficaria empatado.<\/p>\n\n\n\n<p>No caso de empate, a defini\u00e7\u00e3o precisaria ser fruto de consenso entre as duas siglas. Ou, em \u00faltimo caso, a decis\u00e3o passaria pela interven\u00e7\u00e3o do comando nacional. Atualmente, o Uni\u00e3o Brasil potiguar \u00e9 presidido pelo ex-senador Jos\u00e9 Agripino Maia. J\u00e1 o PP \u00e9 comandado por Jo\u00e3o Maia.<\/p>\n\n\n\n<p>Na semana passada, Agripino disse que o comando da federa\u00e7\u00e3o ficaria com o Uni\u00e3o Brasil porque o partido tem mais deputados. Ao ser perguntado sobre a possibilidade da sa\u00edda de Carla Dickson do Uni\u00e3o Brasil, ele foi taxativo:<\/p>\n\n\n\n<p>\u201cEu acho que est\u00e1 se \u2018exponenciando\u2019 ou est\u00e1 se criando exerc\u00edcio de futurologia. H\u00e1 um acordo antecipado. H\u00e1 um acordo de c\u00fapula. Nove estados ter\u00e3o presid\u00eancia exercida por algu\u00e9m do Uni\u00e3o Brasil. Um dos estados \u00e9 o Rio Grande do Norte. Todo mundo da federa\u00e7\u00e3o sabe disso. O Rio Grande do Norte j\u00e1 est\u00e1 definido por antecipa\u00e7\u00e3o pela c\u00fapula do partido.\u201d<\/p>\n\n\n\n<p>A reportagem do&nbsp;<strong>AGORA RN<\/strong>procurou Carla Dickson e Jo\u00e3o Maia, mas n\u00e3o conseguiu contato com os dois.<\/p>\n\n\n\n<h3 class=\"wp-block-heading\">Superfedera\u00e7\u00e3o<\/h3>\n\n\n\n<p>O grupo reunir\u00e1 107 deputados e 14 senadores. No caso da C\u00e2mara, a federa\u00e7\u00e3o Uni\u00e3o-PP ter\u00e1 a maior bancada, superando o PL, de Jair Bolsonaro, que tem 92 deputados. J\u00e1 no Senado o grupo empata com o PSD e com o PL pelo posto de maior bancada. Juntos, os partidos teriam ainda um fundo partid\u00e1rio quase bilion\u00e1rio, de R$ 954 milh\u00f5es, al\u00e9m de seis governadores e 1.343 prefeitos, a maior quantidade entre as legendas.<\/p>\n\n\n\n<p>A federa\u00e7\u00e3o tamb\u00e9m ter\u00e1 o maior n\u00famero de prefeitos do RN. Ser\u00e3o 48 ao todo, tr\u00eas a mais que o MDB, presidido no Estado pelo vice-governador Walter Alves. Em todo o Pa\u00eds, a federa\u00e7\u00e3o Uni\u00e3o-PP ter\u00e1 1.336 prefeitos, o maior n\u00famero do Pa\u00eds, superando o PSD, que tem 889 gestores municipais.<\/p>\n\n\n\n<p>Institu\u00eddo pelo Congresso Nacional em 2021, o modelo de federa\u00e7\u00f5es busca permitir que os partidos atuem de forma unificada em todo o Pa\u00eds, funcionando como uma \u00fanica agremia\u00e7\u00e3o por quatro anos. Isso significa que, em 2026, as duas siglas v\u00e3o atuar juntas.<\/p>\n\n\n\n<p>Agora RN <\/p>\n","protected":false},"excerpt":{"rendered":"<p>A poss\u00edvel sa\u00edda da&nbsp;deputada federal Carla Dickson&nbsp;dos quadros do Uni\u00e3o Brasil virou um fator decisivo para a defini\u00e7\u00e3o de quem vai comandar a federa\u00e7\u00e3o entre o Uni\u00e3o Brasil e o PP no Rio Grande do Norte. A reportagem do&nbsp;AGORA RN&nbsp;apurou que o assunto dever\u00e1 ser discutido ainda nesta semana em uma reuni\u00e3o entre Jos\u00e9 Agripino [&hellip;]<\/p>\n","protected":false},"author":1,"featured_media":0,"comment_status":"open","ping_status":"open","sticky":false,"template":"","format":"standard","meta":{"cybocfi_hide_featured_image":"","_jetpack_memberships_contains_paid_content":false,"footnotes":""},"categories":[1],"tags":[],"class_list":["post-5240","post","type-post","status-publish","format-standard","hentry","category-diversos"],"yoast_head":"<!-- This site is optimized with the Yoast SEO plugin v25.6 - https:\/\/yoast.com\/wordpress\/plugins\/seo\/ -->\n<title>Poss\u00edvel sa\u00edda de Carla Dickson do Uni\u00e3o Brasil vira \u2018ativo\u2019 de Jo\u00e3o Maia em disputa com Agripino por comando da federa\u00e7\u00e3o - Blog do Bispo<\/title>\n<meta name=\"robots\" content=\"index, follow, max-snippet:-1, max-image-preview:large, max-video-preview:-1\" \/>\n<link rel=\"canonical\" href=\"https:\/\/blogdobispo.com.br\/?p=5240\" \/>\n<meta property=\"og:locale\" content=\"pt_BR\" \/>\n<meta property=\"og:type\" content=\"article\" \/>\n<meta property=\"og:title\" content=\"Poss\u00edvel sa\u00edda de Carla Dickson do Uni\u00e3o Brasil vira \u2018ativo\u2019 de Jo\u00e3o Maia em disputa com Agripino por comando da federa\u00e7\u00e3o - Blog do Bispo\" \/>\n<meta property=\"og:description\" content=\"A poss\u00edvel sa\u00edda da&nbsp;deputada federal Carla Dickson&nbsp;dos quadros do Uni\u00e3o Brasil virou um fator decisivo para a defini\u00e7\u00e3o de quem vai comandar a federa\u00e7\u00e3o entre o Uni\u00e3o Brasil e o PP no Rio Grande do Norte. A reportagem do&nbsp;AGORA RN&nbsp;apurou que o assunto dever\u00e1 ser discutido ainda nesta semana em uma reuni\u00e3o entre Jos\u00e9 Agripino [&hellip;]\" \/>\n<meta property=\"og:url\" content=\"https:\/\/blogdobispo.com.br\/?p=5240\" \/>\n<meta property=\"og:site_name\" content=\"Blog do Bispo\" \/>\n<meta property=\"article:published_time\" content=\"2025-05-07T18:21:57+00:00\" \/>\n<meta property=\"og:image\" content=\"https:\/\/blogdobispo.com.br\/wp-content\/uploads\/2025\/05\/img_4249-1.png\" \/>\n<meta name=\"author\" content=\"Jefferson Sterfeno\" \/>\n<meta name=\"twitter:card\" content=\"summary_large_image\" \/>\n<meta name=\"twitter:label1\" content=\"Escrito por\" \/>\n\t<meta name=\"twitter:data1\" content=\"Jefferson Sterfeno\" \/>\n\t<meta name=\"twitter:label2\" content=\"Est. tempo de leitura\" \/>\n\t<meta name=\"twitter:data2\" content=\"3 minutos\" \/>\n<script type=\"application\/ld+json\" class=\"yoast-schema-graph\">{\"@context\":\"https:\/\/schema.org\",\"@graph\":[{\"@type\":\"Article\",\"@id\":\"https:\/\/blogdobispo.com.br\/?p=5240#article\",\"isPartOf\":{\"@id\":\"https:\/\/blogdobispo.com.br\/?p=5240\"},\"author\":{\"name\":\"Jefferson Sterfeno\",\"@id\":\"https:\/\/blogdobispo.com.br\/#\/schema\/person\/e2209cc0e6cea5c5233d033e997b373f\"},\"headline\":\"Poss\u00edvel sa\u00edda de Carla Dickson do Uni\u00e3o Brasil vira \u2018ativo\u2019 de Jo\u00e3o Maia em disputa com Agripino por comando da federa\u00e7\u00e3o\",\"datePublished\":\"2025-05-07T18:21:57+00:00\",\"mainEntityOfPage\":{\"@id\":\"https:\/\/blogdobispo.com.br\/?p=5240\"},\"wordCount\":622,\"commentCount\":0,\"publisher\":{\"@id\":\"https:\/\/blogdobispo.com.br\/#organization\"},\"image\":{\"@id\":\"https:\/\/blogdobispo.com.br\/?p=5240#primaryimage\"},\"thumbnailUrl\":\"https:\/\/blogdobispo.com.br\/wp-content\/uploads\/2025\/05\/img_4249-1.png\",\"articleSection\":[\"diversos\"],\"inLanguage\":\"pt-BR\",\"potentialAction\":[{\"@type\":\"CommentAction\",\"name\":\"Comment\",\"target\":[\"https:\/\/blogdobispo.com.br\/?p=5240#respond\"]}]},{\"@type\":\"WebPage\",\"@id\":\"https:\/\/blogdobispo.com.br\/?p=5240\",\"url\":\"https:\/\/blogdobispo.com.br\/?p=5240\",\"name\":\"Poss\u00edvel sa\u00edda de Carla Dickson do Uni\u00e3o Brasil vira \u2018ativo\u2019 de Jo\u00e3o Maia em disputa com Agripino por comando da federa\u00e7\u00e3o - Blog do Bispo\",\"isPartOf\":{\"@id\":\"https:\/\/blogdobispo.com.br\/#website\"},\"primaryImageOfPage\":{\"@id\":\"https:\/\/blogdobispo.com.br\/?p=5240#primaryimage\"},\"image\":{\"@id\":\"https:\/\/blogdobispo.com.br\/?p=5240#primaryimage\"},\"thumbnailUrl\":\"https:\/\/blogdobispo.com.br\/wp-content\/uploads\/2025\/05\/img_4249-1.png\",\"datePublished\":\"2025-05-07T18:21:57+00:00\",\"breadcrumb\":{\"@id\":\"https:\/\/blogdobispo.com.br\/?p=5240#breadcrumb\"},\"inLanguage\":\"pt-BR\",\"potentialAction\":[{\"@type\":\"ReadAction\",\"target\":[\"https:\/\/blogdobispo.com.br\/?p=5240\"]}]},{\"@type\":\"ImageObject\",\"inLanguage\":\"pt-BR\",\"@id\":\"https:\/\/blogdobispo.com.br\/?p=5240#primaryimage\",\"url\":\"https:\/\/blogdobispo.com.br\/wp-content\/uploads\/2025\/05\/img_4249-1.png\",\"contentUrl\":\"https:\/\/blogdobispo.com.br\/wp-content\/uploads\/2025\/05\/img_4249-1.png\"},{\"@type\":\"BreadcrumbList\",\"@id\":\"https:\/\/blogdobispo.com.br\/?p=5240#breadcrumb\",\"itemListElement\":[{\"@type\":\"ListItem\",\"position\":1,\"name\":\"In\u00edcio\",\"item\":\"https:\/\/blogdobispo.com.br\/\"},{\"@type\":\"ListItem\",\"position\":2,\"name\":\"Poss\u00edvel sa\u00edda de Carla Dickson do Uni\u00e3o Brasil vira \u2018ativo\u2019 de Jo\u00e3o Maia em disputa com Agripino por comando da federa\u00e7\u00e3o\"}]},{\"@type\":\"WebSite\",\"@id\":\"https:\/\/blogdobispo.com.br\/#website\",\"url\":\"https:\/\/blogdobispo.com.br\/\",\"name\":\"Blog do Bispo\",\"description\":\"Comprometido apenas com o leitor\",\"publisher\":{\"@id\":\"https:\/\/blogdobispo.com.br\/#organization\"},\"potentialAction\":[{\"@type\":\"SearchAction\",\"target\":{\"@type\":\"EntryPoint\",\"urlTemplate\":\"https:\/\/blogdobispo.com.br\/?s={search_term_string}\"},\"query-input\":{\"@type\":\"PropertyValueSpecification\",\"valueRequired\":true,\"valueName\":\"search_term_string\"}}],\"inLanguage\":\"pt-BR\"},{\"@type\":\"Organization\",\"@id\":\"https:\/\/blogdobispo.com.br\/#organization\",\"name\":\"Blog do Bispo\",\"url\":\"https:\/\/blogdobispo.com.br\/\",\"logo\":{\"@type\":\"ImageObject\",\"inLanguage\":\"pt-BR\",\"@id\":\"https:\/\/blogdobispo.com.br\/#\/schema\/logo\/image\/\",\"url\":\"http:\/\/blogdobispo.com.br\/wp-content\/uploads\/2023\/05\/cropped-headear.png\",\"contentUrl\":\"http:\/\/blogdobispo.com.br\/wp-content\/uploads\/2023\/05\/cropped-headear.png\",\"width\":1500,\"height\":399,\"caption\":\"Blog do Bispo\"},\"image\":{\"@id\":\"https:\/\/blogdobispo.com.br\/#\/schema\/logo\/image\/\"}},{\"@type\":\"Person\",\"@id\":\"https:\/\/blogdobispo.com.br\/#\/schema\/person\/e2209cc0e6cea5c5233d033e997b373f\",\"name\":\"Jefferson Sterfeno\",\"image\":{\"@type\":\"ImageObject\",\"inLanguage\":\"pt-BR\",\"@id\":\"https:\/\/blogdobispo.com.br\/#\/schema\/person\/image\/\",\"url\":\"https:\/\/secure.gravatar.com\/avatar\/0534e84764641168a677026b6d57a3f51dc7ac4db0b4f6186d9cb330d4ee1160?s=96&d=mm&r=g\",\"contentUrl\":\"https:\/\/secure.gravatar.com\/avatar\/0534e84764641168a677026b6d57a3f51dc7ac4db0b4f6186d9cb330d4ee1160?s=96&d=mm&r=g\",\"caption\":\"Jefferson Sterfeno\"},\"sameAs\":[\"http:\/\/blogdobispo.com.br\"],\"url\":\"https:\/\/blogdobispo.com.br\/?author=1\"}]}<\/script>\n<!-- \/ Yoast SEO plugin. -->","yoast_head_json":{"title":"Poss\u00edvel sa\u00edda de Carla Dickson do Uni\u00e3o Brasil vira \u2018ativo\u2019 de Jo\u00e3o Maia em disputa com Agripino por comando da federa\u00e7\u00e3o - Blog do Bispo","robots":{"index":"index","follow":"follow","max-snippet":"max-snippet:-1","max-image-preview":"max-image-preview:large","max-video-preview":"max-video-preview:-1"},"canonical":"https:\/\/blogdobispo.com.br\/?p=5240","og_locale":"pt_BR","og_type":"article","og_title":"Poss\u00edvel sa\u00edda de Carla Dickson do Uni\u00e3o Brasil vira \u2018ativo\u2019 de Jo\u00e3o Maia em disputa com Agripino por comando da federa\u00e7\u00e3o - Blog do Bispo","og_description":"A poss\u00edvel sa\u00edda da&nbsp;deputada federal Carla Dickson&nbsp;dos quadros do Uni\u00e3o Brasil virou um fator decisivo para a defini\u00e7\u00e3o de quem vai comandar a federa\u00e7\u00e3o entre o Uni\u00e3o Brasil e o PP no Rio Grande do Norte. A reportagem do&nbsp;AGORA RN&nbsp;apurou que o assunto dever\u00e1 ser discutido ainda nesta semana em uma reuni\u00e3o entre Jos\u00e9 Agripino [&hellip;]","og_url":"https:\/\/blogdobispo.com.br\/?p=5240","og_site_name":"Blog do Bispo","article_published_time":"2025-05-07T18:21:57+00:00","og_image":[{"url":"https:\/\/blogdobispo.com.br\/wp-content\/uploads\/2025\/05\/img_4249-1.png","type":"","width":"","height":""}],"author":"Jefferson Sterfeno","twitter_card":"summary_large_image","twitter_misc":{"Escrito por":"Jefferson Sterfeno","Est. tempo de leitura":"3 minutos"},"schema":{"@context":"https:\/\/schema.org","@graph":[{"@type":"Article","@id":"https:\/\/blogdobispo.com.br\/?p=5240#article","isPartOf":{"@id":"https:\/\/blogdobispo.com.br\/?p=5240"},"author":{"name":"Jefferson Sterfeno","@id":"https:\/\/blogdobispo.com.br\/#\/schema\/person\/e2209cc0e6cea5c5233d033e997b373f"},"headline":"Poss\u00edvel sa\u00edda de Carla Dickson do Uni\u00e3o Brasil vira \u2018ativo\u2019 de Jo\u00e3o Maia em disputa com Agripino por comando da federa\u00e7\u00e3o","datePublished":"2025-05-07T18:21:57+00:00","mainEntityOfPage":{"@id":"https:\/\/blogdobispo.com.br\/?p=5240"},"wordCount":622,"commentCount":0,"publisher":{"@id":"https:\/\/blogdobispo.com.br\/#organization"},"image":{"@id":"https:\/\/blogdobispo.com.br\/?p=5240#primaryimage"},"thumbnailUrl":"https:\/\/blogdobispo.com.br\/wp-content\/uploads\/2025\/05\/img_4249-1.png","articleSection":["diversos"],"inLanguage":"pt-BR","potentialAction":[{"@type":"CommentAction","name":"Comment","target":["https:\/\/blogdobispo.com.br\/?p=5240#respond"]}]},{"@type":"WebPage","@id":"https:\/\/blogdobispo.com.br\/?p=5240","url":"https:\/\/blogdobispo.com.br\/?p=5240","name":"Poss\u00edvel sa\u00edda de Carla Dickson do Uni\u00e3o Brasil vira \u2018ativo\u2019 de Jo\u00e3o Maia em disputa com Agripino por comando da federa\u00e7\u00e3o - Blog do Bispo","isPartOf":{"@id":"https:\/\/blogdobispo.com.br\/#website"},"primaryImageOfPage":{"@id":"https:\/\/blogdobispo.com.br\/?p=5240#primaryimage"},"image":{"@id":"https:\/\/blogdobispo.com.br\/?p=5240#primaryimage"},"thumbnailUrl":"https:\/\/blogdobispo.com.br\/wp-content\/uploads\/2025\/05\/img_4249-1.png","datePublished":"2025-05-07T18:21:57+00:00","breadcrumb":{"@id":"https:\/\/blogdobispo.com.br\/?p=5240#breadcrumb"},"inLanguage":"pt-BR","potentialAction":[{"@type":"ReadAction","target":["https:\/\/blogdobispo.com.br\/?p=5240"]}]},{"@type":"ImageObject","inLanguage":"pt-BR","@id":"https:\/\/blogdobispo.com.br\/?p=5240#primaryimage","url":"https:\/\/blogdobispo.com.br\/wp-content\/uploads\/2025\/05\/img_4249-1.png","contentUrl":"https:\/\/blogdobispo.com.br\/wp-content\/uploads\/2025\/05\/img_4249-1.png"},{"@type":"BreadcrumbList","@id":"https:\/\/blogdobispo.com.br\/?p=5240#breadcrumb","itemListElement":[{"@type":"ListItem","position":1,"name":"In\u00edcio","item":"https:\/\/blogdobispo.com.br\/"},{"@type":"ListItem","position":2,"name":"Poss\u00edvel sa\u00edda de Carla Dickson do Uni\u00e3o Brasil vira \u2018ativo\u2019 de Jo\u00e3o Maia em disputa com Agripino por comando da federa\u00e7\u00e3o"}]},{"@type":"WebSite","@id":"https:\/\/blogdobispo.com.br\/#website","url":"https:\/\/blogdobispo.com.br\/","name":"Blog do Bispo","description":"Comprometido apenas com o leitor","publisher":{"@id":"https:\/\/blogdobispo.com.br\/#organization"},"potentialAction":[{"@type":"SearchAction","target":{"@type":"EntryPoint","urlTemplate":"https:\/\/blogdobispo.com.br\/?s={search_term_string}"},"query-input":{"@type":"PropertyValueSpecification","valueRequired":true,"valueName":"search_term_string"}}],"inLanguage":"pt-BR"},{"@type":"Organization","@id":"https:\/\/blogdobispo.com.br\/#organization","name":"Blog do Bispo","url":"https:\/\/blogdobispo.com.br\/","logo":{"@type":"ImageObject","inLanguage":"pt-BR","@id":"https:\/\/blogdobispo.com.br\/#\/schema\/logo\/image\/","url":"http:\/\/blogdobispo.com.br\/wp-content\/uploads\/2023\/05\/cropped-headear.png","contentUrl":"http:\/\/blogdobispo.com.br\/wp-content\/uploads\/2023\/05\/cropped-headear.png","width":1500,"height":399,"caption":"Blog do Bispo"},"image":{"@id":"https:\/\/blogdobispo.com.br\/#\/schema\/logo\/image\/"}},{"@type":"Person","@id":"https:\/\/blogdobispo.com.br\/#\/schema\/person\/e2209cc0e6cea5c5233d033e997b373f","name":"Jefferson Sterfeno","image":{"@type":"ImageObject","inLanguage":"pt-BR","@id":"https:\/\/blogdobispo.com.br\/#\/schema\/person\/image\/","url":"https:\/\/secure.gravatar.com\/avatar\/0534e84764641168a677026b6d57a3f51dc7ac4db0b4f6186d9cb330d4ee1160?s=96&d=mm&r=g","contentUrl":"https:\/\/secure.gravatar.com\/avatar\/0534e84764641168a677026b6d57a3f51dc7ac4db0b4f6186d9cb330d4ee1160?s=96&d=mm&r=g","caption":"Jefferson Sterfeno"},"sameAs":["http:\/\/blogdobispo.com.br"],"url":"https:\/\/blogdobispo.com.br\/?author=1"}]}},"featured_image_urls":{"full":"","thumbnail":"","medium":"","medium_large":"","large":"","1536x1536":"","2048x2048":""},"author_info":{"display_name":"Jefferson Sterfeno","author_link":"https:\/\/blogdobispo.com.br\/?author=1"},"category_info":"<a href=\"https:\/\/blogdobispo.com.br\/?cat=1\" rel=\"category\">diversos<\/a>","tag_info":"diversos","comment_count":"0","jetpack_featured_media_url":"","jetpack_sharing_enabled":true,"_links":{"self":[{"href":"https:\/\/blogdobispo.com.br\/index.php?rest_route=\/wp\/v2\/posts\/5240","targetHints":{"allow":["GET"]}}],"collection":[{"href":"https:\/\/blogdobispo.com.br\/index.php?rest_route=\/wp\/v2\/posts"}],"about":[{"href":"https:\/\/blogdobispo.com.br\/index.php?rest_route=\/wp\/v2\/types\/post"}],"author":[{"embeddable":true,"href":"https:\/\/blogdobispo.com.br\/index.php?rest_route=\/wp\/v2\/users\/1"}],"replies":[{"embeddable":true,"href":"https:\/\/blogdobispo.com.br\/index.php?rest_route=%2Fwp%2Fv2%2Fcomments&post=5240"}],"version-history":[{"count":0,"href":"https:\/\/blogdobispo.com.br\/index.php?rest_route=\/wp\/v2\/posts\/5240\/revisions"}],"wp:attachment":[{"href":"https:\/\/blogdobispo.com.br\/index.php?rest_route=%2Fwp%2Fv2%2Fmedia&parent=5240"}],"wp:term":[{"taxonomy":"category","embeddable":true,"href":"https:\/\/blogdobispo.com.br\/index.php?rest_route=%2Fwp%2Fv2%2Fcategories&post=5240"},{"taxonomy":"post_tag","embeddable":true,"href":"https:\/\/blogdobispo.com.br\/index.php?rest_route=%2Fwp%2Fv2%2Ftags&post=5240"}],"curies":[{"name":"wp","href":"https:\/\/api.w.org\/{rel}","templated":true}]}}