{"id":5238,"date":"2025-05-07T12:45:30","date_gmt":"2025-05-07T12:45:30","guid":{"rendered":"https:\/\/blogdobispo.com.br\/?p=5238"},"modified":"2025-05-07T12:45:30","modified_gmt":"2025-05-07T12:45:30","slug":"camara-municipal-de-natal-promove-audiencia-com-foco-no-maio-amarelo-nesta-sexta-09","status":"publish","type":"post","link":"https:\/\/blogdobispo.com.br\/?p=5238","title":{"rendered":"C\u00e2mara Municipal de Natal promove audi\u00eancia com foco no Maio Amarelo nesta sexta (09)"},"content":{"rendered":"\n<figure class=\"wp-block-image size-large\"><img data-recalc-dims=\"1\" fetchpriority=\"high\" decoding=\"async\" width=\"800\" height=\"628\" src=\"https:\/\/i0.wp.com\/blogdobispo.com.br\/wp-content\/uploads\/2025\/05\/78738f64-20c1-4ac5-9899-b47b56e3474f-1-1024x804.jpg?resize=800%2C628&#038;ssl=1\" class=\"wp-image-5237\" srcset=\"https:\/\/i0.wp.com\/blogdobispo.com.br\/wp-content\/uploads\/2025\/05\/78738f64-20c1-4ac5-9899-b47b56e3474f-1.jpg?resize=1024%2C804&amp;ssl=1 1024w, https:\/\/i0.wp.com\/blogdobispo.com.br\/wp-content\/uploads\/2025\/05\/78738f64-20c1-4ac5-9899-b47b56e3474f-1.jpg?resize=300%2C236&amp;ssl=1 300w, https:\/\/i0.wp.com\/blogdobispo.com.br\/wp-content\/uploads\/2025\/05\/78738f64-20c1-4ac5-9899-b47b56e3474f-1.jpg?resize=768%2C603&amp;ssl=1 768w, https:\/\/i0.wp.com\/blogdobispo.com.br\/wp-content\/uploads\/2025\/05\/78738f64-20c1-4ac5-9899-b47b56e3474f-1.jpg?resize=1536%2C1207&amp;ssl=1 1536w, https:\/\/i0.wp.com\/blogdobispo.com.br\/wp-content\/uploads\/2025\/05\/78738f64-20c1-4ac5-9899-b47b56e3474f-1.jpg?w=1600&amp;ssl=1 1600w\" sizes=\"(max-width: 800px) 100vw, 800px\" \/><\/figure>\n\n\n\n<p><\/p>\n\n\n\n<p>Nesta sexta-feira (09), a partir das 10h, a C\u00e2mara Municipal de Natal promover\u00e1 uma audi\u00eancia p\u00fablica com o tema &#8220;Maio Amarelo: Desacelere, seu bem maior \u00e9 a vida&#8221;. Este \u00e9 mais um debate proposto pelo vereador Herberth Sena (PV), com foco no m\u00eas de conscientiza\u00e7\u00e3o para a redu\u00e7\u00e3o de acidentes no tr\u00e2nsito. O objetivo \u00e9 alertar a sociedade para a import\u00e2ncia da seguran\u00e7a vi\u00e1ria, envolvendo poder p\u00fablico, iniciativa privada e sociedade civil em um esfor\u00e7o coletivo para salvar vidas.<\/p>\n\n\n\n<p>&#8220;Precisamos focar nas causas desses acidentes e em a\u00e7\u00f5es mais eficazes para que a legisla\u00e7\u00e3o do tr\u00e2nsito seja realmente cumprida. Porque sabemos que a maioria dos acidentes tem como causas a imprud\u00eancia e o uso de \u00e1lcool ao volante&#8221;, lembra Herberth Sena. O vereador tamb\u00e9m chama aten\u00e7\u00e3o para os n\u00fameros divulgados pelo Departamento Estadual de Tr\u00e2nsito do Rio Grande do Norte (Detran\/RN). &#8220;A cada 10 atendimentos por acidentes de transporte realizados em hospitais do Sistema \u00danico de Sa\u00fade (SUS), oito s\u00e3o entre motociclistas, o que nos mostra que este p\u00fablico necessita de um olhar mais cuidadoso&#8221;, diz.<\/p>\n\n\n\n<p>Herberth Sena lembra que os acidentes no tr\u00e2nsito sobrecarregam os servi\u00e7os de urg\u00eancia e emerg\u00eancia, impactando diretamente nos cofres p\u00fablicos. \u201cQueremos sensibilizar os \u00f3rg\u00e3os que tratam dessa tem\u00e1tica, nos \u00e2mbitos estadual e municipal, para juntos desenvolverem estrat\u00e9gias de a\u00e7\u00e3o que promovam, efetivamente, a redu\u00e7\u00e3o desses tipos de acidentes\u201d, afirma.<\/p>\n\n\n\n<p>A audi\u00eancia p\u00fablica ser\u00e1 no Plen\u00e1rio \u00c9riko Hackradt e ter\u00e1 participa\u00e7\u00e3o de representantes do Detran\/RN, DNIT, da STTU\/Natal, da SESAP, da Secretaria Municipal da Sa\u00fade, da PRF, da CPRE\/RN e da Pol\u00edcia Militar.<\/p>\n\n\n\n<p><em>N\u00daMEROS<\/em><br \/>De acordo com a Organiza\u00e7\u00e3o Mundial de Sa\u00fade (OMS), cerca de 1,19 milh\u00e3o de pessoas morrem por ano no mundo, v\u00edtimas de acidentes de tr\u00e2nsito. No Brasil, a m\u00e9dia \u00e9 de, aproximadamente, 30 mil mortes\/ano.<\/p>\n\n\n\n<p>No \u00faltimo levantamento divulgado pelo Detran\/RN, o ano de 2024 registrou um aumento expressivo de v\u00edtimas fatais de sinitros no tr\u00e2nsito, de 18,8% em rela\u00e7\u00e3o a 2023, atingindo 555 \u00f3bitos. Chamou aten\u00e7\u00e3o o m\u00eas de setembro de 2024, que registrou aumento de 154,2% nas v\u00edtimas em rela\u00e7\u00e3o a setembro de 2023, saltando de 24 para 61 v\u00edtimas. O m\u00eas de dezembro de 2024 tamb\u00e9m foi cr\u00edtico, com 70 \u00f3bitos (aumento de 105,9% quando comparado ao ano de 2023).<\/p>\n\n\n\n<p>E nessa an\u00e1lise do Detran\/RN, o grupo envolvendo motos s\u00f3 tem aumentado a cada ano. Em 2020, a propor\u00e7\u00e3o de v\u00edtimas fatais envolvendo motos foi de 54,8% no Estado, equivalendo a 281 v\u00edtimas. J\u00e1 em 2024, esta propor\u00e7\u00e3o saltou para 60,9% (338 v\u00edtimas).<\/p>\n\n\n\n<p><em>Bianca Ribeiro<\/em><br><em>Assessoria de Imprensa<\/em><br><em>Fone: 98135-5593<\/em><\/p>\n","protected":false},"excerpt":{"rendered":"<p>Nesta sexta-feira (09), a partir das 10h, a C\u00e2mara Municipal de Natal promover\u00e1 uma audi\u00eancia p\u00fablica com o tema &#8220;Maio Amarelo: Desacelere, seu bem maior \u00e9 a vida&#8221;. Este \u00e9 mais um debate proposto pelo vereador Herberth Sena (PV), com foco no m\u00eas de conscientiza\u00e7\u00e3o para a redu\u00e7\u00e3o de acidentes no tr\u00e2nsito. O objetivo \u00e9 [&hellip;]<\/p>\n","protected":false},"author":1,"featured_media":0,"comment_status":"open","ping_status":"open","sticky":false,"template":"","format":"standard","meta":{"cybocfi_hide_featured_image":"","_jetpack_memberships_contains_paid_content":false,"footnotes":""},"categories":[1],"tags":[],"class_list":["post-5238","post","type-post","status-publish","format-standard","hentry","category-diversos"],"yoast_head":"<!-- This site is optimized with the Yoast SEO plugin v25.6 - https:\/\/yoast.com\/wordpress\/plugins\/seo\/ -->\n<title>C\u00e2mara Municipal de Natal promove audi\u00eancia com foco no Maio Amarelo nesta sexta (09) - Blog do Bispo<\/title>\n<meta name=\"robots\" content=\"index, follow, max-snippet:-1, max-image-preview:large, max-video-preview:-1\" \/>\n<link rel=\"canonical\" href=\"https:\/\/blogdobispo.com.br\/?p=5238\" \/>\n<meta property=\"og:locale\" content=\"pt_BR\" \/>\n<meta property=\"og:type\" content=\"article\" \/>\n<meta property=\"og:title\" content=\"C\u00e2mara Municipal de Natal promove audi\u00eancia com foco no Maio Amarelo nesta sexta (09) - Blog do Bispo\" \/>\n<meta property=\"og:description\" content=\"Nesta sexta-feira (09), a partir das 10h, a C\u00e2mara Municipal de Natal promover\u00e1 uma audi\u00eancia p\u00fablica com o tema &#8220;Maio Amarelo: Desacelere, seu bem maior \u00e9 a vida&#8221;. Este \u00e9 mais um debate proposto pelo vereador Herberth Sena (PV), com foco no m\u00eas de conscientiza\u00e7\u00e3o para a redu\u00e7\u00e3o de acidentes no tr\u00e2nsito. O objetivo \u00e9 [&hellip;]\" \/>\n<meta property=\"og:url\" content=\"https:\/\/blogdobispo.com.br\/?p=5238\" \/>\n<meta property=\"og:site_name\" content=\"Blog do Bispo\" \/>\n<meta property=\"article:published_time\" content=\"2025-05-07T12:45:30+00:00\" \/>\n<meta property=\"og:image\" content=\"https:\/\/blogdobispo.com.br\/wp-content\/uploads\/2025\/05\/78738f64-20c1-4ac5-9899-b47b56e3474f-1-1024x804.jpg\" \/>\n<meta name=\"author\" content=\"Jefferson Sterfeno\" \/>\n<meta name=\"twitter:card\" content=\"summary_large_image\" \/>\n<meta name=\"twitter:label1\" content=\"Escrito por\" \/>\n\t<meta name=\"twitter:data1\" content=\"Jefferson Sterfeno\" \/>\n\t<meta name=\"twitter:label2\" content=\"Est. tempo de leitura\" \/>\n\t<meta name=\"twitter:data2\" content=\"2 minutos\" \/>\n<script type=\"application\/ld+json\" class=\"yoast-schema-graph\">{\"@context\":\"https:\/\/schema.org\",\"@graph\":[{\"@type\":\"Article\",\"@id\":\"https:\/\/blogdobispo.com.br\/?p=5238#article\",\"isPartOf\":{\"@id\":\"https:\/\/blogdobispo.com.br\/?p=5238\"},\"author\":{\"name\":\"Jefferson Sterfeno\",\"@id\":\"https:\/\/blogdobispo.com.br\/#\/schema\/person\/e2209cc0e6cea5c5233d033e997b373f\"},\"headline\":\"C\u00e2mara Municipal de Natal promove audi\u00eancia com foco no Maio Amarelo nesta sexta (09)\",\"datePublished\":\"2025-05-07T12:45:30+00:00\",\"mainEntityOfPage\":{\"@id\":\"https:\/\/blogdobispo.com.br\/?p=5238\"},\"wordCount\":480,\"commentCount\":0,\"publisher\":{\"@id\":\"https:\/\/blogdobispo.com.br\/#organization\"},\"image\":{\"@id\":\"https:\/\/blogdobispo.com.br\/?p=5238#primaryimage\"},\"thumbnailUrl\":\"https:\/\/blogdobispo.com.br\/wp-content\/uploads\/2025\/05\/78738f64-20c1-4ac5-9899-b47b56e3474f-1-1024x804.jpg\",\"articleSection\":[\"diversos\"],\"inLanguage\":\"pt-BR\",\"potentialAction\":[{\"@type\":\"CommentAction\",\"name\":\"Comment\",\"target\":[\"https:\/\/blogdobispo.com.br\/?p=5238#respond\"]}]},{\"@type\":\"WebPage\",\"@id\":\"https:\/\/blogdobispo.com.br\/?p=5238\",\"url\":\"https:\/\/blogdobispo.com.br\/?p=5238\",\"name\":\"C\u00e2mara Municipal de Natal promove audi\u00eancia com foco no Maio Amarelo nesta sexta (09) - Blog do Bispo\",\"isPartOf\":{\"@id\":\"https:\/\/blogdobispo.com.br\/#website\"},\"primaryImageOfPage\":{\"@id\":\"https:\/\/blogdobispo.com.br\/?p=5238#primaryimage\"},\"image\":{\"@id\":\"https:\/\/blogdobispo.com.br\/?p=5238#primaryimage\"},\"thumbnailUrl\":\"https:\/\/blogdobispo.com.br\/wp-content\/uploads\/2025\/05\/78738f64-20c1-4ac5-9899-b47b56e3474f-1-1024x804.jpg\",\"datePublished\":\"2025-05-07T12:45:30+00:00\",\"breadcrumb\":{\"@id\":\"https:\/\/blogdobispo.com.br\/?p=5238#breadcrumb\"},\"inLanguage\":\"pt-BR\",\"potentialAction\":[{\"@type\":\"ReadAction\",\"target\":[\"https:\/\/blogdobispo.com.br\/?p=5238\"]}]},{\"@type\":\"ImageObject\",\"inLanguage\":\"pt-BR\",\"@id\":\"https:\/\/blogdobispo.com.br\/?p=5238#primaryimage\",\"url\":\"https:\/\/blogdobispo.com.br\/wp-content\/uploads\/2025\/05\/78738f64-20c1-4ac5-9899-b47b56e3474f-1-1024x804.jpg\",\"contentUrl\":\"https:\/\/blogdobispo.com.br\/wp-content\/uploads\/2025\/05\/78738f64-20c1-4ac5-9899-b47b56e3474f-1-1024x804.jpg\"},{\"@type\":\"BreadcrumbList\",\"@id\":\"https:\/\/blogdobispo.com.br\/?p=5238#breadcrumb\",\"itemListElement\":[{\"@type\":\"ListItem\",\"position\":1,\"name\":\"In\u00edcio\",\"item\":\"https:\/\/blogdobispo.com.br\/\"},{\"@type\":\"ListItem\",\"position\":2,\"name\":\"C\u00e2mara Municipal de Natal promove audi\u00eancia com foco no Maio Amarelo nesta sexta (09)\"}]},{\"@type\":\"WebSite\",\"@id\":\"https:\/\/blogdobispo.com.br\/#website\",\"url\":\"https:\/\/blogdobispo.com.br\/\",\"name\":\"Blog do Bispo\",\"description\":\"Comprometido apenas com o leitor\",\"publisher\":{\"@id\":\"https:\/\/blogdobispo.com.br\/#organization\"},\"potentialAction\":[{\"@type\":\"SearchAction\",\"target\":{\"@type\":\"EntryPoint\",\"urlTemplate\":\"https:\/\/blogdobispo.com.br\/?s={search_term_string}\"},\"query-input\":{\"@type\":\"PropertyValueSpecification\",\"valueRequired\":true,\"valueName\":\"search_term_string\"}}],\"inLanguage\":\"pt-BR\"},{\"@type\":\"Organization\",\"@id\":\"https:\/\/blogdobispo.com.br\/#organization\",\"name\":\"Blog do Bispo\",\"url\":\"https:\/\/blogdobispo.com.br\/\",\"logo\":{\"@type\":\"ImageObject\",\"inLanguage\":\"pt-BR\",\"@id\":\"https:\/\/blogdobispo.com.br\/#\/schema\/logo\/image\/\",\"url\":\"http:\/\/blogdobispo.com.br\/wp-content\/uploads\/2023\/05\/cropped-headear.png\",\"contentUrl\":\"http:\/\/blogdobispo.com.br\/wp-content\/uploads\/2023\/05\/cropped-headear.png\",\"width\":1500,\"height\":399,\"caption\":\"Blog do Bispo\"},\"image\":{\"@id\":\"https:\/\/blogdobispo.com.br\/#\/schema\/logo\/image\/\"}},{\"@type\":\"Person\",\"@id\":\"https:\/\/blogdobispo.com.br\/#\/schema\/person\/e2209cc0e6cea5c5233d033e997b373f\",\"name\":\"Jefferson Sterfeno\",\"image\":{\"@type\":\"ImageObject\",\"inLanguage\":\"pt-BR\",\"@id\":\"https:\/\/blogdobispo.com.br\/#\/schema\/person\/image\/\",\"url\":\"https:\/\/secure.gravatar.com\/avatar\/0534e84764641168a677026b6d57a3f51dc7ac4db0b4f6186d9cb330d4ee1160?s=96&d=mm&r=g\",\"contentUrl\":\"https:\/\/secure.gravatar.com\/avatar\/0534e84764641168a677026b6d57a3f51dc7ac4db0b4f6186d9cb330d4ee1160?s=96&d=mm&r=g\",\"caption\":\"Jefferson Sterfeno\"},\"sameAs\":[\"http:\/\/blogdobispo.com.br\"],\"url\":\"https:\/\/blogdobispo.com.br\/?author=1\"}]}<\/script>\n<!-- \/ Yoast SEO plugin. -->","yoast_head_json":{"title":"C\u00e2mara Municipal de Natal promove audi\u00eancia com foco no Maio Amarelo nesta sexta (09) - Blog do Bispo","robots":{"index":"index","follow":"follow","max-snippet":"max-snippet:-1","max-image-preview":"max-image-preview:large","max-video-preview":"max-video-preview:-1"},"canonical":"https:\/\/blogdobispo.com.br\/?p=5238","og_locale":"pt_BR","og_type":"article","og_title":"C\u00e2mara Municipal de Natal promove audi\u00eancia com foco no Maio Amarelo nesta sexta (09) - Blog do Bispo","og_description":"Nesta sexta-feira (09), a partir das 10h, a C\u00e2mara Municipal de Natal promover\u00e1 uma audi\u00eancia p\u00fablica com o tema &#8220;Maio Amarelo: Desacelere, seu bem maior \u00e9 a vida&#8221;. Este \u00e9 mais um debate proposto pelo vereador Herberth Sena (PV), com foco no m\u00eas de conscientiza\u00e7\u00e3o para a redu\u00e7\u00e3o de acidentes no tr\u00e2nsito. O objetivo \u00e9 [&hellip;]","og_url":"https:\/\/blogdobispo.com.br\/?p=5238","og_site_name":"Blog do Bispo","article_published_time":"2025-05-07T12:45:30+00:00","og_image":[{"url":"https:\/\/blogdobispo.com.br\/wp-content\/uploads\/2025\/05\/78738f64-20c1-4ac5-9899-b47b56e3474f-1-1024x804.jpg","type":"","width":"","height":""}],"author":"Jefferson Sterfeno","twitter_card":"summary_large_image","twitter_misc":{"Escrito por":"Jefferson Sterfeno","Est. tempo de leitura":"2 minutos"},"schema":{"@context":"https:\/\/schema.org","@graph":[{"@type":"Article","@id":"https:\/\/blogdobispo.com.br\/?p=5238#article","isPartOf":{"@id":"https:\/\/blogdobispo.com.br\/?p=5238"},"author":{"name":"Jefferson Sterfeno","@id":"https:\/\/blogdobispo.com.br\/#\/schema\/person\/e2209cc0e6cea5c5233d033e997b373f"},"headline":"C\u00e2mara Municipal de Natal promove audi\u00eancia com foco no Maio Amarelo nesta sexta (09)","datePublished":"2025-05-07T12:45:30+00:00","mainEntityOfPage":{"@id":"https:\/\/blogdobispo.com.br\/?p=5238"},"wordCount":480,"commentCount":0,"publisher":{"@id":"https:\/\/blogdobispo.com.br\/#organization"},"image":{"@id":"https:\/\/blogdobispo.com.br\/?p=5238#primaryimage"},"thumbnailUrl":"https:\/\/blogdobispo.com.br\/wp-content\/uploads\/2025\/05\/78738f64-20c1-4ac5-9899-b47b56e3474f-1-1024x804.jpg","articleSection":["diversos"],"inLanguage":"pt-BR","potentialAction":[{"@type":"CommentAction","name":"Comment","target":["https:\/\/blogdobispo.com.br\/?p=5238#respond"]}]},{"@type":"WebPage","@id":"https:\/\/blogdobispo.com.br\/?p=5238","url":"https:\/\/blogdobispo.com.br\/?p=5238","name":"C\u00e2mara Municipal de Natal promove audi\u00eancia com foco no Maio Amarelo nesta sexta (09) - Blog do Bispo","isPartOf":{"@id":"https:\/\/blogdobispo.com.br\/#website"},"primaryImageOfPage":{"@id":"https:\/\/blogdobispo.com.br\/?p=5238#primaryimage"},"image":{"@id":"https:\/\/blogdobispo.com.br\/?p=5238#primaryimage"},"thumbnailUrl":"https:\/\/blogdobispo.com.br\/wp-content\/uploads\/2025\/05\/78738f64-20c1-4ac5-9899-b47b56e3474f-1-1024x804.jpg","datePublished":"2025-05-07T12:45:30+00:00","breadcrumb":{"@id":"https:\/\/blogdobispo.com.br\/?p=5238#breadcrumb"},"inLanguage":"pt-BR","potentialAction":[{"@type":"ReadAction","target":["https:\/\/blogdobispo.com.br\/?p=5238"]}]},{"@type":"ImageObject","inLanguage":"pt-BR","@id":"https:\/\/blogdobispo.com.br\/?p=5238#primaryimage","url":"https:\/\/blogdobispo.com.br\/wp-content\/uploads\/2025\/05\/78738f64-20c1-4ac5-9899-b47b56e3474f-1-1024x804.jpg","contentUrl":"https:\/\/blogdobispo.com.br\/wp-content\/uploads\/2025\/05\/78738f64-20c1-4ac5-9899-b47b56e3474f-1-1024x804.jpg"},{"@type":"BreadcrumbList","@id":"https:\/\/blogdobispo.com.br\/?p=5238#breadcrumb","itemListElement":[{"@type":"ListItem","position":1,"name":"In\u00edcio","item":"https:\/\/blogdobispo.com.br\/"},{"@type":"ListItem","position":2,"name":"C\u00e2mara Municipal de Natal promove audi\u00eancia com foco no Maio Amarelo nesta sexta (09)"}]},{"@type":"WebSite","@id":"https:\/\/blogdobispo.com.br\/#website","url":"https:\/\/blogdobispo.com.br\/","name":"Blog do Bispo","description":"Comprometido apenas com o leitor","publisher":{"@id":"https:\/\/blogdobispo.com.br\/#organization"},"potentialAction":[{"@type":"SearchAction","target":{"@type":"EntryPoint","urlTemplate":"https:\/\/blogdobispo.com.br\/?s={search_term_string}"},"query-input":{"@type":"PropertyValueSpecification","valueRequired":true,"valueName":"search_term_string"}}],"inLanguage":"pt-BR"},{"@type":"Organization","@id":"https:\/\/blogdobispo.com.br\/#organization","name":"Blog do Bispo","url":"https:\/\/blogdobispo.com.br\/","logo":{"@type":"ImageObject","inLanguage":"pt-BR","@id":"https:\/\/blogdobispo.com.br\/#\/schema\/logo\/image\/","url":"http:\/\/blogdobispo.com.br\/wp-content\/uploads\/2023\/05\/cropped-headear.png","contentUrl":"http:\/\/blogdobispo.com.br\/wp-content\/uploads\/2023\/05\/cropped-headear.png","width":1500,"height":399,"caption":"Blog do Bispo"},"image":{"@id":"https:\/\/blogdobispo.com.br\/#\/schema\/logo\/image\/"}},{"@type":"Person","@id":"https:\/\/blogdobispo.com.br\/#\/schema\/person\/e2209cc0e6cea5c5233d033e997b373f","name":"Jefferson Sterfeno","image":{"@type":"ImageObject","inLanguage":"pt-BR","@id":"https:\/\/blogdobispo.com.br\/#\/schema\/person\/image\/","url":"https:\/\/secure.gravatar.com\/avatar\/0534e84764641168a677026b6d57a3f51dc7ac4db0b4f6186d9cb330d4ee1160?s=96&d=mm&r=g","contentUrl":"https:\/\/secure.gravatar.com\/avatar\/0534e84764641168a677026b6d57a3f51dc7ac4db0b4f6186d9cb330d4ee1160?s=96&d=mm&r=g","caption":"Jefferson Sterfeno"},"sameAs":["http:\/\/blogdobispo.com.br"],"url":"https:\/\/blogdobispo.com.br\/?author=1"}]}},"featured_image_urls":{"full":"","thumbnail":"","medium":"","medium_large":"","large":"","1536x1536":"","2048x2048":""},"author_info":{"display_name":"Jefferson Sterfeno","author_link":"https:\/\/blogdobispo.com.br\/?author=1"},"category_info":"<a href=\"https:\/\/blogdobispo.com.br\/?cat=1\" rel=\"category\">diversos<\/a>","tag_info":"diversos","comment_count":"0","jetpack_featured_media_url":"","jetpack_sharing_enabled":true,"_links":{"self":[{"href":"https:\/\/blogdobispo.com.br\/index.php?rest_route=\/wp\/v2\/posts\/5238","targetHints":{"allow":["GET"]}}],"collection":[{"href":"https:\/\/blogdobispo.com.br\/index.php?rest_route=\/wp\/v2\/posts"}],"about":[{"href":"https:\/\/blogdobispo.com.br\/index.php?rest_route=\/wp\/v2\/types\/post"}],"author":[{"embeddable":true,"href":"https:\/\/blogdobispo.com.br\/index.php?rest_route=\/wp\/v2\/users\/1"}],"replies":[{"embeddable":true,"href":"https:\/\/blogdobispo.com.br\/index.php?rest_route=%2Fwp%2Fv2%2Fcomments&post=5238"}],"version-history":[{"count":0,"href":"https:\/\/blogdobispo.com.br\/index.php?rest_route=\/wp\/v2\/posts\/5238\/revisions"}],"wp:attachment":[{"href":"https:\/\/blogdobispo.com.br\/index.php?rest_route=%2Fwp%2Fv2%2Fmedia&parent=5238"}],"wp:term":[{"taxonomy":"category","embeddable":true,"href":"https:\/\/blogdobispo.com.br\/index.php?rest_route=%2Fwp%2Fv2%2Fcategories&post=5238"},{"taxonomy":"post_tag","embeddable":true,"href":"https:\/\/blogdobispo.com.br\/index.php?rest_route=%2Fwp%2Fv2%2Ftags&post=5238"}],"curies":[{"name":"wp","href":"https:\/\/api.w.org\/{rel}","templated":true}]}}