{"id":5236,"date":"2025-05-07T12:43:27","date_gmt":"2025-05-07T12:43:27","guid":{"rendered":"https:\/\/blogdobispo.com.br\/?p=5236"},"modified":"2025-05-07T12:43:27","modified_gmt":"2025-05-07T12:43:27","slug":"prefeitura-realiza-mutirao-do-cadastro-unico-nas-quintas-neste-sabado-com-250-fichas","status":"publish","type":"post","link":"https:\/\/blogdobispo.com.br\/?p=5236","title":{"rendered":"Prefeitura realiza mutir\u00e3o do Cadastro \u00danico nas Quintas neste s\u00e1bado com 250 fichas"},"content":{"rendered":"\n<figure class=\"wp-block-image size-large\"><img data-recalc-dims=\"1\" fetchpriority=\"high\" decoding=\"async\" width=\"800\" height=\"370\" src=\"https:\/\/i0.wp.com\/blogdobispo.com.br\/wp-content\/uploads\/2025\/05\/5636c458-dbb5-4449-b776-ac9e1114f894-1-1024x473.jpg?resize=800%2C370&#038;ssl=1\" class=\"wp-image-5235\" srcset=\"https:\/\/i0.wp.com\/blogdobispo.com.br\/wp-content\/uploads\/2025\/05\/5636c458-dbb5-4449-b776-ac9e1114f894-1.jpg?resize=1024%2C473&amp;ssl=1 1024w, https:\/\/i0.wp.com\/blogdobispo.com.br\/wp-content\/uploads\/2025\/05\/5636c458-dbb5-4449-b776-ac9e1114f894-1.jpg?resize=300%2C139&amp;ssl=1 300w, https:\/\/i0.wp.com\/blogdobispo.com.br\/wp-content\/uploads\/2025\/05\/5636c458-dbb5-4449-b776-ac9e1114f894-1.jpg?resize=768%2C355&amp;ssl=1 768w, https:\/\/i0.wp.com\/blogdobispo.com.br\/wp-content\/uploads\/2025\/05\/5636c458-dbb5-4449-b776-ac9e1114f894-1.jpg?w=1280&amp;ssl=1 1280w\" sizes=\"(max-width: 800px) 100vw, 800px\" \/><\/figure>\n\n\n\n<p class=\"p2\"><\/p>\n\n\n\n<p class=\"p2\">A Prefeitura realizar\u00e1 neste s\u00e1bado um mutir\u00e3o do Cadastro \u00danico (Cad\u00danico) no bairro das Quintas. A a\u00e7\u00e3o acontecer\u00e1 na Escola Municipal Ferreira Itajub\u00e1, com a distribui\u00e7\u00e3o de 250 fichas de atendimento.<\/p>\n\n\n\n<p class=\"p2\">O mutir\u00e3o tem como objetivo atualizar e incluir fam\u00edlias de baixa renda no sistema do Cad\u00danico, porta de entrada para programas sociais como o Bolsa Fam\u00edlia, Tarifa Social de Energia El\u00e9trica, entre outros.<\/p>\n\n\n\n<p class=\"p2\">Os atendimentos come\u00e7ar\u00e3o a partir das 8h. Para ser atendido, \u00e9 necess\u00e1rio apresentar documentos como RG, CPF, t\u00edtulo de eleitor, comprovante de resid\u00eancia e certid\u00e3o de nascimento dos membros da fam\u00edlia.<\/p>\n\n\n\n<p>Uma a\u00e7\u00e3o social ser\u00e1 realizada ao lado da Escola, na Igreja do Evangelho Quadrangular, com atendimentos m\u00e9dicos de psicologia, nutricionista, dentista entre outros servi\u00e7os. A atividade \u00e9 realizada pelo vereador Eriko Jacome. Todos os esses servi\u00e7os estar\u00e3o sendo realizados gra\u00e7as ao empenho do l\u00edder comunit\u00e1rio Naelson Borja. <\/p>\n","protected":false},"excerpt":{"rendered":"<p>A Prefeitura realizar\u00e1 neste s\u00e1bado um mutir\u00e3o do Cadastro \u00danico (Cad\u00danico) no bairro das Quintas. A a\u00e7\u00e3o acontecer\u00e1 na Escola Municipal Ferreira Itajub\u00e1, com a distribui\u00e7\u00e3o de 250 fichas de atendimento. O mutir\u00e3o tem como objetivo atualizar e incluir fam\u00edlias de baixa renda no sistema do Cad\u00danico, porta de entrada para programas sociais como o [&hellip;]<\/p>\n","protected":false},"author":1,"featured_media":0,"comment_status":"open","ping_status":"open","sticky":false,"template":"","format":"standard","meta":{"cybocfi_hide_featured_image":"","_jetpack_memberships_contains_paid_content":false,"footnotes":""},"categories":[1],"tags":[],"class_list":["post-5236","post","type-post","status-publish","format-standard","hentry","category-diversos"],"yoast_head":"<!-- This site is optimized with the Yoast SEO plugin v25.6 - https:\/\/yoast.com\/wordpress\/plugins\/seo\/ -->\n<title>Prefeitura realiza mutir\u00e3o do Cadastro \u00danico nas Quintas neste s\u00e1bado com 250 fichas - Blog do Bispo<\/title>\n<meta name=\"robots\" content=\"index, follow, max-snippet:-1, max-image-preview:large, max-video-preview:-1\" \/>\n<link rel=\"canonical\" href=\"https:\/\/blogdobispo.com.br\/?p=5236\" \/>\n<meta property=\"og:locale\" content=\"pt_BR\" \/>\n<meta property=\"og:type\" content=\"article\" \/>\n<meta property=\"og:title\" content=\"Prefeitura realiza mutir\u00e3o do Cadastro \u00danico nas Quintas neste s\u00e1bado com 250 fichas - Blog do Bispo\" \/>\n<meta property=\"og:description\" content=\"A Prefeitura realizar\u00e1 neste s\u00e1bado um mutir\u00e3o do Cadastro \u00danico (Cad\u00danico) no bairro das Quintas. A a\u00e7\u00e3o acontecer\u00e1 na Escola Municipal Ferreira Itajub\u00e1, com a distribui\u00e7\u00e3o de 250 fichas de atendimento. O mutir\u00e3o tem como objetivo atualizar e incluir fam\u00edlias de baixa renda no sistema do Cad\u00danico, porta de entrada para programas sociais como o [&hellip;]\" \/>\n<meta property=\"og:url\" content=\"https:\/\/blogdobispo.com.br\/?p=5236\" \/>\n<meta property=\"og:site_name\" content=\"Blog do Bispo\" \/>\n<meta property=\"article:published_time\" content=\"2025-05-07T12:43:27+00:00\" \/>\n<meta property=\"og:image\" content=\"https:\/\/blogdobispo.com.br\/wp-content\/uploads\/2025\/05\/5636c458-dbb5-4449-b776-ac9e1114f894-1-1024x473.jpg\" \/>\n<meta name=\"author\" content=\"Jefferson Sterfeno\" \/>\n<meta name=\"twitter:card\" content=\"summary_large_image\" \/>\n<meta name=\"twitter:label1\" content=\"Escrito por\" \/>\n\t<meta name=\"twitter:data1\" content=\"Jefferson Sterfeno\" \/>\n\t<meta name=\"twitter:label2\" content=\"Est. tempo de leitura\" \/>\n\t<meta name=\"twitter:data2\" content=\"1 minuto\" \/>\n<script type=\"application\/ld+json\" class=\"yoast-schema-graph\">{\"@context\":\"https:\/\/schema.org\",\"@graph\":[{\"@type\":\"Article\",\"@id\":\"https:\/\/blogdobispo.com.br\/?p=5236#article\",\"isPartOf\":{\"@id\":\"https:\/\/blogdobispo.com.br\/?p=5236\"},\"author\":{\"name\":\"Jefferson Sterfeno\",\"@id\":\"https:\/\/blogdobispo.com.br\/#\/schema\/person\/e2209cc0e6cea5c5233d033e997b373f\"},\"headline\":\"Prefeitura realiza mutir\u00e3o do Cadastro \u00danico nas Quintas neste s\u00e1bado com 250 fichas\",\"datePublished\":\"2025-05-07T12:43:27+00:00\",\"mainEntityOfPage\":{\"@id\":\"https:\/\/blogdobispo.com.br\/?p=5236\"},\"wordCount\":178,\"commentCount\":0,\"publisher\":{\"@id\":\"https:\/\/blogdobispo.com.br\/#organization\"},\"image\":{\"@id\":\"https:\/\/blogdobispo.com.br\/?p=5236#primaryimage\"},\"thumbnailUrl\":\"https:\/\/blogdobispo.com.br\/wp-content\/uploads\/2025\/05\/5636c458-dbb5-4449-b776-ac9e1114f894-1-1024x473.jpg\",\"articleSection\":[\"diversos\"],\"inLanguage\":\"pt-BR\",\"potentialAction\":[{\"@type\":\"CommentAction\",\"name\":\"Comment\",\"target\":[\"https:\/\/blogdobispo.com.br\/?p=5236#respond\"]}]},{\"@type\":\"WebPage\",\"@id\":\"https:\/\/blogdobispo.com.br\/?p=5236\",\"url\":\"https:\/\/blogdobispo.com.br\/?p=5236\",\"name\":\"Prefeitura realiza mutir\u00e3o do Cadastro \u00danico nas Quintas neste s\u00e1bado com 250 fichas - Blog do Bispo\",\"isPartOf\":{\"@id\":\"https:\/\/blogdobispo.com.br\/#website\"},\"primaryImageOfPage\":{\"@id\":\"https:\/\/blogdobispo.com.br\/?p=5236#primaryimage\"},\"image\":{\"@id\":\"https:\/\/blogdobispo.com.br\/?p=5236#primaryimage\"},\"thumbnailUrl\":\"https:\/\/blogdobispo.com.br\/wp-content\/uploads\/2025\/05\/5636c458-dbb5-4449-b776-ac9e1114f894-1-1024x473.jpg\",\"datePublished\":\"2025-05-07T12:43:27+00:00\",\"breadcrumb\":{\"@id\":\"https:\/\/blogdobispo.com.br\/?p=5236#breadcrumb\"},\"inLanguage\":\"pt-BR\",\"potentialAction\":[{\"@type\":\"ReadAction\",\"target\":[\"https:\/\/blogdobispo.com.br\/?p=5236\"]}]},{\"@type\":\"ImageObject\",\"inLanguage\":\"pt-BR\",\"@id\":\"https:\/\/blogdobispo.com.br\/?p=5236#primaryimage\",\"url\":\"https:\/\/blogdobispo.com.br\/wp-content\/uploads\/2025\/05\/5636c458-dbb5-4449-b776-ac9e1114f894-1-1024x473.jpg\",\"contentUrl\":\"https:\/\/blogdobispo.com.br\/wp-content\/uploads\/2025\/05\/5636c458-dbb5-4449-b776-ac9e1114f894-1-1024x473.jpg\"},{\"@type\":\"BreadcrumbList\",\"@id\":\"https:\/\/blogdobispo.com.br\/?p=5236#breadcrumb\",\"itemListElement\":[{\"@type\":\"ListItem\",\"position\":1,\"name\":\"In\u00edcio\",\"item\":\"https:\/\/blogdobispo.com.br\/\"},{\"@type\":\"ListItem\",\"position\":2,\"name\":\"Prefeitura realiza mutir\u00e3o do Cadastro \u00danico nas Quintas neste s\u00e1bado com 250 fichas\"}]},{\"@type\":\"WebSite\",\"@id\":\"https:\/\/blogdobispo.com.br\/#website\",\"url\":\"https:\/\/blogdobispo.com.br\/\",\"name\":\"Blog do Bispo\",\"description\":\"Comprometido apenas com o leitor\",\"publisher\":{\"@id\":\"https:\/\/blogdobispo.com.br\/#organization\"},\"potentialAction\":[{\"@type\":\"SearchAction\",\"target\":{\"@type\":\"EntryPoint\",\"urlTemplate\":\"https:\/\/blogdobispo.com.br\/?s={search_term_string}\"},\"query-input\":{\"@type\":\"PropertyValueSpecification\",\"valueRequired\":true,\"valueName\":\"search_term_string\"}}],\"inLanguage\":\"pt-BR\"},{\"@type\":\"Organization\",\"@id\":\"https:\/\/blogdobispo.com.br\/#organization\",\"name\":\"Blog do Bispo\",\"url\":\"https:\/\/blogdobispo.com.br\/\",\"logo\":{\"@type\":\"ImageObject\",\"inLanguage\":\"pt-BR\",\"@id\":\"https:\/\/blogdobispo.com.br\/#\/schema\/logo\/image\/\",\"url\":\"http:\/\/blogdobispo.com.br\/wp-content\/uploads\/2023\/05\/cropped-headear.png\",\"contentUrl\":\"http:\/\/blogdobispo.com.br\/wp-content\/uploads\/2023\/05\/cropped-headear.png\",\"width\":1500,\"height\":399,\"caption\":\"Blog do Bispo\"},\"image\":{\"@id\":\"https:\/\/blogdobispo.com.br\/#\/schema\/logo\/image\/\"}},{\"@type\":\"Person\",\"@id\":\"https:\/\/blogdobispo.com.br\/#\/schema\/person\/e2209cc0e6cea5c5233d033e997b373f\",\"name\":\"Jefferson Sterfeno\",\"image\":{\"@type\":\"ImageObject\",\"inLanguage\":\"pt-BR\",\"@id\":\"https:\/\/blogdobispo.com.br\/#\/schema\/person\/image\/\",\"url\":\"https:\/\/secure.gravatar.com\/avatar\/0534e84764641168a677026b6d57a3f51dc7ac4db0b4f6186d9cb330d4ee1160?s=96&d=mm&r=g\",\"contentUrl\":\"https:\/\/secure.gravatar.com\/avatar\/0534e84764641168a677026b6d57a3f51dc7ac4db0b4f6186d9cb330d4ee1160?s=96&d=mm&r=g\",\"caption\":\"Jefferson Sterfeno\"},\"sameAs\":[\"http:\/\/blogdobispo.com.br\"],\"url\":\"https:\/\/blogdobispo.com.br\/?author=1\"}]}<\/script>\n<!-- \/ Yoast SEO plugin. -->","yoast_head_json":{"title":"Prefeitura realiza mutir\u00e3o do Cadastro \u00danico nas Quintas neste s\u00e1bado com 250 fichas - Blog do Bispo","robots":{"index":"index","follow":"follow","max-snippet":"max-snippet:-1","max-image-preview":"max-image-preview:large","max-video-preview":"max-video-preview:-1"},"canonical":"https:\/\/blogdobispo.com.br\/?p=5236","og_locale":"pt_BR","og_type":"article","og_title":"Prefeitura realiza mutir\u00e3o do Cadastro \u00danico nas Quintas neste s\u00e1bado com 250 fichas - Blog do Bispo","og_description":"A Prefeitura realizar\u00e1 neste s\u00e1bado um mutir\u00e3o do Cadastro \u00danico (Cad\u00danico) no bairro das Quintas. A a\u00e7\u00e3o acontecer\u00e1 na Escola Municipal Ferreira Itajub\u00e1, com a distribui\u00e7\u00e3o de 250 fichas de atendimento. O mutir\u00e3o tem como objetivo atualizar e incluir fam\u00edlias de baixa renda no sistema do Cad\u00danico, porta de entrada para programas sociais como o [&hellip;]","og_url":"https:\/\/blogdobispo.com.br\/?p=5236","og_site_name":"Blog do Bispo","article_published_time":"2025-05-07T12:43:27+00:00","og_image":[{"url":"https:\/\/blogdobispo.com.br\/wp-content\/uploads\/2025\/05\/5636c458-dbb5-4449-b776-ac9e1114f894-1-1024x473.jpg","type":"","width":"","height":""}],"author":"Jefferson Sterfeno","twitter_card":"summary_large_image","twitter_misc":{"Escrito por":"Jefferson Sterfeno","Est. tempo de leitura":"1 minuto"},"schema":{"@context":"https:\/\/schema.org","@graph":[{"@type":"Article","@id":"https:\/\/blogdobispo.com.br\/?p=5236#article","isPartOf":{"@id":"https:\/\/blogdobispo.com.br\/?p=5236"},"author":{"name":"Jefferson Sterfeno","@id":"https:\/\/blogdobispo.com.br\/#\/schema\/person\/e2209cc0e6cea5c5233d033e997b373f"},"headline":"Prefeitura realiza mutir\u00e3o do Cadastro \u00danico nas Quintas neste s\u00e1bado com 250 fichas","datePublished":"2025-05-07T12:43:27+00:00","mainEntityOfPage":{"@id":"https:\/\/blogdobispo.com.br\/?p=5236"},"wordCount":178,"commentCount":0,"publisher":{"@id":"https:\/\/blogdobispo.com.br\/#organization"},"image":{"@id":"https:\/\/blogdobispo.com.br\/?p=5236#primaryimage"},"thumbnailUrl":"https:\/\/blogdobispo.com.br\/wp-content\/uploads\/2025\/05\/5636c458-dbb5-4449-b776-ac9e1114f894-1-1024x473.jpg","articleSection":["diversos"],"inLanguage":"pt-BR","potentialAction":[{"@type":"CommentAction","name":"Comment","target":["https:\/\/blogdobispo.com.br\/?p=5236#respond"]}]},{"@type":"WebPage","@id":"https:\/\/blogdobispo.com.br\/?p=5236","url":"https:\/\/blogdobispo.com.br\/?p=5236","name":"Prefeitura realiza mutir\u00e3o do Cadastro \u00danico nas Quintas neste s\u00e1bado com 250 fichas - Blog do Bispo","isPartOf":{"@id":"https:\/\/blogdobispo.com.br\/#website"},"primaryImageOfPage":{"@id":"https:\/\/blogdobispo.com.br\/?p=5236#primaryimage"},"image":{"@id":"https:\/\/blogdobispo.com.br\/?p=5236#primaryimage"},"thumbnailUrl":"https:\/\/blogdobispo.com.br\/wp-content\/uploads\/2025\/05\/5636c458-dbb5-4449-b776-ac9e1114f894-1-1024x473.jpg","datePublished":"2025-05-07T12:43:27+00:00","breadcrumb":{"@id":"https:\/\/blogdobispo.com.br\/?p=5236#breadcrumb"},"inLanguage":"pt-BR","potentialAction":[{"@type":"ReadAction","target":["https:\/\/blogdobispo.com.br\/?p=5236"]}]},{"@type":"ImageObject","inLanguage":"pt-BR","@id":"https:\/\/blogdobispo.com.br\/?p=5236#primaryimage","url":"https:\/\/blogdobispo.com.br\/wp-content\/uploads\/2025\/05\/5636c458-dbb5-4449-b776-ac9e1114f894-1-1024x473.jpg","contentUrl":"https:\/\/blogdobispo.com.br\/wp-content\/uploads\/2025\/05\/5636c458-dbb5-4449-b776-ac9e1114f894-1-1024x473.jpg"},{"@type":"BreadcrumbList","@id":"https:\/\/blogdobispo.com.br\/?p=5236#breadcrumb","itemListElement":[{"@type":"ListItem","position":1,"name":"In\u00edcio","item":"https:\/\/blogdobispo.com.br\/"},{"@type":"ListItem","position":2,"name":"Prefeitura realiza mutir\u00e3o do Cadastro \u00danico nas Quintas neste s\u00e1bado com 250 fichas"}]},{"@type":"WebSite","@id":"https:\/\/blogdobispo.com.br\/#website","url":"https:\/\/blogdobispo.com.br\/","name":"Blog do Bispo","description":"Comprometido apenas com o leitor","publisher":{"@id":"https:\/\/blogdobispo.com.br\/#organization"},"potentialAction":[{"@type":"SearchAction","target":{"@type":"EntryPoint","urlTemplate":"https:\/\/blogdobispo.com.br\/?s={search_term_string}"},"query-input":{"@type":"PropertyValueSpecification","valueRequired":true,"valueName":"search_term_string"}}],"inLanguage":"pt-BR"},{"@type":"Organization","@id":"https:\/\/blogdobispo.com.br\/#organization","name":"Blog do Bispo","url":"https:\/\/blogdobispo.com.br\/","logo":{"@type":"ImageObject","inLanguage":"pt-BR","@id":"https:\/\/blogdobispo.com.br\/#\/schema\/logo\/image\/","url":"http:\/\/blogdobispo.com.br\/wp-content\/uploads\/2023\/05\/cropped-headear.png","contentUrl":"http:\/\/blogdobispo.com.br\/wp-content\/uploads\/2023\/05\/cropped-headear.png","width":1500,"height":399,"caption":"Blog do Bispo"},"image":{"@id":"https:\/\/blogdobispo.com.br\/#\/schema\/logo\/image\/"}},{"@type":"Person","@id":"https:\/\/blogdobispo.com.br\/#\/schema\/person\/e2209cc0e6cea5c5233d033e997b373f","name":"Jefferson Sterfeno","image":{"@type":"ImageObject","inLanguage":"pt-BR","@id":"https:\/\/blogdobispo.com.br\/#\/schema\/person\/image\/","url":"https:\/\/secure.gravatar.com\/avatar\/0534e84764641168a677026b6d57a3f51dc7ac4db0b4f6186d9cb330d4ee1160?s=96&d=mm&r=g","contentUrl":"https:\/\/secure.gravatar.com\/avatar\/0534e84764641168a677026b6d57a3f51dc7ac4db0b4f6186d9cb330d4ee1160?s=96&d=mm&r=g","caption":"Jefferson Sterfeno"},"sameAs":["http:\/\/blogdobispo.com.br"],"url":"https:\/\/blogdobispo.com.br\/?author=1"}]}},"featured_image_urls":{"full":"","thumbnail":"","medium":"","medium_large":"","large":"","1536x1536":"","2048x2048":""},"author_info":{"display_name":"Jefferson Sterfeno","author_link":"https:\/\/blogdobispo.com.br\/?author=1"},"category_info":"<a href=\"https:\/\/blogdobispo.com.br\/?cat=1\" rel=\"category\">diversos<\/a>","tag_info":"diversos","comment_count":"0","jetpack_featured_media_url":"","jetpack_sharing_enabled":true,"_links":{"self":[{"href":"https:\/\/blogdobispo.com.br\/index.php?rest_route=\/wp\/v2\/posts\/5236","targetHints":{"allow":["GET"]}}],"collection":[{"href":"https:\/\/blogdobispo.com.br\/index.php?rest_route=\/wp\/v2\/posts"}],"about":[{"href":"https:\/\/blogdobispo.com.br\/index.php?rest_route=\/wp\/v2\/types\/post"}],"author":[{"embeddable":true,"href":"https:\/\/blogdobispo.com.br\/index.php?rest_route=\/wp\/v2\/users\/1"}],"replies":[{"embeddable":true,"href":"https:\/\/blogdobispo.com.br\/index.php?rest_route=%2Fwp%2Fv2%2Fcomments&post=5236"}],"version-history":[{"count":0,"href":"https:\/\/blogdobispo.com.br\/index.php?rest_route=\/wp\/v2\/posts\/5236\/revisions"}],"wp:attachment":[{"href":"https:\/\/blogdobispo.com.br\/index.php?rest_route=%2Fwp%2Fv2%2Fmedia&parent=5236"}],"wp:term":[{"taxonomy":"category","embeddable":true,"href":"https:\/\/blogdobispo.com.br\/index.php?rest_route=%2Fwp%2Fv2%2Fcategories&post=5236"},{"taxonomy":"post_tag","embeddable":true,"href":"https:\/\/blogdobispo.com.br\/index.php?rest_route=%2Fwp%2Fv2%2Ftags&post=5236"}],"curies":[{"name":"wp","href":"https:\/\/api.w.org\/{rel}","templated":true}]}}