{"id":5234,"date":"2025-05-07T03:28:41","date_gmt":"2025-05-07T03:28:41","guid":{"rendered":"https:\/\/blogdobispo.com.br\/?p=5234"},"modified":"2025-05-07T03:28:41","modified_gmt":"2025-05-07T03:28:41","slug":"camara-aprova-projeto-que-aumenta-mais-dois-deputados-federais-e-seis-estaduais-no-rn-a-partir-de-2027","status":"publish","type":"post","link":"https:\/\/blogdobispo.com.br\/?p=5234","title":{"rendered":"C\u00e2mara aprova projeto que aumenta mais dois deputados federais e seis estaduais no RN a partir de 2027"},"content":{"rendered":"\n<p>A C\u00e2mara dos Deputados aprovou projeto de lei complementar (PLP) que aumenta de 513 para 531 o n\u00famero de vagas na Casa em raz\u00e3o do crescimento populacional.&nbsp;<\/p>\n\n\n\n<p>O texto mant\u00e9m o tamanho das bancadas que perderiam representantes segundo o Censo de 2022. A mudan\u00e7a ser\u00e1 a partir da legislatura de 2027.<\/p>\n\n\n\n<p>O texto a ser enviado ao Senado \u00e9 um substitutivo do relator, deputado Dami\u00e3o Feliciano (Uni\u00e3o-PB) para o Projeto de Lei Complementar (PLP) 177\/23, da deputada Dani Cunha (Uni\u00e3o-RJ). A proposta foi aprovada nesta ter\u00e7a-feira (6) no Plen\u00e1rio da C\u00e2mara.<\/p>\n\n\n\n<p><strong>Impacto or\u00e7ament\u00e1rio<\/strong><br \/>A cria\u00e7\u00e3o de novas cadeiras implicar\u00e1 impacto or\u00e7ament\u00e1rio de R$ 64,8 milh\u00f5es ao ano, segundo informa\u00e7\u00f5es da Diretoria-Geral da C\u00e2mara, a ser absorvido pelas previs\u00f5es or\u00e7ament\u00e1rias de 2027, quando come\u00e7a a pr\u00f3xima legislatura com a nova quantidade.<\/p>\n\n\n\n<p>Outro impacto que dever\u00e1 ser alocado \u00e9 o de emendas parlamentares que os novos representantes passar\u00e3o a ter direito de indicar no \u00e2mbito do Or\u00e7amento da Uni\u00e3o.<\/p>\n\n\n\n<p><strong>Assembleias estaduais<\/strong><br \/>Al\u00e9m disso, conforme determina a Constitui\u00e7\u00e3o Federal, o n\u00famero de deputados estaduais mudar\u00e1 porque a Assembleia Legislativa deve ter o triplo da representa\u00e7\u00e3o do estado na C\u00e2mara dos Deputados com uma trava de 36. Se atingido esse n\u00famero, o total ser\u00e1 os 36 mais o quanto passar de 12 na bancada federal.<\/p>\n\n\n\n<p>Dessa forma, estados que passam de 8 deputados federais (24 estaduais) para 10 ter\u00e3o assembleias com 30 deputados estaduais (tr\u00eas vezes mais).<\/p>\n\n\n\n<p>Portanto, o Rio Grande do Norte ter\u00e1 10 deputados federais e 30 estaduais a partir de 2027.<\/p>\n\n\n\n<p>Heitor Greg\u00f3rio <\/p>\n\n\n\n<figure class=\"wp-block-image size-large\"><img data-recalc-dims=\"1\" fetchpriority=\"high\" decoding=\"async\" width=\"626\" height=\"1024\" src=\"https:\/\/i0.wp.com\/blogdobispo.com.br\/wp-content\/uploads\/2025\/05\/img_4241-1-626x1024.jpg?resize=626%2C1024&#038;ssl=1\" class=\"wp-image-5233\" srcset=\"https:\/\/i0.wp.com\/blogdobispo.com.br\/wp-content\/uploads\/2025\/05\/img_4241-1.jpg?resize=626%2C1024&amp;ssl=1 626w, https:\/\/i0.wp.com\/blogdobispo.com.br\/wp-content\/uploads\/2025\/05\/img_4241-1.jpg?resize=183%2C300&amp;ssl=1 183w, https:\/\/i0.wp.com\/blogdobispo.com.br\/wp-content\/uploads\/2025\/05\/img_4241-1.jpg?resize=768%2C1256&amp;ssl=1 768w, https:\/\/i0.wp.com\/blogdobispo.com.br\/wp-content\/uploads\/2025\/05\/img_4241-1.jpg?resize=939%2C1536&amp;ssl=1 939w, https:\/\/i0.wp.com\/blogdobispo.com.br\/wp-content\/uploads\/2025\/05\/img_4241-1.jpg?resize=1024%2C1675&amp;ssl=1 1024w, https:\/\/i0.wp.com\/blogdobispo.com.br\/wp-content\/uploads\/2025\/05\/img_4241-1.jpg?w=1090&amp;ssl=1 1090w\" sizes=\"(max-width: 626px) 100vw, 626px\" \/><\/figure>\n","protected":false},"excerpt":{"rendered":"<p>A C\u00e2mara dos Deputados aprovou projeto de lei complementar (PLP) que aumenta de 513 para 531 o n\u00famero de vagas na Casa em raz\u00e3o do crescimento populacional.&nbsp; O texto mant\u00e9m o tamanho das bancadas que perderiam representantes segundo o Censo de 2022. A mudan\u00e7a ser\u00e1 a partir da legislatura de 2027. O texto a ser [&hellip;]<\/p>\n","protected":false},"author":1,"featured_media":0,"comment_status":"open","ping_status":"open","sticky":false,"template":"","format":"standard","meta":{"cybocfi_hide_featured_image":"","_jetpack_memberships_contains_paid_content":false,"footnotes":""},"categories":[1],"tags":[],"class_list":["post-5234","post","type-post","status-publish","format-standard","hentry","category-diversos"],"yoast_head":"<!-- This site is optimized with the Yoast SEO plugin v25.6 - https:\/\/yoast.com\/wordpress\/plugins\/seo\/ -->\n<title>C\u00e2mara aprova projeto que aumenta mais dois deputados federais e seis estaduais no RN a partir de 2027 - Blog do Bispo<\/title>\n<meta name=\"robots\" content=\"index, follow, max-snippet:-1, max-image-preview:large, max-video-preview:-1\" \/>\n<link rel=\"canonical\" href=\"https:\/\/blogdobispo.com.br\/?p=5234\" \/>\n<meta property=\"og:locale\" content=\"pt_BR\" \/>\n<meta property=\"og:type\" content=\"article\" \/>\n<meta property=\"og:title\" content=\"C\u00e2mara aprova projeto que aumenta mais dois deputados federais e seis estaduais no RN a partir de 2027 - Blog do Bispo\" \/>\n<meta property=\"og:description\" content=\"A C\u00e2mara dos Deputados aprovou projeto de lei complementar (PLP) que aumenta de 513 para 531 o n\u00famero de vagas na Casa em raz\u00e3o do crescimento populacional.&nbsp; O texto mant\u00e9m o tamanho das bancadas que perderiam representantes segundo o Censo de 2022. A mudan\u00e7a ser\u00e1 a partir da legislatura de 2027. O texto a ser [&hellip;]\" \/>\n<meta property=\"og:url\" content=\"https:\/\/blogdobispo.com.br\/?p=5234\" \/>\n<meta property=\"og:site_name\" content=\"Blog do Bispo\" \/>\n<meta property=\"article:published_time\" content=\"2025-05-07T03:28:41+00:00\" \/>\n<meta property=\"og:image\" content=\"https:\/\/blogdobispo.com.br\/wp-content\/uploads\/2025\/05\/img_4241-1-626x1024.jpg\" \/>\n<meta name=\"author\" content=\"Jefferson Sterfeno\" \/>\n<meta name=\"twitter:card\" content=\"summary_large_image\" \/>\n<meta name=\"twitter:label1\" content=\"Escrito por\" \/>\n\t<meta name=\"twitter:data1\" content=\"Jefferson Sterfeno\" \/>\n\t<meta name=\"twitter:label2\" content=\"Est. tempo de leitura\" \/>\n\t<meta name=\"twitter:data2\" content=\"1 minuto\" \/>\n<script type=\"application\/ld+json\" class=\"yoast-schema-graph\">{\"@context\":\"https:\/\/schema.org\",\"@graph\":[{\"@type\":\"Article\",\"@id\":\"https:\/\/blogdobispo.com.br\/?p=5234#article\",\"isPartOf\":{\"@id\":\"https:\/\/blogdobispo.com.br\/?p=5234\"},\"author\":{\"name\":\"Jefferson Sterfeno\",\"@id\":\"https:\/\/blogdobispo.com.br\/#\/schema\/person\/e2209cc0e6cea5c5233d033e997b373f\"},\"headline\":\"C\u00e2mara aprova projeto que aumenta mais dois deputados federais e seis estaduais no RN a partir de 2027\",\"datePublished\":\"2025-05-07T03:28:41+00:00\",\"mainEntityOfPage\":{\"@id\":\"https:\/\/blogdobispo.com.br\/?p=5234\"},\"wordCount\":287,\"commentCount\":0,\"publisher\":{\"@id\":\"https:\/\/blogdobispo.com.br\/#organization\"},\"image\":{\"@id\":\"https:\/\/blogdobispo.com.br\/?p=5234#primaryimage\"},\"thumbnailUrl\":\"https:\/\/blogdobispo.com.br\/wp-content\/uploads\/2025\/05\/img_4241-1-626x1024.jpg\",\"articleSection\":[\"diversos\"],\"inLanguage\":\"pt-BR\",\"potentialAction\":[{\"@type\":\"CommentAction\",\"name\":\"Comment\",\"target\":[\"https:\/\/blogdobispo.com.br\/?p=5234#respond\"]}]},{\"@type\":\"WebPage\",\"@id\":\"https:\/\/blogdobispo.com.br\/?p=5234\",\"url\":\"https:\/\/blogdobispo.com.br\/?p=5234\",\"name\":\"C\u00e2mara aprova projeto que aumenta mais dois deputados federais e seis estaduais no RN a partir de 2027 - Blog do Bispo\",\"isPartOf\":{\"@id\":\"https:\/\/blogdobispo.com.br\/#website\"},\"primaryImageOfPage\":{\"@id\":\"https:\/\/blogdobispo.com.br\/?p=5234#primaryimage\"},\"image\":{\"@id\":\"https:\/\/blogdobispo.com.br\/?p=5234#primaryimage\"},\"thumbnailUrl\":\"https:\/\/blogdobispo.com.br\/wp-content\/uploads\/2025\/05\/img_4241-1-626x1024.jpg\",\"datePublished\":\"2025-05-07T03:28:41+00:00\",\"breadcrumb\":{\"@id\":\"https:\/\/blogdobispo.com.br\/?p=5234#breadcrumb\"},\"inLanguage\":\"pt-BR\",\"potentialAction\":[{\"@type\":\"ReadAction\",\"target\":[\"https:\/\/blogdobispo.com.br\/?p=5234\"]}]},{\"@type\":\"ImageObject\",\"inLanguage\":\"pt-BR\",\"@id\":\"https:\/\/blogdobispo.com.br\/?p=5234#primaryimage\",\"url\":\"https:\/\/blogdobispo.com.br\/wp-content\/uploads\/2025\/05\/img_4241-1-626x1024.jpg\",\"contentUrl\":\"https:\/\/blogdobispo.com.br\/wp-content\/uploads\/2025\/05\/img_4241-1-626x1024.jpg\"},{\"@type\":\"BreadcrumbList\",\"@id\":\"https:\/\/blogdobispo.com.br\/?p=5234#breadcrumb\",\"itemListElement\":[{\"@type\":\"ListItem\",\"position\":1,\"name\":\"In\u00edcio\",\"item\":\"https:\/\/blogdobispo.com.br\/\"},{\"@type\":\"ListItem\",\"position\":2,\"name\":\"C\u00e2mara aprova projeto que aumenta mais dois deputados federais e seis estaduais no RN a partir de 2027\"}]},{\"@type\":\"WebSite\",\"@id\":\"https:\/\/blogdobispo.com.br\/#website\",\"url\":\"https:\/\/blogdobispo.com.br\/\",\"name\":\"Blog do Bispo\",\"description\":\"Comprometido apenas com o leitor\",\"publisher\":{\"@id\":\"https:\/\/blogdobispo.com.br\/#organization\"},\"potentialAction\":[{\"@type\":\"SearchAction\",\"target\":{\"@type\":\"EntryPoint\",\"urlTemplate\":\"https:\/\/blogdobispo.com.br\/?s={search_term_string}\"},\"query-input\":{\"@type\":\"PropertyValueSpecification\",\"valueRequired\":true,\"valueName\":\"search_term_string\"}}],\"inLanguage\":\"pt-BR\"},{\"@type\":\"Organization\",\"@id\":\"https:\/\/blogdobispo.com.br\/#organization\",\"name\":\"Blog do Bispo\",\"url\":\"https:\/\/blogdobispo.com.br\/\",\"logo\":{\"@type\":\"ImageObject\",\"inLanguage\":\"pt-BR\",\"@id\":\"https:\/\/blogdobispo.com.br\/#\/schema\/logo\/image\/\",\"url\":\"http:\/\/blogdobispo.com.br\/wp-content\/uploads\/2023\/05\/cropped-headear.png\",\"contentUrl\":\"http:\/\/blogdobispo.com.br\/wp-content\/uploads\/2023\/05\/cropped-headear.png\",\"width\":1500,\"height\":399,\"caption\":\"Blog do Bispo\"},\"image\":{\"@id\":\"https:\/\/blogdobispo.com.br\/#\/schema\/logo\/image\/\"}},{\"@type\":\"Person\",\"@id\":\"https:\/\/blogdobispo.com.br\/#\/schema\/person\/e2209cc0e6cea5c5233d033e997b373f\",\"name\":\"Jefferson Sterfeno\",\"image\":{\"@type\":\"ImageObject\",\"inLanguage\":\"pt-BR\",\"@id\":\"https:\/\/blogdobispo.com.br\/#\/schema\/person\/image\/\",\"url\":\"https:\/\/secure.gravatar.com\/avatar\/0534e84764641168a677026b6d57a3f51dc7ac4db0b4f6186d9cb330d4ee1160?s=96&d=mm&r=g\",\"contentUrl\":\"https:\/\/secure.gravatar.com\/avatar\/0534e84764641168a677026b6d57a3f51dc7ac4db0b4f6186d9cb330d4ee1160?s=96&d=mm&r=g\",\"caption\":\"Jefferson Sterfeno\"},\"sameAs\":[\"http:\/\/blogdobispo.com.br\"],\"url\":\"https:\/\/blogdobispo.com.br\/?author=1\"}]}<\/script>\n<!-- \/ Yoast SEO plugin. -->","yoast_head_json":{"title":"C\u00e2mara aprova projeto que aumenta mais dois deputados federais e seis estaduais no RN a partir de 2027 - Blog do Bispo","robots":{"index":"index","follow":"follow","max-snippet":"max-snippet:-1","max-image-preview":"max-image-preview:large","max-video-preview":"max-video-preview:-1"},"canonical":"https:\/\/blogdobispo.com.br\/?p=5234","og_locale":"pt_BR","og_type":"article","og_title":"C\u00e2mara aprova projeto que aumenta mais dois deputados federais e seis estaduais no RN a partir de 2027 - Blog do Bispo","og_description":"A C\u00e2mara dos Deputados aprovou projeto de lei complementar (PLP) que aumenta de 513 para 531 o n\u00famero de vagas na Casa em raz\u00e3o do crescimento populacional.&nbsp; O texto mant\u00e9m o tamanho das bancadas que perderiam representantes segundo o Censo de 2022. A mudan\u00e7a ser\u00e1 a partir da legislatura de 2027. O texto a ser [&hellip;]","og_url":"https:\/\/blogdobispo.com.br\/?p=5234","og_site_name":"Blog do Bispo","article_published_time":"2025-05-07T03:28:41+00:00","og_image":[{"url":"https:\/\/blogdobispo.com.br\/wp-content\/uploads\/2025\/05\/img_4241-1-626x1024.jpg","type":"","width":"","height":""}],"author":"Jefferson Sterfeno","twitter_card":"summary_large_image","twitter_misc":{"Escrito por":"Jefferson Sterfeno","Est. tempo de leitura":"1 minuto"},"schema":{"@context":"https:\/\/schema.org","@graph":[{"@type":"Article","@id":"https:\/\/blogdobispo.com.br\/?p=5234#article","isPartOf":{"@id":"https:\/\/blogdobispo.com.br\/?p=5234"},"author":{"name":"Jefferson Sterfeno","@id":"https:\/\/blogdobispo.com.br\/#\/schema\/person\/e2209cc0e6cea5c5233d033e997b373f"},"headline":"C\u00e2mara aprova projeto que aumenta mais dois deputados federais e seis estaduais no RN a partir de 2027","datePublished":"2025-05-07T03:28:41+00:00","mainEntityOfPage":{"@id":"https:\/\/blogdobispo.com.br\/?p=5234"},"wordCount":287,"commentCount":0,"publisher":{"@id":"https:\/\/blogdobispo.com.br\/#organization"},"image":{"@id":"https:\/\/blogdobispo.com.br\/?p=5234#primaryimage"},"thumbnailUrl":"https:\/\/blogdobispo.com.br\/wp-content\/uploads\/2025\/05\/img_4241-1-626x1024.jpg","articleSection":["diversos"],"inLanguage":"pt-BR","potentialAction":[{"@type":"CommentAction","name":"Comment","target":["https:\/\/blogdobispo.com.br\/?p=5234#respond"]}]},{"@type":"WebPage","@id":"https:\/\/blogdobispo.com.br\/?p=5234","url":"https:\/\/blogdobispo.com.br\/?p=5234","name":"C\u00e2mara aprova projeto que aumenta mais dois deputados federais e seis estaduais no RN a partir de 2027 - Blog do Bispo","isPartOf":{"@id":"https:\/\/blogdobispo.com.br\/#website"},"primaryImageOfPage":{"@id":"https:\/\/blogdobispo.com.br\/?p=5234#primaryimage"},"image":{"@id":"https:\/\/blogdobispo.com.br\/?p=5234#primaryimage"},"thumbnailUrl":"https:\/\/blogdobispo.com.br\/wp-content\/uploads\/2025\/05\/img_4241-1-626x1024.jpg","datePublished":"2025-05-07T03:28:41+00:00","breadcrumb":{"@id":"https:\/\/blogdobispo.com.br\/?p=5234#breadcrumb"},"inLanguage":"pt-BR","potentialAction":[{"@type":"ReadAction","target":["https:\/\/blogdobispo.com.br\/?p=5234"]}]},{"@type":"ImageObject","inLanguage":"pt-BR","@id":"https:\/\/blogdobispo.com.br\/?p=5234#primaryimage","url":"https:\/\/blogdobispo.com.br\/wp-content\/uploads\/2025\/05\/img_4241-1-626x1024.jpg","contentUrl":"https:\/\/blogdobispo.com.br\/wp-content\/uploads\/2025\/05\/img_4241-1-626x1024.jpg"},{"@type":"BreadcrumbList","@id":"https:\/\/blogdobispo.com.br\/?p=5234#breadcrumb","itemListElement":[{"@type":"ListItem","position":1,"name":"In\u00edcio","item":"https:\/\/blogdobispo.com.br\/"},{"@type":"ListItem","position":2,"name":"C\u00e2mara aprova projeto que aumenta mais dois deputados federais e seis estaduais no RN a partir de 2027"}]},{"@type":"WebSite","@id":"https:\/\/blogdobispo.com.br\/#website","url":"https:\/\/blogdobispo.com.br\/","name":"Blog do Bispo","description":"Comprometido apenas com o leitor","publisher":{"@id":"https:\/\/blogdobispo.com.br\/#organization"},"potentialAction":[{"@type":"SearchAction","target":{"@type":"EntryPoint","urlTemplate":"https:\/\/blogdobispo.com.br\/?s={search_term_string}"},"query-input":{"@type":"PropertyValueSpecification","valueRequired":true,"valueName":"search_term_string"}}],"inLanguage":"pt-BR"},{"@type":"Organization","@id":"https:\/\/blogdobispo.com.br\/#organization","name":"Blog do Bispo","url":"https:\/\/blogdobispo.com.br\/","logo":{"@type":"ImageObject","inLanguage":"pt-BR","@id":"https:\/\/blogdobispo.com.br\/#\/schema\/logo\/image\/","url":"http:\/\/blogdobispo.com.br\/wp-content\/uploads\/2023\/05\/cropped-headear.png","contentUrl":"http:\/\/blogdobispo.com.br\/wp-content\/uploads\/2023\/05\/cropped-headear.png","width":1500,"height":399,"caption":"Blog do Bispo"},"image":{"@id":"https:\/\/blogdobispo.com.br\/#\/schema\/logo\/image\/"}},{"@type":"Person","@id":"https:\/\/blogdobispo.com.br\/#\/schema\/person\/e2209cc0e6cea5c5233d033e997b373f","name":"Jefferson Sterfeno","image":{"@type":"ImageObject","inLanguage":"pt-BR","@id":"https:\/\/blogdobispo.com.br\/#\/schema\/person\/image\/","url":"https:\/\/secure.gravatar.com\/avatar\/0534e84764641168a677026b6d57a3f51dc7ac4db0b4f6186d9cb330d4ee1160?s=96&d=mm&r=g","contentUrl":"https:\/\/secure.gravatar.com\/avatar\/0534e84764641168a677026b6d57a3f51dc7ac4db0b4f6186d9cb330d4ee1160?s=96&d=mm&r=g","caption":"Jefferson Sterfeno"},"sameAs":["http:\/\/blogdobispo.com.br"],"url":"https:\/\/blogdobispo.com.br\/?author=1"}]}},"featured_image_urls":{"full":"","thumbnail":"","medium":"","medium_large":"","large":"","1536x1536":"","2048x2048":""},"author_info":{"display_name":"Jefferson Sterfeno","author_link":"https:\/\/blogdobispo.com.br\/?author=1"},"category_info":"<a href=\"https:\/\/blogdobispo.com.br\/?cat=1\" rel=\"category\">diversos<\/a>","tag_info":"diversos","comment_count":"0","jetpack_featured_media_url":"","jetpack_sharing_enabled":true,"_links":{"self":[{"href":"https:\/\/blogdobispo.com.br\/index.php?rest_route=\/wp\/v2\/posts\/5234","targetHints":{"allow":["GET"]}}],"collection":[{"href":"https:\/\/blogdobispo.com.br\/index.php?rest_route=\/wp\/v2\/posts"}],"about":[{"href":"https:\/\/blogdobispo.com.br\/index.php?rest_route=\/wp\/v2\/types\/post"}],"author":[{"embeddable":true,"href":"https:\/\/blogdobispo.com.br\/index.php?rest_route=\/wp\/v2\/users\/1"}],"replies":[{"embeddable":true,"href":"https:\/\/blogdobispo.com.br\/index.php?rest_route=%2Fwp%2Fv2%2Fcomments&post=5234"}],"version-history":[{"count":0,"href":"https:\/\/blogdobispo.com.br\/index.php?rest_route=\/wp\/v2\/posts\/5234\/revisions"}],"wp:attachment":[{"href":"https:\/\/blogdobispo.com.br\/index.php?rest_route=%2Fwp%2Fv2%2Fmedia&parent=5234"}],"wp:term":[{"taxonomy":"category","embeddable":true,"href":"https:\/\/blogdobispo.com.br\/index.php?rest_route=%2Fwp%2Fv2%2Fcategories&post=5234"},{"taxonomy":"post_tag","embeddable":true,"href":"https:\/\/blogdobispo.com.br\/index.php?rest_route=%2Fwp%2Fv2%2Ftags&post=5234"}],"curies":[{"name":"wp","href":"https:\/\/api.w.org\/{rel}","templated":true}]}}