{"id":5229,"date":"2025-05-06T22:49:23","date_gmt":"2025-05-06T22:49:23","guid":{"rendered":"https:\/\/blogdobispo.com.br\/?p=5229"},"modified":"2025-05-06T22:49:23","modified_gmt":"2025-05-06T22:49:23","slug":"daniel-discute-inclusao-digital-com-federacao-de-esportes-eletronicos","status":"publish","type":"post","link":"https:\/\/blogdobispo.com.br\/?p=5229","title":{"rendered":"Daniel discute inclus\u00e3o digital com Federa\u00e7\u00e3o de Esportes Eletr\u00f4nicos"},"content":{"rendered":"\n<figure class=\"wp-block-image size-large\"><img data-recalc-dims=\"1\" fetchpriority=\"high\" decoding=\"async\" width=\"800\" height=\"600\" src=\"https:\/\/i0.wp.com\/blogdobispo.com.br\/wp-content\/uploads\/2025\/05\/fc02a6eb-cc5e-46c0-bf68-099f50ecda3c-1-1024x768.jpg?resize=800%2C600&#038;ssl=1\" class=\"wp-image-5228\" srcset=\"https:\/\/i0.wp.com\/blogdobispo.com.br\/wp-content\/uploads\/2025\/05\/fc02a6eb-cc5e-46c0-bf68-099f50ecda3c-1.jpg?resize=1024%2C768&amp;ssl=1 1024w, https:\/\/i0.wp.com\/blogdobispo.com.br\/wp-content\/uploads\/2025\/05\/fc02a6eb-cc5e-46c0-bf68-099f50ecda3c-1.jpg?resize=300%2C225&amp;ssl=1 300w, https:\/\/i0.wp.com\/blogdobispo.com.br\/wp-content\/uploads\/2025\/05\/fc02a6eb-cc5e-46c0-bf68-099f50ecda3c-1.jpg?resize=768%2C576&amp;ssl=1 768w, https:\/\/i0.wp.com\/blogdobispo.com.br\/wp-content\/uploads\/2025\/05\/fc02a6eb-cc5e-46c0-bf68-099f50ecda3c-1.jpg?resize=1536%2C1152&amp;ssl=1 1536w, https:\/\/i0.wp.com\/blogdobispo.com.br\/wp-content\/uploads\/2025\/05\/fc02a6eb-cc5e-46c0-bf68-099f50ecda3c-1.jpg?w=2000&amp;ssl=1 2000w, https:\/\/i0.wp.com\/blogdobispo.com.br\/wp-content\/uploads\/2025\/05\/fc02a6eb-cc5e-46c0-bf68-099f50ecda3c-1.jpg?w=1600 1600w\" sizes=\"(max-width: 800px) 100vw, 800px\" \/><\/figure>\n\n\n\n<p><\/p>\n\n\n\n<p>O vereador Daniel Santiago recebeu, na tarde desta ter\u00e7a-feira, 06, a presidente da Federa\u00e7\u00e3o de Esportes Eletr\u00f4nicos, T\u00e1bata Diniz, para debater inclus\u00e3o digital e forma\u00e7\u00e3o cidad\u00e3 no ambiente digital. Durante o encontro, foram apresentados projetos voltados para o uso da tecnologia na educa\u00e7\u00e3o e no desenvolvimento de jovens, com foco no potencial dos esportes eletr\u00f4nicos como ferramenta de profissionaliza\u00e7\u00e3o e inclus\u00e3o.<\/p>\n\n\n\n<p>T\u00e1bata destacou a import\u00e2ncia da iniciativa para a juventude: &#8220;Essa \u00e9 uma iniciativa important\u00edssima para nossa juventude, pois al\u00e9m de proporcionar acesso \u00e0 tecnologia, tamb\u00e9m abre oportunidades de profissionaliza\u00e7\u00e3o. O esporte eletr\u00f4nico \u00e9 uma poderosa ferramenta para desenvolver habilidades essenciais como trabalho em equipe, lideran\u00e7a, racioc\u00ednio l\u00f3gico e at\u00e9 mesmo novas carreiras no mercado de tecnologia. E, acima de tudo, \u00e9 uma porta de entrada para a cidadania digital, que prepara as pessoas para um futuro mais conectado e consciente&#8221;, afirmou T\u00e1bata.<\/p>\n\n\n\n<p>Por sua vez, o vereador Daniel Santiago enfatizou a necessidade de expandir a inclus\u00e3o digital, com foco tamb\u00e9m em p\u00fablicos espec\u00edficos. \u201cAl\u00e9m do uso respons\u00e1vel e educacional da internet, \u00e9 crucial garantir a inclus\u00e3o digital para pessoas com defici\u00eancia, especialmente para o p\u00fablico autista. A forma\u00e7\u00e3o cidad\u00e3 digital deve ser acess\u00edvel para todos, sem exce\u00e7\u00e3o, e precisamos garantir que as tecnologias sirvam como ferramentas de acessibilidade e oportunidade para todos\u201d, destacou.<\/p>\n\n\n\n<p>De acordo com dados do IBGE (PNAD Cont\u00ednua TIC, 2023), mais de 84% da popula\u00e7\u00e3o brasileira tem acesso \u00e0 internet, mas o uso qualificado e seguro da tecnologia ainda \u00e9 um desafio. Nesse contexto, a educa\u00e7\u00e3o digital vai muito al\u00e9m do simples acesso \u00e0 rede: envolve temas como seguran\u00e7a cibern\u00e9tica, combate \u00e0 desinforma\u00e7\u00e3o e, principalmente, a promo\u00e7\u00e3o de respeito e \u00e9tica no ambiente virtual.<\/p>\n\n\n\n<p>Daniel vai analisar sugest\u00f5es de projetos de lei e articular reuni\u00f5es com gestores municipais para discutir pol\u00edticas p\u00fablicas que promovam cidadania digital em escolas, comunidades e outros espa\u00e7os da cidade. \u201cQueremos nossa cidade mais conectada e consciente. A inclus\u00e3o digital, especialmente para grupos como os autistas, deve ser uma prioridade. Precisamos garantir que a tecnologia seja um instrumento de igualdade para todos\u201d, afirmou.<\/p>\n","protected":false},"excerpt":{"rendered":"<p>O vereador Daniel Santiago recebeu, na tarde desta ter\u00e7a-feira, 06, a presidente da Federa\u00e7\u00e3o de Esportes Eletr\u00f4nicos, T\u00e1bata Diniz, para debater inclus\u00e3o digital e forma\u00e7\u00e3o cidad\u00e3 no ambiente digital. Durante o encontro, foram apresentados projetos voltados para o uso da tecnologia na educa\u00e7\u00e3o e no desenvolvimento de jovens, com foco no potencial dos esportes eletr\u00f4nicos [&hellip;]<\/p>\n","protected":false},"author":1,"featured_media":0,"comment_status":"open","ping_status":"open","sticky":false,"template":"","format":"standard","meta":{"cybocfi_hide_featured_image":"","_jetpack_memberships_contains_paid_content":false,"footnotes":""},"categories":[1],"tags":[],"class_list":["post-5229","post","type-post","status-publish","format-standard","hentry","category-diversos"],"yoast_head":"<!-- This site is optimized with the Yoast SEO plugin v25.6 - https:\/\/yoast.com\/wordpress\/plugins\/seo\/ -->\n<title>Daniel discute inclus\u00e3o digital com Federa\u00e7\u00e3o de Esportes Eletr\u00f4nicos - Blog do Bispo<\/title>\n<meta name=\"robots\" content=\"index, follow, max-snippet:-1, max-image-preview:large, max-video-preview:-1\" \/>\n<link rel=\"canonical\" href=\"https:\/\/blogdobispo.com.br\/?p=5229\" \/>\n<meta property=\"og:locale\" content=\"pt_BR\" \/>\n<meta property=\"og:type\" content=\"article\" \/>\n<meta property=\"og:title\" content=\"Daniel discute inclus\u00e3o digital com Federa\u00e7\u00e3o de Esportes Eletr\u00f4nicos - Blog do Bispo\" \/>\n<meta property=\"og:description\" content=\"O vereador Daniel Santiago recebeu, na tarde desta ter\u00e7a-feira, 06, a presidente da Federa\u00e7\u00e3o de Esportes Eletr\u00f4nicos, T\u00e1bata Diniz, para debater inclus\u00e3o digital e forma\u00e7\u00e3o cidad\u00e3 no ambiente digital. Durante o encontro, foram apresentados projetos voltados para o uso da tecnologia na educa\u00e7\u00e3o e no desenvolvimento de jovens, com foco no potencial dos esportes eletr\u00f4nicos [&hellip;]\" \/>\n<meta property=\"og:url\" content=\"https:\/\/blogdobispo.com.br\/?p=5229\" \/>\n<meta property=\"og:site_name\" content=\"Blog do Bispo\" \/>\n<meta property=\"article:published_time\" content=\"2025-05-06T22:49:23+00:00\" \/>\n<meta property=\"og:image\" content=\"https:\/\/blogdobispo.com.br\/wp-content\/uploads\/2025\/05\/fc02a6eb-cc5e-46c0-bf68-099f50ecda3c-1-1024x768.jpg\" \/>\n<meta name=\"author\" content=\"Jefferson Sterfeno\" \/>\n<meta name=\"twitter:card\" content=\"summary_large_image\" \/>\n<meta name=\"twitter:label1\" content=\"Escrito por\" \/>\n\t<meta name=\"twitter:data1\" content=\"Jefferson Sterfeno\" \/>\n\t<meta name=\"twitter:label2\" content=\"Est. tempo de leitura\" \/>\n\t<meta name=\"twitter:data2\" content=\"2 minutos\" \/>\n<script type=\"application\/ld+json\" class=\"yoast-schema-graph\">{\"@context\":\"https:\/\/schema.org\",\"@graph\":[{\"@type\":\"Article\",\"@id\":\"https:\/\/blogdobispo.com.br\/?p=5229#article\",\"isPartOf\":{\"@id\":\"https:\/\/blogdobispo.com.br\/?p=5229\"},\"author\":{\"name\":\"Jefferson Sterfeno\",\"@id\":\"https:\/\/blogdobispo.com.br\/#\/schema\/person\/e2209cc0e6cea5c5233d033e997b373f\"},\"headline\":\"Daniel discute inclus\u00e3o digital com Federa\u00e7\u00e3o de Esportes Eletr\u00f4nicos\",\"datePublished\":\"2025-05-06T22:49:23+00:00\",\"mainEntityOfPage\":{\"@id\":\"https:\/\/blogdobispo.com.br\/?p=5229\"},\"wordCount\":388,\"commentCount\":0,\"publisher\":{\"@id\":\"https:\/\/blogdobispo.com.br\/#organization\"},\"image\":{\"@id\":\"https:\/\/blogdobispo.com.br\/?p=5229#primaryimage\"},\"thumbnailUrl\":\"https:\/\/blogdobispo.com.br\/wp-content\/uploads\/2025\/05\/fc02a6eb-cc5e-46c0-bf68-099f50ecda3c-1-1024x768.jpg\",\"articleSection\":[\"diversos\"],\"inLanguage\":\"pt-BR\",\"potentialAction\":[{\"@type\":\"CommentAction\",\"name\":\"Comment\",\"target\":[\"https:\/\/blogdobispo.com.br\/?p=5229#respond\"]}]},{\"@type\":\"WebPage\",\"@id\":\"https:\/\/blogdobispo.com.br\/?p=5229\",\"url\":\"https:\/\/blogdobispo.com.br\/?p=5229\",\"name\":\"Daniel discute inclus\u00e3o digital com Federa\u00e7\u00e3o de Esportes Eletr\u00f4nicos - Blog do Bispo\",\"isPartOf\":{\"@id\":\"https:\/\/blogdobispo.com.br\/#website\"},\"primaryImageOfPage\":{\"@id\":\"https:\/\/blogdobispo.com.br\/?p=5229#primaryimage\"},\"image\":{\"@id\":\"https:\/\/blogdobispo.com.br\/?p=5229#primaryimage\"},\"thumbnailUrl\":\"https:\/\/blogdobispo.com.br\/wp-content\/uploads\/2025\/05\/fc02a6eb-cc5e-46c0-bf68-099f50ecda3c-1-1024x768.jpg\",\"datePublished\":\"2025-05-06T22:49:23+00:00\",\"breadcrumb\":{\"@id\":\"https:\/\/blogdobispo.com.br\/?p=5229#breadcrumb\"},\"inLanguage\":\"pt-BR\",\"potentialAction\":[{\"@type\":\"ReadAction\",\"target\":[\"https:\/\/blogdobispo.com.br\/?p=5229\"]}]},{\"@type\":\"ImageObject\",\"inLanguage\":\"pt-BR\",\"@id\":\"https:\/\/blogdobispo.com.br\/?p=5229#primaryimage\",\"url\":\"https:\/\/blogdobispo.com.br\/wp-content\/uploads\/2025\/05\/fc02a6eb-cc5e-46c0-bf68-099f50ecda3c-1-1024x768.jpg\",\"contentUrl\":\"https:\/\/blogdobispo.com.br\/wp-content\/uploads\/2025\/05\/fc02a6eb-cc5e-46c0-bf68-099f50ecda3c-1-1024x768.jpg\"},{\"@type\":\"BreadcrumbList\",\"@id\":\"https:\/\/blogdobispo.com.br\/?p=5229#breadcrumb\",\"itemListElement\":[{\"@type\":\"ListItem\",\"position\":1,\"name\":\"In\u00edcio\",\"item\":\"https:\/\/blogdobispo.com.br\/\"},{\"@type\":\"ListItem\",\"position\":2,\"name\":\"Daniel discute inclus\u00e3o digital com Federa\u00e7\u00e3o de Esportes Eletr\u00f4nicos\"}]},{\"@type\":\"WebSite\",\"@id\":\"https:\/\/blogdobispo.com.br\/#website\",\"url\":\"https:\/\/blogdobispo.com.br\/\",\"name\":\"Blog do Bispo\",\"description\":\"Comprometido apenas com o leitor\",\"publisher\":{\"@id\":\"https:\/\/blogdobispo.com.br\/#organization\"},\"potentialAction\":[{\"@type\":\"SearchAction\",\"target\":{\"@type\":\"EntryPoint\",\"urlTemplate\":\"https:\/\/blogdobispo.com.br\/?s={search_term_string}\"},\"query-input\":{\"@type\":\"PropertyValueSpecification\",\"valueRequired\":true,\"valueName\":\"search_term_string\"}}],\"inLanguage\":\"pt-BR\"},{\"@type\":\"Organization\",\"@id\":\"https:\/\/blogdobispo.com.br\/#organization\",\"name\":\"Blog do Bispo\",\"url\":\"https:\/\/blogdobispo.com.br\/\",\"logo\":{\"@type\":\"ImageObject\",\"inLanguage\":\"pt-BR\",\"@id\":\"https:\/\/blogdobispo.com.br\/#\/schema\/logo\/image\/\",\"url\":\"http:\/\/blogdobispo.com.br\/wp-content\/uploads\/2023\/05\/cropped-headear.png\",\"contentUrl\":\"http:\/\/blogdobispo.com.br\/wp-content\/uploads\/2023\/05\/cropped-headear.png\",\"width\":1500,\"height\":399,\"caption\":\"Blog do Bispo\"},\"image\":{\"@id\":\"https:\/\/blogdobispo.com.br\/#\/schema\/logo\/image\/\"}},{\"@type\":\"Person\",\"@id\":\"https:\/\/blogdobispo.com.br\/#\/schema\/person\/e2209cc0e6cea5c5233d033e997b373f\",\"name\":\"Jefferson Sterfeno\",\"image\":{\"@type\":\"ImageObject\",\"inLanguage\":\"pt-BR\",\"@id\":\"https:\/\/blogdobispo.com.br\/#\/schema\/person\/image\/\",\"url\":\"https:\/\/secure.gravatar.com\/avatar\/0534e84764641168a677026b6d57a3f51dc7ac4db0b4f6186d9cb330d4ee1160?s=96&d=mm&r=g\",\"contentUrl\":\"https:\/\/secure.gravatar.com\/avatar\/0534e84764641168a677026b6d57a3f51dc7ac4db0b4f6186d9cb330d4ee1160?s=96&d=mm&r=g\",\"caption\":\"Jefferson Sterfeno\"},\"sameAs\":[\"http:\/\/blogdobispo.com.br\"],\"url\":\"https:\/\/blogdobispo.com.br\/?author=1\"}]}<\/script>\n<!-- \/ Yoast SEO plugin. -->","yoast_head_json":{"title":"Daniel discute inclus\u00e3o digital com Federa\u00e7\u00e3o de Esportes Eletr\u00f4nicos - Blog do Bispo","robots":{"index":"index","follow":"follow","max-snippet":"max-snippet:-1","max-image-preview":"max-image-preview:large","max-video-preview":"max-video-preview:-1"},"canonical":"https:\/\/blogdobispo.com.br\/?p=5229","og_locale":"pt_BR","og_type":"article","og_title":"Daniel discute inclus\u00e3o digital com Federa\u00e7\u00e3o de Esportes Eletr\u00f4nicos - Blog do Bispo","og_description":"O vereador Daniel Santiago recebeu, na tarde desta ter\u00e7a-feira, 06, a presidente da Federa\u00e7\u00e3o de Esportes Eletr\u00f4nicos, T\u00e1bata Diniz, para debater inclus\u00e3o digital e forma\u00e7\u00e3o cidad\u00e3 no ambiente digital. Durante o encontro, foram apresentados projetos voltados para o uso da tecnologia na educa\u00e7\u00e3o e no desenvolvimento de jovens, com foco no potencial dos esportes eletr\u00f4nicos [&hellip;]","og_url":"https:\/\/blogdobispo.com.br\/?p=5229","og_site_name":"Blog do Bispo","article_published_time":"2025-05-06T22:49:23+00:00","og_image":[{"url":"https:\/\/blogdobispo.com.br\/wp-content\/uploads\/2025\/05\/fc02a6eb-cc5e-46c0-bf68-099f50ecda3c-1-1024x768.jpg","type":"","width":"","height":""}],"author":"Jefferson Sterfeno","twitter_card":"summary_large_image","twitter_misc":{"Escrito por":"Jefferson Sterfeno","Est. tempo de leitura":"2 minutos"},"schema":{"@context":"https:\/\/schema.org","@graph":[{"@type":"Article","@id":"https:\/\/blogdobispo.com.br\/?p=5229#article","isPartOf":{"@id":"https:\/\/blogdobispo.com.br\/?p=5229"},"author":{"name":"Jefferson Sterfeno","@id":"https:\/\/blogdobispo.com.br\/#\/schema\/person\/e2209cc0e6cea5c5233d033e997b373f"},"headline":"Daniel discute inclus\u00e3o digital com Federa\u00e7\u00e3o de Esportes Eletr\u00f4nicos","datePublished":"2025-05-06T22:49:23+00:00","mainEntityOfPage":{"@id":"https:\/\/blogdobispo.com.br\/?p=5229"},"wordCount":388,"commentCount":0,"publisher":{"@id":"https:\/\/blogdobispo.com.br\/#organization"},"image":{"@id":"https:\/\/blogdobispo.com.br\/?p=5229#primaryimage"},"thumbnailUrl":"https:\/\/blogdobispo.com.br\/wp-content\/uploads\/2025\/05\/fc02a6eb-cc5e-46c0-bf68-099f50ecda3c-1-1024x768.jpg","articleSection":["diversos"],"inLanguage":"pt-BR","potentialAction":[{"@type":"CommentAction","name":"Comment","target":["https:\/\/blogdobispo.com.br\/?p=5229#respond"]}]},{"@type":"WebPage","@id":"https:\/\/blogdobispo.com.br\/?p=5229","url":"https:\/\/blogdobispo.com.br\/?p=5229","name":"Daniel discute inclus\u00e3o digital com Federa\u00e7\u00e3o de Esportes Eletr\u00f4nicos - Blog do Bispo","isPartOf":{"@id":"https:\/\/blogdobispo.com.br\/#website"},"primaryImageOfPage":{"@id":"https:\/\/blogdobispo.com.br\/?p=5229#primaryimage"},"image":{"@id":"https:\/\/blogdobispo.com.br\/?p=5229#primaryimage"},"thumbnailUrl":"https:\/\/blogdobispo.com.br\/wp-content\/uploads\/2025\/05\/fc02a6eb-cc5e-46c0-bf68-099f50ecda3c-1-1024x768.jpg","datePublished":"2025-05-06T22:49:23+00:00","breadcrumb":{"@id":"https:\/\/blogdobispo.com.br\/?p=5229#breadcrumb"},"inLanguage":"pt-BR","potentialAction":[{"@type":"ReadAction","target":["https:\/\/blogdobispo.com.br\/?p=5229"]}]},{"@type":"ImageObject","inLanguage":"pt-BR","@id":"https:\/\/blogdobispo.com.br\/?p=5229#primaryimage","url":"https:\/\/blogdobispo.com.br\/wp-content\/uploads\/2025\/05\/fc02a6eb-cc5e-46c0-bf68-099f50ecda3c-1-1024x768.jpg","contentUrl":"https:\/\/blogdobispo.com.br\/wp-content\/uploads\/2025\/05\/fc02a6eb-cc5e-46c0-bf68-099f50ecda3c-1-1024x768.jpg"},{"@type":"BreadcrumbList","@id":"https:\/\/blogdobispo.com.br\/?p=5229#breadcrumb","itemListElement":[{"@type":"ListItem","position":1,"name":"In\u00edcio","item":"https:\/\/blogdobispo.com.br\/"},{"@type":"ListItem","position":2,"name":"Daniel discute inclus\u00e3o digital com Federa\u00e7\u00e3o de Esportes Eletr\u00f4nicos"}]},{"@type":"WebSite","@id":"https:\/\/blogdobispo.com.br\/#website","url":"https:\/\/blogdobispo.com.br\/","name":"Blog do Bispo","description":"Comprometido apenas com o leitor","publisher":{"@id":"https:\/\/blogdobispo.com.br\/#organization"},"potentialAction":[{"@type":"SearchAction","target":{"@type":"EntryPoint","urlTemplate":"https:\/\/blogdobispo.com.br\/?s={search_term_string}"},"query-input":{"@type":"PropertyValueSpecification","valueRequired":true,"valueName":"search_term_string"}}],"inLanguage":"pt-BR"},{"@type":"Organization","@id":"https:\/\/blogdobispo.com.br\/#organization","name":"Blog do Bispo","url":"https:\/\/blogdobispo.com.br\/","logo":{"@type":"ImageObject","inLanguage":"pt-BR","@id":"https:\/\/blogdobispo.com.br\/#\/schema\/logo\/image\/","url":"http:\/\/blogdobispo.com.br\/wp-content\/uploads\/2023\/05\/cropped-headear.png","contentUrl":"http:\/\/blogdobispo.com.br\/wp-content\/uploads\/2023\/05\/cropped-headear.png","width":1500,"height":399,"caption":"Blog do Bispo"},"image":{"@id":"https:\/\/blogdobispo.com.br\/#\/schema\/logo\/image\/"}},{"@type":"Person","@id":"https:\/\/blogdobispo.com.br\/#\/schema\/person\/e2209cc0e6cea5c5233d033e997b373f","name":"Jefferson Sterfeno","image":{"@type":"ImageObject","inLanguage":"pt-BR","@id":"https:\/\/blogdobispo.com.br\/#\/schema\/person\/image\/","url":"https:\/\/secure.gravatar.com\/avatar\/0534e84764641168a677026b6d57a3f51dc7ac4db0b4f6186d9cb330d4ee1160?s=96&d=mm&r=g","contentUrl":"https:\/\/secure.gravatar.com\/avatar\/0534e84764641168a677026b6d57a3f51dc7ac4db0b4f6186d9cb330d4ee1160?s=96&d=mm&r=g","caption":"Jefferson Sterfeno"},"sameAs":["http:\/\/blogdobispo.com.br"],"url":"https:\/\/blogdobispo.com.br\/?author=1"}]}},"featured_image_urls":{"full":"","thumbnail":"","medium":"","medium_large":"","large":"","1536x1536":"","2048x2048":""},"author_info":{"display_name":"Jefferson Sterfeno","author_link":"https:\/\/blogdobispo.com.br\/?author=1"},"category_info":"<a href=\"https:\/\/blogdobispo.com.br\/?cat=1\" rel=\"category\">diversos<\/a>","tag_info":"diversos","comment_count":"0","jetpack_featured_media_url":"","jetpack_sharing_enabled":true,"_links":{"self":[{"href":"https:\/\/blogdobispo.com.br\/index.php?rest_route=\/wp\/v2\/posts\/5229","targetHints":{"allow":["GET"]}}],"collection":[{"href":"https:\/\/blogdobispo.com.br\/index.php?rest_route=\/wp\/v2\/posts"}],"about":[{"href":"https:\/\/blogdobispo.com.br\/index.php?rest_route=\/wp\/v2\/types\/post"}],"author":[{"embeddable":true,"href":"https:\/\/blogdobispo.com.br\/index.php?rest_route=\/wp\/v2\/users\/1"}],"replies":[{"embeddable":true,"href":"https:\/\/blogdobispo.com.br\/index.php?rest_route=%2Fwp%2Fv2%2Fcomments&post=5229"}],"version-history":[{"count":0,"href":"https:\/\/blogdobispo.com.br\/index.php?rest_route=\/wp\/v2\/posts\/5229\/revisions"}],"wp:attachment":[{"href":"https:\/\/blogdobispo.com.br\/index.php?rest_route=%2Fwp%2Fv2%2Fmedia&parent=5229"}],"wp:term":[{"taxonomy":"category","embeddable":true,"href":"https:\/\/blogdobispo.com.br\/index.php?rest_route=%2Fwp%2Fv2%2Fcategories&post=5229"},{"taxonomy":"post_tag","embeddable":true,"href":"https:\/\/blogdobispo.com.br\/index.php?rest_route=%2Fwp%2Fv2%2Ftags&post=5229"}],"curies":[{"name":"wp","href":"https:\/\/api.w.org\/{rel}","templated":true}]}}