{"id":5227,"date":"2025-05-06T22:48:23","date_gmt":"2025-05-06T22:48:23","guid":{"rendered":"https:\/\/blogdobispo.com.br\/?p=5227"},"modified":"2025-05-06T22:48:23","modified_gmt":"2025-05-06T22:48:23","slug":"vivaldo-costa-destaca-irregularidade-do-inverno-no-serido-e-solicita-audiencia-publica","status":"publish","type":"post","link":"https:\/\/blogdobispo.com.br\/?p=5227","title":{"rendered":"Vivaldo Costa destaca irregularidade do inverno no Serid\u00f3 e solicita audi\u00eancia p\u00fablica"},"content":{"rendered":"\n<p>Em pronunciamento na sess\u00e3o ordin\u00e1ria desta ter\u00e7a-feira (6), na Assembleia Legislativa, o deputado estadual Vivaldo Costa (PV) destacou a \u201cprofunda\u201d irregularidade do inverno de 2025 na regi\u00e3o do Serid\u00f3 e prop\u00f4s uma audi\u00eancia p\u00fablica para debater a situa\u00e7\u00e3o. O parlamentar ressaltou a gravidade do cen\u00e1rio para a popula\u00e7\u00e3o e o setor produtivo da regi\u00e3o.&nbsp;<\/p>\n\n\n\n<p>&#8220;Nem tem \u00e1gua para o rebanho, nem pra popula\u00e7\u00e3o, nem tem pastagem para o rebanho&#8221;, afirmou, comparando a situa\u00e7\u00e3o a um ano &#8220;at\u00edpico, diferente dos outros anos&#8221;, disse ele.<\/p>\n\n\n\n<p>Vivaldo Costa apresentou dados registrados no Centro de Estudo Clim\u00e1tico do Serid\u00f3, em Caic\u00f3. Segundo ele, o total de chuva em 2025 foi de 544 mm, chegando a 570 mm em algumas propriedades. \u201cNo entanto, essa quantidade n\u00e3o refletiu um inverno proveitoso devido \u00e0 m\u00e1 distribui\u00e7\u00e3o\u201d.<\/p>\n\n\n\n<p>O deputado detalhou a irregularidade, mencionando que, em janeiro de 2025, um m\u00eas fora do per\u00edodo t\u00edpico de inverno no Serid\u00f3, choveu 312 mm devido a frentes frias. J\u00e1 nos meses de fevereiro (39 mm), mar\u00e7o (114 mm) e abril (80 mm), a precipita\u00e7\u00e3o foi \u201csignificativamente menor\u201d.<\/p>\n\n\n\n<p>Vivaldo Costa alertou que o longo per\u00edodo sem chuva causou atrofia nas planta\u00e7\u00f5es e impediu a forma\u00e7\u00e3o de pastagens. Al\u00e9m disso, \u201ca \u00e1gua n\u00e3o est\u00e1 distribu\u00edda uniformemente nos a\u00e7udes, com alguns cheios e outros vazios. Essa situa\u00e7\u00e3o compromete a agricultura familiar, que n\u00e3o consegue colher o plantio, e a cria\u00e7\u00e3o de gado, sem perspectiva de salvar o rebanho\u201d, observou.<\/p>\n\n\n\n<p>Diante do cen\u00e1rio desafiador, o parlamentar refor\u00e7ou a necessidade urgente de se debater o tema e buscar solu\u00e7\u00f5es para minimizar os impactos da irregularidade h\u00eddrica na regi\u00e3o do Serid\u00f3, justificando o pedido pela audi\u00eancia p\u00fablica na Assembleia Legislativa.<\/p>\n\n\n","protected":false},"excerpt":{"rendered":"<p>Em pronunciamento na sess\u00e3o ordin\u00e1ria desta ter\u00e7a-feira (6), na Assembleia Legislativa, o deputado estadual Vivaldo Costa (PV) destacou a \u201cprofunda\u201d irregularidade do inverno de 2025 na regi\u00e3o do Serid\u00f3 e prop\u00f4s uma audi\u00eancia p\u00fablica para debater a situa\u00e7\u00e3o. O parlamentar ressaltou a gravidade do cen\u00e1rio para a popula\u00e7\u00e3o e o setor produtivo da regi\u00e3o.&nbsp; &#8220;Nem [&hellip;]<\/p>\n","protected":false},"author":1,"featured_media":0,"comment_status":"open","ping_status":"open","sticky":false,"template":"","format":"standard","meta":{"cybocfi_hide_featured_image":"","_jetpack_memberships_contains_paid_content":false,"footnotes":""},"categories":[1],"tags":[],"class_list":["post-5227","post","type-post","status-publish","format-standard","hentry","category-diversos"],"yoast_head":"<!-- This site is optimized with the Yoast SEO plugin v25.6 - https:\/\/yoast.com\/wordpress\/plugins\/seo\/ -->\n<title>Vivaldo Costa destaca irregularidade do inverno no Serid\u00f3 e solicita audi\u00eancia p\u00fablica - Blog do Bispo<\/title>\n<meta name=\"robots\" content=\"index, follow, max-snippet:-1, max-image-preview:large, max-video-preview:-1\" \/>\n<link rel=\"canonical\" href=\"https:\/\/blogdobispo.com.br\/?p=5227\" \/>\n<meta property=\"og:locale\" content=\"pt_BR\" \/>\n<meta property=\"og:type\" content=\"article\" \/>\n<meta property=\"og:title\" content=\"Vivaldo Costa destaca irregularidade do inverno no Serid\u00f3 e solicita audi\u00eancia p\u00fablica - Blog do Bispo\" \/>\n<meta property=\"og:description\" content=\"Em pronunciamento na sess\u00e3o ordin\u00e1ria desta ter\u00e7a-feira (6), na Assembleia Legislativa, o deputado estadual Vivaldo Costa (PV) destacou a \u201cprofunda\u201d irregularidade do inverno de 2025 na regi\u00e3o do Serid\u00f3 e prop\u00f4s uma audi\u00eancia p\u00fablica para debater a situa\u00e7\u00e3o. O parlamentar ressaltou a gravidade do cen\u00e1rio para a popula\u00e7\u00e3o e o setor produtivo da regi\u00e3o.&nbsp; &#8220;Nem [&hellip;]\" \/>\n<meta property=\"og:url\" content=\"https:\/\/blogdobispo.com.br\/?p=5227\" \/>\n<meta property=\"og:site_name\" content=\"Blog do Bispo\" \/>\n<meta property=\"article:published_time\" content=\"2025-05-06T22:48:23+00:00\" \/>\n<meta name=\"author\" content=\"Jefferson Sterfeno\" \/>\n<meta name=\"twitter:card\" content=\"summary_large_image\" \/>\n<meta name=\"twitter:label1\" content=\"Escrito por\" \/>\n\t<meta name=\"twitter:data1\" content=\"Jefferson Sterfeno\" \/>\n\t<meta name=\"twitter:label2\" content=\"Est. tempo de leitura\" \/>\n\t<meta name=\"twitter:data2\" content=\"2 minutos\" \/>\n<script type=\"application\/ld+json\" class=\"yoast-schema-graph\">{\"@context\":\"https:\/\/schema.org\",\"@graph\":[{\"@type\":\"Article\",\"@id\":\"https:\/\/blogdobispo.com.br\/?p=5227#article\",\"isPartOf\":{\"@id\":\"https:\/\/blogdobispo.com.br\/?p=5227\"},\"author\":{\"name\":\"Jefferson Sterfeno\",\"@id\":\"https:\/\/blogdobispo.com.br\/#\/schema\/person\/e2209cc0e6cea5c5233d033e997b373f\"},\"headline\":\"Vivaldo Costa destaca irregularidade do inverno no Serid\u00f3 e solicita audi\u00eancia p\u00fablica\",\"datePublished\":\"2025-05-06T22:48:23+00:00\",\"mainEntityOfPage\":{\"@id\":\"https:\/\/blogdobispo.com.br\/?p=5227\"},\"wordCount\":316,\"commentCount\":0,\"publisher\":{\"@id\":\"https:\/\/blogdobispo.com.br\/#organization\"},\"articleSection\":[\"diversos\"],\"inLanguage\":\"pt-BR\",\"potentialAction\":[{\"@type\":\"CommentAction\",\"name\":\"Comment\",\"target\":[\"https:\/\/blogdobispo.com.br\/?p=5227#respond\"]}]},{\"@type\":\"WebPage\",\"@id\":\"https:\/\/blogdobispo.com.br\/?p=5227\",\"url\":\"https:\/\/blogdobispo.com.br\/?p=5227\",\"name\":\"Vivaldo Costa destaca irregularidade do inverno no Serid\u00f3 e solicita audi\u00eancia p\u00fablica - Blog do Bispo\",\"isPartOf\":{\"@id\":\"https:\/\/blogdobispo.com.br\/#website\"},\"datePublished\":\"2025-05-06T22:48:23+00:00\",\"breadcrumb\":{\"@id\":\"https:\/\/blogdobispo.com.br\/?p=5227#breadcrumb\"},\"inLanguage\":\"pt-BR\",\"potentialAction\":[{\"@type\":\"ReadAction\",\"target\":[\"https:\/\/blogdobispo.com.br\/?p=5227\"]}]},{\"@type\":\"BreadcrumbList\",\"@id\":\"https:\/\/blogdobispo.com.br\/?p=5227#breadcrumb\",\"itemListElement\":[{\"@type\":\"ListItem\",\"position\":1,\"name\":\"In\u00edcio\",\"item\":\"https:\/\/blogdobispo.com.br\/\"},{\"@type\":\"ListItem\",\"position\":2,\"name\":\"Vivaldo Costa destaca irregularidade do inverno no Serid\u00f3 e solicita audi\u00eancia p\u00fablica\"}]},{\"@type\":\"WebSite\",\"@id\":\"https:\/\/blogdobispo.com.br\/#website\",\"url\":\"https:\/\/blogdobispo.com.br\/\",\"name\":\"Blog do Bispo\",\"description\":\"Comprometido apenas com o leitor\",\"publisher\":{\"@id\":\"https:\/\/blogdobispo.com.br\/#organization\"},\"potentialAction\":[{\"@type\":\"SearchAction\",\"target\":{\"@type\":\"EntryPoint\",\"urlTemplate\":\"https:\/\/blogdobispo.com.br\/?s={search_term_string}\"},\"query-input\":{\"@type\":\"PropertyValueSpecification\",\"valueRequired\":true,\"valueName\":\"search_term_string\"}}],\"inLanguage\":\"pt-BR\"},{\"@type\":\"Organization\",\"@id\":\"https:\/\/blogdobispo.com.br\/#organization\",\"name\":\"Blog do Bispo\",\"url\":\"https:\/\/blogdobispo.com.br\/\",\"logo\":{\"@type\":\"ImageObject\",\"inLanguage\":\"pt-BR\",\"@id\":\"https:\/\/blogdobispo.com.br\/#\/schema\/logo\/image\/\",\"url\":\"http:\/\/blogdobispo.com.br\/wp-content\/uploads\/2023\/05\/cropped-headear.png\",\"contentUrl\":\"http:\/\/blogdobispo.com.br\/wp-content\/uploads\/2023\/05\/cropped-headear.png\",\"width\":1500,\"height\":399,\"caption\":\"Blog do Bispo\"},\"image\":{\"@id\":\"https:\/\/blogdobispo.com.br\/#\/schema\/logo\/image\/\"}},{\"@type\":\"Person\",\"@id\":\"https:\/\/blogdobispo.com.br\/#\/schema\/person\/e2209cc0e6cea5c5233d033e997b373f\",\"name\":\"Jefferson Sterfeno\",\"image\":{\"@type\":\"ImageObject\",\"inLanguage\":\"pt-BR\",\"@id\":\"https:\/\/blogdobispo.com.br\/#\/schema\/person\/image\/\",\"url\":\"https:\/\/secure.gravatar.com\/avatar\/0534e84764641168a677026b6d57a3f51dc7ac4db0b4f6186d9cb330d4ee1160?s=96&d=mm&r=g\",\"contentUrl\":\"https:\/\/secure.gravatar.com\/avatar\/0534e84764641168a677026b6d57a3f51dc7ac4db0b4f6186d9cb330d4ee1160?s=96&d=mm&r=g\",\"caption\":\"Jefferson Sterfeno\"},\"sameAs\":[\"http:\/\/blogdobispo.com.br\"],\"url\":\"https:\/\/blogdobispo.com.br\/?author=1\"}]}<\/script>\n<!-- \/ Yoast SEO plugin. -->","yoast_head_json":{"title":"Vivaldo Costa destaca irregularidade do inverno no Serid\u00f3 e solicita audi\u00eancia p\u00fablica - Blog do Bispo","robots":{"index":"index","follow":"follow","max-snippet":"max-snippet:-1","max-image-preview":"max-image-preview:large","max-video-preview":"max-video-preview:-1"},"canonical":"https:\/\/blogdobispo.com.br\/?p=5227","og_locale":"pt_BR","og_type":"article","og_title":"Vivaldo Costa destaca irregularidade do inverno no Serid\u00f3 e solicita audi\u00eancia p\u00fablica - Blog do Bispo","og_description":"Em pronunciamento na sess\u00e3o ordin\u00e1ria desta ter\u00e7a-feira (6), na Assembleia Legislativa, o deputado estadual Vivaldo Costa (PV) destacou a \u201cprofunda\u201d irregularidade do inverno de 2025 na regi\u00e3o do Serid\u00f3 e prop\u00f4s uma audi\u00eancia p\u00fablica para debater a situa\u00e7\u00e3o. O parlamentar ressaltou a gravidade do cen\u00e1rio para a popula\u00e7\u00e3o e o setor produtivo da regi\u00e3o.&nbsp; &#8220;Nem [&hellip;]","og_url":"https:\/\/blogdobispo.com.br\/?p=5227","og_site_name":"Blog do Bispo","article_published_time":"2025-05-06T22:48:23+00:00","author":"Jefferson Sterfeno","twitter_card":"summary_large_image","twitter_misc":{"Escrito por":"Jefferson Sterfeno","Est. tempo de leitura":"2 minutos"},"schema":{"@context":"https:\/\/schema.org","@graph":[{"@type":"Article","@id":"https:\/\/blogdobispo.com.br\/?p=5227#article","isPartOf":{"@id":"https:\/\/blogdobispo.com.br\/?p=5227"},"author":{"name":"Jefferson Sterfeno","@id":"https:\/\/blogdobispo.com.br\/#\/schema\/person\/e2209cc0e6cea5c5233d033e997b373f"},"headline":"Vivaldo Costa destaca irregularidade do inverno no Serid\u00f3 e solicita audi\u00eancia p\u00fablica","datePublished":"2025-05-06T22:48:23+00:00","mainEntityOfPage":{"@id":"https:\/\/blogdobispo.com.br\/?p=5227"},"wordCount":316,"commentCount":0,"publisher":{"@id":"https:\/\/blogdobispo.com.br\/#organization"},"articleSection":["diversos"],"inLanguage":"pt-BR","potentialAction":[{"@type":"CommentAction","name":"Comment","target":["https:\/\/blogdobispo.com.br\/?p=5227#respond"]}]},{"@type":"WebPage","@id":"https:\/\/blogdobispo.com.br\/?p=5227","url":"https:\/\/blogdobispo.com.br\/?p=5227","name":"Vivaldo Costa destaca irregularidade do inverno no Serid\u00f3 e solicita audi\u00eancia p\u00fablica - Blog do Bispo","isPartOf":{"@id":"https:\/\/blogdobispo.com.br\/#website"},"datePublished":"2025-05-06T22:48:23+00:00","breadcrumb":{"@id":"https:\/\/blogdobispo.com.br\/?p=5227#breadcrumb"},"inLanguage":"pt-BR","potentialAction":[{"@type":"ReadAction","target":["https:\/\/blogdobispo.com.br\/?p=5227"]}]},{"@type":"BreadcrumbList","@id":"https:\/\/blogdobispo.com.br\/?p=5227#breadcrumb","itemListElement":[{"@type":"ListItem","position":1,"name":"In\u00edcio","item":"https:\/\/blogdobispo.com.br\/"},{"@type":"ListItem","position":2,"name":"Vivaldo Costa destaca irregularidade do inverno no Serid\u00f3 e solicita audi\u00eancia p\u00fablica"}]},{"@type":"WebSite","@id":"https:\/\/blogdobispo.com.br\/#website","url":"https:\/\/blogdobispo.com.br\/","name":"Blog do Bispo","description":"Comprometido apenas com o leitor","publisher":{"@id":"https:\/\/blogdobispo.com.br\/#organization"},"potentialAction":[{"@type":"SearchAction","target":{"@type":"EntryPoint","urlTemplate":"https:\/\/blogdobispo.com.br\/?s={search_term_string}"},"query-input":{"@type":"PropertyValueSpecification","valueRequired":true,"valueName":"search_term_string"}}],"inLanguage":"pt-BR"},{"@type":"Organization","@id":"https:\/\/blogdobispo.com.br\/#organization","name":"Blog do Bispo","url":"https:\/\/blogdobispo.com.br\/","logo":{"@type":"ImageObject","inLanguage":"pt-BR","@id":"https:\/\/blogdobispo.com.br\/#\/schema\/logo\/image\/","url":"http:\/\/blogdobispo.com.br\/wp-content\/uploads\/2023\/05\/cropped-headear.png","contentUrl":"http:\/\/blogdobispo.com.br\/wp-content\/uploads\/2023\/05\/cropped-headear.png","width":1500,"height":399,"caption":"Blog do Bispo"},"image":{"@id":"https:\/\/blogdobispo.com.br\/#\/schema\/logo\/image\/"}},{"@type":"Person","@id":"https:\/\/blogdobispo.com.br\/#\/schema\/person\/e2209cc0e6cea5c5233d033e997b373f","name":"Jefferson Sterfeno","image":{"@type":"ImageObject","inLanguage":"pt-BR","@id":"https:\/\/blogdobispo.com.br\/#\/schema\/person\/image\/","url":"https:\/\/secure.gravatar.com\/avatar\/0534e84764641168a677026b6d57a3f51dc7ac4db0b4f6186d9cb330d4ee1160?s=96&d=mm&r=g","contentUrl":"https:\/\/secure.gravatar.com\/avatar\/0534e84764641168a677026b6d57a3f51dc7ac4db0b4f6186d9cb330d4ee1160?s=96&d=mm&r=g","caption":"Jefferson Sterfeno"},"sameAs":["http:\/\/blogdobispo.com.br"],"url":"https:\/\/blogdobispo.com.br\/?author=1"}]}},"featured_image_urls":{"full":"","thumbnail":"","medium":"","medium_large":"","large":"","1536x1536":"","2048x2048":""},"author_info":{"display_name":"Jefferson Sterfeno","author_link":"https:\/\/blogdobispo.com.br\/?author=1"},"category_info":"<a href=\"https:\/\/blogdobispo.com.br\/?cat=1\" rel=\"category\">diversos<\/a>","tag_info":"diversos","comment_count":"0","jetpack_featured_media_url":"","jetpack_sharing_enabled":true,"_links":{"self":[{"href":"https:\/\/blogdobispo.com.br\/index.php?rest_route=\/wp\/v2\/posts\/5227","targetHints":{"allow":["GET"]}}],"collection":[{"href":"https:\/\/blogdobispo.com.br\/index.php?rest_route=\/wp\/v2\/posts"}],"about":[{"href":"https:\/\/blogdobispo.com.br\/index.php?rest_route=\/wp\/v2\/types\/post"}],"author":[{"embeddable":true,"href":"https:\/\/blogdobispo.com.br\/index.php?rest_route=\/wp\/v2\/users\/1"}],"replies":[{"embeddable":true,"href":"https:\/\/blogdobispo.com.br\/index.php?rest_route=%2Fwp%2Fv2%2Fcomments&post=5227"}],"version-history":[{"count":0,"href":"https:\/\/blogdobispo.com.br\/index.php?rest_route=\/wp\/v2\/posts\/5227\/revisions"}],"wp:attachment":[{"href":"https:\/\/blogdobispo.com.br\/index.php?rest_route=%2Fwp%2Fv2%2Fmedia&parent=5227"}],"wp:term":[{"taxonomy":"category","embeddable":true,"href":"https:\/\/blogdobispo.com.br\/index.php?rest_route=%2Fwp%2Fv2%2Fcategories&post=5227"},{"taxonomy":"post_tag","embeddable":true,"href":"https:\/\/blogdobispo.com.br\/index.php?rest_route=%2Fwp%2Fv2%2Ftags&post=5227"}],"curies":[{"name":"wp","href":"https:\/\/api.w.org\/{rel}","templated":true}]}}