{"id":5221,"date":"2025-05-06T16:32:39","date_gmt":"2025-05-06T16:32:39","guid":{"rendered":"https:\/\/blogdobispo.com.br\/?p=5221"},"modified":"2025-05-06T16:32:39","modified_gmt":"2025-05-06T16:32:39","slug":"prefeitura-do-natal-lanca-programacao-do-sao-joao-2025","status":"publish","type":"post","link":"https:\/\/blogdobispo.com.br\/?p=5221","title":{"rendered":"Prefeitura do Natal lan\u00e7a programa\u00e7\u00e3o do S\u00e3o Jo\u00e3o 2025"},"content":{"rendered":"\n<figure class=\"wp-block-image size-large\"><img data-recalc-dims=\"1\" fetchpriority=\"high\" decoding=\"async\" width=\"750\" height=\"980\" src=\"https:\/\/i0.wp.com\/blogdobispo.com.br\/wp-content\/uploads\/2025\/05\/f16a18a1-ed6f-4398-8ce0-3ccb1664fe6b-1.jpg?resize=750%2C980&#038;ssl=1\" class=\"wp-image-5220\" srcset=\"https:\/\/i0.wp.com\/blogdobispo.com.br\/wp-content\/uploads\/2025\/05\/f16a18a1-ed6f-4398-8ce0-3ccb1664fe6b-1.jpg?w=750&amp;ssl=1 750w, https:\/\/i0.wp.com\/blogdobispo.com.br\/wp-content\/uploads\/2025\/05\/f16a18a1-ed6f-4398-8ce0-3ccb1664fe6b-1.jpg?resize=230%2C300&amp;ssl=1 230w\" sizes=\"(max-width: 750px) 100vw, 750px\" \/><\/figure>\n\n\n\n<p><em>PROGRAMA\u00c7\u00c3O DO S\u00c3O JO\u00c3O DE NATAL<\/em><\/p>\n\n\n\n<p><em>POLO REDINHA<\/em><br \/>Dia 31 de maio &#8211; Bell, m\u00e1rcia fellipe e Capil\u00e9<\/p>\n\n\n\n<p><em>POLO ARENA DAS DUNAS<\/em><br \/>Dia 06 &#8211; Luan Santana e Thiago Freitas<br \/>Dia 07 &#8211; A VONTADE, pablo e calcinha&nbsp;preta<br \/>Dia 13 &#8211; Michele andrade, Fl\u00e1vio jos\u00e9&nbsp;e&nbsp;Alok<br \/>Dia 14 &#8211; Gustavo mioto, ra\u00e7a negra e jo\u00e3o&nbsp;gomes<br \/>Dia 15 &#8211; Simone mendes, Xand&nbsp;avi\u00e3o Belo<\/p>\n\n\n\n<p><em>POLO ZONA OESTE<\/em><br \/>19 Junho &#8211; Cvaaleiros e eliane<br \/>20 junho &#8211; Samya maia<br \/>21 junho &#8211; Edyr vaqueiro<br \/>22 junho &#8211; Thiago Freitas&nbsp;e&nbsp;citcuito<\/p>\n\n\n\n<p><em>POLO ZONA NORTE<\/em><br>Dia 27 &#8211; Henry Freitas e grafith<br>Dia 28 &#8211; L\u00e9o Santana e Hanyel<br>Dia 29 &#8211; Seu desejo, circuito e&nbsp;Pagode&nbsp;do&nbsp;coxa<\/p>\n","protected":false},"excerpt":{"rendered":"<p>PROGRAMA\u00c7\u00c3O DO S\u00c3O JO\u00c3O DE NATAL POLO REDINHADia 31 de maio &#8211; Bell, m\u00e1rcia fellipe e Capil\u00e9 POLO ARENA DAS DUNASDia 06 &#8211; Luan Santana e Thiago FreitasDia 07 &#8211; A VONTADE, pablo e calcinha&nbsp;pretaDia 13 &#8211; Michele andrade, Fl\u00e1vio jos\u00e9&nbsp;e&nbsp;AlokDia 14 &#8211; Gustavo mioto, ra\u00e7a negra e jo\u00e3o&nbsp;gomesDia 15 &#8211; Simone mendes, Xand&nbsp;avi\u00e3o Belo [&hellip;]<\/p>\n","protected":false},"author":1,"featured_media":0,"comment_status":"open","ping_status":"open","sticky":false,"template":"","format":"standard","meta":{"cybocfi_hide_featured_image":"","_jetpack_memberships_contains_paid_content":false,"footnotes":""},"categories":[1],"tags":[],"class_list":["post-5221","post","type-post","status-publish","format-standard","hentry","category-diversos"],"yoast_head":"<!-- This site is optimized with the Yoast SEO plugin v25.6 - https:\/\/yoast.com\/wordpress\/plugins\/seo\/ -->\n<title>Prefeitura do Natal lan\u00e7a programa\u00e7\u00e3o do S\u00e3o Jo\u00e3o 2025 - Blog do Bispo<\/title>\n<meta name=\"robots\" content=\"index, follow, max-snippet:-1, max-image-preview:large, max-video-preview:-1\" \/>\n<link rel=\"canonical\" href=\"https:\/\/blogdobispo.com.br\/?p=5221\" \/>\n<meta property=\"og:locale\" content=\"pt_BR\" \/>\n<meta property=\"og:type\" content=\"article\" \/>\n<meta property=\"og:title\" content=\"Prefeitura do Natal lan\u00e7a programa\u00e7\u00e3o do S\u00e3o Jo\u00e3o 2025 - Blog do Bispo\" \/>\n<meta property=\"og:description\" content=\"PROGRAMA\u00c7\u00c3O DO S\u00c3O JO\u00c3O DE NATAL POLO REDINHADia 31 de maio &#8211; Bell, m\u00e1rcia fellipe e Capil\u00e9 POLO ARENA DAS DUNASDia 06 &#8211; Luan Santana e Thiago FreitasDia 07 &#8211; A VONTADE, pablo e calcinha&nbsp;pretaDia 13 &#8211; Michele andrade, Fl\u00e1vio jos\u00e9&nbsp;e&nbsp;AlokDia 14 &#8211; Gustavo mioto, ra\u00e7a negra e jo\u00e3o&nbsp;gomesDia 15 &#8211; Simone mendes, Xand&nbsp;avi\u00e3o Belo [&hellip;]\" \/>\n<meta property=\"og:url\" content=\"https:\/\/blogdobispo.com.br\/?p=5221\" \/>\n<meta property=\"og:site_name\" content=\"Blog do Bispo\" \/>\n<meta property=\"article:published_time\" content=\"2025-05-06T16:32:39+00:00\" \/>\n<meta property=\"og:image\" content=\"https:\/\/blogdobispo.com.br\/wp-content\/uploads\/2025\/05\/f16a18a1-ed6f-4398-8ce0-3ccb1664fe6b-1.jpg\" \/>\n<meta name=\"author\" content=\"Jefferson Sterfeno\" \/>\n<meta name=\"twitter:card\" content=\"summary_large_image\" \/>\n<meta name=\"twitter:label1\" content=\"Escrito por\" \/>\n\t<meta name=\"twitter:data1\" content=\"Jefferson Sterfeno\" \/>\n\t<meta name=\"twitter:label2\" content=\"Est. tempo de leitura\" \/>\n\t<meta name=\"twitter:data2\" content=\"1 minuto\" \/>\n<script type=\"application\/ld+json\" class=\"yoast-schema-graph\">{\"@context\":\"https:\/\/schema.org\",\"@graph\":[{\"@type\":\"Article\",\"@id\":\"https:\/\/blogdobispo.com.br\/?p=5221#article\",\"isPartOf\":{\"@id\":\"https:\/\/blogdobispo.com.br\/?p=5221\"},\"author\":{\"name\":\"Jefferson Sterfeno\",\"@id\":\"https:\/\/blogdobispo.com.br\/#\/schema\/person\/e2209cc0e6cea5c5233d033e997b373f\"},\"headline\":\"Prefeitura do Natal lan\u00e7a programa\u00e7\u00e3o do S\u00e3o Jo\u00e3o 2025\",\"datePublished\":\"2025-05-06T16:32:39+00:00\",\"mainEntityOfPage\":{\"@id\":\"https:\/\/blogdobispo.com.br\/?p=5221\"},\"wordCount\":131,\"commentCount\":0,\"publisher\":{\"@id\":\"https:\/\/blogdobispo.com.br\/#organization\"},\"image\":{\"@id\":\"https:\/\/blogdobispo.com.br\/?p=5221#primaryimage\"},\"thumbnailUrl\":\"https:\/\/blogdobispo.com.br\/wp-content\/uploads\/2025\/05\/f16a18a1-ed6f-4398-8ce0-3ccb1664fe6b-1.jpg\",\"articleSection\":[\"diversos\"],\"inLanguage\":\"pt-BR\",\"potentialAction\":[{\"@type\":\"CommentAction\",\"name\":\"Comment\",\"target\":[\"https:\/\/blogdobispo.com.br\/?p=5221#respond\"]}]},{\"@type\":\"WebPage\",\"@id\":\"https:\/\/blogdobispo.com.br\/?p=5221\",\"url\":\"https:\/\/blogdobispo.com.br\/?p=5221\",\"name\":\"Prefeitura do Natal lan\u00e7a programa\u00e7\u00e3o do S\u00e3o Jo\u00e3o 2025 - Blog do Bispo\",\"isPartOf\":{\"@id\":\"https:\/\/blogdobispo.com.br\/#website\"},\"primaryImageOfPage\":{\"@id\":\"https:\/\/blogdobispo.com.br\/?p=5221#primaryimage\"},\"image\":{\"@id\":\"https:\/\/blogdobispo.com.br\/?p=5221#primaryimage\"},\"thumbnailUrl\":\"https:\/\/blogdobispo.com.br\/wp-content\/uploads\/2025\/05\/f16a18a1-ed6f-4398-8ce0-3ccb1664fe6b-1.jpg\",\"datePublished\":\"2025-05-06T16:32:39+00:00\",\"breadcrumb\":{\"@id\":\"https:\/\/blogdobispo.com.br\/?p=5221#breadcrumb\"},\"inLanguage\":\"pt-BR\",\"potentialAction\":[{\"@type\":\"ReadAction\",\"target\":[\"https:\/\/blogdobispo.com.br\/?p=5221\"]}]},{\"@type\":\"ImageObject\",\"inLanguage\":\"pt-BR\",\"@id\":\"https:\/\/blogdobispo.com.br\/?p=5221#primaryimage\",\"url\":\"https:\/\/blogdobispo.com.br\/wp-content\/uploads\/2025\/05\/f16a18a1-ed6f-4398-8ce0-3ccb1664fe6b-1.jpg\",\"contentUrl\":\"https:\/\/blogdobispo.com.br\/wp-content\/uploads\/2025\/05\/f16a18a1-ed6f-4398-8ce0-3ccb1664fe6b-1.jpg\"},{\"@type\":\"BreadcrumbList\",\"@id\":\"https:\/\/blogdobispo.com.br\/?p=5221#breadcrumb\",\"itemListElement\":[{\"@type\":\"ListItem\",\"position\":1,\"name\":\"In\u00edcio\",\"item\":\"https:\/\/blogdobispo.com.br\/\"},{\"@type\":\"ListItem\",\"position\":2,\"name\":\"Prefeitura do Natal lan\u00e7a programa\u00e7\u00e3o do S\u00e3o Jo\u00e3o 2025\"}]},{\"@type\":\"WebSite\",\"@id\":\"https:\/\/blogdobispo.com.br\/#website\",\"url\":\"https:\/\/blogdobispo.com.br\/\",\"name\":\"Blog do Bispo\",\"description\":\"Comprometido apenas com o leitor\",\"publisher\":{\"@id\":\"https:\/\/blogdobispo.com.br\/#organization\"},\"potentialAction\":[{\"@type\":\"SearchAction\",\"target\":{\"@type\":\"EntryPoint\",\"urlTemplate\":\"https:\/\/blogdobispo.com.br\/?s={search_term_string}\"},\"query-input\":{\"@type\":\"PropertyValueSpecification\",\"valueRequired\":true,\"valueName\":\"search_term_string\"}}],\"inLanguage\":\"pt-BR\"},{\"@type\":\"Organization\",\"@id\":\"https:\/\/blogdobispo.com.br\/#organization\",\"name\":\"Blog do Bispo\",\"url\":\"https:\/\/blogdobispo.com.br\/\",\"logo\":{\"@type\":\"ImageObject\",\"inLanguage\":\"pt-BR\",\"@id\":\"https:\/\/blogdobispo.com.br\/#\/schema\/logo\/image\/\",\"url\":\"http:\/\/blogdobispo.com.br\/wp-content\/uploads\/2023\/05\/cropped-headear.png\",\"contentUrl\":\"http:\/\/blogdobispo.com.br\/wp-content\/uploads\/2023\/05\/cropped-headear.png\",\"width\":1500,\"height\":399,\"caption\":\"Blog do Bispo\"},\"image\":{\"@id\":\"https:\/\/blogdobispo.com.br\/#\/schema\/logo\/image\/\"}},{\"@type\":\"Person\",\"@id\":\"https:\/\/blogdobispo.com.br\/#\/schema\/person\/e2209cc0e6cea5c5233d033e997b373f\",\"name\":\"Jefferson Sterfeno\",\"image\":{\"@type\":\"ImageObject\",\"inLanguage\":\"pt-BR\",\"@id\":\"https:\/\/blogdobispo.com.br\/#\/schema\/person\/image\/\",\"url\":\"https:\/\/secure.gravatar.com\/avatar\/0534e84764641168a677026b6d57a3f51dc7ac4db0b4f6186d9cb330d4ee1160?s=96&d=mm&r=g\",\"contentUrl\":\"https:\/\/secure.gravatar.com\/avatar\/0534e84764641168a677026b6d57a3f51dc7ac4db0b4f6186d9cb330d4ee1160?s=96&d=mm&r=g\",\"caption\":\"Jefferson Sterfeno\"},\"sameAs\":[\"http:\/\/blogdobispo.com.br\"],\"url\":\"https:\/\/blogdobispo.com.br\/?author=1\"}]}<\/script>\n<!-- \/ Yoast SEO plugin. -->","yoast_head_json":{"title":"Prefeitura do Natal lan\u00e7a programa\u00e7\u00e3o do S\u00e3o Jo\u00e3o 2025 - Blog do Bispo","robots":{"index":"index","follow":"follow","max-snippet":"max-snippet:-1","max-image-preview":"max-image-preview:large","max-video-preview":"max-video-preview:-1"},"canonical":"https:\/\/blogdobispo.com.br\/?p=5221","og_locale":"pt_BR","og_type":"article","og_title":"Prefeitura do Natal lan\u00e7a programa\u00e7\u00e3o do S\u00e3o Jo\u00e3o 2025 - Blog do Bispo","og_description":"PROGRAMA\u00c7\u00c3O DO S\u00c3O JO\u00c3O DE NATAL POLO REDINHADia 31 de maio &#8211; Bell, m\u00e1rcia fellipe e Capil\u00e9 POLO ARENA DAS DUNASDia 06 &#8211; Luan Santana e Thiago FreitasDia 07 &#8211; A VONTADE, pablo e calcinha&nbsp;pretaDia 13 &#8211; Michele andrade, Fl\u00e1vio jos\u00e9&nbsp;e&nbsp;AlokDia 14 &#8211; Gustavo mioto, ra\u00e7a negra e jo\u00e3o&nbsp;gomesDia 15 &#8211; Simone mendes, Xand&nbsp;avi\u00e3o Belo [&hellip;]","og_url":"https:\/\/blogdobispo.com.br\/?p=5221","og_site_name":"Blog do Bispo","article_published_time":"2025-05-06T16:32:39+00:00","og_image":[{"url":"https:\/\/blogdobispo.com.br\/wp-content\/uploads\/2025\/05\/f16a18a1-ed6f-4398-8ce0-3ccb1664fe6b-1.jpg","type":"","width":"","height":""}],"author":"Jefferson Sterfeno","twitter_card":"summary_large_image","twitter_misc":{"Escrito por":"Jefferson Sterfeno","Est. tempo de leitura":"1 minuto"},"schema":{"@context":"https:\/\/schema.org","@graph":[{"@type":"Article","@id":"https:\/\/blogdobispo.com.br\/?p=5221#article","isPartOf":{"@id":"https:\/\/blogdobispo.com.br\/?p=5221"},"author":{"name":"Jefferson Sterfeno","@id":"https:\/\/blogdobispo.com.br\/#\/schema\/person\/e2209cc0e6cea5c5233d033e997b373f"},"headline":"Prefeitura do Natal lan\u00e7a programa\u00e7\u00e3o do S\u00e3o Jo\u00e3o 2025","datePublished":"2025-05-06T16:32:39+00:00","mainEntityOfPage":{"@id":"https:\/\/blogdobispo.com.br\/?p=5221"},"wordCount":131,"commentCount":0,"publisher":{"@id":"https:\/\/blogdobispo.com.br\/#organization"},"image":{"@id":"https:\/\/blogdobispo.com.br\/?p=5221#primaryimage"},"thumbnailUrl":"https:\/\/blogdobispo.com.br\/wp-content\/uploads\/2025\/05\/f16a18a1-ed6f-4398-8ce0-3ccb1664fe6b-1.jpg","articleSection":["diversos"],"inLanguage":"pt-BR","potentialAction":[{"@type":"CommentAction","name":"Comment","target":["https:\/\/blogdobispo.com.br\/?p=5221#respond"]}]},{"@type":"WebPage","@id":"https:\/\/blogdobispo.com.br\/?p=5221","url":"https:\/\/blogdobispo.com.br\/?p=5221","name":"Prefeitura do Natal lan\u00e7a programa\u00e7\u00e3o do S\u00e3o Jo\u00e3o 2025 - Blog do Bispo","isPartOf":{"@id":"https:\/\/blogdobispo.com.br\/#website"},"primaryImageOfPage":{"@id":"https:\/\/blogdobispo.com.br\/?p=5221#primaryimage"},"image":{"@id":"https:\/\/blogdobispo.com.br\/?p=5221#primaryimage"},"thumbnailUrl":"https:\/\/blogdobispo.com.br\/wp-content\/uploads\/2025\/05\/f16a18a1-ed6f-4398-8ce0-3ccb1664fe6b-1.jpg","datePublished":"2025-05-06T16:32:39+00:00","breadcrumb":{"@id":"https:\/\/blogdobispo.com.br\/?p=5221#breadcrumb"},"inLanguage":"pt-BR","potentialAction":[{"@type":"ReadAction","target":["https:\/\/blogdobispo.com.br\/?p=5221"]}]},{"@type":"ImageObject","inLanguage":"pt-BR","@id":"https:\/\/blogdobispo.com.br\/?p=5221#primaryimage","url":"https:\/\/blogdobispo.com.br\/wp-content\/uploads\/2025\/05\/f16a18a1-ed6f-4398-8ce0-3ccb1664fe6b-1.jpg","contentUrl":"https:\/\/blogdobispo.com.br\/wp-content\/uploads\/2025\/05\/f16a18a1-ed6f-4398-8ce0-3ccb1664fe6b-1.jpg"},{"@type":"BreadcrumbList","@id":"https:\/\/blogdobispo.com.br\/?p=5221#breadcrumb","itemListElement":[{"@type":"ListItem","position":1,"name":"In\u00edcio","item":"https:\/\/blogdobispo.com.br\/"},{"@type":"ListItem","position":2,"name":"Prefeitura do Natal lan\u00e7a programa\u00e7\u00e3o do S\u00e3o Jo\u00e3o 2025"}]},{"@type":"WebSite","@id":"https:\/\/blogdobispo.com.br\/#website","url":"https:\/\/blogdobispo.com.br\/","name":"Blog do Bispo","description":"Comprometido apenas com o leitor","publisher":{"@id":"https:\/\/blogdobispo.com.br\/#organization"},"potentialAction":[{"@type":"SearchAction","target":{"@type":"EntryPoint","urlTemplate":"https:\/\/blogdobispo.com.br\/?s={search_term_string}"},"query-input":{"@type":"PropertyValueSpecification","valueRequired":true,"valueName":"search_term_string"}}],"inLanguage":"pt-BR"},{"@type":"Organization","@id":"https:\/\/blogdobispo.com.br\/#organization","name":"Blog do Bispo","url":"https:\/\/blogdobispo.com.br\/","logo":{"@type":"ImageObject","inLanguage":"pt-BR","@id":"https:\/\/blogdobispo.com.br\/#\/schema\/logo\/image\/","url":"http:\/\/blogdobispo.com.br\/wp-content\/uploads\/2023\/05\/cropped-headear.png","contentUrl":"http:\/\/blogdobispo.com.br\/wp-content\/uploads\/2023\/05\/cropped-headear.png","width":1500,"height":399,"caption":"Blog do Bispo"},"image":{"@id":"https:\/\/blogdobispo.com.br\/#\/schema\/logo\/image\/"}},{"@type":"Person","@id":"https:\/\/blogdobispo.com.br\/#\/schema\/person\/e2209cc0e6cea5c5233d033e997b373f","name":"Jefferson Sterfeno","image":{"@type":"ImageObject","inLanguage":"pt-BR","@id":"https:\/\/blogdobispo.com.br\/#\/schema\/person\/image\/","url":"https:\/\/secure.gravatar.com\/avatar\/0534e84764641168a677026b6d57a3f51dc7ac4db0b4f6186d9cb330d4ee1160?s=96&d=mm&r=g","contentUrl":"https:\/\/secure.gravatar.com\/avatar\/0534e84764641168a677026b6d57a3f51dc7ac4db0b4f6186d9cb330d4ee1160?s=96&d=mm&r=g","caption":"Jefferson Sterfeno"},"sameAs":["http:\/\/blogdobispo.com.br"],"url":"https:\/\/blogdobispo.com.br\/?author=1"}]}},"featured_image_urls":{"full":"","thumbnail":"","medium":"","medium_large":"","large":"","1536x1536":"","2048x2048":""},"author_info":{"display_name":"Jefferson Sterfeno","author_link":"https:\/\/blogdobispo.com.br\/?author=1"},"category_info":"<a href=\"https:\/\/blogdobispo.com.br\/?cat=1\" rel=\"category\">diversos<\/a>","tag_info":"diversos","comment_count":"0","jetpack_featured_media_url":"","jetpack_sharing_enabled":true,"_links":{"self":[{"href":"https:\/\/blogdobispo.com.br\/index.php?rest_route=\/wp\/v2\/posts\/5221","targetHints":{"allow":["GET"]}}],"collection":[{"href":"https:\/\/blogdobispo.com.br\/index.php?rest_route=\/wp\/v2\/posts"}],"about":[{"href":"https:\/\/blogdobispo.com.br\/index.php?rest_route=\/wp\/v2\/types\/post"}],"author":[{"embeddable":true,"href":"https:\/\/blogdobispo.com.br\/index.php?rest_route=\/wp\/v2\/users\/1"}],"replies":[{"embeddable":true,"href":"https:\/\/blogdobispo.com.br\/index.php?rest_route=%2Fwp%2Fv2%2Fcomments&post=5221"}],"version-history":[{"count":0,"href":"https:\/\/blogdobispo.com.br\/index.php?rest_route=\/wp\/v2\/posts\/5221\/revisions"}],"wp:attachment":[{"href":"https:\/\/blogdobispo.com.br\/index.php?rest_route=%2Fwp%2Fv2%2Fmedia&parent=5221"}],"wp:term":[{"taxonomy":"category","embeddable":true,"href":"https:\/\/blogdobispo.com.br\/index.php?rest_route=%2Fwp%2Fv2%2Fcategories&post=5221"},{"taxonomy":"post_tag","embeddable":true,"href":"https:\/\/blogdobispo.com.br\/index.php?rest_route=%2Fwp%2Fv2%2Ftags&post=5221"}],"curies":[{"name":"wp","href":"https:\/\/api.w.org\/{rel}","templated":true}]}}