{"id":5218,"date":"2025-05-06T15:18:29","date_gmt":"2025-05-06T15:18:29","guid":{"rendered":"https:\/\/blogdobispo.com.br\/?p=5218"},"modified":"2025-05-06T15:25:45","modified_gmt":"2025-05-06T15:25:45","slug":"leonardo-ximenes-e-nomeado-controlador-geral-adjunto-da-prefeitura-do-natal","status":"publish","type":"post","link":"https:\/\/blogdobispo.com.br\/?p=5218","title":{"rendered":"Leonardo Ximenes \u00e9 nomeado Controlador Geral Adjunto da Prefeitura do Natal"},"content":{"rendered":"\n<figure class=\"wp-block-image size-large\"><img data-recalc-dims=\"1\" fetchpriority=\"high\" decoding=\"async\" width=\"768\" height=\"701\" src=\"https:\/\/i0.wp.com\/blogdobispo.com.br\/wp-content\/uploads\/2025\/05\/image.jpg?resize=768%2C701&#038;ssl=1\" alt=\"\" class=\"wp-image-5217\" srcset=\"https:\/\/i0.wp.com\/blogdobispo.com.br\/wp-content\/uploads\/2025\/05\/image.jpg?w=768&amp;ssl=1 768w, https:\/\/i0.wp.com\/blogdobispo.com.br\/wp-content\/uploads\/2025\/05\/image.jpg?resize=300%2C274&amp;ssl=1 300w\" sizes=\"(max-width: 768px) 100vw, 768px\" \/><\/figure>\n\n\n\n<p class=\"p1\"><\/p>\n\n\n\n<p class=\"p1\">A Prefeitura do Natal conta agora com um importante refor\u00e7o em sua Controladoria Geral: Leonardo Ximenes foi nomeado para o cargo de Controlador Geral Adjunto, trazendo consigo uma trajet\u00f3ria s\u00f3lida no servi\u00e7o p\u00fablico e um hist\u00f3rico de comprometimento com a gest\u00e3o respons\u00e1vel e transparente.<\/p>\n\n\n\n<p class=\"p1\">Integrante do grupo pol\u00edtico de Paulinho Freire, Leonardo j\u00e1 atuou como assessor jur\u00eddico da presid\u00eancia da C\u00e2mara, recentemente foi um dos diretores da Escola do Legislativo da Assembleia, demonstrando, ao longo dos anos, compet\u00eancia t\u00e9cnica, equil\u00edbrio e dedica\u00e7\u00e3o \u00e0 causa p\u00fablica.<\/p>\n\n\n\n<p><\/p>\n\n\n\n<p class=\"p1\">Al\u00e9m de ser um grande quadro, com profundo conhecimento jur\u00eddico e institucional, Leonardo Ximenes tamb\u00e9m se destaca por sua simpatia, aten\u00e7\u00e3o no trato com as pessoas e esp\u00edrito colaborativo \u2014 qualidades que certamente enriquecer\u00e3o sua atua\u00e7\u00e3o nesta nova miss\u00e3o.<\/p>\n\n\n\n<p>O grupo das antigas de Paulinho se destaca por serem acess\u00edveis e educados, figuras como Fl\u00e1vio Fonseca, Adriana Trindade, Vinicius Carvalho e o pr\u00f3prio Leonardo Ximenes. <\/p>\n\n\n\n<p class=\"p1\">A nomea\u00e7\u00e3o de \u201cLeoz\u00e3o\u201d como \u00e9 carinhosamente chamado, \u00e9 sem d\u00favida, um acerto da administra\u00e7\u00e3o municipal e um passo importante para fortalecer os pilares da boa governan\u00e7a na capital potiguar.<\/p>\n","protected":false},"excerpt":{"rendered":"<p>A Prefeitura do Natal conta agora com um importante refor\u00e7o em sua Controladoria Geral: Leonardo Ximenes foi nomeado para o cargo de Controlador Geral Adjunto, trazendo consigo uma trajet\u00f3ria s\u00f3lida no servi\u00e7o p\u00fablico e um hist\u00f3rico de comprometimento com a gest\u00e3o respons\u00e1vel e transparente. Integrante do grupo pol\u00edtico de Paulinho Freire, Leonardo j\u00e1 atuou como [&hellip;]<\/p>\n","protected":false},"author":1,"featured_media":0,"comment_status":"open","ping_status":"open","sticky":false,"template":"","format":"standard","meta":{"cybocfi_hide_featured_image":"","_jetpack_memberships_contains_paid_content":false,"footnotes":""},"categories":[1],"tags":[],"class_list":["post-5218","post","type-post","status-publish","format-standard","hentry","category-diversos"],"yoast_head":"<!-- This site is optimized with the Yoast SEO plugin v25.6 - https:\/\/yoast.com\/wordpress\/plugins\/seo\/ -->\n<title>Leonardo Ximenes \u00e9 nomeado Controlador Geral Adjunto da Prefeitura do Natal - Blog do Bispo<\/title>\n<meta name=\"robots\" content=\"index, follow, max-snippet:-1, max-image-preview:large, max-video-preview:-1\" \/>\n<link rel=\"canonical\" href=\"https:\/\/blogdobispo.com.br\/?p=5218\" \/>\n<meta property=\"og:locale\" content=\"pt_BR\" \/>\n<meta property=\"og:type\" content=\"article\" \/>\n<meta property=\"og:title\" content=\"Leonardo Ximenes \u00e9 nomeado Controlador Geral Adjunto da Prefeitura do Natal - Blog do Bispo\" \/>\n<meta property=\"og:description\" content=\"A Prefeitura do Natal conta agora com um importante refor\u00e7o em sua Controladoria Geral: Leonardo Ximenes foi nomeado para o cargo de Controlador Geral Adjunto, trazendo consigo uma trajet\u00f3ria s\u00f3lida no servi\u00e7o p\u00fablico e um hist\u00f3rico de comprometimento com a gest\u00e3o respons\u00e1vel e transparente. Integrante do grupo pol\u00edtico de Paulinho Freire, Leonardo j\u00e1 atuou como [&hellip;]\" \/>\n<meta property=\"og:url\" content=\"https:\/\/blogdobispo.com.br\/?p=5218\" \/>\n<meta property=\"og:site_name\" content=\"Blog do Bispo\" \/>\n<meta property=\"article:published_time\" content=\"2025-05-06T15:18:29+00:00\" \/>\n<meta property=\"article:modified_time\" content=\"2025-05-06T15:25:45+00:00\" \/>\n<meta property=\"og:image\" content=\"https:\/\/blogdobispo.com.br\/wp-content\/uploads\/2025\/05\/image.jpg\" \/>\n<meta name=\"author\" content=\"Jefferson Sterfeno\" \/>\n<meta name=\"twitter:card\" content=\"summary_large_image\" \/>\n<meta name=\"twitter:label1\" content=\"Escrito por\" \/>\n\t<meta name=\"twitter:data1\" content=\"Jefferson Sterfeno\" \/>\n\t<meta name=\"twitter:label2\" content=\"Est. tempo de leitura\" \/>\n\t<meta name=\"twitter:data2\" content=\"1 minuto\" \/>\n<script type=\"application\/ld+json\" class=\"yoast-schema-graph\">{\"@context\":\"https:\/\/schema.org\",\"@graph\":[{\"@type\":\"Article\",\"@id\":\"https:\/\/blogdobispo.com.br\/?p=5218#article\",\"isPartOf\":{\"@id\":\"https:\/\/blogdobispo.com.br\/?p=5218\"},\"author\":{\"name\":\"Jefferson Sterfeno\",\"@id\":\"https:\/\/blogdobispo.com.br\/#\/schema\/person\/e2209cc0e6cea5c5233d033e997b373f\"},\"headline\":\"Leonardo Ximenes \u00e9 nomeado Controlador Geral Adjunto da Prefeitura do Natal\",\"datePublished\":\"2025-05-06T15:18:29+00:00\",\"dateModified\":\"2025-05-06T15:25:45+00:00\",\"mainEntityOfPage\":{\"@id\":\"https:\/\/blogdobispo.com.br\/?p=5218\"},\"wordCount\":219,\"commentCount\":0,\"publisher\":{\"@id\":\"https:\/\/blogdobispo.com.br\/#organization\"},\"image\":{\"@id\":\"https:\/\/blogdobispo.com.br\/?p=5218#primaryimage\"},\"thumbnailUrl\":\"https:\/\/blogdobispo.com.br\/wp-content\/uploads\/2025\/05\/image.jpg\",\"articleSection\":[\"diversos\"],\"inLanguage\":\"pt-BR\",\"potentialAction\":[{\"@type\":\"CommentAction\",\"name\":\"Comment\",\"target\":[\"https:\/\/blogdobispo.com.br\/?p=5218#respond\"]}]},{\"@type\":\"WebPage\",\"@id\":\"https:\/\/blogdobispo.com.br\/?p=5218\",\"url\":\"https:\/\/blogdobispo.com.br\/?p=5218\",\"name\":\"Leonardo Ximenes \u00e9 nomeado Controlador Geral Adjunto da Prefeitura do Natal - Blog do Bispo\",\"isPartOf\":{\"@id\":\"https:\/\/blogdobispo.com.br\/#website\"},\"primaryImageOfPage\":{\"@id\":\"https:\/\/blogdobispo.com.br\/?p=5218#primaryimage\"},\"image\":{\"@id\":\"https:\/\/blogdobispo.com.br\/?p=5218#primaryimage\"},\"thumbnailUrl\":\"https:\/\/blogdobispo.com.br\/wp-content\/uploads\/2025\/05\/image.jpg\",\"datePublished\":\"2025-05-06T15:18:29+00:00\",\"dateModified\":\"2025-05-06T15:25:45+00:00\",\"breadcrumb\":{\"@id\":\"https:\/\/blogdobispo.com.br\/?p=5218#breadcrumb\"},\"inLanguage\":\"pt-BR\",\"potentialAction\":[{\"@type\":\"ReadAction\",\"target\":[\"https:\/\/blogdobispo.com.br\/?p=5218\"]}]},{\"@type\":\"ImageObject\",\"inLanguage\":\"pt-BR\",\"@id\":\"https:\/\/blogdobispo.com.br\/?p=5218#primaryimage\",\"url\":\"https:\/\/blogdobispo.com.br\/wp-content\/uploads\/2025\/05\/image.jpg\",\"contentUrl\":\"https:\/\/blogdobispo.com.br\/wp-content\/uploads\/2025\/05\/image.jpg\"},{\"@type\":\"BreadcrumbList\",\"@id\":\"https:\/\/blogdobispo.com.br\/?p=5218#breadcrumb\",\"itemListElement\":[{\"@type\":\"ListItem\",\"position\":1,\"name\":\"In\u00edcio\",\"item\":\"https:\/\/blogdobispo.com.br\/\"},{\"@type\":\"ListItem\",\"position\":2,\"name\":\"Leonardo Ximenes \u00e9 nomeado Controlador Geral Adjunto da Prefeitura do Natal\"}]},{\"@type\":\"WebSite\",\"@id\":\"https:\/\/blogdobispo.com.br\/#website\",\"url\":\"https:\/\/blogdobispo.com.br\/\",\"name\":\"Blog do Bispo\",\"description\":\"Comprometido apenas com o leitor\",\"publisher\":{\"@id\":\"https:\/\/blogdobispo.com.br\/#organization\"},\"potentialAction\":[{\"@type\":\"SearchAction\",\"target\":{\"@type\":\"EntryPoint\",\"urlTemplate\":\"https:\/\/blogdobispo.com.br\/?s={search_term_string}\"},\"query-input\":{\"@type\":\"PropertyValueSpecification\",\"valueRequired\":true,\"valueName\":\"search_term_string\"}}],\"inLanguage\":\"pt-BR\"},{\"@type\":\"Organization\",\"@id\":\"https:\/\/blogdobispo.com.br\/#organization\",\"name\":\"Blog do Bispo\",\"url\":\"https:\/\/blogdobispo.com.br\/\",\"logo\":{\"@type\":\"ImageObject\",\"inLanguage\":\"pt-BR\",\"@id\":\"https:\/\/blogdobispo.com.br\/#\/schema\/logo\/image\/\",\"url\":\"http:\/\/blogdobispo.com.br\/wp-content\/uploads\/2023\/05\/cropped-headear.png\",\"contentUrl\":\"http:\/\/blogdobispo.com.br\/wp-content\/uploads\/2023\/05\/cropped-headear.png\",\"width\":1500,\"height\":399,\"caption\":\"Blog do Bispo\"},\"image\":{\"@id\":\"https:\/\/blogdobispo.com.br\/#\/schema\/logo\/image\/\"}},{\"@type\":\"Person\",\"@id\":\"https:\/\/blogdobispo.com.br\/#\/schema\/person\/e2209cc0e6cea5c5233d033e997b373f\",\"name\":\"Jefferson Sterfeno\",\"image\":{\"@type\":\"ImageObject\",\"inLanguage\":\"pt-BR\",\"@id\":\"https:\/\/blogdobispo.com.br\/#\/schema\/person\/image\/\",\"url\":\"https:\/\/secure.gravatar.com\/avatar\/0534e84764641168a677026b6d57a3f51dc7ac4db0b4f6186d9cb330d4ee1160?s=96&d=mm&r=g\",\"contentUrl\":\"https:\/\/secure.gravatar.com\/avatar\/0534e84764641168a677026b6d57a3f51dc7ac4db0b4f6186d9cb330d4ee1160?s=96&d=mm&r=g\",\"caption\":\"Jefferson Sterfeno\"},\"sameAs\":[\"http:\/\/blogdobispo.com.br\"],\"url\":\"https:\/\/blogdobispo.com.br\/?author=1\"}]}<\/script>\n<!-- \/ Yoast SEO plugin. -->","yoast_head_json":{"title":"Leonardo Ximenes \u00e9 nomeado Controlador Geral Adjunto da Prefeitura do Natal - Blog do Bispo","robots":{"index":"index","follow":"follow","max-snippet":"max-snippet:-1","max-image-preview":"max-image-preview:large","max-video-preview":"max-video-preview:-1"},"canonical":"https:\/\/blogdobispo.com.br\/?p=5218","og_locale":"pt_BR","og_type":"article","og_title":"Leonardo Ximenes \u00e9 nomeado Controlador Geral Adjunto da Prefeitura do Natal - Blog do Bispo","og_description":"A Prefeitura do Natal conta agora com um importante refor\u00e7o em sua Controladoria Geral: Leonardo Ximenes foi nomeado para o cargo de Controlador Geral Adjunto, trazendo consigo uma trajet\u00f3ria s\u00f3lida no servi\u00e7o p\u00fablico e um hist\u00f3rico de comprometimento com a gest\u00e3o respons\u00e1vel e transparente. Integrante do grupo pol\u00edtico de Paulinho Freire, Leonardo j\u00e1 atuou como [&hellip;]","og_url":"https:\/\/blogdobispo.com.br\/?p=5218","og_site_name":"Blog do Bispo","article_published_time":"2025-05-06T15:18:29+00:00","article_modified_time":"2025-05-06T15:25:45+00:00","og_image":[{"url":"https:\/\/blogdobispo.com.br\/wp-content\/uploads\/2025\/05\/image.jpg","type":"","width":"","height":""}],"author":"Jefferson Sterfeno","twitter_card":"summary_large_image","twitter_misc":{"Escrito por":"Jefferson Sterfeno","Est. tempo de leitura":"1 minuto"},"schema":{"@context":"https:\/\/schema.org","@graph":[{"@type":"Article","@id":"https:\/\/blogdobispo.com.br\/?p=5218#article","isPartOf":{"@id":"https:\/\/blogdobispo.com.br\/?p=5218"},"author":{"name":"Jefferson Sterfeno","@id":"https:\/\/blogdobispo.com.br\/#\/schema\/person\/e2209cc0e6cea5c5233d033e997b373f"},"headline":"Leonardo Ximenes \u00e9 nomeado Controlador Geral Adjunto da Prefeitura do Natal","datePublished":"2025-05-06T15:18:29+00:00","dateModified":"2025-05-06T15:25:45+00:00","mainEntityOfPage":{"@id":"https:\/\/blogdobispo.com.br\/?p=5218"},"wordCount":219,"commentCount":0,"publisher":{"@id":"https:\/\/blogdobispo.com.br\/#organization"},"image":{"@id":"https:\/\/blogdobispo.com.br\/?p=5218#primaryimage"},"thumbnailUrl":"https:\/\/blogdobispo.com.br\/wp-content\/uploads\/2025\/05\/image.jpg","articleSection":["diversos"],"inLanguage":"pt-BR","potentialAction":[{"@type":"CommentAction","name":"Comment","target":["https:\/\/blogdobispo.com.br\/?p=5218#respond"]}]},{"@type":"WebPage","@id":"https:\/\/blogdobispo.com.br\/?p=5218","url":"https:\/\/blogdobispo.com.br\/?p=5218","name":"Leonardo Ximenes \u00e9 nomeado Controlador Geral Adjunto da Prefeitura do Natal - Blog do Bispo","isPartOf":{"@id":"https:\/\/blogdobispo.com.br\/#website"},"primaryImageOfPage":{"@id":"https:\/\/blogdobispo.com.br\/?p=5218#primaryimage"},"image":{"@id":"https:\/\/blogdobispo.com.br\/?p=5218#primaryimage"},"thumbnailUrl":"https:\/\/blogdobispo.com.br\/wp-content\/uploads\/2025\/05\/image.jpg","datePublished":"2025-05-06T15:18:29+00:00","dateModified":"2025-05-06T15:25:45+00:00","breadcrumb":{"@id":"https:\/\/blogdobispo.com.br\/?p=5218#breadcrumb"},"inLanguage":"pt-BR","potentialAction":[{"@type":"ReadAction","target":["https:\/\/blogdobispo.com.br\/?p=5218"]}]},{"@type":"ImageObject","inLanguage":"pt-BR","@id":"https:\/\/blogdobispo.com.br\/?p=5218#primaryimage","url":"https:\/\/blogdobispo.com.br\/wp-content\/uploads\/2025\/05\/image.jpg","contentUrl":"https:\/\/blogdobispo.com.br\/wp-content\/uploads\/2025\/05\/image.jpg"},{"@type":"BreadcrumbList","@id":"https:\/\/blogdobispo.com.br\/?p=5218#breadcrumb","itemListElement":[{"@type":"ListItem","position":1,"name":"In\u00edcio","item":"https:\/\/blogdobispo.com.br\/"},{"@type":"ListItem","position":2,"name":"Leonardo Ximenes \u00e9 nomeado Controlador Geral Adjunto da Prefeitura do Natal"}]},{"@type":"WebSite","@id":"https:\/\/blogdobispo.com.br\/#website","url":"https:\/\/blogdobispo.com.br\/","name":"Blog do Bispo","description":"Comprometido apenas com o leitor","publisher":{"@id":"https:\/\/blogdobispo.com.br\/#organization"},"potentialAction":[{"@type":"SearchAction","target":{"@type":"EntryPoint","urlTemplate":"https:\/\/blogdobispo.com.br\/?s={search_term_string}"},"query-input":{"@type":"PropertyValueSpecification","valueRequired":true,"valueName":"search_term_string"}}],"inLanguage":"pt-BR"},{"@type":"Organization","@id":"https:\/\/blogdobispo.com.br\/#organization","name":"Blog do Bispo","url":"https:\/\/blogdobispo.com.br\/","logo":{"@type":"ImageObject","inLanguage":"pt-BR","@id":"https:\/\/blogdobispo.com.br\/#\/schema\/logo\/image\/","url":"http:\/\/blogdobispo.com.br\/wp-content\/uploads\/2023\/05\/cropped-headear.png","contentUrl":"http:\/\/blogdobispo.com.br\/wp-content\/uploads\/2023\/05\/cropped-headear.png","width":1500,"height":399,"caption":"Blog do Bispo"},"image":{"@id":"https:\/\/blogdobispo.com.br\/#\/schema\/logo\/image\/"}},{"@type":"Person","@id":"https:\/\/blogdobispo.com.br\/#\/schema\/person\/e2209cc0e6cea5c5233d033e997b373f","name":"Jefferson Sterfeno","image":{"@type":"ImageObject","inLanguage":"pt-BR","@id":"https:\/\/blogdobispo.com.br\/#\/schema\/person\/image\/","url":"https:\/\/secure.gravatar.com\/avatar\/0534e84764641168a677026b6d57a3f51dc7ac4db0b4f6186d9cb330d4ee1160?s=96&d=mm&r=g","contentUrl":"https:\/\/secure.gravatar.com\/avatar\/0534e84764641168a677026b6d57a3f51dc7ac4db0b4f6186d9cb330d4ee1160?s=96&d=mm&r=g","caption":"Jefferson Sterfeno"},"sameAs":["http:\/\/blogdobispo.com.br"],"url":"https:\/\/blogdobispo.com.br\/?author=1"}]}},"featured_image_urls":{"full":"","thumbnail":"","medium":"","medium_large":"","large":"","1536x1536":"","2048x2048":""},"author_info":{"display_name":"Jefferson Sterfeno","author_link":"https:\/\/blogdobispo.com.br\/?author=1"},"category_info":"<a href=\"https:\/\/blogdobispo.com.br\/?cat=1\" rel=\"category\">diversos<\/a>","tag_info":"diversos","comment_count":"0","jetpack_featured_media_url":"","jetpack_sharing_enabled":true,"_links":{"self":[{"href":"https:\/\/blogdobispo.com.br\/index.php?rest_route=\/wp\/v2\/posts\/5218","targetHints":{"allow":["GET"]}}],"collection":[{"href":"https:\/\/blogdobispo.com.br\/index.php?rest_route=\/wp\/v2\/posts"}],"about":[{"href":"https:\/\/blogdobispo.com.br\/index.php?rest_route=\/wp\/v2\/types\/post"}],"author":[{"embeddable":true,"href":"https:\/\/blogdobispo.com.br\/index.php?rest_route=\/wp\/v2\/users\/1"}],"replies":[{"embeddable":true,"href":"https:\/\/blogdobispo.com.br\/index.php?rest_route=%2Fwp%2Fv2%2Fcomments&post=5218"}],"version-history":[{"count":1,"href":"https:\/\/blogdobispo.com.br\/index.php?rest_route=\/wp\/v2\/posts\/5218\/revisions"}],"predecessor-version":[{"id":5219,"href":"https:\/\/blogdobispo.com.br\/index.php?rest_route=\/wp\/v2\/posts\/5218\/revisions\/5219"}],"wp:attachment":[{"href":"https:\/\/blogdobispo.com.br\/index.php?rest_route=%2Fwp%2Fv2%2Fmedia&parent=5218"}],"wp:term":[{"taxonomy":"category","embeddable":true,"href":"https:\/\/blogdobispo.com.br\/index.php?rest_route=%2Fwp%2Fv2%2Fcategories&post=5218"},{"taxonomy":"post_tag","embeddable":true,"href":"https:\/\/blogdobispo.com.br\/index.php?rest_route=%2Fwp%2Fv2%2Ftags&post=5218"}],"curies":[{"name":"wp","href":"https:\/\/api.w.org\/{rel}","templated":true}]}}