{"id":5213,"date":"2025-05-06T13:35:36","date_gmt":"2025-05-06T13:35:36","guid":{"rendered":"https:\/\/blogdobispo.com.br\/?p=5213"},"modified":"2025-05-06T13:35:36","modified_gmt":"2025-05-06T13:35:36","slug":"rogerio-marinho-aciona-pgr-contra-governador-da-bahia-por-incitacao-a-violencia-politica","status":"publish","type":"post","link":"https:\/\/blogdobispo.com.br\/?p=5213","title":{"rendered":"Rog\u00e9rio Marinho aciona PGR contra governador da Bahia por incita\u00e7\u00e3o \u00e0 viol\u00eancia pol\u00edtica"},"content":{"rendered":"\n<p><\/p>\n\n\n\n<p>O senador Rog\u00e9rio Marinho (PL-RN), l\u00edder da oposi\u00e7\u00e3o no Senado, protocolou na segunda-feira (5) representa\u00e7\u00e3o na Procuradoria-Geral da Rep\u00fablica (PGR) para que investigue o governador da Bahia, Jer\u00f4nimo Rodrigues (PT), por incitar publicamente a elimina\u00e7\u00e3o de opositores em evento oficial no munic\u00edpio de Jo\u00e3o Dourado (BA), em 2 de maio.<\/p>\n\n\n\n<p>Em v\u00eddeo divulgado por ve\u00edculos de comunica\u00e7\u00e3o, o governador afirma que \u201cbotaria numa retroescavadeira e levaria para a vala\u201d o ex-presidente Jair Bolsonaro e seus eleitores. Para Rog\u00e9rio Marinho, a declara\u00e7\u00e3o configura crime de incita\u00e7\u00e3o ao homic\u00eddio e amea\u00e7a grave \u00e0 integridade f\u00edsica de advers\u00e1rios.<\/p>\n\n\n\n<p>\u201cO discurso do governador da Bahia exp\u00f5e a contradi\u00e7\u00e3o do PT: embora pregue paz e amor, incita o assassinato de opositores, subverte a democracia e defende a puni\u00e7\u00e3o arbitr\u00e1ria de apoiadores de Bolsonaro\u201d, denuncia o l\u00edder da oposi\u00e7\u00e3o em trecho da representa\u00e7\u00e3o. Ele fundamenta o pedido nos artigos 286 e 147 do C\u00f3digo Penal, que punem a apologia ou indu\u00e7\u00e3o a crime e a amea\u00e7a de mal injusto e grave, respectivamente.<\/p>\n\n\n\n<p>Rog\u00e9rio Marinho solicita a abertura de procedimento investigat\u00f3rio e, caso confirmados ind\u00edcios suficientes, o oferecimento de den\u00fancia contra o governador. \u201cO governador da Bahia exp\u00f5e a verdadeiro face do PT: o da intoler\u00e2ncia, do autoritarismo e da incita\u00e7\u00e3o \u00e0 viol\u00eancia contra quem pensa diferente\u201d, declarou nas redes sociais\u201d. \u201c\u00c9 um discurso de \u00f3dio que exp\u00f5e a hipocrisia de um partido que prega &#8220;democracia&#8221;, mas flerta com o totalitarismo. Por isso, acionamos a PGR para investigar esse esc\u00e2ndalo contra a paz social e a democracia brasileira\u201d,&nbsp;complementou.<\/p>\n\n\n\n<figure class=\"wp-block-image size-large\"><img data-recalc-dims=\"1\" fetchpriority=\"high\" decoding=\"async\" width=\"800\" height=\"532\" src=\"https:\/\/i0.wp.com\/blogdobispo.com.br\/wp-content\/uploads\/2025\/05\/11331ff5-b84a-40e1-b200-533ef3b99e92-1-1024x681.jpg?resize=800%2C532&#038;ssl=1\" class=\"wp-image-5212\" srcset=\"https:\/\/i0.wp.com\/blogdobispo.com.br\/wp-content\/uploads\/2025\/05\/11331ff5-b84a-40e1-b200-533ef3b99e92-1.jpg?resize=1024%2C681&amp;ssl=1 1024w, https:\/\/i0.wp.com\/blogdobispo.com.br\/wp-content\/uploads\/2025\/05\/11331ff5-b84a-40e1-b200-533ef3b99e92-1.jpg?resize=300%2C199&amp;ssl=1 300w, https:\/\/i0.wp.com\/blogdobispo.com.br\/wp-content\/uploads\/2025\/05\/11331ff5-b84a-40e1-b200-533ef3b99e92-1.jpg?resize=768%2C511&amp;ssl=1 768w, https:\/\/i0.wp.com\/blogdobispo.com.br\/wp-content\/uploads\/2025\/05\/11331ff5-b84a-40e1-b200-533ef3b99e92-1.jpg?w=1280&amp;ssl=1 1280w\" sizes=\"(max-width: 800px) 100vw, 800px\" \/><\/figure>\n","protected":false},"excerpt":{"rendered":"<p>O senador Rog\u00e9rio Marinho (PL-RN), l\u00edder da oposi\u00e7\u00e3o no Senado, protocolou na segunda-feira (5) representa\u00e7\u00e3o na Procuradoria-Geral da Rep\u00fablica (PGR) para que investigue o governador da Bahia, Jer\u00f4nimo Rodrigues (PT), por incitar publicamente a elimina\u00e7\u00e3o de opositores em evento oficial no munic\u00edpio de Jo\u00e3o Dourado (BA), em 2 de maio. Em v\u00eddeo divulgado por ve\u00edculos [&hellip;]<\/p>\n","protected":false},"author":1,"featured_media":0,"comment_status":"open","ping_status":"open","sticky":false,"template":"","format":"standard","meta":{"cybocfi_hide_featured_image":"","_jetpack_memberships_contains_paid_content":false,"footnotes":""},"categories":[1],"tags":[],"class_list":["post-5213","post","type-post","status-publish","format-standard","hentry","category-diversos"],"yoast_head":"<!-- This site is optimized with the Yoast SEO plugin v25.6 - https:\/\/yoast.com\/wordpress\/plugins\/seo\/ -->\n<title>Rog\u00e9rio Marinho aciona PGR contra governador da Bahia por incita\u00e7\u00e3o \u00e0 viol\u00eancia pol\u00edtica - Blog do Bispo<\/title>\n<meta name=\"robots\" content=\"index, follow, max-snippet:-1, max-image-preview:large, max-video-preview:-1\" \/>\n<link rel=\"canonical\" href=\"https:\/\/blogdobispo.com.br\/?p=5213\" \/>\n<meta property=\"og:locale\" content=\"pt_BR\" \/>\n<meta property=\"og:type\" content=\"article\" \/>\n<meta property=\"og:title\" content=\"Rog\u00e9rio Marinho aciona PGR contra governador da Bahia por incita\u00e7\u00e3o \u00e0 viol\u00eancia pol\u00edtica - Blog do Bispo\" \/>\n<meta property=\"og:description\" content=\"O senador Rog\u00e9rio Marinho (PL-RN), l\u00edder da oposi\u00e7\u00e3o no Senado, protocolou na segunda-feira (5) representa\u00e7\u00e3o na Procuradoria-Geral da Rep\u00fablica (PGR) para que investigue o governador da Bahia, Jer\u00f4nimo Rodrigues (PT), por incitar publicamente a elimina\u00e7\u00e3o de opositores em evento oficial no munic\u00edpio de Jo\u00e3o Dourado (BA), em 2 de maio. Em v\u00eddeo divulgado por ve\u00edculos [&hellip;]\" \/>\n<meta property=\"og:url\" content=\"https:\/\/blogdobispo.com.br\/?p=5213\" \/>\n<meta property=\"og:site_name\" content=\"Blog do Bispo\" \/>\n<meta property=\"article:published_time\" content=\"2025-05-06T13:35:36+00:00\" \/>\n<meta property=\"og:image\" content=\"https:\/\/blogdobispo.com.br\/wp-content\/uploads\/2025\/05\/11331ff5-b84a-40e1-b200-533ef3b99e92-1-1024x681.jpg\" \/>\n<meta name=\"author\" content=\"Jefferson Sterfeno\" \/>\n<meta name=\"twitter:card\" content=\"summary_large_image\" \/>\n<meta name=\"twitter:label1\" content=\"Escrito por\" \/>\n\t<meta name=\"twitter:data1\" content=\"Jefferson Sterfeno\" \/>\n\t<meta name=\"twitter:label2\" content=\"Est. tempo de leitura\" \/>\n\t<meta name=\"twitter:data2\" content=\"1 minuto\" \/>\n<script type=\"application\/ld+json\" class=\"yoast-schema-graph\">{\"@context\":\"https:\/\/schema.org\",\"@graph\":[{\"@type\":\"Article\",\"@id\":\"https:\/\/blogdobispo.com.br\/?p=5213#article\",\"isPartOf\":{\"@id\":\"https:\/\/blogdobispo.com.br\/?p=5213\"},\"author\":{\"name\":\"Jefferson Sterfeno\",\"@id\":\"https:\/\/blogdobispo.com.br\/#\/schema\/person\/e2209cc0e6cea5c5233d033e997b373f\"},\"headline\":\"Rog\u00e9rio Marinho aciona PGR contra governador da Bahia por incita\u00e7\u00e3o \u00e0 viol\u00eancia pol\u00edtica\",\"datePublished\":\"2025-05-06T13:35:36+00:00\",\"mainEntityOfPage\":{\"@id\":\"https:\/\/blogdobispo.com.br\/?p=5213\"},\"wordCount\":301,\"commentCount\":0,\"publisher\":{\"@id\":\"https:\/\/blogdobispo.com.br\/#organization\"},\"image\":{\"@id\":\"https:\/\/blogdobispo.com.br\/?p=5213#primaryimage\"},\"thumbnailUrl\":\"https:\/\/blogdobispo.com.br\/wp-content\/uploads\/2025\/05\/11331ff5-b84a-40e1-b200-533ef3b99e92-1-1024x681.jpg\",\"articleSection\":[\"diversos\"],\"inLanguage\":\"pt-BR\",\"potentialAction\":[{\"@type\":\"CommentAction\",\"name\":\"Comment\",\"target\":[\"https:\/\/blogdobispo.com.br\/?p=5213#respond\"]}]},{\"@type\":\"WebPage\",\"@id\":\"https:\/\/blogdobispo.com.br\/?p=5213\",\"url\":\"https:\/\/blogdobispo.com.br\/?p=5213\",\"name\":\"Rog\u00e9rio Marinho aciona PGR contra governador da Bahia por incita\u00e7\u00e3o \u00e0 viol\u00eancia pol\u00edtica - Blog do Bispo\",\"isPartOf\":{\"@id\":\"https:\/\/blogdobispo.com.br\/#website\"},\"primaryImageOfPage\":{\"@id\":\"https:\/\/blogdobispo.com.br\/?p=5213#primaryimage\"},\"image\":{\"@id\":\"https:\/\/blogdobispo.com.br\/?p=5213#primaryimage\"},\"thumbnailUrl\":\"https:\/\/blogdobispo.com.br\/wp-content\/uploads\/2025\/05\/11331ff5-b84a-40e1-b200-533ef3b99e92-1-1024x681.jpg\",\"datePublished\":\"2025-05-06T13:35:36+00:00\",\"breadcrumb\":{\"@id\":\"https:\/\/blogdobispo.com.br\/?p=5213#breadcrumb\"},\"inLanguage\":\"pt-BR\",\"potentialAction\":[{\"@type\":\"ReadAction\",\"target\":[\"https:\/\/blogdobispo.com.br\/?p=5213\"]}]},{\"@type\":\"ImageObject\",\"inLanguage\":\"pt-BR\",\"@id\":\"https:\/\/blogdobispo.com.br\/?p=5213#primaryimage\",\"url\":\"https:\/\/blogdobispo.com.br\/wp-content\/uploads\/2025\/05\/11331ff5-b84a-40e1-b200-533ef3b99e92-1-1024x681.jpg\",\"contentUrl\":\"https:\/\/blogdobispo.com.br\/wp-content\/uploads\/2025\/05\/11331ff5-b84a-40e1-b200-533ef3b99e92-1-1024x681.jpg\"},{\"@type\":\"BreadcrumbList\",\"@id\":\"https:\/\/blogdobispo.com.br\/?p=5213#breadcrumb\",\"itemListElement\":[{\"@type\":\"ListItem\",\"position\":1,\"name\":\"In\u00edcio\",\"item\":\"https:\/\/blogdobispo.com.br\/\"},{\"@type\":\"ListItem\",\"position\":2,\"name\":\"Rog\u00e9rio Marinho aciona PGR contra governador da Bahia por incita\u00e7\u00e3o \u00e0 viol\u00eancia pol\u00edtica\"}]},{\"@type\":\"WebSite\",\"@id\":\"https:\/\/blogdobispo.com.br\/#website\",\"url\":\"https:\/\/blogdobispo.com.br\/\",\"name\":\"Blog do Bispo\",\"description\":\"Comprometido apenas com o leitor\",\"publisher\":{\"@id\":\"https:\/\/blogdobispo.com.br\/#organization\"},\"potentialAction\":[{\"@type\":\"SearchAction\",\"target\":{\"@type\":\"EntryPoint\",\"urlTemplate\":\"https:\/\/blogdobispo.com.br\/?s={search_term_string}\"},\"query-input\":{\"@type\":\"PropertyValueSpecification\",\"valueRequired\":true,\"valueName\":\"search_term_string\"}}],\"inLanguage\":\"pt-BR\"},{\"@type\":\"Organization\",\"@id\":\"https:\/\/blogdobispo.com.br\/#organization\",\"name\":\"Blog do Bispo\",\"url\":\"https:\/\/blogdobispo.com.br\/\",\"logo\":{\"@type\":\"ImageObject\",\"inLanguage\":\"pt-BR\",\"@id\":\"https:\/\/blogdobispo.com.br\/#\/schema\/logo\/image\/\",\"url\":\"http:\/\/blogdobispo.com.br\/wp-content\/uploads\/2023\/05\/cropped-headear.png\",\"contentUrl\":\"http:\/\/blogdobispo.com.br\/wp-content\/uploads\/2023\/05\/cropped-headear.png\",\"width\":1500,\"height\":399,\"caption\":\"Blog do Bispo\"},\"image\":{\"@id\":\"https:\/\/blogdobispo.com.br\/#\/schema\/logo\/image\/\"}},{\"@type\":\"Person\",\"@id\":\"https:\/\/blogdobispo.com.br\/#\/schema\/person\/e2209cc0e6cea5c5233d033e997b373f\",\"name\":\"Jefferson Sterfeno\",\"image\":{\"@type\":\"ImageObject\",\"inLanguage\":\"pt-BR\",\"@id\":\"https:\/\/blogdobispo.com.br\/#\/schema\/person\/image\/\",\"url\":\"https:\/\/secure.gravatar.com\/avatar\/0534e84764641168a677026b6d57a3f51dc7ac4db0b4f6186d9cb330d4ee1160?s=96&d=mm&r=g\",\"contentUrl\":\"https:\/\/secure.gravatar.com\/avatar\/0534e84764641168a677026b6d57a3f51dc7ac4db0b4f6186d9cb330d4ee1160?s=96&d=mm&r=g\",\"caption\":\"Jefferson Sterfeno\"},\"sameAs\":[\"http:\/\/blogdobispo.com.br\"],\"url\":\"https:\/\/blogdobispo.com.br\/?author=1\"}]}<\/script>\n<!-- \/ Yoast SEO plugin. -->","yoast_head_json":{"title":"Rog\u00e9rio Marinho aciona PGR contra governador da Bahia por incita\u00e7\u00e3o \u00e0 viol\u00eancia pol\u00edtica - Blog do Bispo","robots":{"index":"index","follow":"follow","max-snippet":"max-snippet:-1","max-image-preview":"max-image-preview:large","max-video-preview":"max-video-preview:-1"},"canonical":"https:\/\/blogdobispo.com.br\/?p=5213","og_locale":"pt_BR","og_type":"article","og_title":"Rog\u00e9rio Marinho aciona PGR contra governador da Bahia por incita\u00e7\u00e3o \u00e0 viol\u00eancia pol\u00edtica - Blog do Bispo","og_description":"O senador Rog\u00e9rio Marinho (PL-RN), l\u00edder da oposi\u00e7\u00e3o no Senado, protocolou na segunda-feira (5) representa\u00e7\u00e3o na Procuradoria-Geral da Rep\u00fablica (PGR) para que investigue o governador da Bahia, Jer\u00f4nimo Rodrigues (PT), por incitar publicamente a elimina\u00e7\u00e3o de opositores em evento oficial no munic\u00edpio de Jo\u00e3o Dourado (BA), em 2 de maio. Em v\u00eddeo divulgado por ve\u00edculos [&hellip;]","og_url":"https:\/\/blogdobispo.com.br\/?p=5213","og_site_name":"Blog do Bispo","article_published_time":"2025-05-06T13:35:36+00:00","og_image":[{"url":"https:\/\/blogdobispo.com.br\/wp-content\/uploads\/2025\/05\/11331ff5-b84a-40e1-b200-533ef3b99e92-1-1024x681.jpg","type":"","width":"","height":""}],"author":"Jefferson Sterfeno","twitter_card":"summary_large_image","twitter_misc":{"Escrito por":"Jefferson Sterfeno","Est. tempo de leitura":"1 minuto"},"schema":{"@context":"https:\/\/schema.org","@graph":[{"@type":"Article","@id":"https:\/\/blogdobispo.com.br\/?p=5213#article","isPartOf":{"@id":"https:\/\/blogdobispo.com.br\/?p=5213"},"author":{"name":"Jefferson Sterfeno","@id":"https:\/\/blogdobispo.com.br\/#\/schema\/person\/e2209cc0e6cea5c5233d033e997b373f"},"headline":"Rog\u00e9rio Marinho aciona PGR contra governador da Bahia por incita\u00e7\u00e3o \u00e0 viol\u00eancia pol\u00edtica","datePublished":"2025-05-06T13:35:36+00:00","mainEntityOfPage":{"@id":"https:\/\/blogdobispo.com.br\/?p=5213"},"wordCount":301,"commentCount":0,"publisher":{"@id":"https:\/\/blogdobispo.com.br\/#organization"},"image":{"@id":"https:\/\/blogdobispo.com.br\/?p=5213#primaryimage"},"thumbnailUrl":"https:\/\/blogdobispo.com.br\/wp-content\/uploads\/2025\/05\/11331ff5-b84a-40e1-b200-533ef3b99e92-1-1024x681.jpg","articleSection":["diversos"],"inLanguage":"pt-BR","potentialAction":[{"@type":"CommentAction","name":"Comment","target":["https:\/\/blogdobispo.com.br\/?p=5213#respond"]}]},{"@type":"WebPage","@id":"https:\/\/blogdobispo.com.br\/?p=5213","url":"https:\/\/blogdobispo.com.br\/?p=5213","name":"Rog\u00e9rio Marinho aciona PGR contra governador da Bahia por incita\u00e7\u00e3o \u00e0 viol\u00eancia pol\u00edtica - Blog do Bispo","isPartOf":{"@id":"https:\/\/blogdobispo.com.br\/#website"},"primaryImageOfPage":{"@id":"https:\/\/blogdobispo.com.br\/?p=5213#primaryimage"},"image":{"@id":"https:\/\/blogdobispo.com.br\/?p=5213#primaryimage"},"thumbnailUrl":"https:\/\/blogdobispo.com.br\/wp-content\/uploads\/2025\/05\/11331ff5-b84a-40e1-b200-533ef3b99e92-1-1024x681.jpg","datePublished":"2025-05-06T13:35:36+00:00","breadcrumb":{"@id":"https:\/\/blogdobispo.com.br\/?p=5213#breadcrumb"},"inLanguage":"pt-BR","potentialAction":[{"@type":"ReadAction","target":["https:\/\/blogdobispo.com.br\/?p=5213"]}]},{"@type":"ImageObject","inLanguage":"pt-BR","@id":"https:\/\/blogdobispo.com.br\/?p=5213#primaryimage","url":"https:\/\/blogdobispo.com.br\/wp-content\/uploads\/2025\/05\/11331ff5-b84a-40e1-b200-533ef3b99e92-1-1024x681.jpg","contentUrl":"https:\/\/blogdobispo.com.br\/wp-content\/uploads\/2025\/05\/11331ff5-b84a-40e1-b200-533ef3b99e92-1-1024x681.jpg"},{"@type":"BreadcrumbList","@id":"https:\/\/blogdobispo.com.br\/?p=5213#breadcrumb","itemListElement":[{"@type":"ListItem","position":1,"name":"In\u00edcio","item":"https:\/\/blogdobispo.com.br\/"},{"@type":"ListItem","position":2,"name":"Rog\u00e9rio Marinho aciona PGR contra governador da Bahia por incita\u00e7\u00e3o \u00e0 viol\u00eancia pol\u00edtica"}]},{"@type":"WebSite","@id":"https:\/\/blogdobispo.com.br\/#website","url":"https:\/\/blogdobispo.com.br\/","name":"Blog do Bispo","description":"Comprometido apenas com o leitor","publisher":{"@id":"https:\/\/blogdobispo.com.br\/#organization"},"potentialAction":[{"@type":"SearchAction","target":{"@type":"EntryPoint","urlTemplate":"https:\/\/blogdobispo.com.br\/?s={search_term_string}"},"query-input":{"@type":"PropertyValueSpecification","valueRequired":true,"valueName":"search_term_string"}}],"inLanguage":"pt-BR"},{"@type":"Organization","@id":"https:\/\/blogdobispo.com.br\/#organization","name":"Blog do Bispo","url":"https:\/\/blogdobispo.com.br\/","logo":{"@type":"ImageObject","inLanguage":"pt-BR","@id":"https:\/\/blogdobispo.com.br\/#\/schema\/logo\/image\/","url":"http:\/\/blogdobispo.com.br\/wp-content\/uploads\/2023\/05\/cropped-headear.png","contentUrl":"http:\/\/blogdobispo.com.br\/wp-content\/uploads\/2023\/05\/cropped-headear.png","width":1500,"height":399,"caption":"Blog do Bispo"},"image":{"@id":"https:\/\/blogdobispo.com.br\/#\/schema\/logo\/image\/"}},{"@type":"Person","@id":"https:\/\/blogdobispo.com.br\/#\/schema\/person\/e2209cc0e6cea5c5233d033e997b373f","name":"Jefferson Sterfeno","image":{"@type":"ImageObject","inLanguage":"pt-BR","@id":"https:\/\/blogdobispo.com.br\/#\/schema\/person\/image\/","url":"https:\/\/secure.gravatar.com\/avatar\/0534e84764641168a677026b6d57a3f51dc7ac4db0b4f6186d9cb330d4ee1160?s=96&d=mm&r=g","contentUrl":"https:\/\/secure.gravatar.com\/avatar\/0534e84764641168a677026b6d57a3f51dc7ac4db0b4f6186d9cb330d4ee1160?s=96&d=mm&r=g","caption":"Jefferson Sterfeno"},"sameAs":["http:\/\/blogdobispo.com.br"],"url":"https:\/\/blogdobispo.com.br\/?author=1"}]}},"featured_image_urls":{"full":"","thumbnail":"","medium":"","medium_large":"","large":"","1536x1536":"","2048x2048":""},"author_info":{"display_name":"Jefferson Sterfeno","author_link":"https:\/\/blogdobispo.com.br\/?author=1"},"category_info":"<a href=\"https:\/\/blogdobispo.com.br\/?cat=1\" rel=\"category\">diversos<\/a>","tag_info":"diversos","comment_count":"0","jetpack_featured_media_url":"","jetpack_sharing_enabled":true,"_links":{"self":[{"href":"https:\/\/blogdobispo.com.br\/index.php?rest_route=\/wp\/v2\/posts\/5213","targetHints":{"allow":["GET"]}}],"collection":[{"href":"https:\/\/blogdobispo.com.br\/index.php?rest_route=\/wp\/v2\/posts"}],"about":[{"href":"https:\/\/blogdobispo.com.br\/index.php?rest_route=\/wp\/v2\/types\/post"}],"author":[{"embeddable":true,"href":"https:\/\/blogdobispo.com.br\/index.php?rest_route=\/wp\/v2\/users\/1"}],"replies":[{"embeddable":true,"href":"https:\/\/blogdobispo.com.br\/index.php?rest_route=%2Fwp%2Fv2%2Fcomments&post=5213"}],"version-history":[{"count":0,"href":"https:\/\/blogdobispo.com.br\/index.php?rest_route=\/wp\/v2\/posts\/5213\/revisions"}],"wp:attachment":[{"href":"https:\/\/blogdobispo.com.br\/index.php?rest_route=%2Fwp%2Fv2%2Fmedia&parent=5213"}],"wp:term":[{"taxonomy":"category","embeddable":true,"href":"https:\/\/blogdobispo.com.br\/index.php?rest_route=%2Fwp%2Fv2%2Fcategories&post=5213"},{"taxonomy":"post_tag","embeddable":true,"href":"https:\/\/blogdobispo.com.br\/index.php?rest_route=%2Fwp%2Fv2%2Ftags&post=5213"}],"curies":[{"name":"wp","href":"https:\/\/api.w.org\/{rel}","templated":true}]}}