{"id":5210,"date":"2025-05-06T02:16:01","date_gmt":"2025-05-06T02:16:01","guid":{"rendered":"https:\/\/blogdobispo.com.br\/?p=5210"},"modified":"2025-05-06T02:26:16","modified_gmt":"2025-05-06T02:26:16","slug":"carla-dickson-recupera-recursos-para-o-primeiro-centro-de-autismo-de-natal","status":"publish","type":"post","link":"https:\/\/blogdobispo.com.br\/?p=5210","title":{"rendered":"Carla Dickson recupera recursos para o primeiro Centro de Autismo de Natal"},"content":{"rendered":"\n<figure class=\"wp-block-image size-large\"><img data-recalc-dims=\"1\" fetchpriority=\"high\" decoding=\"async\" width=\"678\" height=\"452\" src=\"https:\/\/i0.wp.com\/blogdobispo.com.br\/wp-content\/uploads\/2025\/05\/img_4203-1.jpg?resize=678%2C452&#038;ssl=1\" alt=\"\" class=\"wp-image-5209\" srcset=\"https:\/\/i0.wp.com\/blogdobispo.com.br\/wp-content\/uploads\/2025\/05\/img_4203-1.jpg?w=678&amp;ssl=1 678w, https:\/\/i0.wp.com\/blogdobispo.com.br\/wp-content\/uploads\/2025\/05\/img_4203-1.jpg?resize=300%2C200&amp;ssl=1 300w\" sizes=\"(max-width: 678px) 100vw, 678px\" \/><\/figure>\n\n\n\n<p class=\"p1\">A cidade de Natal, no Rio Grande do Norte, est\u00e1 prestes a inaugurar seu primeiro Centro de Refer\u00eancia para Pessoas com Transtorno do Espectro Autista (TEA), marcando um avan\u00e7o significativo nas pol\u00edticas p\u00fablicas de inclus\u00e3o e sa\u00fade mental. A iniciativa \u00e9 fruto de esfor\u00e7os conjuntos entre autoridades locais e federais, com destaque para a ent\u00e3o vereadora Nina (Uni\u00e3o Brasil) e a deputada federal Carla Dickson (Uni\u00e3o Brasil), que destinou uma emenda parlamentar de R$ 1 milh\u00e3o para viabilizar o projeto .<\/p>\n\n\n\n<p class=\"p1\">O novo centro ser\u00e1 constru\u00eddo ao lado da Policl\u00ednica da Zona Norte de Natal, conforme anunciado pela Prefeitura. O espa\u00e7o contar\u00e1 com uma equipe multidisciplinar especializada, incluindo profissionais como psic\u00f3logos, fonoaudi\u00f3logos, terapeutas ocupacionais e assistentes sociais, com o objetivo de oferecer atendimento integral e humanizado \u00e0s pessoas com autismo e suas fam\u00edlias .<\/p>\n\n\n\n<p class=\"p1\">Al\u00e9m disso, outras iniciativas t\u00eam sido implementadas na cidade para apoiar crian\u00e7as com autismo. A Cl\u00ednica de Atendimento Personalizado em Terapias Avan\u00e7adas (Cliap) inaugurou uma nova unidade no bairro Tirol, oferecendo terapias baseadas na An\u00e1lise do Comportamento Aplicada (ABA) e atendendo cerca de 150 crian\u00e7as por m\u00eas .<\/p>\n\n\n\n<p class=\"p1\">Essas a\u00e7\u00f5es refletem um compromisso crescente de Natal com a inclus\u00e3o e o suporte \u00e0s pessoas com TEA, proporcionando recursos essenciais para o desenvolvimento e bem-estar dessa popula\u00e7\u00e3o.<\/p>\n\n\n\n<p class=\"p1\">Para mais informa\u00e7\u00f5es sobre a inaugura\u00e7\u00e3o do Centro de Refer\u00eancia para Pessoas com Transtorno do Espectro Autista em Natal, voc\u00ea pode assistir ao v\u00eddeo abaixo:<\/p>\n","protected":false},"excerpt":{"rendered":"<p>A cidade de Natal, no Rio Grande do Norte, est\u00e1 prestes a inaugurar seu primeiro Centro de Refer\u00eancia para Pessoas com Transtorno do Espectro Autista (TEA), marcando um avan\u00e7o significativo nas pol\u00edticas p\u00fablicas de inclus\u00e3o e sa\u00fade mental. A iniciativa \u00e9 fruto de esfor\u00e7os conjuntos entre autoridades locais e federais, com destaque para a ent\u00e3o [&hellip;]<\/p>\n","protected":false},"author":1,"featured_media":0,"comment_status":"open","ping_status":"open","sticky":false,"template":"","format":"standard","meta":{"cybocfi_hide_featured_image":"","_jetpack_memberships_contains_paid_content":false,"footnotes":""},"categories":[1],"tags":[],"class_list":["post-5210","post","type-post","status-publish","format-standard","hentry","category-diversos"],"yoast_head":"<!-- This site is optimized with the Yoast SEO plugin v25.6 - https:\/\/yoast.com\/wordpress\/plugins\/seo\/ -->\n<title>Carla Dickson recupera recursos para o primeiro Centro de Autismo de Natal - Blog do Bispo<\/title>\n<meta name=\"robots\" content=\"index, follow, max-snippet:-1, max-image-preview:large, max-video-preview:-1\" \/>\n<link rel=\"canonical\" href=\"https:\/\/blogdobispo.com.br\/?p=5210\" \/>\n<meta property=\"og:locale\" content=\"pt_BR\" \/>\n<meta property=\"og:type\" content=\"article\" \/>\n<meta property=\"og:title\" content=\"Carla Dickson recupera recursos para o primeiro Centro de Autismo de Natal - Blog do Bispo\" \/>\n<meta property=\"og:description\" content=\"A cidade de Natal, no Rio Grande do Norte, est\u00e1 prestes a inaugurar seu primeiro Centro de Refer\u00eancia para Pessoas com Transtorno do Espectro Autista (TEA), marcando um avan\u00e7o significativo nas pol\u00edticas p\u00fablicas de inclus\u00e3o e sa\u00fade mental. A iniciativa \u00e9 fruto de esfor\u00e7os conjuntos entre autoridades locais e federais, com destaque para a ent\u00e3o [&hellip;]\" \/>\n<meta property=\"og:url\" content=\"https:\/\/blogdobispo.com.br\/?p=5210\" \/>\n<meta property=\"og:site_name\" content=\"Blog do Bispo\" \/>\n<meta property=\"article:published_time\" content=\"2025-05-06T02:16:01+00:00\" \/>\n<meta property=\"article:modified_time\" content=\"2025-05-06T02:26:16+00:00\" \/>\n<meta property=\"og:image\" content=\"https:\/\/blogdobispo.com.br\/wp-content\/uploads\/2025\/05\/img_4203-1.jpg\" \/>\n<meta name=\"author\" content=\"Jefferson Sterfeno\" \/>\n<meta name=\"twitter:card\" content=\"summary_large_image\" \/>\n<meta name=\"twitter:label1\" content=\"Escrito por\" \/>\n\t<meta name=\"twitter:data1\" content=\"Jefferson Sterfeno\" \/>\n\t<meta name=\"twitter:label2\" content=\"Est. tempo de leitura\" \/>\n\t<meta name=\"twitter:data2\" content=\"1 minuto\" \/>\n<script type=\"application\/ld+json\" class=\"yoast-schema-graph\">{\"@context\":\"https:\/\/schema.org\",\"@graph\":[{\"@type\":\"Article\",\"@id\":\"https:\/\/blogdobispo.com.br\/?p=5210#article\",\"isPartOf\":{\"@id\":\"https:\/\/blogdobispo.com.br\/?p=5210\"},\"author\":{\"name\":\"Jefferson Sterfeno\",\"@id\":\"https:\/\/blogdobispo.com.br\/#\/schema\/person\/e2209cc0e6cea5c5233d033e997b373f\"},\"headline\":\"Carla Dickson recupera recursos para o primeiro Centro de Autismo de Natal\",\"datePublished\":\"2025-05-06T02:16:01+00:00\",\"dateModified\":\"2025-05-06T02:26:16+00:00\",\"mainEntityOfPage\":{\"@id\":\"https:\/\/blogdobispo.com.br\/?p=5210\"},\"wordCount\":273,\"commentCount\":0,\"publisher\":{\"@id\":\"https:\/\/blogdobispo.com.br\/#organization\"},\"image\":{\"@id\":\"https:\/\/blogdobispo.com.br\/?p=5210#primaryimage\"},\"thumbnailUrl\":\"https:\/\/blogdobispo.com.br\/wp-content\/uploads\/2025\/05\/img_4203-1.jpg\",\"articleSection\":[\"diversos\"],\"inLanguage\":\"pt-BR\",\"potentialAction\":[{\"@type\":\"CommentAction\",\"name\":\"Comment\",\"target\":[\"https:\/\/blogdobispo.com.br\/?p=5210#respond\"]}]},{\"@type\":\"WebPage\",\"@id\":\"https:\/\/blogdobispo.com.br\/?p=5210\",\"url\":\"https:\/\/blogdobispo.com.br\/?p=5210\",\"name\":\"Carla Dickson recupera recursos para o primeiro Centro de Autismo de Natal - Blog do Bispo\",\"isPartOf\":{\"@id\":\"https:\/\/blogdobispo.com.br\/#website\"},\"primaryImageOfPage\":{\"@id\":\"https:\/\/blogdobispo.com.br\/?p=5210#primaryimage\"},\"image\":{\"@id\":\"https:\/\/blogdobispo.com.br\/?p=5210#primaryimage\"},\"thumbnailUrl\":\"https:\/\/blogdobispo.com.br\/wp-content\/uploads\/2025\/05\/img_4203-1.jpg\",\"datePublished\":\"2025-05-06T02:16:01+00:00\",\"dateModified\":\"2025-05-06T02:26:16+00:00\",\"breadcrumb\":{\"@id\":\"https:\/\/blogdobispo.com.br\/?p=5210#breadcrumb\"},\"inLanguage\":\"pt-BR\",\"potentialAction\":[{\"@type\":\"ReadAction\",\"target\":[\"https:\/\/blogdobispo.com.br\/?p=5210\"]}]},{\"@type\":\"ImageObject\",\"inLanguage\":\"pt-BR\",\"@id\":\"https:\/\/blogdobispo.com.br\/?p=5210#primaryimage\",\"url\":\"https:\/\/blogdobispo.com.br\/wp-content\/uploads\/2025\/05\/img_4203-1.jpg\",\"contentUrl\":\"https:\/\/blogdobispo.com.br\/wp-content\/uploads\/2025\/05\/img_4203-1.jpg\"},{\"@type\":\"BreadcrumbList\",\"@id\":\"https:\/\/blogdobispo.com.br\/?p=5210#breadcrumb\",\"itemListElement\":[{\"@type\":\"ListItem\",\"position\":1,\"name\":\"In\u00edcio\",\"item\":\"https:\/\/blogdobispo.com.br\/\"},{\"@type\":\"ListItem\",\"position\":2,\"name\":\"Carla Dickson recupera recursos para o primeiro Centro de Autismo de Natal\"}]},{\"@type\":\"WebSite\",\"@id\":\"https:\/\/blogdobispo.com.br\/#website\",\"url\":\"https:\/\/blogdobispo.com.br\/\",\"name\":\"Blog do Bispo\",\"description\":\"Comprometido apenas com o leitor\",\"publisher\":{\"@id\":\"https:\/\/blogdobispo.com.br\/#organization\"},\"potentialAction\":[{\"@type\":\"SearchAction\",\"target\":{\"@type\":\"EntryPoint\",\"urlTemplate\":\"https:\/\/blogdobispo.com.br\/?s={search_term_string}\"},\"query-input\":{\"@type\":\"PropertyValueSpecification\",\"valueRequired\":true,\"valueName\":\"search_term_string\"}}],\"inLanguage\":\"pt-BR\"},{\"@type\":\"Organization\",\"@id\":\"https:\/\/blogdobispo.com.br\/#organization\",\"name\":\"Blog do Bispo\",\"url\":\"https:\/\/blogdobispo.com.br\/\",\"logo\":{\"@type\":\"ImageObject\",\"inLanguage\":\"pt-BR\",\"@id\":\"https:\/\/blogdobispo.com.br\/#\/schema\/logo\/image\/\",\"url\":\"http:\/\/blogdobispo.com.br\/wp-content\/uploads\/2023\/05\/cropped-headear.png\",\"contentUrl\":\"http:\/\/blogdobispo.com.br\/wp-content\/uploads\/2023\/05\/cropped-headear.png\",\"width\":1500,\"height\":399,\"caption\":\"Blog do Bispo\"},\"image\":{\"@id\":\"https:\/\/blogdobispo.com.br\/#\/schema\/logo\/image\/\"}},{\"@type\":\"Person\",\"@id\":\"https:\/\/blogdobispo.com.br\/#\/schema\/person\/e2209cc0e6cea5c5233d033e997b373f\",\"name\":\"Jefferson Sterfeno\",\"image\":{\"@type\":\"ImageObject\",\"inLanguage\":\"pt-BR\",\"@id\":\"https:\/\/blogdobispo.com.br\/#\/schema\/person\/image\/\",\"url\":\"https:\/\/secure.gravatar.com\/avatar\/0534e84764641168a677026b6d57a3f51dc7ac4db0b4f6186d9cb330d4ee1160?s=96&d=mm&r=g\",\"contentUrl\":\"https:\/\/secure.gravatar.com\/avatar\/0534e84764641168a677026b6d57a3f51dc7ac4db0b4f6186d9cb330d4ee1160?s=96&d=mm&r=g\",\"caption\":\"Jefferson Sterfeno\"},\"sameAs\":[\"http:\/\/blogdobispo.com.br\"],\"url\":\"https:\/\/blogdobispo.com.br\/?author=1\"}]}<\/script>\n<!-- \/ Yoast SEO plugin. -->","yoast_head_json":{"title":"Carla Dickson recupera recursos para o primeiro Centro de Autismo de Natal - Blog do Bispo","robots":{"index":"index","follow":"follow","max-snippet":"max-snippet:-1","max-image-preview":"max-image-preview:large","max-video-preview":"max-video-preview:-1"},"canonical":"https:\/\/blogdobispo.com.br\/?p=5210","og_locale":"pt_BR","og_type":"article","og_title":"Carla Dickson recupera recursos para o primeiro Centro de Autismo de Natal - Blog do Bispo","og_description":"A cidade de Natal, no Rio Grande do Norte, est\u00e1 prestes a inaugurar seu primeiro Centro de Refer\u00eancia para Pessoas com Transtorno do Espectro Autista (TEA), marcando um avan\u00e7o significativo nas pol\u00edticas p\u00fablicas de inclus\u00e3o e sa\u00fade mental. A iniciativa \u00e9 fruto de esfor\u00e7os conjuntos entre autoridades locais e federais, com destaque para a ent\u00e3o [&hellip;]","og_url":"https:\/\/blogdobispo.com.br\/?p=5210","og_site_name":"Blog do Bispo","article_published_time":"2025-05-06T02:16:01+00:00","article_modified_time":"2025-05-06T02:26:16+00:00","og_image":[{"url":"https:\/\/blogdobispo.com.br\/wp-content\/uploads\/2025\/05\/img_4203-1.jpg","type":"","width":"","height":""}],"author":"Jefferson Sterfeno","twitter_card":"summary_large_image","twitter_misc":{"Escrito por":"Jefferson Sterfeno","Est. tempo de leitura":"1 minuto"},"schema":{"@context":"https:\/\/schema.org","@graph":[{"@type":"Article","@id":"https:\/\/blogdobispo.com.br\/?p=5210#article","isPartOf":{"@id":"https:\/\/blogdobispo.com.br\/?p=5210"},"author":{"name":"Jefferson Sterfeno","@id":"https:\/\/blogdobispo.com.br\/#\/schema\/person\/e2209cc0e6cea5c5233d033e997b373f"},"headline":"Carla Dickson recupera recursos para o primeiro Centro de Autismo de Natal","datePublished":"2025-05-06T02:16:01+00:00","dateModified":"2025-05-06T02:26:16+00:00","mainEntityOfPage":{"@id":"https:\/\/blogdobispo.com.br\/?p=5210"},"wordCount":273,"commentCount":0,"publisher":{"@id":"https:\/\/blogdobispo.com.br\/#organization"},"image":{"@id":"https:\/\/blogdobispo.com.br\/?p=5210#primaryimage"},"thumbnailUrl":"https:\/\/blogdobispo.com.br\/wp-content\/uploads\/2025\/05\/img_4203-1.jpg","articleSection":["diversos"],"inLanguage":"pt-BR","potentialAction":[{"@type":"CommentAction","name":"Comment","target":["https:\/\/blogdobispo.com.br\/?p=5210#respond"]}]},{"@type":"WebPage","@id":"https:\/\/blogdobispo.com.br\/?p=5210","url":"https:\/\/blogdobispo.com.br\/?p=5210","name":"Carla Dickson recupera recursos para o primeiro Centro de Autismo de Natal - Blog do Bispo","isPartOf":{"@id":"https:\/\/blogdobispo.com.br\/#website"},"primaryImageOfPage":{"@id":"https:\/\/blogdobispo.com.br\/?p=5210#primaryimage"},"image":{"@id":"https:\/\/blogdobispo.com.br\/?p=5210#primaryimage"},"thumbnailUrl":"https:\/\/blogdobispo.com.br\/wp-content\/uploads\/2025\/05\/img_4203-1.jpg","datePublished":"2025-05-06T02:16:01+00:00","dateModified":"2025-05-06T02:26:16+00:00","breadcrumb":{"@id":"https:\/\/blogdobispo.com.br\/?p=5210#breadcrumb"},"inLanguage":"pt-BR","potentialAction":[{"@type":"ReadAction","target":["https:\/\/blogdobispo.com.br\/?p=5210"]}]},{"@type":"ImageObject","inLanguage":"pt-BR","@id":"https:\/\/blogdobispo.com.br\/?p=5210#primaryimage","url":"https:\/\/blogdobispo.com.br\/wp-content\/uploads\/2025\/05\/img_4203-1.jpg","contentUrl":"https:\/\/blogdobispo.com.br\/wp-content\/uploads\/2025\/05\/img_4203-1.jpg"},{"@type":"BreadcrumbList","@id":"https:\/\/blogdobispo.com.br\/?p=5210#breadcrumb","itemListElement":[{"@type":"ListItem","position":1,"name":"In\u00edcio","item":"https:\/\/blogdobispo.com.br\/"},{"@type":"ListItem","position":2,"name":"Carla Dickson recupera recursos para o primeiro Centro de Autismo de Natal"}]},{"@type":"WebSite","@id":"https:\/\/blogdobispo.com.br\/#website","url":"https:\/\/blogdobispo.com.br\/","name":"Blog do Bispo","description":"Comprometido apenas com o leitor","publisher":{"@id":"https:\/\/blogdobispo.com.br\/#organization"},"potentialAction":[{"@type":"SearchAction","target":{"@type":"EntryPoint","urlTemplate":"https:\/\/blogdobispo.com.br\/?s={search_term_string}"},"query-input":{"@type":"PropertyValueSpecification","valueRequired":true,"valueName":"search_term_string"}}],"inLanguage":"pt-BR"},{"@type":"Organization","@id":"https:\/\/blogdobispo.com.br\/#organization","name":"Blog do Bispo","url":"https:\/\/blogdobispo.com.br\/","logo":{"@type":"ImageObject","inLanguage":"pt-BR","@id":"https:\/\/blogdobispo.com.br\/#\/schema\/logo\/image\/","url":"http:\/\/blogdobispo.com.br\/wp-content\/uploads\/2023\/05\/cropped-headear.png","contentUrl":"http:\/\/blogdobispo.com.br\/wp-content\/uploads\/2023\/05\/cropped-headear.png","width":1500,"height":399,"caption":"Blog do Bispo"},"image":{"@id":"https:\/\/blogdobispo.com.br\/#\/schema\/logo\/image\/"}},{"@type":"Person","@id":"https:\/\/blogdobispo.com.br\/#\/schema\/person\/e2209cc0e6cea5c5233d033e997b373f","name":"Jefferson Sterfeno","image":{"@type":"ImageObject","inLanguage":"pt-BR","@id":"https:\/\/blogdobispo.com.br\/#\/schema\/person\/image\/","url":"https:\/\/secure.gravatar.com\/avatar\/0534e84764641168a677026b6d57a3f51dc7ac4db0b4f6186d9cb330d4ee1160?s=96&d=mm&r=g","contentUrl":"https:\/\/secure.gravatar.com\/avatar\/0534e84764641168a677026b6d57a3f51dc7ac4db0b4f6186d9cb330d4ee1160?s=96&d=mm&r=g","caption":"Jefferson Sterfeno"},"sameAs":["http:\/\/blogdobispo.com.br"],"url":"https:\/\/blogdobispo.com.br\/?author=1"}]}},"featured_image_urls":{"full":"","thumbnail":"","medium":"","medium_large":"","large":"","1536x1536":"","2048x2048":""},"author_info":{"display_name":"Jefferson Sterfeno","author_link":"https:\/\/blogdobispo.com.br\/?author=1"},"category_info":"<a href=\"https:\/\/blogdobispo.com.br\/?cat=1\" rel=\"category\">diversos<\/a>","tag_info":"diversos","comment_count":"0","jetpack_featured_media_url":"","jetpack_sharing_enabled":true,"_links":{"self":[{"href":"https:\/\/blogdobispo.com.br\/index.php?rest_route=\/wp\/v2\/posts\/5210","targetHints":{"allow":["GET"]}}],"collection":[{"href":"https:\/\/blogdobispo.com.br\/index.php?rest_route=\/wp\/v2\/posts"}],"about":[{"href":"https:\/\/blogdobispo.com.br\/index.php?rest_route=\/wp\/v2\/types\/post"}],"author":[{"embeddable":true,"href":"https:\/\/blogdobispo.com.br\/index.php?rest_route=\/wp\/v2\/users\/1"}],"replies":[{"embeddable":true,"href":"https:\/\/blogdobispo.com.br\/index.php?rest_route=%2Fwp%2Fv2%2Fcomments&post=5210"}],"version-history":[{"count":1,"href":"https:\/\/blogdobispo.com.br\/index.php?rest_route=\/wp\/v2\/posts\/5210\/revisions"}],"predecessor-version":[{"id":5211,"href":"https:\/\/blogdobispo.com.br\/index.php?rest_route=\/wp\/v2\/posts\/5210\/revisions\/5211"}],"wp:attachment":[{"href":"https:\/\/blogdobispo.com.br\/index.php?rest_route=%2Fwp%2Fv2%2Fmedia&parent=5210"}],"wp:term":[{"taxonomy":"category","embeddable":true,"href":"https:\/\/blogdobispo.com.br\/index.php?rest_route=%2Fwp%2Fv2%2Fcategories&post=5210"},{"taxonomy":"post_tag","embeddable":true,"href":"https:\/\/blogdobispo.com.br\/index.php?rest_route=%2Fwp%2Fv2%2Ftags&post=5210"}],"curies":[{"name":"wp","href":"https:\/\/api.w.org\/{rel}","templated":true}]}}