{"id":5204,"date":"2025-05-05T21:28:36","date_gmt":"2025-05-05T21:28:36","guid":{"rendered":"https:\/\/blogdobispo.com.br\/?p=5204"},"modified":"2025-05-05T21:28:36","modified_gmt":"2025-05-05T21:28:36","slug":"improbidade-administrativa-mprn-aciona-ex-prefeita-do-rn-por-contratacoes-ilegais","status":"publish","type":"post","link":"https:\/\/blogdobispo.com.br\/?p=5204","title":{"rendered":"Improbidade administrativa: MPRN aciona ex-prefeita do RN por contrata\u00e7\u00f5es ilegais"},"content":{"rendered":"\n<figure class=\"wp-block-image size-large\"><img data-recalc-dims=\"1\" fetchpriority=\"high\" decoding=\"async\" width=\"390\" height=\"218\" src=\"https:\/\/i0.wp.com\/blogdobispo.com.br\/wp-content\/uploads\/2025\/05\/img_4193-1.jpg?resize=390%2C218&#038;ssl=1\" class=\"wp-image-5203\" srcset=\"https:\/\/i0.wp.com\/blogdobispo.com.br\/wp-content\/uploads\/2025\/05\/img_4193-1.jpg?w=390&amp;ssl=1 390w, https:\/\/i0.wp.com\/blogdobispo.com.br\/wp-content\/uploads\/2025\/05\/img_4193-1.jpg?resize=300%2C168&amp;ssl=1 300w\" sizes=\"(max-width: 390px) 100vw, 390px\" \/><\/figure>\n\n\n\n<p>O Minist\u00e9rio P\u00fablico do Rio Grande do Norte ajuizou a\u00e7\u00e3o civil p\u00fablica por improbidade administrativa contra a ex-prefeita do Munic\u00edpio de Vila Flor, Iv\u00e2nia da Silva Martins e o ex-secret\u00e1rio de Administra\u00e7\u00e3o Sandro M\u00e1rcio da Silva. A a\u00e7\u00e3o decorre de investiga\u00e7\u00e3o que apurou contrata\u00e7\u00f5es irregulares de servidores tempor\u00e1rios realizadas entre 2016 e 2020.<\/p>\n\n\n\n<p>Segundo o MPRN, as contrata\u00e7\u00f5es ocorreram sem a realiza\u00e7\u00e3o de concurso p\u00fablico ou processo seletivo simplificado, em viola\u00e7\u00e3o da Constitui\u00e7\u00e3o Federal. O caso de uma servidora contratada como auxiliar de servi\u00e7os gerais sem processo seletivo, \u00e9 citado como exemplo.<\/p>\n\n\n\n<p>As investiga\u00e7\u00f5es tamb\u00e9m revelaram que Sandro M\u00e1rcio da Silva, ent\u00e3o secret\u00e1rio de Administra\u00e7\u00e3o e esposo da ex-prefeita, teve participa\u00e7\u00e3o direta nas contrata\u00e7\u00f5es. Servidoras que prestaram esclarecimentos ao MPRN afirmaram que foram contratadas diretamente por ele e que n\u00e3o houve processo seletivo.<\/p>\n\n\n\n<p>O MPRN destaca que, mesmo ap\u00f3s a celebra\u00e7\u00e3o de um Termo de Ajustamento de Conduta (TAC) em 2014, que obrigava o Munic\u00edpio a realizar concurso p\u00fablico, as contrata\u00e7\u00f5es irregulares persistiram. A a\u00e7\u00e3o busca a responsabiliza\u00e7\u00e3o dos envolvidos por ato de improbidade administrativa, com pedido de aplica\u00e7\u00e3o das san\u00e7\u00f5es previstas em Lei.<\/p>\n\n\n\n<p>O MPRN requer, al\u00e9m das san\u00e7\u00f5es por improbidade, o pagamento de multa civil proporcional ao dano causado ao er\u00e1rio. O valor da causa foi estimado em R$ 80 mil, montante que dever\u00e1 ser apurado em liquida\u00e7\u00e3o de senten\u00e7a.<\/p>\n\n\n\n<p>96 FM<\/p>\n","protected":false},"excerpt":{"rendered":"<p>O Minist\u00e9rio P\u00fablico do Rio Grande do Norte ajuizou a\u00e7\u00e3o civil p\u00fablica por improbidade administrativa contra a ex-prefeita do Munic\u00edpio de Vila Flor, Iv\u00e2nia da Silva Martins e o ex-secret\u00e1rio de Administra\u00e7\u00e3o Sandro M\u00e1rcio da Silva. A a\u00e7\u00e3o decorre de investiga\u00e7\u00e3o que apurou contrata\u00e7\u00f5es irregulares de servidores tempor\u00e1rios realizadas entre 2016 e 2020. Segundo o [&hellip;]<\/p>\n","protected":false},"author":1,"featured_media":0,"comment_status":"open","ping_status":"open","sticky":false,"template":"","format":"standard","meta":{"cybocfi_hide_featured_image":"","_jetpack_memberships_contains_paid_content":false,"footnotes":""},"categories":[1],"tags":[],"class_list":["post-5204","post","type-post","status-publish","format-standard","hentry","category-diversos"],"yoast_head":"<!-- This site is optimized with the Yoast SEO plugin v25.6 - https:\/\/yoast.com\/wordpress\/plugins\/seo\/ -->\n<title>Improbidade administrativa: MPRN aciona ex-prefeita do RN por contrata\u00e7\u00f5es ilegais - Blog do Bispo<\/title>\n<meta name=\"robots\" content=\"index, follow, max-snippet:-1, max-image-preview:large, max-video-preview:-1\" \/>\n<link rel=\"canonical\" href=\"https:\/\/blogdobispo.com.br\/?p=5204\" \/>\n<meta property=\"og:locale\" content=\"pt_BR\" \/>\n<meta property=\"og:type\" content=\"article\" \/>\n<meta property=\"og:title\" content=\"Improbidade administrativa: MPRN aciona ex-prefeita do RN por contrata\u00e7\u00f5es ilegais - Blog do Bispo\" \/>\n<meta property=\"og:description\" content=\"O Minist\u00e9rio P\u00fablico do Rio Grande do Norte ajuizou a\u00e7\u00e3o civil p\u00fablica por improbidade administrativa contra a ex-prefeita do Munic\u00edpio de Vila Flor, Iv\u00e2nia da Silva Martins e o ex-secret\u00e1rio de Administra\u00e7\u00e3o Sandro M\u00e1rcio da Silva. A a\u00e7\u00e3o decorre de investiga\u00e7\u00e3o que apurou contrata\u00e7\u00f5es irregulares de servidores tempor\u00e1rios realizadas entre 2016 e 2020. Segundo o [&hellip;]\" \/>\n<meta property=\"og:url\" content=\"https:\/\/blogdobispo.com.br\/?p=5204\" \/>\n<meta property=\"og:site_name\" content=\"Blog do Bispo\" \/>\n<meta property=\"article:published_time\" content=\"2025-05-05T21:28:36+00:00\" \/>\n<meta property=\"og:image\" content=\"https:\/\/blogdobispo.com.br\/wp-content\/uploads\/2025\/05\/img_4193-1.jpg\" \/>\n<meta name=\"author\" content=\"Jefferson Sterfeno\" \/>\n<meta name=\"twitter:card\" content=\"summary_large_image\" \/>\n<meta name=\"twitter:label1\" content=\"Escrito por\" \/>\n\t<meta name=\"twitter:data1\" content=\"Jefferson Sterfeno\" \/>\n\t<meta name=\"twitter:label2\" content=\"Est. tempo de leitura\" \/>\n\t<meta name=\"twitter:data2\" content=\"1 minuto\" \/>\n<script type=\"application\/ld+json\" class=\"yoast-schema-graph\">{\"@context\":\"https:\/\/schema.org\",\"@graph\":[{\"@type\":\"Article\",\"@id\":\"https:\/\/blogdobispo.com.br\/?p=5204#article\",\"isPartOf\":{\"@id\":\"https:\/\/blogdobispo.com.br\/?p=5204\"},\"author\":{\"name\":\"Jefferson Sterfeno\",\"@id\":\"https:\/\/blogdobispo.com.br\/#\/schema\/person\/e2209cc0e6cea5c5233d033e997b373f\"},\"headline\":\"Improbidade administrativa: MPRN aciona ex-prefeita do RN por contrata\u00e7\u00f5es ilegais\",\"datePublished\":\"2025-05-05T21:28:36+00:00\",\"mainEntityOfPage\":{\"@id\":\"https:\/\/blogdobispo.com.br\/?p=5204\"},\"wordCount\":271,\"commentCount\":0,\"publisher\":{\"@id\":\"https:\/\/blogdobispo.com.br\/#organization\"},\"image\":{\"@id\":\"https:\/\/blogdobispo.com.br\/?p=5204#primaryimage\"},\"thumbnailUrl\":\"https:\/\/blogdobispo.com.br\/wp-content\/uploads\/2025\/05\/img_4193-1.jpg\",\"articleSection\":[\"diversos\"],\"inLanguage\":\"pt-BR\",\"potentialAction\":[{\"@type\":\"CommentAction\",\"name\":\"Comment\",\"target\":[\"https:\/\/blogdobispo.com.br\/?p=5204#respond\"]}]},{\"@type\":\"WebPage\",\"@id\":\"https:\/\/blogdobispo.com.br\/?p=5204\",\"url\":\"https:\/\/blogdobispo.com.br\/?p=5204\",\"name\":\"Improbidade administrativa: MPRN aciona ex-prefeita do RN por contrata\u00e7\u00f5es ilegais - Blog do Bispo\",\"isPartOf\":{\"@id\":\"https:\/\/blogdobispo.com.br\/#website\"},\"primaryImageOfPage\":{\"@id\":\"https:\/\/blogdobispo.com.br\/?p=5204#primaryimage\"},\"image\":{\"@id\":\"https:\/\/blogdobispo.com.br\/?p=5204#primaryimage\"},\"thumbnailUrl\":\"https:\/\/blogdobispo.com.br\/wp-content\/uploads\/2025\/05\/img_4193-1.jpg\",\"datePublished\":\"2025-05-05T21:28:36+00:00\",\"breadcrumb\":{\"@id\":\"https:\/\/blogdobispo.com.br\/?p=5204#breadcrumb\"},\"inLanguage\":\"pt-BR\",\"potentialAction\":[{\"@type\":\"ReadAction\",\"target\":[\"https:\/\/blogdobispo.com.br\/?p=5204\"]}]},{\"@type\":\"ImageObject\",\"inLanguage\":\"pt-BR\",\"@id\":\"https:\/\/blogdobispo.com.br\/?p=5204#primaryimage\",\"url\":\"https:\/\/blogdobispo.com.br\/wp-content\/uploads\/2025\/05\/img_4193-1.jpg\",\"contentUrl\":\"https:\/\/blogdobispo.com.br\/wp-content\/uploads\/2025\/05\/img_4193-1.jpg\"},{\"@type\":\"BreadcrumbList\",\"@id\":\"https:\/\/blogdobispo.com.br\/?p=5204#breadcrumb\",\"itemListElement\":[{\"@type\":\"ListItem\",\"position\":1,\"name\":\"In\u00edcio\",\"item\":\"https:\/\/blogdobispo.com.br\/\"},{\"@type\":\"ListItem\",\"position\":2,\"name\":\"Improbidade administrativa: MPRN aciona ex-prefeita do RN por contrata\u00e7\u00f5es ilegais\"}]},{\"@type\":\"WebSite\",\"@id\":\"https:\/\/blogdobispo.com.br\/#website\",\"url\":\"https:\/\/blogdobispo.com.br\/\",\"name\":\"Blog do Bispo\",\"description\":\"Comprometido apenas com o leitor\",\"publisher\":{\"@id\":\"https:\/\/blogdobispo.com.br\/#organization\"},\"potentialAction\":[{\"@type\":\"SearchAction\",\"target\":{\"@type\":\"EntryPoint\",\"urlTemplate\":\"https:\/\/blogdobispo.com.br\/?s={search_term_string}\"},\"query-input\":{\"@type\":\"PropertyValueSpecification\",\"valueRequired\":true,\"valueName\":\"search_term_string\"}}],\"inLanguage\":\"pt-BR\"},{\"@type\":\"Organization\",\"@id\":\"https:\/\/blogdobispo.com.br\/#organization\",\"name\":\"Blog do Bispo\",\"url\":\"https:\/\/blogdobispo.com.br\/\",\"logo\":{\"@type\":\"ImageObject\",\"inLanguage\":\"pt-BR\",\"@id\":\"https:\/\/blogdobispo.com.br\/#\/schema\/logo\/image\/\",\"url\":\"http:\/\/blogdobispo.com.br\/wp-content\/uploads\/2023\/05\/cropped-headear.png\",\"contentUrl\":\"http:\/\/blogdobispo.com.br\/wp-content\/uploads\/2023\/05\/cropped-headear.png\",\"width\":1500,\"height\":399,\"caption\":\"Blog do Bispo\"},\"image\":{\"@id\":\"https:\/\/blogdobispo.com.br\/#\/schema\/logo\/image\/\"}},{\"@type\":\"Person\",\"@id\":\"https:\/\/blogdobispo.com.br\/#\/schema\/person\/e2209cc0e6cea5c5233d033e997b373f\",\"name\":\"Jefferson Sterfeno\",\"image\":{\"@type\":\"ImageObject\",\"inLanguage\":\"pt-BR\",\"@id\":\"https:\/\/blogdobispo.com.br\/#\/schema\/person\/image\/\",\"url\":\"https:\/\/secure.gravatar.com\/avatar\/0534e84764641168a677026b6d57a3f51dc7ac4db0b4f6186d9cb330d4ee1160?s=96&d=mm&r=g\",\"contentUrl\":\"https:\/\/secure.gravatar.com\/avatar\/0534e84764641168a677026b6d57a3f51dc7ac4db0b4f6186d9cb330d4ee1160?s=96&d=mm&r=g\",\"caption\":\"Jefferson Sterfeno\"},\"sameAs\":[\"http:\/\/blogdobispo.com.br\"],\"url\":\"https:\/\/blogdobispo.com.br\/?author=1\"}]}<\/script>\n<!-- \/ Yoast SEO plugin. -->","yoast_head_json":{"title":"Improbidade administrativa: MPRN aciona ex-prefeita do RN por contrata\u00e7\u00f5es ilegais - Blog do Bispo","robots":{"index":"index","follow":"follow","max-snippet":"max-snippet:-1","max-image-preview":"max-image-preview:large","max-video-preview":"max-video-preview:-1"},"canonical":"https:\/\/blogdobispo.com.br\/?p=5204","og_locale":"pt_BR","og_type":"article","og_title":"Improbidade administrativa: MPRN aciona ex-prefeita do RN por contrata\u00e7\u00f5es ilegais - Blog do Bispo","og_description":"O Minist\u00e9rio P\u00fablico do Rio Grande do Norte ajuizou a\u00e7\u00e3o civil p\u00fablica por improbidade administrativa contra a ex-prefeita do Munic\u00edpio de Vila Flor, Iv\u00e2nia da Silva Martins e o ex-secret\u00e1rio de Administra\u00e7\u00e3o Sandro M\u00e1rcio da Silva. A a\u00e7\u00e3o decorre de investiga\u00e7\u00e3o que apurou contrata\u00e7\u00f5es irregulares de servidores tempor\u00e1rios realizadas entre 2016 e 2020. Segundo o [&hellip;]","og_url":"https:\/\/blogdobispo.com.br\/?p=5204","og_site_name":"Blog do Bispo","article_published_time":"2025-05-05T21:28:36+00:00","og_image":[{"url":"https:\/\/blogdobispo.com.br\/wp-content\/uploads\/2025\/05\/img_4193-1.jpg","type":"","width":"","height":""}],"author":"Jefferson Sterfeno","twitter_card":"summary_large_image","twitter_misc":{"Escrito por":"Jefferson Sterfeno","Est. tempo de leitura":"1 minuto"},"schema":{"@context":"https:\/\/schema.org","@graph":[{"@type":"Article","@id":"https:\/\/blogdobispo.com.br\/?p=5204#article","isPartOf":{"@id":"https:\/\/blogdobispo.com.br\/?p=5204"},"author":{"name":"Jefferson Sterfeno","@id":"https:\/\/blogdobispo.com.br\/#\/schema\/person\/e2209cc0e6cea5c5233d033e997b373f"},"headline":"Improbidade administrativa: MPRN aciona ex-prefeita do RN por contrata\u00e7\u00f5es ilegais","datePublished":"2025-05-05T21:28:36+00:00","mainEntityOfPage":{"@id":"https:\/\/blogdobispo.com.br\/?p=5204"},"wordCount":271,"commentCount":0,"publisher":{"@id":"https:\/\/blogdobispo.com.br\/#organization"},"image":{"@id":"https:\/\/blogdobispo.com.br\/?p=5204#primaryimage"},"thumbnailUrl":"https:\/\/blogdobispo.com.br\/wp-content\/uploads\/2025\/05\/img_4193-1.jpg","articleSection":["diversos"],"inLanguage":"pt-BR","potentialAction":[{"@type":"CommentAction","name":"Comment","target":["https:\/\/blogdobispo.com.br\/?p=5204#respond"]}]},{"@type":"WebPage","@id":"https:\/\/blogdobispo.com.br\/?p=5204","url":"https:\/\/blogdobispo.com.br\/?p=5204","name":"Improbidade administrativa: MPRN aciona ex-prefeita do RN por contrata\u00e7\u00f5es ilegais - Blog do Bispo","isPartOf":{"@id":"https:\/\/blogdobispo.com.br\/#website"},"primaryImageOfPage":{"@id":"https:\/\/blogdobispo.com.br\/?p=5204#primaryimage"},"image":{"@id":"https:\/\/blogdobispo.com.br\/?p=5204#primaryimage"},"thumbnailUrl":"https:\/\/blogdobispo.com.br\/wp-content\/uploads\/2025\/05\/img_4193-1.jpg","datePublished":"2025-05-05T21:28:36+00:00","breadcrumb":{"@id":"https:\/\/blogdobispo.com.br\/?p=5204#breadcrumb"},"inLanguage":"pt-BR","potentialAction":[{"@type":"ReadAction","target":["https:\/\/blogdobispo.com.br\/?p=5204"]}]},{"@type":"ImageObject","inLanguage":"pt-BR","@id":"https:\/\/blogdobispo.com.br\/?p=5204#primaryimage","url":"https:\/\/blogdobispo.com.br\/wp-content\/uploads\/2025\/05\/img_4193-1.jpg","contentUrl":"https:\/\/blogdobispo.com.br\/wp-content\/uploads\/2025\/05\/img_4193-1.jpg"},{"@type":"BreadcrumbList","@id":"https:\/\/blogdobispo.com.br\/?p=5204#breadcrumb","itemListElement":[{"@type":"ListItem","position":1,"name":"In\u00edcio","item":"https:\/\/blogdobispo.com.br\/"},{"@type":"ListItem","position":2,"name":"Improbidade administrativa: MPRN aciona ex-prefeita do RN por contrata\u00e7\u00f5es ilegais"}]},{"@type":"WebSite","@id":"https:\/\/blogdobispo.com.br\/#website","url":"https:\/\/blogdobispo.com.br\/","name":"Blog do Bispo","description":"Comprometido apenas com o leitor","publisher":{"@id":"https:\/\/blogdobispo.com.br\/#organization"},"potentialAction":[{"@type":"SearchAction","target":{"@type":"EntryPoint","urlTemplate":"https:\/\/blogdobispo.com.br\/?s={search_term_string}"},"query-input":{"@type":"PropertyValueSpecification","valueRequired":true,"valueName":"search_term_string"}}],"inLanguage":"pt-BR"},{"@type":"Organization","@id":"https:\/\/blogdobispo.com.br\/#organization","name":"Blog do Bispo","url":"https:\/\/blogdobispo.com.br\/","logo":{"@type":"ImageObject","inLanguage":"pt-BR","@id":"https:\/\/blogdobispo.com.br\/#\/schema\/logo\/image\/","url":"http:\/\/blogdobispo.com.br\/wp-content\/uploads\/2023\/05\/cropped-headear.png","contentUrl":"http:\/\/blogdobispo.com.br\/wp-content\/uploads\/2023\/05\/cropped-headear.png","width":1500,"height":399,"caption":"Blog do Bispo"},"image":{"@id":"https:\/\/blogdobispo.com.br\/#\/schema\/logo\/image\/"}},{"@type":"Person","@id":"https:\/\/blogdobispo.com.br\/#\/schema\/person\/e2209cc0e6cea5c5233d033e997b373f","name":"Jefferson Sterfeno","image":{"@type":"ImageObject","inLanguage":"pt-BR","@id":"https:\/\/blogdobispo.com.br\/#\/schema\/person\/image\/","url":"https:\/\/secure.gravatar.com\/avatar\/0534e84764641168a677026b6d57a3f51dc7ac4db0b4f6186d9cb330d4ee1160?s=96&d=mm&r=g","contentUrl":"https:\/\/secure.gravatar.com\/avatar\/0534e84764641168a677026b6d57a3f51dc7ac4db0b4f6186d9cb330d4ee1160?s=96&d=mm&r=g","caption":"Jefferson Sterfeno"},"sameAs":["http:\/\/blogdobispo.com.br"],"url":"https:\/\/blogdobispo.com.br\/?author=1"}]}},"featured_image_urls":{"full":"","thumbnail":"","medium":"","medium_large":"","large":"","1536x1536":"","2048x2048":""},"author_info":{"display_name":"Jefferson Sterfeno","author_link":"https:\/\/blogdobispo.com.br\/?author=1"},"category_info":"<a href=\"https:\/\/blogdobispo.com.br\/?cat=1\" rel=\"category\">diversos<\/a>","tag_info":"diversos","comment_count":"0","jetpack_featured_media_url":"","jetpack_sharing_enabled":true,"_links":{"self":[{"href":"https:\/\/blogdobispo.com.br\/index.php?rest_route=\/wp\/v2\/posts\/5204","targetHints":{"allow":["GET"]}}],"collection":[{"href":"https:\/\/blogdobispo.com.br\/index.php?rest_route=\/wp\/v2\/posts"}],"about":[{"href":"https:\/\/blogdobispo.com.br\/index.php?rest_route=\/wp\/v2\/types\/post"}],"author":[{"embeddable":true,"href":"https:\/\/blogdobispo.com.br\/index.php?rest_route=\/wp\/v2\/users\/1"}],"replies":[{"embeddable":true,"href":"https:\/\/blogdobispo.com.br\/index.php?rest_route=%2Fwp%2Fv2%2Fcomments&post=5204"}],"version-history":[{"count":0,"href":"https:\/\/blogdobispo.com.br\/index.php?rest_route=\/wp\/v2\/posts\/5204\/revisions"}],"wp:attachment":[{"href":"https:\/\/blogdobispo.com.br\/index.php?rest_route=%2Fwp%2Fv2%2Fmedia&parent=5204"}],"wp:term":[{"taxonomy":"category","embeddable":true,"href":"https:\/\/blogdobispo.com.br\/index.php?rest_route=%2Fwp%2Fv2%2Fcategories&post=5204"},{"taxonomy":"post_tag","embeddable":true,"href":"https:\/\/blogdobispo.com.br\/index.php?rest_route=%2Fwp%2Fv2%2Ftags&post=5204"}],"curies":[{"name":"wp","href":"https:\/\/api.w.org\/{rel}","templated":true}]}}