{"id":5200,"date":"2025-05-05T12:35:29","date_gmt":"2025-05-05T12:35:29","guid":{"rendered":"https:\/\/blogdobispo.com.br\/?p=5200"},"modified":"2025-05-05T12:35:29","modified_gmt":"2025-05-05T12:35:29","slug":"investigacao-da-pf-chega-a-potiguar-presidente-de-confederacao","status":"publish","type":"post","link":"https:\/\/blogdobispo.com.br\/?p=5200","title":{"rendered":"Investiga\u00e7\u00e3o da PF chega a potiguar presidente de Confedera\u00e7\u00e3o"},"content":{"rendered":"\n<p>Presidente da Confedera\u00e7\u00e3o Brasileira dos Trabalhadores da Pesca e Aquicultura (CBPA) Vice-presidente nacional da For\u00e7a Sindical, Abra\u00e3o Lincoln entrou dentro do esc\u00e2ndalo bilion\u00e1rio do INSS.<\/p>\n\n\n\n<p>Segundo mat\u00e9ria do portal Metr\u00f3poles, a CBPA \u00e9 uma das associa\u00e7\u00f5es investigadas pela Pol\u00edcia Federal (PF) no bilion\u00e1rio esquema de fraude contra aposentados.<\/p>\n\n\n\n<p>Leia a \u00edntegra da mat\u00e9ria:<br \/>&nbsp;&nbsp;<br \/>Uma das associa\u00e7\u00f5es investigadas pela Pol\u00edcia Federal (PF) no bilion\u00e1rio esquema de fraude contra aposentados do Instituto Nacional do Seguro Social (INSS), a Confedera\u00e7\u00e3o Brasileira dos Trabalhadores da Pesca e Aquicultura (CBPA) \u00e9 comandada por um ex-dirigente do Republicanos, pagou cifras milion\u00e1rias a operadores acusados de corromper agentes do \u00f3rg\u00e3o federal, como o \u201cCareca do INSS\u201d, e teve um salto de 300 mil filiados em apenas um ano, chegando a faturar R$ 123 milh\u00f5es com descontos sobre aposentadorias.<\/p>\n\n\n\n<p>O esc\u00e2ndalo do INSS foi revelado pelo Metr\u00f3poles em uma s\u00e9rie de reportagens publicadas a partir de dezembro de 2023. Tr\u00eas meses depois, o portal mostrou que a arrecada\u00e7\u00e3o de 29 entidades com descontos de mensalidade de aposentados havia disparado, chegando a R$ 2 bilh\u00f5es em um ano, enquanto elas respondiam a milhares de processos por fraude nas filia\u00e7\u00f5es de segurados.<\/p>\n\n\n\n<p>As reportagens do Metr\u00f3poles levaram \u00e0 abertura de inqu\u00e9rito pela PF e abasteceram as apura\u00e7\u00f5es da Controladoria-Geral da Uni\u00e3o (CGU). Ao todo, 38 mat\u00e9rias do portal foram listadas pela PF na representa\u00e7\u00e3o que deu origem \u00e0 Opera\u00e7\u00e3o Sem Desconto, deflagrada no dia 23\/4 e que culminou nas demiss\u00f5es do presidente do INSS, Alessandro Stefanutto, e do ministro da Previd\u00eancia, Carlos Lupi.<\/p>\n\n\n\n<p>Fidelis n\u00e3o era o \u00fanico dirigente do INSS bem relacionado com a CBPA. A PF identificou que Guilherme Serrano, que foi presidente do instituto de previd\u00eancia no governo de Jair Bolsonaro, estava em uma assembleia da entidade em agosto de 2021, justamente aquela em que ficou decidido que a CPPA poderia fazer o acordo com o \u00f3rg\u00e3o para poder descontar mensalidade direto da folha de pagamento dos aposentados.<\/p>\n\n\n\n<p>Depois, ele seria justamente o signat\u00e1rio do acordo da CBPA com o INSS, \u00f3rg\u00e3o que comandou entre abril de 2022 e janeiro de 2023. A PF levantou a possibilidade de conflito de interesse nessa proximidade de Serrano com a entidade suspeita.<\/p>\n\n\n\n<p>Blog Gustavo Negreiros <\/p>\n\n\n\n<figure class=\"wp-block-image size-large\"><img data-recalc-dims=\"1\" fetchpriority=\"high\" decoding=\"async\" width=\"390\" height=\"287\" src=\"https:\/\/i0.wp.com\/blogdobispo.com.br\/wp-content\/uploads\/2025\/05\/img_4174-1.png?resize=390%2C287&#038;ssl=1\" class=\"wp-image-5199\" srcset=\"https:\/\/i0.wp.com\/blogdobispo.com.br\/wp-content\/uploads\/2025\/05\/img_4174-1.png?w=390&amp;ssl=1 390w, https:\/\/i0.wp.com\/blogdobispo.com.br\/wp-content\/uploads\/2025\/05\/img_4174-1.png?resize=300%2C221&amp;ssl=1 300w\" sizes=\"(max-width: 390px) 100vw, 390px\" \/><\/figure>\n","protected":false},"excerpt":{"rendered":"<p>Presidente da Confedera\u00e7\u00e3o Brasileira dos Trabalhadores da Pesca e Aquicultura (CBPA) Vice-presidente nacional da For\u00e7a Sindical, Abra\u00e3o Lincoln entrou dentro do esc\u00e2ndalo bilion\u00e1rio do INSS. Segundo mat\u00e9ria do portal Metr\u00f3poles, a CBPA \u00e9 uma das associa\u00e7\u00f5es investigadas pela Pol\u00edcia Federal (PF) no bilion\u00e1rio esquema de fraude contra aposentados. Leia a \u00edntegra da mat\u00e9ria:&nbsp;&nbsp;Uma das associa\u00e7\u00f5es [&hellip;]<\/p>\n","protected":false},"author":1,"featured_media":0,"comment_status":"open","ping_status":"open","sticky":false,"template":"","format":"standard","meta":{"cybocfi_hide_featured_image":"","_jetpack_memberships_contains_paid_content":false,"footnotes":""},"categories":[1],"tags":[],"class_list":["post-5200","post","type-post","status-publish","format-standard","hentry","category-diversos"],"yoast_head":"<!-- This site is optimized with the Yoast SEO plugin v25.6 - https:\/\/yoast.com\/wordpress\/plugins\/seo\/ -->\n<title>Investiga\u00e7\u00e3o da PF chega a potiguar presidente de Confedera\u00e7\u00e3o - Blog do Bispo<\/title>\n<meta name=\"robots\" content=\"index, follow, max-snippet:-1, max-image-preview:large, max-video-preview:-1\" \/>\n<link rel=\"canonical\" href=\"https:\/\/blogdobispo.com.br\/?p=5200\" \/>\n<meta property=\"og:locale\" content=\"pt_BR\" \/>\n<meta property=\"og:type\" content=\"article\" \/>\n<meta property=\"og:title\" content=\"Investiga\u00e7\u00e3o da PF chega a potiguar presidente de Confedera\u00e7\u00e3o - Blog do Bispo\" \/>\n<meta property=\"og:description\" content=\"Presidente da Confedera\u00e7\u00e3o Brasileira dos Trabalhadores da Pesca e Aquicultura (CBPA) Vice-presidente nacional da For\u00e7a Sindical, Abra\u00e3o Lincoln entrou dentro do esc\u00e2ndalo bilion\u00e1rio do INSS. Segundo mat\u00e9ria do portal Metr\u00f3poles, a CBPA \u00e9 uma das associa\u00e7\u00f5es investigadas pela Pol\u00edcia Federal (PF) no bilion\u00e1rio esquema de fraude contra aposentados. Leia a \u00edntegra da mat\u00e9ria:&nbsp;&nbsp;Uma das associa\u00e7\u00f5es [&hellip;]\" \/>\n<meta property=\"og:url\" content=\"https:\/\/blogdobispo.com.br\/?p=5200\" \/>\n<meta property=\"og:site_name\" content=\"Blog do Bispo\" \/>\n<meta property=\"article:published_time\" content=\"2025-05-05T12:35:29+00:00\" \/>\n<meta property=\"og:image\" content=\"https:\/\/blogdobispo.com.br\/wp-content\/uploads\/2025\/05\/img_4174-1.png\" \/>\n<meta name=\"author\" content=\"Jefferson Sterfeno\" \/>\n<meta name=\"twitter:card\" content=\"summary_large_image\" \/>\n<meta name=\"twitter:label1\" content=\"Escrito por\" \/>\n\t<meta name=\"twitter:data1\" content=\"Jefferson Sterfeno\" \/>\n\t<meta name=\"twitter:label2\" content=\"Est. tempo de leitura\" \/>\n\t<meta name=\"twitter:data2\" content=\"2 minutos\" \/>\n<script type=\"application\/ld+json\" class=\"yoast-schema-graph\">{\"@context\":\"https:\/\/schema.org\",\"@graph\":[{\"@type\":\"Article\",\"@id\":\"https:\/\/blogdobispo.com.br\/?p=5200#article\",\"isPartOf\":{\"@id\":\"https:\/\/blogdobispo.com.br\/?p=5200\"},\"author\":{\"name\":\"Jefferson Sterfeno\",\"@id\":\"https:\/\/blogdobispo.com.br\/#\/schema\/person\/e2209cc0e6cea5c5233d033e997b373f\"},\"headline\":\"Investiga\u00e7\u00e3o da PF chega a potiguar presidente de Confedera\u00e7\u00e3o\",\"datePublished\":\"2025-05-05T12:35:29+00:00\",\"mainEntityOfPage\":{\"@id\":\"https:\/\/blogdobispo.com.br\/?p=5200\"},\"wordCount\":403,\"commentCount\":0,\"publisher\":{\"@id\":\"https:\/\/blogdobispo.com.br\/#organization\"},\"image\":{\"@id\":\"https:\/\/blogdobispo.com.br\/?p=5200#primaryimage\"},\"thumbnailUrl\":\"https:\/\/blogdobispo.com.br\/wp-content\/uploads\/2025\/05\/img_4174-1.png\",\"articleSection\":[\"diversos\"],\"inLanguage\":\"pt-BR\",\"potentialAction\":[{\"@type\":\"CommentAction\",\"name\":\"Comment\",\"target\":[\"https:\/\/blogdobispo.com.br\/?p=5200#respond\"]}]},{\"@type\":\"WebPage\",\"@id\":\"https:\/\/blogdobispo.com.br\/?p=5200\",\"url\":\"https:\/\/blogdobispo.com.br\/?p=5200\",\"name\":\"Investiga\u00e7\u00e3o da PF chega a potiguar presidente de Confedera\u00e7\u00e3o - Blog do Bispo\",\"isPartOf\":{\"@id\":\"https:\/\/blogdobispo.com.br\/#website\"},\"primaryImageOfPage\":{\"@id\":\"https:\/\/blogdobispo.com.br\/?p=5200#primaryimage\"},\"image\":{\"@id\":\"https:\/\/blogdobispo.com.br\/?p=5200#primaryimage\"},\"thumbnailUrl\":\"https:\/\/blogdobispo.com.br\/wp-content\/uploads\/2025\/05\/img_4174-1.png\",\"datePublished\":\"2025-05-05T12:35:29+00:00\",\"breadcrumb\":{\"@id\":\"https:\/\/blogdobispo.com.br\/?p=5200#breadcrumb\"},\"inLanguage\":\"pt-BR\",\"potentialAction\":[{\"@type\":\"ReadAction\",\"target\":[\"https:\/\/blogdobispo.com.br\/?p=5200\"]}]},{\"@type\":\"ImageObject\",\"inLanguage\":\"pt-BR\",\"@id\":\"https:\/\/blogdobispo.com.br\/?p=5200#primaryimage\",\"url\":\"https:\/\/blogdobispo.com.br\/wp-content\/uploads\/2025\/05\/img_4174-1.png\",\"contentUrl\":\"https:\/\/blogdobispo.com.br\/wp-content\/uploads\/2025\/05\/img_4174-1.png\"},{\"@type\":\"BreadcrumbList\",\"@id\":\"https:\/\/blogdobispo.com.br\/?p=5200#breadcrumb\",\"itemListElement\":[{\"@type\":\"ListItem\",\"position\":1,\"name\":\"In\u00edcio\",\"item\":\"https:\/\/blogdobispo.com.br\/\"},{\"@type\":\"ListItem\",\"position\":2,\"name\":\"Investiga\u00e7\u00e3o da PF chega a potiguar presidente de Confedera\u00e7\u00e3o\"}]},{\"@type\":\"WebSite\",\"@id\":\"https:\/\/blogdobispo.com.br\/#website\",\"url\":\"https:\/\/blogdobispo.com.br\/\",\"name\":\"Blog do Bispo\",\"description\":\"Comprometido apenas com o leitor\",\"publisher\":{\"@id\":\"https:\/\/blogdobispo.com.br\/#organization\"},\"potentialAction\":[{\"@type\":\"SearchAction\",\"target\":{\"@type\":\"EntryPoint\",\"urlTemplate\":\"https:\/\/blogdobispo.com.br\/?s={search_term_string}\"},\"query-input\":{\"@type\":\"PropertyValueSpecification\",\"valueRequired\":true,\"valueName\":\"search_term_string\"}}],\"inLanguage\":\"pt-BR\"},{\"@type\":\"Organization\",\"@id\":\"https:\/\/blogdobispo.com.br\/#organization\",\"name\":\"Blog do Bispo\",\"url\":\"https:\/\/blogdobispo.com.br\/\",\"logo\":{\"@type\":\"ImageObject\",\"inLanguage\":\"pt-BR\",\"@id\":\"https:\/\/blogdobispo.com.br\/#\/schema\/logo\/image\/\",\"url\":\"http:\/\/blogdobispo.com.br\/wp-content\/uploads\/2023\/05\/cropped-headear.png\",\"contentUrl\":\"http:\/\/blogdobispo.com.br\/wp-content\/uploads\/2023\/05\/cropped-headear.png\",\"width\":1500,\"height\":399,\"caption\":\"Blog do Bispo\"},\"image\":{\"@id\":\"https:\/\/blogdobispo.com.br\/#\/schema\/logo\/image\/\"}},{\"@type\":\"Person\",\"@id\":\"https:\/\/blogdobispo.com.br\/#\/schema\/person\/e2209cc0e6cea5c5233d033e997b373f\",\"name\":\"Jefferson Sterfeno\",\"image\":{\"@type\":\"ImageObject\",\"inLanguage\":\"pt-BR\",\"@id\":\"https:\/\/blogdobispo.com.br\/#\/schema\/person\/image\/\",\"url\":\"https:\/\/secure.gravatar.com\/avatar\/0534e84764641168a677026b6d57a3f51dc7ac4db0b4f6186d9cb330d4ee1160?s=96&d=mm&r=g\",\"contentUrl\":\"https:\/\/secure.gravatar.com\/avatar\/0534e84764641168a677026b6d57a3f51dc7ac4db0b4f6186d9cb330d4ee1160?s=96&d=mm&r=g\",\"caption\":\"Jefferson Sterfeno\"},\"sameAs\":[\"http:\/\/blogdobispo.com.br\"],\"url\":\"https:\/\/blogdobispo.com.br\/?author=1\"}]}<\/script>\n<!-- \/ Yoast SEO plugin. -->","yoast_head_json":{"title":"Investiga\u00e7\u00e3o da PF chega a potiguar presidente de Confedera\u00e7\u00e3o - Blog do Bispo","robots":{"index":"index","follow":"follow","max-snippet":"max-snippet:-1","max-image-preview":"max-image-preview:large","max-video-preview":"max-video-preview:-1"},"canonical":"https:\/\/blogdobispo.com.br\/?p=5200","og_locale":"pt_BR","og_type":"article","og_title":"Investiga\u00e7\u00e3o da PF chega a potiguar presidente de Confedera\u00e7\u00e3o - Blog do Bispo","og_description":"Presidente da Confedera\u00e7\u00e3o Brasileira dos Trabalhadores da Pesca e Aquicultura (CBPA) Vice-presidente nacional da For\u00e7a Sindical, Abra\u00e3o Lincoln entrou dentro do esc\u00e2ndalo bilion\u00e1rio do INSS. Segundo mat\u00e9ria do portal Metr\u00f3poles, a CBPA \u00e9 uma das associa\u00e7\u00f5es investigadas pela Pol\u00edcia Federal (PF) no bilion\u00e1rio esquema de fraude contra aposentados. Leia a \u00edntegra da mat\u00e9ria:&nbsp;&nbsp;Uma das associa\u00e7\u00f5es [&hellip;]","og_url":"https:\/\/blogdobispo.com.br\/?p=5200","og_site_name":"Blog do Bispo","article_published_time":"2025-05-05T12:35:29+00:00","og_image":[{"url":"https:\/\/blogdobispo.com.br\/wp-content\/uploads\/2025\/05\/img_4174-1.png","type":"","width":"","height":""}],"author":"Jefferson Sterfeno","twitter_card":"summary_large_image","twitter_misc":{"Escrito por":"Jefferson Sterfeno","Est. tempo de leitura":"2 minutos"},"schema":{"@context":"https:\/\/schema.org","@graph":[{"@type":"Article","@id":"https:\/\/blogdobispo.com.br\/?p=5200#article","isPartOf":{"@id":"https:\/\/blogdobispo.com.br\/?p=5200"},"author":{"name":"Jefferson Sterfeno","@id":"https:\/\/blogdobispo.com.br\/#\/schema\/person\/e2209cc0e6cea5c5233d033e997b373f"},"headline":"Investiga\u00e7\u00e3o da PF chega a potiguar presidente de Confedera\u00e7\u00e3o","datePublished":"2025-05-05T12:35:29+00:00","mainEntityOfPage":{"@id":"https:\/\/blogdobispo.com.br\/?p=5200"},"wordCount":403,"commentCount":0,"publisher":{"@id":"https:\/\/blogdobispo.com.br\/#organization"},"image":{"@id":"https:\/\/blogdobispo.com.br\/?p=5200#primaryimage"},"thumbnailUrl":"https:\/\/blogdobispo.com.br\/wp-content\/uploads\/2025\/05\/img_4174-1.png","articleSection":["diversos"],"inLanguage":"pt-BR","potentialAction":[{"@type":"CommentAction","name":"Comment","target":["https:\/\/blogdobispo.com.br\/?p=5200#respond"]}]},{"@type":"WebPage","@id":"https:\/\/blogdobispo.com.br\/?p=5200","url":"https:\/\/blogdobispo.com.br\/?p=5200","name":"Investiga\u00e7\u00e3o da PF chega a potiguar presidente de Confedera\u00e7\u00e3o - Blog do Bispo","isPartOf":{"@id":"https:\/\/blogdobispo.com.br\/#website"},"primaryImageOfPage":{"@id":"https:\/\/blogdobispo.com.br\/?p=5200#primaryimage"},"image":{"@id":"https:\/\/blogdobispo.com.br\/?p=5200#primaryimage"},"thumbnailUrl":"https:\/\/blogdobispo.com.br\/wp-content\/uploads\/2025\/05\/img_4174-1.png","datePublished":"2025-05-05T12:35:29+00:00","breadcrumb":{"@id":"https:\/\/blogdobispo.com.br\/?p=5200#breadcrumb"},"inLanguage":"pt-BR","potentialAction":[{"@type":"ReadAction","target":["https:\/\/blogdobispo.com.br\/?p=5200"]}]},{"@type":"ImageObject","inLanguage":"pt-BR","@id":"https:\/\/blogdobispo.com.br\/?p=5200#primaryimage","url":"https:\/\/blogdobispo.com.br\/wp-content\/uploads\/2025\/05\/img_4174-1.png","contentUrl":"https:\/\/blogdobispo.com.br\/wp-content\/uploads\/2025\/05\/img_4174-1.png"},{"@type":"BreadcrumbList","@id":"https:\/\/blogdobispo.com.br\/?p=5200#breadcrumb","itemListElement":[{"@type":"ListItem","position":1,"name":"In\u00edcio","item":"https:\/\/blogdobispo.com.br\/"},{"@type":"ListItem","position":2,"name":"Investiga\u00e7\u00e3o da PF chega a potiguar presidente de Confedera\u00e7\u00e3o"}]},{"@type":"WebSite","@id":"https:\/\/blogdobispo.com.br\/#website","url":"https:\/\/blogdobispo.com.br\/","name":"Blog do Bispo","description":"Comprometido apenas com o leitor","publisher":{"@id":"https:\/\/blogdobispo.com.br\/#organization"},"potentialAction":[{"@type":"SearchAction","target":{"@type":"EntryPoint","urlTemplate":"https:\/\/blogdobispo.com.br\/?s={search_term_string}"},"query-input":{"@type":"PropertyValueSpecification","valueRequired":true,"valueName":"search_term_string"}}],"inLanguage":"pt-BR"},{"@type":"Organization","@id":"https:\/\/blogdobispo.com.br\/#organization","name":"Blog do Bispo","url":"https:\/\/blogdobispo.com.br\/","logo":{"@type":"ImageObject","inLanguage":"pt-BR","@id":"https:\/\/blogdobispo.com.br\/#\/schema\/logo\/image\/","url":"http:\/\/blogdobispo.com.br\/wp-content\/uploads\/2023\/05\/cropped-headear.png","contentUrl":"http:\/\/blogdobispo.com.br\/wp-content\/uploads\/2023\/05\/cropped-headear.png","width":1500,"height":399,"caption":"Blog do Bispo"},"image":{"@id":"https:\/\/blogdobispo.com.br\/#\/schema\/logo\/image\/"}},{"@type":"Person","@id":"https:\/\/blogdobispo.com.br\/#\/schema\/person\/e2209cc0e6cea5c5233d033e997b373f","name":"Jefferson Sterfeno","image":{"@type":"ImageObject","inLanguage":"pt-BR","@id":"https:\/\/blogdobispo.com.br\/#\/schema\/person\/image\/","url":"https:\/\/secure.gravatar.com\/avatar\/0534e84764641168a677026b6d57a3f51dc7ac4db0b4f6186d9cb330d4ee1160?s=96&d=mm&r=g","contentUrl":"https:\/\/secure.gravatar.com\/avatar\/0534e84764641168a677026b6d57a3f51dc7ac4db0b4f6186d9cb330d4ee1160?s=96&d=mm&r=g","caption":"Jefferson Sterfeno"},"sameAs":["http:\/\/blogdobispo.com.br"],"url":"https:\/\/blogdobispo.com.br\/?author=1"}]}},"featured_image_urls":{"full":"","thumbnail":"","medium":"","medium_large":"","large":"","1536x1536":"","2048x2048":""},"author_info":{"display_name":"Jefferson Sterfeno","author_link":"https:\/\/blogdobispo.com.br\/?author=1"},"category_info":"<a href=\"https:\/\/blogdobispo.com.br\/?cat=1\" rel=\"category\">diversos<\/a>","tag_info":"diversos","comment_count":"0","jetpack_featured_media_url":"","jetpack_sharing_enabled":true,"_links":{"self":[{"href":"https:\/\/blogdobispo.com.br\/index.php?rest_route=\/wp\/v2\/posts\/5200","targetHints":{"allow":["GET"]}}],"collection":[{"href":"https:\/\/blogdobispo.com.br\/index.php?rest_route=\/wp\/v2\/posts"}],"about":[{"href":"https:\/\/blogdobispo.com.br\/index.php?rest_route=\/wp\/v2\/types\/post"}],"author":[{"embeddable":true,"href":"https:\/\/blogdobispo.com.br\/index.php?rest_route=\/wp\/v2\/users\/1"}],"replies":[{"embeddable":true,"href":"https:\/\/blogdobispo.com.br\/index.php?rest_route=%2Fwp%2Fv2%2Fcomments&post=5200"}],"version-history":[{"count":0,"href":"https:\/\/blogdobispo.com.br\/index.php?rest_route=\/wp\/v2\/posts\/5200\/revisions"}],"wp:attachment":[{"href":"https:\/\/blogdobispo.com.br\/index.php?rest_route=%2Fwp%2Fv2%2Fmedia&parent=5200"}],"wp:term":[{"taxonomy":"category","embeddable":true,"href":"https:\/\/blogdobispo.com.br\/index.php?rest_route=%2Fwp%2Fv2%2Fcategories&post=5200"},{"taxonomy":"post_tag","embeddable":true,"href":"https:\/\/blogdobispo.com.br\/index.php?rest_route=%2Fwp%2Fv2%2Ftags&post=5200"}],"curies":[{"name":"wp","href":"https:\/\/api.w.org\/{rel}","templated":true}]}}