{"id":5188,"date":"2025-05-03T00:11:45","date_gmt":"2025-05-03T00:11:45","guid":{"rendered":"https:\/\/blogdobispo.com.br\/?p=5188"},"modified":"2025-05-03T00:11:45","modified_gmt":"2025-05-03T00:11:45","slug":"nova-central-do-cadastro-unico-tera-capacidade-para-realizar-ate-400-atendimentos-diarios","status":"publish","type":"post","link":"https:\/\/blogdobispo.com.br\/?p=5188","title":{"rendered":"Nova Central do Cadastro \u00danico ter\u00e1 capacidade para realizar at\u00e9 400 atendimentos di\u00e1rios"},"content":{"rendered":"\n<p>A Prefeitura de Natal, por meio da Secretaria Municipal do Trabalho e Assist\u00eancia Social (Semtas), inaugura a nova Central de Cadastro \u00danico, nesta segunda-feira (5), \u00e0s 15h, na Avenida Coronel Estevam, 1424, no bairro do Alecrim \u2013 antigo pr\u00e9dio do Banco Ita\u00fa. A marca \u00e9 uma iniciativa importante de avan\u00e7o no atendimento \u00e0 popula\u00e7\u00e3o em situa\u00e7\u00e3o de vulnerabilidade social, com expectativa de realizar at\u00e9 400 atendimentos por dia.<\/p>\n\n\n\n<p>Com uma estrutura moderna, acess\u00edvel e equipada para oferecer mais conforto \u00e0 popula\u00e7\u00e3o, a Central concentrar\u00e1 todos os servi\u00e7os relacionados ao Cadastro \u00danico, como novos cadastros, atualiza\u00e7\u00f5es e orienta\u00e7\u00f5es sobre os programas sociais do Governo Federal, como o Bolsa Fam\u00edlia.<\/p>\n\n\n\n<p><strong>Unifica\u00e7\u00e3o para melhorar o atendimento<\/strong><\/p>\n\n\n\n<p>Com a abertura da Central, duas unidades anteriormente respons\u00e1veis \u200b\u200bpelo atendimento do Cad\u00danico, localizadas na Via Direta e na Ribeira, foram desativadas. As equipes dessas unidades foram integradas \u00e0 nova Central, fortalecendo a capacidade de atendimento e otimizando os servi\u00e7os prestados.<\/p>\n\n\n\n<p>\u201cO objetivo \u00e9 centralizar os servi\u00e7os em um \u00fanico local, com melhor estrutura e maior equipe, garantindo mais agilidade, organiza\u00e7\u00e3o e qualidade no atendimento \u00e0 popula\u00e7\u00e3o\u201d, destacou a secret\u00e1ria do Trabalho e Assist\u00eancia Social, Nina Souza.<\/p>\n\n\n\n<p><strong>Cadastro \u00danico: ferramenta de inclus\u00e3o social<\/strong><\/p>\n\n\n\n<p>O Cadastro \u00danico (Cad\u00danico) \u00e9 um instrumento fundamental para a implementa\u00e7\u00e3o de pol\u00edticas p\u00fablicas voltadas \u00e0s fam\u00edlias em situa\u00e7\u00e3o de pobreza e extrema pobreza. Podem se inscrever fam\u00edlias com renda mensal de at\u00e9 meio sal\u00e1rio-m\u00ednimo por pessoa ou at\u00e9 tr\u00eas m\u00ednimos no total. Com base nessas informa\u00e7\u00f5es, os governos federal, estadual e municipal promovem programas que visam garantir direitos e melhorar as condi\u00e7\u00f5es de vida dessa parcela da popula\u00e7\u00e3o<\/p>\n\n\n\n<figure class=\"wp-block-image size-large\"><img data-recalc-dims=\"1\" fetchpriority=\"high\" decoding=\"async\" width=\"800\" height=\"450\" src=\"https:\/\/i0.wp.com\/blogdobispo.com.br\/wp-content\/uploads\/2025\/05\/img_4124-1-1024x576.jpg?resize=800%2C450&#038;ssl=1\" class=\"wp-image-5187\" srcset=\"https:\/\/i0.wp.com\/blogdobispo.com.br\/wp-content\/uploads\/2025\/05\/img_4124-1.jpg?resize=1024%2C576&amp;ssl=1 1024w, https:\/\/i0.wp.com\/blogdobispo.com.br\/wp-content\/uploads\/2025\/05\/img_4124-1.jpg?resize=300%2C169&amp;ssl=1 300w, https:\/\/i0.wp.com\/blogdobispo.com.br\/wp-content\/uploads\/2025\/05\/img_4124-1.jpg?resize=768%2C432&amp;ssl=1 768w, https:\/\/i0.wp.com\/blogdobispo.com.br\/wp-content\/uploads\/2025\/05\/img_4124-1.jpg?resize=1536%2C864&amp;ssl=1 1536w, https:\/\/i0.wp.com\/blogdobispo.com.br\/wp-content\/uploads\/2025\/05\/img_4124-1.jpg?w=1599&amp;ssl=1 1599w\" sizes=\"(max-width: 800px) 100vw, 800px\" \/><\/figure>\n","protected":false},"excerpt":{"rendered":"<p>A Prefeitura de Natal, por meio da Secretaria Municipal do Trabalho e Assist\u00eancia Social (Semtas), inaugura a nova Central de Cadastro \u00danico, nesta segunda-feira (5), \u00e0s 15h, na Avenida Coronel Estevam, 1424, no bairro do Alecrim \u2013 antigo pr\u00e9dio do Banco Ita\u00fa. A marca \u00e9 uma iniciativa importante de avan\u00e7o no atendimento \u00e0 popula\u00e7\u00e3o em [&hellip;]<\/p>\n","protected":false},"author":1,"featured_media":0,"comment_status":"open","ping_status":"open","sticky":false,"template":"","format":"standard","meta":{"cybocfi_hide_featured_image":"","_jetpack_memberships_contains_paid_content":false,"footnotes":""},"categories":[1],"tags":[],"class_list":["post-5188","post","type-post","status-publish","format-standard","hentry","category-diversos"],"yoast_head":"<!-- This site is optimized with the Yoast SEO plugin v25.6 - https:\/\/yoast.com\/wordpress\/plugins\/seo\/ -->\n<title>Nova Central do Cadastro \u00danico ter\u00e1 capacidade para realizar at\u00e9 400 atendimentos di\u00e1rios - Blog do Bispo<\/title>\n<meta name=\"robots\" content=\"index, follow, max-snippet:-1, max-image-preview:large, max-video-preview:-1\" \/>\n<link rel=\"canonical\" href=\"https:\/\/blogdobispo.com.br\/?p=5188\" \/>\n<meta property=\"og:locale\" content=\"pt_BR\" \/>\n<meta property=\"og:type\" content=\"article\" \/>\n<meta property=\"og:title\" content=\"Nova Central do Cadastro \u00danico ter\u00e1 capacidade para realizar at\u00e9 400 atendimentos di\u00e1rios - Blog do Bispo\" \/>\n<meta property=\"og:description\" content=\"A Prefeitura de Natal, por meio da Secretaria Municipal do Trabalho e Assist\u00eancia Social (Semtas), inaugura a nova Central de Cadastro \u00danico, nesta segunda-feira (5), \u00e0s 15h, na Avenida Coronel Estevam, 1424, no bairro do Alecrim \u2013 antigo pr\u00e9dio do Banco Ita\u00fa. A marca \u00e9 uma iniciativa importante de avan\u00e7o no atendimento \u00e0 popula\u00e7\u00e3o em [&hellip;]\" \/>\n<meta property=\"og:url\" content=\"https:\/\/blogdobispo.com.br\/?p=5188\" \/>\n<meta property=\"og:site_name\" content=\"Blog do Bispo\" \/>\n<meta property=\"article:published_time\" content=\"2025-05-03T00:11:45+00:00\" \/>\n<meta property=\"og:image\" content=\"https:\/\/blogdobispo.com.br\/wp-content\/uploads\/2025\/05\/img_4124-1-1024x576.jpg\" \/>\n<meta name=\"author\" content=\"Jefferson Sterfeno\" \/>\n<meta name=\"twitter:card\" content=\"summary_large_image\" \/>\n<meta name=\"twitter:label1\" content=\"Escrito por\" \/>\n\t<meta name=\"twitter:data1\" content=\"Jefferson Sterfeno\" \/>\n\t<meta name=\"twitter:label2\" content=\"Est. tempo de leitura\" \/>\n\t<meta name=\"twitter:data2\" content=\"1 minuto\" \/>\n<script type=\"application\/ld+json\" class=\"yoast-schema-graph\">{\"@context\":\"https:\/\/schema.org\",\"@graph\":[{\"@type\":\"Article\",\"@id\":\"https:\/\/blogdobispo.com.br\/?p=5188#article\",\"isPartOf\":{\"@id\":\"https:\/\/blogdobispo.com.br\/?p=5188\"},\"author\":{\"name\":\"Jefferson Sterfeno\",\"@id\":\"https:\/\/blogdobispo.com.br\/#\/schema\/person\/e2209cc0e6cea5c5233d033e997b373f\"},\"headline\":\"Nova Central do Cadastro \u00danico ter\u00e1 capacidade para realizar at\u00e9 400 atendimentos di\u00e1rios\",\"datePublished\":\"2025-05-03T00:11:45+00:00\",\"mainEntityOfPage\":{\"@id\":\"https:\/\/blogdobispo.com.br\/?p=5188\"},\"wordCount\":302,\"commentCount\":0,\"publisher\":{\"@id\":\"https:\/\/blogdobispo.com.br\/#organization\"},\"image\":{\"@id\":\"https:\/\/blogdobispo.com.br\/?p=5188#primaryimage\"},\"thumbnailUrl\":\"https:\/\/blogdobispo.com.br\/wp-content\/uploads\/2025\/05\/img_4124-1-1024x576.jpg\",\"articleSection\":[\"diversos\"],\"inLanguage\":\"pt-BR\",\"potentialAction\":[{\"@type\":\"CommentAction\",\"name\":\"Comment\",\"target\":[\"https:\/\/blogdobispo.com.br\/?p=5188#respond\"]}]},{\"@type\":\"WebPage\",\"@id\":\"https:\/\/blogdobispo.com.br\/?p=5188\",\"url\":\"https:\/\/blogdobispo.com.br\/?p=5188\",\"name\":\"Nova Central do Cadastro \u00danico ter\u00e1 capacidade para realizar at\u00e9 400 atendimentos di\u00e1rios - Blog do Bispo\",\"isPartOf\":{\"@id\":\"https:\/\/blogdobispo.com.br\/#website\"},\"primaryImageOfPage\":{\"@id\":\"https:\/\/blogdobispo.com.br\/?p=5188#primaryimage\"},\"image\":{\"@id\":\"https:\/\/blogdobispo.com.br\/?p=5188#primaryimage\"},\"thumbnailUrl\":\"https:\/\/blogdobispo.com.br\/wp-content\/uploads\/2025\/05\/img_4124-1-1024x576.jpg\",\"datePublished\":\"2025-05-03T00:11:45+00:00\",\"breadcrumb\":{\"@id\":\"https:\/\/blogdobispo.com.br\/?p=5188#breadcrumb\"},\"inLanguage\":\"pt-BR\",\"potentialAction\":[{\"@type\":\"ReadAction\",\"target\":[\"https:\/\/blogdobispo.com.br\/?p=5188\"]}]},{\"@type\":\"ImageObject\",\"inLanguage\":\"pt-BR\",\"@id\":\"https:\/\/blogdobispo.com.br\/?p=5188#primaryimage\",\"url\":\"https:\/\/blogdobispo.com.br\/wp-content\/uploads\/2025\/05\/img_4124-1-1024x576.jpg\",\"contentUrl\":\"https:\/\/blogdobispo.com.br\/wp-content\/uploads\/2025\/05\/img_4124-1-1024x576.jpg\"},{\"@type\":\"BreadcrumbList\",\"@id\":\"https:\/\/blogdobispo.com.br\/?p=5188#breadcrumb\",\"itemListElement\":[{\"@type\":\"ListItem\",\"position\":1,\"name\":\"In\u00edcio\",\"item\":\"https:\/\/blogdobispo.com.br\/\"},{\"@type\":\"ListItem\",\"position\":2,\"name\":\"Nova Central do Cadastro \u00danico ter\u00e1 capacidade para realizar at\u00e9 400 atendimentos di\u00e1rios\"}]},{\"@type\":\"WebSite\",\"@id\":\"https:\/\/blogdobispo.com.br\/#website\",\"url\":\"https:\/\/blogdobispo.com.br\/\",\"name\":\"Blog do Bispo\",\"description\":\"Comprometido apenas com o leitor\",\"publisher\":{\"@id\":\"https:\/\/blogdobispo.com.br\/#organization\"},\"potentialAction\":[{\"@type\":\"SearchAction\",\"target\":{\"@type\":\"EntryPoint\",\"urlTemplate\":\"https:\/\/blogdobispo.com.br\/?s={search_term_string}\"},\"query-input\":{\"@type\":\"PropertyValueSpecification\",\"valueRequired\":true,\"valueName\":\"search_term_string\"}}],\"inLanguage\":\"pt-BR\"},{\"@type\":\"Organization\",\"@id\":\"https:\/\/blogdobispo.com.br\/#organization\",\"name\":\"Blog do Bispo\",\"url\":\"https:\/\/blogdobispo.com.br\/\",\"logo\":{\"@type\":\"ImageObject\",\"inLanguage\":\"pt-BR\",\"@id\":\"https:\/\/blogdobispo.com.br\/#\/schema\/logo\/image\/\",\"url\":\"http:\/\/blogdobispo.com.br\/wp-content\/uploads\/2023\/05\/cropped-headear.png\",\"contentUrl\":\"http:\/\/blogdobispo.com.br\/wp-content\/uploads\/2023\/05\/cropped-headear.png\",\"width\":1500,\"height\":399,\"caption\":\"Blog do Bispo\"},\"image\":{\"@id\":\"https:\/\/blogdobispo.com.br\/#\/schema\/logo\/image\/\"}},{\"@type\":\"Person\",\"@id\":\"https:\/\/blogdobispo.com.br\/#\/schema\/person\/e2209cc0e6cea5c5233d033e997b373f\",\"name\":\"Jefferson Sterfeno\",\"image\":{\"@type\":\"ImageObject\",\"inLanguage\":\"pt-BR\",\"@id\":\"https:\/\/blogdobispo.com.br\/#\/schema\/person\/image\/\",\"url\":\"https:\/\/secure.gravatar.com\/avatar\/0534e84764641168a677026b6d57a3f51dc7ac4db0b4f6186d9cb330d4ee1160?s=96&d=mm&r=g\",\"contentUrl\":\"https:\/\/secure.gravatar.com\/avatar\/0534e84764641168a677026b6d57a3f51dc7ac4db0b4f6186d9cb330d4ee1160?s=96&d=mm&r=g\",\"caption\":\"Jefferson Sterfeno\"},\"sameAs\":[\"http:\/\/blogdobispo.com.br\"],\"url\":\"https:\/\/blogdobispo.com.br\/?author=1\"}]}<\/script>\n<!-- \/ Yoast SEO plugin. -->","yoast_head_json":{"title":"Nova Central do Cadastro \u00danico ter\u00e1 capacidade para realizar at\u00e9 400 atendimentos di\u00e1rios - Blog do Bispo","robots":{"index":"index","follow":"follow","max-snippet":"max-snippet:-1","max-image-preview":"max-image-preview:large","max-video-preview":"max-video-preview:-1"},"canonical":"https:\/\/blogdobispo.com.br\/?p=5188","og_locale":"pt_BR","og_type":"article","og_title":"Nova Central do Cadastro \u00danico ter\u00e1 capacidade para realizar at\u00e9 400 atendimentos di\u00e1rios - Blog do Bispo","og_description":"A Prefeitura de Natal, por meio da Secretaria Municipal do Trabalho e Assist\u00eancia Social (Semtas), inaugura a nova Central de Cadastro \u00danico, nesta segunda-feira (5), \u00e0s 15h, na Avenida Coronel Estevam, 1424, no bairro do Alecrim \u2013 antigo pr\u00e9dio do Banco Ita\u00fa. A marca \u00e9 uma iniciativa importante de avan\u00e7o no atendimento \u00e0 popula\u00e7\u00e3o em [&hellip;]","og_url":"https:\/\/blogdobispo.com.br\/?p=5188","og_site_name":"Blog do Bispo","article_published_time":"2025-05-03T00:11:45+00:00","og_image":[{"url":"https:\/\/blogdobispo.com.br\/wp-content\/uploads\/2025\/05\/img_4124-1-1024x576.jpg","type":"","width":"","height":""}],"author":"Jefferson Sterfeno","twitter_card":"summary_large_image","twitter_misc":{"Escrito por":"Jefferson Sterfeno","Est. tempo de leitura":"1 minuto"},"schema":{"@context":"https:\/\/schema.org","@graph":[{"@type":"Article","@id":"https:\/\/blogdobispo.com.br\/?p=5188#article","isPartOf":{"@id":"https:\/\/blogdobispo.com.br\/?p=5188"},"author":{"name":"Jefferson Sterfeno","@id":"https:\/\/blogdobispo.com.br\/#\/schema\/person\/e2209cc0e6cea5c5233d033e997b373f"},"headline":"Nova Central do Cadastro \u00danico ter\u00e1 capacidade para realizar at\u00e9 400 atendimentos di\u00e1rios","datePublished":"2025-05-03T00:11:45+00:00","mainEntityOfPage":{"@id":"https:\/\/blogdobispo.com.br\/?p=5188"},"wordCount":302,"commentCount":0,"publisher":{"@id":"https:\/\/blogdobispo.com.br\/#organization"},"image":{"@id":"https:\/\/blogdobispo.com.br\/?p=5188#primaryimage"},"thumbnailUrl":"https:\/\/blogdobispo.com.br\/wp-content\/uploads\/2025\/05\/img_4124-1-1024x576.jpg","articleSection":["diversos"],"inLanguage":"pt-BR","potentialAction":[{"@type":"CommentAction","name":"Comment","target":["https:\/\/blogdobispo.com.br\/?p=5188#respond"]}]},{"@type":"WebPage","@id":"https:\/\/blogdobispo.com.br\/?p=5188","url":"https:\/\/blogdobispo.com.br\/?p=5188","name":"Nova Central do Cadastro \u00danico ter\u00e1 capacidade para realizar at\u00e9 400 atendimentos di\u00e1rios - Blog do Bispo","isPartOf":{"@id":"https:\/\/blogdobispo.com.br\/#website"},"primaryImageOfPage":{"@id":"https:\/\/blogdobispo.com.br\/?p=5188#primaryimage"},"image":{"@id":"https:\/\/blogdobispo.com.br\/?p=5188#primaryimage"},"thumbnailUrl":"https:\/\/blogdobispo.com.br\/wp-content\/uploads\/2025\/05\/img_4124-1-1024x576.jpg","datePublished":"2025-05-03T00:11:45+00:00","breadcrumb":{"@id":"https:\/\/blogdobispo.com.br\/?p=5188#breadcrumb"},"inLanguage":"pt-BR","potentialAction":[{"@type":"ReadAction","target":["https:\/\/blogdobispo.com.br\/?p=5188"]}]},{"@type":"ImageObject","inLanguage":"pt-BR","@id":"https:\/\/blogdobispo.com.br\/?p=5188#primaryimage","url":"https:\/\/blogdobispo.com.br\/wp-content\/uploads\/2025\/05\/img_4124-1-1024x576.jpg","contentUrl":"https:\/\/blogdobispo.com.br\/wp-content\/uploads\/2025\/05\/img_4124-1-1024x576.jpg"},{"@type":"BreadcrumbList","@id":"https:\/\/blogdobispo.com.br\/?p=5188#breadcrumb","itemListElement":[{"@type":"ListItem","position":1,"name":"In\u00edcio","item":"https:\/\/blogdobispo.com.br\/"},{"@type":"ListItem","position":2,"name":"Nova Central do Cadastro \u00danico ter\u00e1 capacidade para realizar at\u00e9 400 atendimentos di\u00e1rios"}]},{"@type":"WebSite","@id":"https:\/\/blogdobispo.com.br\/#website","url":"https:\/\/blogdobispo.com.br\/","name":"Blog do Bispo","description":"Comprometido apenas com o leitor","publisher":{"@id":"https:\/\/blogdobispo.com.br\/#organization"},"potentialAction":[{"@type":"SearchAction","target":{"@type":"EntryPoint","urlTemplate":"https:\/\/blogdobispo.com.br\/?s={search_term_string}"},"query-input":{"@type":"PropertyValueSpecification","valueRequired":true,"valueName":"search_term_string"}}],"inLanguage":"pt-BR"},{"@type":"Organization","@id":"https:\/\/blogdobispo.com.br\/#organization","name":"Blog do Bispo","url":"https:\/\/blogdobispo.com.br\/","logo":{"@type":"ImageObject","inLanguage":"pt-BR","@id":"https:\/\/blogdobispo.com.br\/#\/schema\/logo\/image\/","url":"http:\/\/blogdobispo.com.br\/wp-content\/uploads\/2023\/05\/cropped-headear.png","contentUrl":"http:\/\/blogdobispo.com.br\/wp-content\/uploads\/2023\/05\/cropped-headear.png","width":1500,"height":399,"caption":"Blog do Bispo"},"image":{"@id":"https:\/\/blogdobispo.com.br\/#\/schema\/logo\/image\/"}},{"@type":"Person","@id":"https:\/\/blogdobispo.com.br\/#\/schema\/person\/e2209cc0e6cea5c5233d033e997b373f","name":"Jefferson Sterfeno","image":{"@type":"ImageObject","inLanguage":"pt-BR","@id":"https:\/\/blogdobispo.com.br\/#\/schema\/person\/image\/","url":"https:\/\/secure.gravatar.com\/avatar\/0534e84764641168a677026b6d57a3f51dc7ac4db0b4f6186d9cb330d4ee1160?s=96&d=mm&r=g","contentUrl":"https:\/\/secure.gravatar.com\/avatar\/0534e84764641168a677026b6d57a3f51dc7ac4db0b4f6186d9cb330d4ee1160?s=96&d=mm&r=g","caption":"Jefferson Sterfeno"},"sameAs":["http:\/\/blogdobispo.com.br"],"url":"https:\/\/blogdobispo.com.br\/?author=1"}]}},"featured_image_urls":{"full":"","thumbnail":"","medium":"","medium_large":"","large":"","1536x1536":"","2048x2048":""},"author_info":{"display_name":"Jefferson Sterfeno","author_link":"https:\/\/blogdobispo.com.br\/?author=1"},"category_info":"<a href=\"https:\/\/blogdobispo.com.br\/?cat=1\" rel=\"category\">diversos<\/a>","tag_info":"diversos","comment_count":"0","jetpack_featured_media_url":"","jetpack_sharing_enabled":true,"_links":{"self":[{"href":"https:\/\/blogdobispo.com.br\/index.php?rest_route=\/wp\/v2\/posts\/5188","targetHints":{"allow":["GET"]}}],"collection":[{"href":"https:\/\/blogdobispo.com.br\/index.php?rest_route=\/wp\/v2\/posts"}],"about":[{"href":"https:\/\/blogdobispo.com.br\/index.php?rest_route=\/wp\/v2\/types\/post"}],"author":[{"embeddable":true,"href":"https:\/\/blogdobispo.com.br\/index.php?rest_route=\/wp\/v2\/users\/1"}],"replies":[{"embeddable":true,"href":"https:\/\/blogdobispo.com.br\/index.php?rest_route=%2Fwp%2Fv2%2Fcomments&post=5188"}],"version-history":[{"count":0,"href":"https:\/\/blogdobispo.com.br\/index.php?rest_route=\/wp\/v2\/posts\/5188\/revisions"}],"wp:attachment":[{"href":"https:\/\/blogdobispo.com.br\/index.php?rest_route=%2Fwp%2Fv2%2Fmedia&parent=5188"}],"wp:term":[{"taxonomy":"category","embeddable":true,"href":"https:\/\/blogdobispo.com.br\/index.php?rest_route=%2Fwp%2Fv2%2Fcategories&post=5188"},{"taxonomy":"post_tag","embeddable":true,"href":"https:\/\/blogdobispo.com.br\/index.php?rest_route=%2Fwp%2Fv2%2Ftags&post=5188"}],"curies":[{"name":"wp","href":"https:\/\/api.w.org\/{rel}","templated":true}]}}