{"id":5186,"date":"2025-05-03T00:03:01","date_gmt":"2025-05-03T00:03:01","guid":{"rendered":"https:\/\/blogdobispo.com.br\/?p=5186"},"modified":"2025-05-03T00:03:01","modified_gmt":"2025-05-03T00:03:01","slug":"secretarios-de-esporte-da-grande-natal-se-reunem-para-planejar-acoes-conjuntas","status":"publish","type":"post","link":"https:\/\/blogdobispo.com.br\/?p=5186","title":{"rendered":"Secret\u00e1rios de Esporte da Grande Natal se re\u00fanem para planejar a\u00e7\u00f5es conjuntas"},"content":{"rendered":"\n<figure class=\"wp-block-image size-large\"><img data-recalc-dims=\"1\" fetchpriority=\"high\" decoding=\"async\" width=\"576\" height=\"1024\" src=\"https:\/\/i0.wp.com\/blogdobispo.com.br\/wp-content\/uploads\/2025\/05\/f4874003-2a97-466b-b7f0-c7cf57f5f269-1-576x1024.jpg?resize=576%2C1024&#038;ssl=1\" class=\"wp-image-5185\" srcset=\"https:\/\/i0.wp.com\/blogdobispo.com.br\/wp-content\/uploads\/2025\/05\/f4874003-2a97-466b-b7f0-c7cf57f5f269-1.jpg?resize=576%2C1024&amp;ssl=1 576w, https:\/\/i0.wp.com\/blogdobispo.com.br\/wp-content\/uploads\/2025\/05\/f4874003-2a97-466b-b7f0-c7cf57f5f269-1.jpg?resize=169%2C300&amp;ssl=1 169w, https:\/\/i0.wp.com\/blogdobispo.com.br\/wp-content\/uploads\/2025\/05\/f4874003-2a97-466b-b7f0-c7cf57f5f269-1.jpg?resize=768%2C1365&amp;ssl=1 768w, https:\/\/i0.wp.com\/blogdobispo.com.br\/wp-content\/uploads\/2025\/05\/f4874003-2a97-466b-b7f0-c7cf57f5f269-1.jpg?resize=864%2C1536&amp;ssl=1 864w, https:\/\/i0.wp.com\/blogdobispo.com.br\/wp-content\/uploads\/2025\/05\/f4874003-2a97-466b-b7f0-c7cf57f5f269-1.jpg?w=900&amp;ssl=1 900w\" sizes=\"(max-width: 576px) 100vw, 576px\" \/><\/figure>\n\n\n\n<p><\/p>\n\n\n\n<p><em>Natal, Parnamirim, Cear\u00e1-Mirim, Extremoz, S\u00e3o Gon\u00e7alo do Amarante discutem planejamento integrado para fortalecer o esporte regional<\/em><\/p>\n\n\n\n<p>Representantes das secretarias municipais de esporte de cidades da Regi\u00e3o Metropolitana de Natal se reuniram nesta semana, em um encontro coordenado pelo secret\u00e1rio de Esporte e Lazer de Natal, Hermes C\u00e2mara. Estiveram presentes os secret\u00e1rios Xavier Neto (Cear\u00e1-Mirim), Pablo Henrique Sales (Extremoz) e Rayane Rocha da Silva (S\u00e3o Gon\u00e7alo do Amarante). O secret\u00e1rio Vin\u00edcius Barros, de Parnamirim, tamb\u00e9m integra o grupo.<\/p>\n\n\n\n<p>O objetivo da articula\u00e7\u00e3o \u00e9 estabelecer uma agenda conjunta de a\u00e7\u00f5es voltadas para o fortalecimento e desenvolvimento do esporte nos munic\u00edpios da Grande Natal. A reuni\u00e3o teve como foco a constru\u00e7\u00e3o de estrat\u00e9gias integradas, a troca de experi\u00eancias entre as secretarias e o planejamento de iniciativas regionais que possam beneficiar atletas, treinadores, gestores e a popula\u00e7\u00e3o em geral.<\/p>\n\n\n\n<p>A pauta do encontro incluiu temas como a realiza\u00e7\u00e3o de competi\u00e7\u00f5es intermunicipais, a busca por financiamento coletivo para projetos esportivos, a utiliza\u00e7\u00e3o de espa\u00e7os p\u00fablicos compartilhados, e a cria\u00e7\u00e3o de um calend\u00e1rio unificado de eventos esportivos. Tamb\u00e9m foi discutida a possibilidade de parcerias com institui\u00e7\u00f5es p\u00fablicas e privadas, universidades e federa\u00e7\u00f5es esportivas para apoio t\u00e9cnico e log\u00edstico \u00e0s a\u00e7\u00f5es planejadas.<\/p>\n\n\n\n<p>Hermes C\u00e2mara destacou a import\u00e2ncia do trabalho colaborativo entre os gestores para potencializar os resultados das pol\u00edticas p\u00fablicas na \u00e1rea do esporte. Segundo ele, o interc\u00e2mbio entre os munic\u00edpios pode gerar solu\u00e7\u00f5es mais eficazes e ampliar o alcance das atividades esportivas, principalmente entre crian\u00e7as e jovens em situa\u00e7\u00e3o de vulnerabilidade social.<\/p>\n\n\n\n<p>Durante a reuni\u00e3o, os secret\u00e1rios tamb\u00e9m propuseram a forma\u00e7\u00e3o de um grupo de trabalho permanente, com reuni\u00f5es peri\u00f3dicas, para acompanhar o andamento das a\u00e7\u00f5es e garantir continuidade ao planejamento regional. A proposta \u00e9 que os encontros prossigam de forma itinerante, com as pr\u00f3ximas reuni\u00f5es sendo realizadas nas demais cidades envolvidas.<\/p>\n\n\n\n<p>Outro ponto abordado foi a necessidade de levantar o diagn\u00f3stico atual da infraestrutura esportiva em cada munic\u00edpio, de forma a identificar car\u00eancias comuns e oportunidades de investimento conjunto. A ideia \u00e9 elaborar um mapa regional com as principais arenas, quadras, centros de treinamento e espa\u00e7os comunit\u00e1rios dispon\u00edveis, facilitando a organiza\u00e7\u00e3o de competi\u00e7\u00f5es e o uso compartilhado dos equipamentos.<\/p>\n\n\n\n<p>A forma\u00e7\u00e3o do n\u00facleo de secret\u00e1rios municipais de esporte da Regi\u00e3o Metropolitana de Natal surge em um momento de reestrutura\u00e7\u00e3o das pol\u00edticas p\u00fablicas voltadas ao setor. A articula\u00e7\u00e3o entre os gestores pretende atender a demandas antigas dos desportistas locais, como a amplia\u00e7\u00e3o do acesso a atividades esportivas gratuitas, a valoriza\u00e7\u00e3o dos campeonatos amadores e a inclus\u00e3o social por meio do esporte.<\/p>\n\n\n\n<p>A previs\u00e3o \u00e9 que as primeiras a\u00e7\u00f5es do grupo comecem a ser executadas ainda no primeiro semestre, com \u00eanfase em projetos de incentivo ao esporte de base, eventos escolares e campanhas de conscientiza\u00e7\u00e3o sobre a import\u00e2ncia da pr\u00e1tica esportiva para a sa\u00fade e a cidadania.<\/p>\n","protected":false},"excerpt":{"rendered":"<p>Natal, Parnamirim, Cear\u00e1-Mirim, Extremoz, S\u00e3o Gon\u00e7alo do Amarante discutem planejamento integrado para fortalecer o esporte regional Representantes das secretarias municipais de esporte de cidades da Regi\u00e3o Metropolitana de Natal se reuniram nesta semana, em um encontro coordenado pelo secret\u00e1rio de Esporte e Lazer de Natal, Hermes C\u00e2mara. Estiveram presentes os secret\u00e1rios Xavier Neto (Cear\u00e1-Mirim), Pablo [&hellip;]<\/p>\n","protected":false},"author":1,"featured_media":0,"comment_status":"open","ping_status":"open","sticky":false,"template":"","format":"standard","meta":{"cybocfi_hide_featured_image":"","_jetpack_memberships_contains_paid_content":false,"footnotes":""},"categories":[1],"tags":[],"class_list":["post-5186","post","type-post","status-publish","format-standard","hentry","category-diversos"],"yoast_head":"<!-- This site is optimized with the Yoast SEO plugin v25.6 - https:\/\/yoast.com\/wordpress\/plugins\/seo\/ -->\n<title>Secret\u00e1rios de Esporte da Grande Natal se re\u00fanem para planejar a\u00e7\u00f5es conjuntas - Blog do Bispo<\/title>\n<meta name=\"robots\" content=\"index, follow, max-snippet:-1, max-image-preview:large, max-video-preview:-1\" \/>\n<link rel=\"canonical\" href=\"https:\/\/blogdobispo.com.br\/?p=5186\" \/>\n<meta property=\"og:locale\" content=\"pt_BR\" \/>\n<meta property=\"og:type\" content=\"article\" \/>\n<meta property=\"og:title\" content=\"Secret\u00e1rios de Esporte da Grande Natal se re\u00fanem para planejar a\u00e7\u00f5es conjuntas - Blog do Bispo\" \/>\n<meta property=\"og:description\" content=\"Natal, Parnamirim, Cear\u00e1-Mirim, Extremoz, S\u00e3o Gon\u00e7alo do Amarante discutem planejamento integrado para fortalecer o esporte regional Representantes das secretarias municipais de esporte de cidades da Regi\u00e3o Metropolitana de Natal se reuniram nesta semana, em um encontro coordenado pelo secret\u00e1rio de Esporte e Lazer de Natal, Hermes C\u00e2mara. Estiveram presentes os secret\u00e1rios Xavier Neto (Cear\u00e1-Mirim), Pablo [&hellip;]\" \/>\n<meta property=\"og:url\" content=\"https:\/\/blogdobispo.com.br\/?p=5186\" \/>\n<meta property=\"og:site_name\" content=\"Blog do Bispo\" \/>\n<meta property=\"article:published_time\" content=\"2025-05-03T00:03:01+00:00\" \/>\n<meta property=\"og:image\" content=\"https:\/\/blogdobispo.com.br\/wp-content\/uploads\/2025\/05\/f4874003-2a97-466b-b7f0-c7cf57f5f269-1-576x1024.jpg\" \/>\n<meta name=\"author\" content=\"Jefferson Sterfeno\" \/>\n<meta name=\"twitter:card\" content=\"summary_large_image\" \/>\n<meta name=\"twitter:label1\" content=\"Escrito por\" \/>\n\t<meta name=\"twitter:data1\" content=\"Jefferson Sterfeno\" \/>\n\t<meta name=\"twitter:label2\" content=\"Est. tempo de leitura\" \/>\n\t<meta name=\"twitter:data2\" content=\"3 minutos\" \/>\n<script type=\"application\/ld+json\" class=\"yoast-schema-graph\">{\"@context\":\"https:\/\/schema.org\",\"@graph\":[{\"@type\":\"Article\",\"@id\":\"https:\/\/blogdobispo.com.br\/?p=5186#article\",\"isPartOf\":{\"@id\":\"https:\/\/blogdobispo.com.br\/?p=5186\"},\"author\":{\"name\":\"Jefferson Sterfeno\",\"@id\":\"https:\/\/blogdobispo.com.br\/#\/schema\/person\/e2209cc0e6cea5c5233d033e997b373f\"},\"headline\":\"Secret\u00e1rios de Esporte da Grande Natal se re\u00fanem para planejar a\u00e7\u00f5es conjuntas\",\"datePublished\":\"2025-05-03T00:03:01+00:00\",\"mainEntityOfPage\":{\"@id\":\"https:\/\/blogdobispo.com.br\/?p=5186\"},\"wordCount\":549,\"commentCount\":0,\"publisher\":{\"@id\":\"https:\/\/blogdobispo.com.br\/#organization\"},\"image\":{\"@id\":\"https:\/\/blogdobispo.com.br\/?p=5186#primaryimage\"},\"thumbnailUrl\":\"https:\/\/blogdobispo.com.br\/wp-content\/uploads\/2025\/05\/f4874003-2a97-466b-b7f0-c7cf57f5f269-1-576x1024.jpg\",\"articleSection\":[\"diversos\"],\"inLanguage\":\"pt-BR\",\"potentialAction\":[{\"@type\":\"CommentAction\",\"name\":\"Comment\",\"target\":[\"https:\/\/blogdobispo.com.br\/?p=5186#respond\"]}]},{\"@type\":\"WebPage\",\"@id\":\"https:\/\/blogdobispo.com.br\/?p=5186\",\"url\":\"https:\/\/blogdobispo.com.br\/?p=5186\",\"name\":\"Secret\u00e1rios de Esporte da Grande Natal se re\u00fanem para planejar a\u00e7\u00f5es conjuntas - Blog do Bispo\",\"isPartOf\":{\"@id\":\"https:\/\/blogdobispo.com.br\/#website\"},\"primaryImageOfPage\":{\"@id\":\"https:\/\/blogdobispo.com.br\/?p=5186#primaryimage\"},\"image\":{\"@id\":\"https:\/\/blogdobispo.com.br\/?p=5186#primaryimage\"},\"thumbnailUrl\":\"https:\/\/blogdobispo.com.br\/wp-content\/uploads\/2025\/05\/f4874003-2a97-466b-b7f0-c7cf57f5f269-1-576x1024.jpg\",\"datePublished\":\"2025-05-03T00:03:01+00:00\",\"breadcrumb\":{\"@id\":\"https:\/\/blogdobispo.com.br\/?p=5186#breadcrumb\"},\"inLanguage\":\"pt-BR\",\"potentialAction\":[{\"@type\":\"ReadAction\",\"target\":[\"https:\/\/blogdobispo.com.br\/?p=5186\"]}]},{\"@type\":\"ImageObject\",\"inLanguage\":\"pt-BR\",\"@id\":\"https:\/\/blogdobispo.com.br\/?p=5186#primaryimage\",\"url\":\"https:\/\/blogdobispo.com.br\/wp-content\/uploads\/2025\/05\/f4874003-2a97-466b-b7f0-c7cf57f5f269-1-576x1024.jpg\",\"contentUrl\":\"https:\/\/blogdobispo.com.br\/wp-content\/uploads\/2025\/05\/f4874003-2a97-466b-b7f0-c7cf57f5f269-1-576x1024.jpg\"},{\"@type\":\"BreadcrumbList\",\"@id\":\"https:\/\/blogdobispo.com.br\/?p=5186#breadcrumb\",\"itemListElement\":[{\"@type\":\"ListItem\",\"position\":1,\"name\":\"In\u00edcio\",\"item\":\"https:\/\/blogdobispo.com.br\/\"},{\"@type\":\"ListItem\",\"position\":2,\"name\":\"Secret\u00e1rios de Esporte da Grande Natal se re\u00fanem para planejar a\u00e7\u00f5es conjuntas\"}]},{\"@type\":\"WebSite\",\"@id\":\"https:\/\/blogdobispo.com.br\/#website\",\"url\":\"https:\/\/blogdobispo.com.br\/\",\"name\":\"Blog do Bispo\",\"description\":\"Comprometido apenas com o leitor\",\"publisher\":{\"@id\":\"https:\/\/blogdobispo.com.br\/#organization\"},\"potentialAction\":[{\"@type\":\"SearchAction\",\"target\":{\"@type\":\"EntryPoint\",\"urlTemplate\":\"https:\/\/blogdobispo.com.br\/?s={search_term_string}\"},\"query-input\":{\"@type\":\"PropertyValueSpecification\",\"valueRequired\":true,\"valueName\":\"search_term_string\"}}],\"inLanguage\":\"pt-BR\"},{\"@type\":\"Organization\",\"@id\":\"https:\/\/blogdobispo.com.br\/#organization\",\"name\":\"Blog do Bispo\",\"url\":\"https:\/\/blogdobispo.com.br\/\",\"logo\":{\"@type\":\"ImageObject\",\"inLanguage\":\"pt-BR\",\"@id\":\"https:\/\/blogdobispo.com.br\/#\/schema\/logo\/image\/\",\"url\":\"http:\/\/blogdobispo.com.br\/wp-content\/uploads\/2023\/05\/cropped-headear.png\",\"contentUrl\":\"http:\/\/blogdobispo.com.br\/wp-content\/uploads\/2023\/05\/cropped-headear.png\",\"width\":1500,\"height\":399,\"caption\":\"Blog do Bispo\"},\"image\":{\"@id\":\"https:\/\/blogdobispo.com.br\/#\/schema\/logo\/image\/\"}},{\"@type\":\"Person\",\"@id\":\"https:\/\/blogdobispo.com.br\/#\/schema\/person\/e2209cc0e6cea5c5233d033e997b373f\",\"name\":\"Jefferson Sterfeno\",\"image\":{\"@type\":\"ImageObject\",\"inLanguage\":\"pt-BR\",\"@id\":\"https:\/\/blogdobispo.com.br\/#\/schema\/person\/image\/\",\"url\":\"https:\/\/secure.gravatar.com\/avatar\/0534e84764641168a677026b6d57a3f51dc7ac4db0b4f6186d9cb330d4ee1160?s=96&d=mm&r=g\",\"contentUrl\":\"https:\/\/secure.gravatar.com\/avatar\/0534e84764641168a677026b6d57a3f51dc7ac4db0b4f6186d9cb330d4ee1160?s=96&d=mm&r=g\",\"caption\":\"Jefferson Sterfeno\"},\"sameAs\":[\"http:\/\/blogdobispo.com.br\"],\"url\":\"https:\/\/blogdobispo.com.br\/?author=1\"}]}<\/script>\n<!-- \/ Yoast SEO plugin. -->","yoast_head_json":{"title":"Secret\u00e1rios de Esporte da Grande Natal se re\u00fanem para planejar a\u00e7\u00f5es conjuntas - Blog do Bispo","robots":{"index":"index","follow":"follow","max-snippet":"max-snippet:-1","max-image-preview":"max-image-preview:large","max-video-preview":"max-video-preview:-1"},"canonical":"https:\/\/blogdobispo.com.br\/?p=5186","og_locale":"pt_BR","og_type":"article","og_title":"Secret\u00e1rios de Esporte da Grande Natal se re\u00fanem para planejar a\u00e7\u00f5es conjuntas - Blog do Bispo","og_description":"Natal, Parnamirim, Cear\u00e1-Mirim, Extremoz, S\u00e3o Gon\u00e7alo do Amarante discutem planejamento integrado para fortalecer o esporte regional Representantes das secretarias municipais de esporte de cidades da Regi\u00e3o Metropolitana de Natal se reuniram nesta semana, em um encontro coordenado pelo secret\u00e1rio de Esporte e Lazer de Natal, Hermes C\u00e2mara. Estiveram presentes os secret\u00e1rios Xavier Neto (Cear\u00e1-Mirim), Pablo [&hellip;]","og_url":"https:\/\/blogdobispo.com.br\/?p=5186","og_site_name":"Blog do Bispo","article_published_time":"2025-05-03T00:03:01+00:00","og_image":[{"url":"https:\/\/blogdobispo.com.br\/wp-content\/uploads\/2025\/05\/f4874003-2a97-466b-b7f0-c7cf57f5f269-1-576x1024.jpg","type":"","width":"","height":""}],"author":"Jefferson Sterfeno","twitter_card":"summary_large_image","twitter_misc":{"Escrito por":"Jefferson Sterfeno","Est. tempo de leitura":"3 minutos"},"schema":{"@context":"https:\/\/schema.org","@graph":[{"@type":"Article","@id":"https:\/\/blogdobispo.com.br\/?p=5186#article","isPartOf":{"@id":"https:\/\/blogdobispo.com.br\/?p=5186"},"author":{"name":"Jefferson Sterfeno","@id":"https:\/\/blogdobispo.com.br\/#\/schema\/person\/e2209cc0e6cea5c5233d033e997b373f"},"headline":"Secret\u00e1rios de Esporte da Grande Natal se re\u00fanem para planejar a\u00e7\u00f5es conjuntas","datePublished":"2025-05-03T00:03:01+00:00","mainEntityOfPage":{"@id":"https:\/\/blogdobispo.com.br\/?p=5186"},"wordCount":549,"commentCount":0,"publisher":{"@id":"https:\/\/blogdobispo.com.br\/#organization"},"image":{"@id":"https:\/\/blogdobispo.com.br\/?p=5186#primaryimage"},"thumbnailUrl":"https:\/\/blogdobispo.com.br\/wp-content\/uploads\/2025\/05\/f4874003-2a97-466b-b7f0-c7cf57f5f269-1-576x1024.jpg","articleSection":["diversos"],"inLanguage":"pt-BR","potentialAction":[{"@type":"CommentAction","name":"Comment","target":["https:\/\/blogdobispo.com.br\/?p=5186#respond"]}]},{"@type":"WebPage","@id":"https:\/\/blogdobispo.com.br\/?p=5186","url":"https:\/\/blogdobispo.com.br\/?p=5186","name":"Secret\u00e1rios de Esporte da Grande Natal se re\u00fanem para planejar a\u00e7\u00f5es conjuntas - Blog do Bispo","isPartOf":{"@id":"https:\/\/blogdobispo.com.br\/#website"},"primaryImageOfPage":{"@id":"https:\/\/blogdobispo.com.br\/?p=5186#primaryimage"},"image":{"@id":"https:\/\/blogdobispo.com.br\/?p=5186#primaryimage"},"thumbnailUrl":"https:\/\/blogdobispo.com.br\/wp-content\/uploads\/2025\/05\/f4874003-2a97-466b-b7f0-c7cf57f5f269-1-576x1024.jpg","datePublished":"2025-05-03T00:03:01+00:00","breadcrumb":{"@id":"https:\/\/blogdobispo.com.br\/?p=5186#breadcrumb"},"inLanguage":"pt-BR","potentialAction":[{"@type":"ReadAction","target":["https:\/\/blogdobispo.com.br\/?p=5186"]}]},{"@type":"ImageObject","inLanguage":"pt-BR","@id":"https:\/\/blogdobispo.com.br\/?p=5186#primaryimage","url":"https:\/\/blogdobispo.com.br\/wp-content\/uploads\/2025\/05\/f4874003-2a97-466b-b7f0-c7cf57f5f269-1-576x1024.jpg","contentUrl":"https:\/\/blogdobispo.com.br\/wp-content\/uploads\/2025\/05\/f4874003-2a97-466b-b7f0-c7cf57f5f269-1-576x1024.jpg"},{"@type":"BreadcrumbList","@id":"https:\/\/blogdobispo.com.br\/?p=5186#breadcrumb","itemListElement":[{"@type":"ListItem","position":1,"name":"In\u00edcio","item":"https:\/\/blogdobispo.com.br\/"},{"@type":"ListItem","position":2,"name":"Secret\u00e1rios de Esporte da Grande Natal se re\u00fanem para planejar a\u00e7\u00f5es conjuntas"}]},{"@type":"WebSite","@id":"https:\/\/blogdobispo.com.br\/#website","url":"https:\/\/blogdobispo.com.br\/","name":"Blog do Bispo","description":"Comprometido apenas com o leitor","publisher":{"@id":"https:\/\/blogdobispo.com.br\/#organization"},"potentialAction":[{"@type":"SearchAction","target":{"@type":"EntryPoint","urlTemplate":"https:\/\/blogdobispo.com.br\/?s={search_term_string}"},"query-input":{"@type":"PropertyValueSpecification","valueRequired":true,"valueName":"search_term_string"}}],"inLanguage":"pt-BR"},{"@type":"Organization","@id":"https:\/\/blogdobispo.com.br\/#organization","name":"Blog do Bispo","url":"https:\/\/blogdobispo.com.br\/","logo":{"@type":"ImageObject","inLanguage":"pt-BR","@id":"https:\/\/blogdobispo.com.br\/#\/schema\/logo\/image\/","url":"http:\/\/blogdobispo.com.br\/wp-content\/uploads\/2023\/05\/cropped-headear.png","contentUrl":"http:\/\/blogdobispo.com.br\/wp-content\/uploads\/2023\/05\/cropped-headear.png","width":1500,"height":399,"caption":"Blog do Bispo"},"image":{"@id":"https:\/\/blogdobispo.com.br\/#\/schema\/logo\/image\/"}},{"@type":"Person","@id":"https:\/\/blogdobispo.com.br\/#\/schema\/person\/e2209cc0e6cea5c5233d033e997b373f","name":"Jefferson Sterfeno","image":{"@type":"ImageObject","inLanguage":"pt-BR","@id":"https:\/\/blogdobispo.com.br\/#\/schema\/person\/image\/","url":"https:\/\/secure.gravatar.com\/avatar\/0534e84764641168a677026b6d57a3f51dc7ac4db0b4f6186d9cb330d4ee1160?s=96&d=mm&r=g","contentUrl":"https:\/\/secure.gravatar.com\/avatar\/0534e84764641168a677026b6d57a3f51dc7ac4db0b4f6186d9cb330d4ee1160?s=96&d=mm&r=g","caption":"Jefferson Sterfeno"},"sameAs":["http:\/\/blogdobispo.com.br"],"url":"https:\/\/blogdobispo.com.br\/?author=1"}]}},"featured_image_urls":{"full":"","thumbnail":"","medium":"","medium_large":"","large":"","1536x1536":"","2048x2048":""},"author_info":{"display_name":"Jefferson Sterfeno","author_link":"https:\/\/blogdobispo.com.br\/?author=1"},"category_info":"<a href=\"https:\/\/blogdobispo.com.br\/?cat=1\" rel=\"category\">diversos<\/a>","tag_info":"diversos","comment_count":"0","jetpack_featured_media_url":"","jetpack_sharing_enabled":true,"_links":{"self":[{"href":"https:\/\/blogdobispo.com.br\/index.php?rest_route=\/wp\/v2\/posts\/5186","targetHints":{"allow":["GET"]}}],"collection":[{"href":"https:\/\/blogdobispo.com.br\/index.php?rest_route=\/wp\/v2\/posts"}],"about":[{"href":"https:\/\/blogdobispo.com.br\/index.php?rest_route=\/wp\/v2\/types\/post"}],"author":[{"embeddable":true,"href":"https:\/\/blogdobispo.com.br\/index.php?rest_route=\/wp\/v2\/users\/1"}],"replies":[{"embeddable":true,"href":"https:\/\/blogdobispo.com.br\/index.php?rest_route=%2Fwp%2Fv2%2Fcomments&post=5186"}],"version-history":[{"count":0,"href":"https:\/\/blogdobispo.com.br\/index.php?rest_route=\/wp\/v2\/posts\/5186\/revisions"}],"wp:attachment":[{"href":"https:\/\/blogdobispo.com.br\/index.php?rest_route=%2Fwp%2Fv2%2Fmedia&parent=5186"}],"wp:term":[{"taxonomy":"category","embeddable":true,"href":"https:\/\/blogdobispo.com.br\/index.php?rest_route=%2Fwp%2Fv2%2Fcategories&post=5186"},{"taxonomy":"post_tag","embeddable":true,"href":"https:\/\/blogdobispo.com.br\/index.php?rest_route=%2Fwp%2Fv2%2Ftags&post=5186"}],"curies":[{"name":"wp","href":"https:\/\/api.w.org\/{rel}","templated":true}]}}