{"id":5174,"date":"2025-04-30T15:37:13","date_gmt":"2025-04-30T15:37:13","guid":{"rendered":"https:\/\/blogdobispo.com.br\/?p=5174"},"modified":"2025-04-30T15:37:13","modified_gmt":"2025-04-30T15:37:13","slug":"camara-homenageia-jornalistas-com-a-comenda-senador-carlos-alberto-de-sousa","status":"publish","type":"post","link":"https:\/\/blogdobispo.com.br\/?p=5174","title":{"rendered":"C\u00e2mara homenageia jornalistas com a Comenda Senador Carlos Alberto de Sousa"},"content":{"rendered":"\n<figure class=\"wp-block-image foto-noticia\"><img data-recalc-dims=\"1\" decoding=\"async\" src=\"https:\/\/i0.wp.com\/www.cmnat.rn.gov.br\/_ups\/noticias\/2025\/04\/30\/325e884e1f4c31faef712daaea6301c1.jpg?w=800&#038;ssl=1\" alt=\"\"\/><\/figure>\n\n\n\n<p>A C\u00e2mara Municipal de Natal realizou, nesta ter\u00e7a-feira (29), a sess\u00e3o solene de entrega da Comenda Senador Carlos Alberto de Sousa, em alus\u00e3o ao Dia do Jornalista, comemorado em 7 de abril. A honraria \u00e9 destinada a profissionais da comunica\u00e7\u00e3o que se destacam pelo exerc\u00edcio \u00e9tico e relevante da profiss\u00e3o.<\/p>\n\n\n\n<p>A solenidade ocorreu no plen\u00e1rio da Casa, por proposi\u00e7\u00e3o da mesa diretora da CMN, e foi presidida pelo vereador Eriko J\u00e1come (PP), que destacou o papel da imprensa e parabenizou os homenageados em nome dos 29 parlamentares municipais. \u201cHoje o Poder Legislativo abre suas portas para homenagear jornalistas. Nada melhor do que fazer isso no dia em que nossa TV C\u00e2mara completa 22 anos de exist\u00eancia&#8221;, afirmou o presidente, acrescentando que a comenda leva o nome do fundador da primeira emissora comercial do Estado, a TV Ponta Negra.<\/p>\n\n\n\n<p>A comenda foi entregue a profissionais de diferentes segmentos da comunica\u00e7\u00e3o, entre rep\u00f3rteres, editores, colunistas, apresentadores, assessores de imprensa e produtores. \u201cEssa comenda traz responsabilidade. Trata-se do reconhecimento da import\u00e2ncia da verdade, da \u00e9tica e da credibilidade no jornalismo, num momento em que combater as fake news se tornou essencial para a democracia\u201d, afirmou o presidente do Sindjorn, Alexandre Othon.<\/p>\n\n\n\n<p>A jornalista Elizama Cardoso, chefe de edi\u00e7\u00e3o da InterTV Cabugi, ressaltou o orgulho de ocupar um espa\u00e7o de lideran\u00e7a numa das principais reda\u00e7\u00f5es do estado. \u201cComecei como produtora e hoje cheguei \u00e0 chefia. Essa homenagem reflete uma oportunidade que eu agarrei e que transformou a minha vida. Que outros jovens tamb\u00e9m encontrem essa chance\u201d, disse.<\/p>\n\n\n\n<p>Luciana Tito, produtora da TV C\u00e2mara h\u00e1 13 anos, tamb\u00e9m foi agraciada. \u201cEssa homenagem reconhece o nosso trabalho di\u00e1rio de levar \u00e0 popula\u00e7\u00e3o o que acontece na C\u00e2mara e na cidade. \u00c9 uma alegria representar tantos colegas que atuam com dedica\u00e7\u00e3o e compromisso.\u201d<\/p>\n\n\n\n<p>A homenagem emocionou a secret\u00e1ria municipal de Comunica\u00e7\u00e3o, Cristina Vidal. \u201cS\u00e3o 25 anos de dedica\u00e7\u00e3o \u00e0 comunica\u00e7\u00e3o, ao jornalismo e \u00e0 forma\u00e7\u00e3o de novos profissionais. Essa homenagem me fez refletir sobre o quanto essa trajet\u00f3ria contribuiu para a sociedade&#8221;, relatou.<\/p>\n\n\n\n<p>O diretor de Comunica\u00e7\u00e3o da C\u00e2mara, Marcelo Dieb Filho, destacou o papel da imprensa no fortalecimento do Legislativo. \u201c\u00c9 uma honra proporcionar essa homenagem a quem trabalha diariamente para informar a popula\u00e7\u00e3o. A comenda \u00e9 um reconhecimento necess\u00e1rio e justo&#8221;, afirmou.<\/p>\n\n\n\n<p>Representando a fam\u00edlia do senador que d\u00e1 nome \u00e0 honraria, a presidente do Sistema Ponta Negra de Comunica\u00e7\u00e3o, Miriam de Sousa, agradeceu: \u201cEstou muito feliz e orgulhosa por ver essa medalha, que homenageia meu marido, sendo entregue a tantos jornalistas brilhantes. A comunica\u00e7\u00e3o faz parte da nossa vida\u201d.<\/p>\n\n\n\n<p>Na carreira pol\u00edtica, Carlos Alberto foi vereador, deputado estadual, federal e senador.<\/p>\n\n\n\n<p>Tamb\u00e9m participaram da sess\u00e3o solene os vereadores Aldo Clemente (PSDB), Anne Lagartixa (Solidariedade), Cleiton da Policl\u00ednica (PSDB), Cl\u00e1udio Cust\u00f3dio (PP), Daniell Rendall (Republicanos), Daniel Santiago (PP), Eribaldo Medeiros (Rede), Herberth Sena (PV), Jo\u00e3o Batista Torres (DC), Kleber Fernandes (Republicanos), L\u00e9o Souza (Republicanos), Pedro Henrique (PP), Preto Aquino (Podemos), Subtenente Eliabe (PL), T\u00e9rcio Tinoco (Uni\u00e3o Brasil) e Th\u00e1bata Pimenta (PSOL).<\/p>\n\n\n\n<p>Texto: Ilana Albuquerque<br>Fotos: Ver\u00f4nica Macedo<\/p>\n","protected":false},"excerpt":{"rendered":"<p>A C\u00e2mara Municipal de Natal realizou, nesta ter\u00e7a-feira (29), a sess\u00e3o solene de entrega da Comenda Senador Carlos Alberto de Sousa, em alus\u00e3o ao Dia do Jornalista, comemorado em 7 de abril. A honraria \u00e9 destinada a profissionais da comunica\u00e7\u00e3o que se destacam pelo exerc\u00edcio \u00e9tico e relevante da profiss\u00e3o. A solenidade ocorreu no plen\u00e1rio [&hellip;]<\/p>\n","protected":false},"author":1,"featured_media":0,"comment_status":"open","ping_status":"open","sticky":false,"template":"","format":"standard","meta":{"cybocfi_hide_featured_image":"","_jetpack_memberships_contains_paid_content":false,"footnotes":""},"categories":[1],"tags":[],"class_list":["post-5174","post","type-post","status-publish","format-standard","hentry","category-diversos"],"yoast_head":"<!-- This site is optimized with the Yoast SEO plugin v25.6 - https:\/\/yoast.com\/wordpress\/plugins\/seo\/ -->\n<title>C\u00e2mara homenageia jornalistas com a Comenda Senador Carlos Alberto de Sousa - Blog do Bispo<\/title>\n<meta name=\"robots\" content=\"index, follow, max-snippet:-1, max-image-preview:large, max-video-preview:-1\" \/>\n<link rel=\"canonical\" href=\"https:\/\/blogdobispo.com.br\/?p=5174\" \/>\n<meta property=\"og:locale\" content=\"pt_BR\" \/>\n<meta property=\"og:type\" content=\"article\" \/>\n<meta property=\"og:title\" content=\"C\u00e2mara homenageia jornalistas com a Comenda Senador Carlos Alberto de Sousa - Blog do Bispo\" \/>\n<meta property=\"og:description\" content=\"A C\u00e2mara Municipal de Natal realizou, nesta ter\u00e7a-feira (29), a sess\u00e3o solene de entrega da Comenda Senador Carlos Alberto de Sousa, em alus\u00e3o ao Dia do Jornalista, comemorado em 7 de abril. A honraria \u00e9 destinada a profissionais da comunica\u00e7\u00e3o que se destacam pelo exerc\u00edcio \u00e9tico e relevante da profiss\u00e3o. A solenidade ocorreu no plen\u00e1rio [&hellip;]\" \/>\n<meta property=\"og:url\" content=\"https:\/\/blogdobispo.com.br\/?p=5174\" \/>\n<meta property=\"og:site_name\" content=\"Blog do Bispo\" \/>\n<meta property=\"article:published_time\" content=\"2025-04-30T15:37:13+00:00\" \/>\n<meta property=\"og:image\" content=\"https:\/\/www.cmnat.rn.gov.br\/_ups\/noticias\/2025\/04\/30\/325e884e1f4c31faef712daaea6301c1.jpg\" \/>\n<meta name=\"author\" content=\"Jefferson Sterfeno\" \/>\n<meta name=\"twitter:card\" content=\"summary_large_image\" \/>\n<meta name=\"twitter:label1\" content=\"Escrito por\" \/>\n\t<meta name=\"twitter:data1\" content=\"Jefferson Sterfeno\" \/>\n\t<meta name=\"twitter:label2\" content=\"Est. tempo de leitura\" \/>\n\t<meta name=\"twitter:data2\" content=\"3 minutos\" \/>\n<script type=\"application\/ld+json\" class=\"yoast-schema-graph\">{\"@context\":\"https:\/\/schema.org\",\"@graph\":[{\"@type\":\"Article\",\"@id\":\"https:\/\/blogdobispo.com.br\/?p=5174#article\",\"isPartOf\":{\"@id\":\"https:\/\/blogdobispo.com.br\/?p=5174\"},\"author\":{\"name\":\"Jefferson Sterfeno\",\"@id\":\"https:\/\/blogdobispo.com.br\/#\/schema\/person\/e2209cc0e6cea5c5233d033e997b373f\"},\"headline\":\"C\u00e2mara homenageia jornalistas com a Comenda Senador Carlos Alberto de Sousa\",\"datePublished\":\"2025-04-30T15:37:13+00:00\",\"mainEntityOfPage\":{\"@id\":\"https:\/\/blogdobispo.com.br\/?p=5174\"},\"wordCount\":550,\"commentCount\":0,\"publisher\":{\"@id\":\"https:\/\/blogdobispo.com.br\/#organization\"},\"image\":{\"@id\":\"https:\/\/blogdobispo.com.br\/?p=5174#primaryimage\"},\"thumbnailUrl\":\"https:\/\/www.cmnat.rn.gov.br\/_ups\/noticias\/2025\/04\/30\/325e884e1f4c31faef712daaea6301c1.jpg\",\"articleSection\":[\"diversos\"],\"inLanguage\":\"pt-BR\",\"potentialAction\":[{\"@type\":\"CommentAction\",\"name\":\"Comment\",\"target\":[\"https:\/\/blogdobispo.com.br\/?p=5174#respond\"]}]},{\"@type\":\"WebPage\",\"@id\":\"https:\/\/blogdobispo.com.br\/?p=5174\",\"url\":\"https:\/\/blogdobispo.com.br\/?p=5174\",\"name\":\"C\u00e2mara homenageia jornalistas com a Comenda Senador Carlos Alberto de Sousa - Blog do Bispo\",\"isPartOf\":{\"@id\":\"https:\/\/blogdobispo.com.br\/#website\"},\"primaryImageOfPage\":{\"@id\":\"https:\/\/blogdobispo.com.br\/?p=5174#primaryimage\"},\"image\":{\"@id\":\"https:\/\/blogdobispo.com.br\/?p=5174#primaryimage\"},\"thumbnailUrl\":\"https:\/\/www.cmnat.rn.gov.br\/_ups\/noticias\/2025\/04\/30\/325e884e1f4c31faef712daaea6301c1.jpg\",\"datePublished\":\"2025-04-30T15:37:13+00:00\",\"breadcrumb\":{\"@id\":\"https:\/\/blogdobispo.com.br\/?p=5174#breadcrumb\"},\"inLanguage\":\"pt-BR\",\"potentialAction\":[{\"@type\":\"ReadAction\",\"target\":[\"https:\/\/blogdobispo.com.br\/?p=5174\"]}]},{\"@type\":\"ImageObject\",\"inLanguage\":\"pt-BR\",\"@id\":\"https:\/\/blogdobispo.com.br\/?p=5174#primaryimage\",\"url\":\"https:\/\/www.cmnat.rn.gov.br\/_ups\/noticias\/2025\/04\/30\/325e884e1f4c31faef712daaea6301c1.jpg\",\"contentUrl\":\"https:\/\/www.cmnat.rn.gov.br\/_ups\/noticias\/2025\/04\/30\/325e884e1f4c31faef712daaea6301c1.jpg\"},{\"@type\":\"BreadcrumbList\",\"@id\":\"https:\/\/blogdobispo.com.br\/?p=5174#breadcrumb\",\"itemListElement\":[{\"@type\":\"ListItem\",\"position\":1,\"name\":\"In\u00edcio\",\"item\":\"https:\/\/blogdobispo.com.br\/\"},{\"@type\":\"ListItem\",\"position\":2,\"name\":\"C\u00e2mara homenageia jornalistas com a Comenda Senador Carlos Alberto de Sousa\"}]},{\"@type\":\"WebSite\",\"@id\":\"https:\/\/blogdobispo.com.br\/#website\",\"url\":\"https:\/\/blogdobispo.com.br\/\",\"name\":\"Blog do Bispo\",\"description\":\"Comprometido apenas com o leitor\",\"publisher\":{\"@id\":\"https:\/\/blogdobispo.com.br\/#organization\"},\"potentialAction\":[{\"@type\":\"SearchAction\",\"target\":{\"@type\":\"EntryPoint\",\"urlTemplate\":\"https:\/\/blogdobispo.com.br\/?s={search_term_string}\"},\"query-input\":{\"@type\":\"PropertyValueSpecification\",\"valueRequired\":true,\"valueName\":\"search_term_string\"}}],\"inLanguage\":\"pt-BR\"},{\"@type\":\"Organization\",\"@id\":\"https:\/\/blogdobispo.com.br\/#organization\",\"name\":\"Blog do Bispo\",\"url\":\"https:\/\/blogdobispo.com.br\/\",\"logo\":{\"@type\":\"ImageObject\",\"inLanguage\":\"pt-BR\",\"@id\":\"https:\/\/blogdobispo.com.br\/#\/schema\/logo\/image\/\",\"url\":\"http:\/\/blogdobispo.com.br\/wp-content\/uploads\/2023\/05\/cropped-headear.png\",\"contentUrl\":\"http:\/\/blogdobispo.com.br\/wp-content\/uploads\/2023\/05\/cropped-headear.png\",\"width\":1500,\"height\":399,\"caption\":\"Blog do Bispo\"},\"image\":{\"@id\":\"https:\/\/blogdobispo.com.br\/#\/schema\/logo\/image\/\"}},{\"@type\":\"Person\",\"@id\":\"https:\/\/blogdobispo.com.br\/#\/schema\/person\/e2209cc0e6cea5c5233d033e997b373f\",\"name\":\"Jefferson Sterfeno\",\"image\":{\"@type\":\"ImageObject\",\"inLanguage\":\"pt-BR\",\"@id\":\"https:\/\/blogdobispo.com.br\/#\/schema\/person\/image\/\",\"url\":\"https:\/\/secure.gravatar.com\/avatar\/0534e84764641168a677026b6d57a3f51dc7ac4db0b4f6186d9cb330d4ee1160?s=96&d=mm&r=g\",\"contentUrl\":\"https:\/\/secure.gravatar.com\/avatar\/0534e84764641168a677026b6d57a3f51dc7ac4db0b4f6186d9cb330d4ee1160?s=96&d=mm&r=g\",\"caption\":\"Jefferson Sterfeno\"},\"sameAs\":[\"http:\/\/blogdobispo.com.br\"],\"url\":\"https:\/\/blogdobispo.com.br\/?author=1\"}]}<\/script>\n<!-- \/ Yoast SEO plugin. -->","yoast_head_json":{"title":"C\u00e2mara homenageia jornalistas com a Comenda Senador Carlos Alberto de Sousa - Blog do Bispo","robots":{"index":"index","follow":"follow","max-snippet":"max-snippet:-1","max-image-preview":"max-image-preview:large","max-video-preview":"max-video-preview:-1"},"canonical":"https:\/\/blogdobispo.com.br\/?p=5174","og_locale":"pt_BR","og_type":"article","og_title":"C\u00e2mara homenageia jornalistas com a Comenda Senador Carlos Alberto de Sousa - Blog do Bispo","og_description":"A C\u00e2mara Municipal de Natal realizou, nesta ter\u00e7a-feira (29), a sess\u00e3o solene de entrega da Comenda Senador Carlos Alberto de Sousa, em alus\u00e3o ao Dia do Jornalista, comemorado em 7 de abril. A honraria \u00e9 destinada a profissionais da comunica\u00e7\u00e3o que se destacam pelo exerc\u00edcio \u00e9tico e relevante da profiss\u00e3o. A solenidade ocorreu no plen\u00e1rio [&hellip;]","og_url":"https:\/\/blogdobispo.com.br\/?p=5174","og_site_name":"Blog do Bispo","article_published_time":"2025-04-30T15:37:13+00:00","og_image":[{"url":"https:\/\/www.cmnat.rn.gov.br\/_ups\/noticias\/2025\/04\/30\/325e884e1f4c31faef712daaea6301c1.jpg","type":"","width":"","height":""}],"author":"Jefferson Sterfeno","twitter_card":"summary_large_image","twitter_misc":{"Escrito por":"Jefferson Sterfeno","Est. tempo de leitura":"3 minutos"},"schema":{"@context":"https:\/\/schema.org","@graph":[{"@type":"Article","@id":"https:\/\/blogdobispo.com.br\/?p=5174#article","isPartOf":{"@id":"https:\/\/blogdobispo.com.br\/?p=5174"},"author":{"name":"Jefferson Sterfeno","@id":"https:\/\/blogdobispo.com.br\/#\/schema\/person\/e2209cc0e6cea5c5233d033e997b373f"},"headline":"C\u00e2mara homenageia jornalistas com a Comenda Senador Carlos Alberto de Sousa","datePublished":"2025-04-30T15:37:13+00:00","mainEntityOfPage":{"@id":"https:\/\/blogdobispo.com.br\/?p=5174"},"wordCount":550,"commentCount":0,"publisher":{"@id":"https:\/\/blogdobispo.com.br\/#organization"},"image":{"@id":"https:\/\/blogdobispo.com.br\/?p=5174#primaryimage"},"thumbnailUrl":"https:\/\/www.cmnat.rn.gov.br\/_ups\/noticias\/2025\/04\/30\/325e884e1f4c31faef712daaea6301c1.jpg","articleSection":["diversos"],"inLanguage":"pt-BR","potentialAction":[{"@type":"CommentAction","name":"Comment","target":["https:\/\/blogdobispo.com.br\/?p=5174#respond"]}]},{"@type":"WebPage","@id":"https:\/\/blogdobispo.com.br\/?p=5174","url":"https:\/\/blogdobispo.com.br\/?p=5174","name":"C\u00e2mara homenageia jornalistas com a Comenda Senador Carlos Alberto de Sousa - Blog do Bispo","isPartOf":{"@id":"https:\/\/blogdobispo.com.br\/#website"},"primaryImageOfPage":{"@id":"https:\/\/blogdobispo.com.br\/?p=5174#primaryimage"},"image":{"@id":"https:\/\/blogdobispo.com.br\/?p=5174#primaryimage"},"thumbnailUrl":"https:\/\/www.cmnat.rn.gov.br\/_ups\/noticias\/2025\/04\/30\/325e884e1f4c31faef712daaea6301c1.jpg","datePublished":"2025-04-30T15:37:13+00:00","breadcrumb":{"@id":"https:\/\/blogdobispo.com.br\/?p=5174#breadcrumb"},"inLanguage":"pt-BR","potentialAction":[{"@type":"ReadAction","target":["https:\/\/blogdobispo.com.br\/?p=5174"]}]},{"@type":"ImageObject","inLanguage":"pt-BR","@id":"https:\/\/blogdobispo.com.br\/?p=5174#primaryimage","url":"https:\/\/www.cmnat.rn.gov.br\/_ups\/noticias\/2025\/04\/30\/325e884e1f4c31faef712daaea6301c1.jpg","contentUrl":"https:\/\/www.cmnat.rn.gov.br\/_ups\/noticias\/2025\/04\/30\/325e884e1f4c31faef712daaea6301c1.jpg"},{"@type":"BreadcrumbList","@id":"https:\/\/blogdobispo.com.br\/?p=5174#breadcrumb","itemListElement":[{"@type":"ListItem","position":1,"name":"In\u00edcio","item":"https:\/\/blogdobispo.com.br\/"},{"@type":"ListItem","position":2,"name":"C\u00e2mara homenageia jornalistas com a Comenda Senador Carlos Alberto de Sousa"}]},{"@type":"WebSite","@id":"https:\/\/blogdobispo.com.br\/#website","url":"https:\/\/blogdobispo.com.br\/","name":"Blog do Bispo","description":"Comprometido apenas com o leitor","publisher":{"@id":"https:\/\/blogdobispo.com.br\/#organization"},"potentialAction":[{"@type":"SearchAction","target":{"@type":"EntryPoint","urlTemplate":"https:\/\/blogdobispo.com.br\/?s={search_term_string}"},"query-input":{"@type":"PropertyValueSpecification","valueRequired":true,"valueName":"search_term_string"}}],"inLanguage":"pt-BR"},{"@type":"Organization","@id":"https:\/\/blogdobispo.com.br\/#organization","name":"Blog do Bispo","url":"https:\/\/blogdobispo.com.br\/","logo":{"@type":"ImageObject","inLanguage":"pt-BR","@id":"https:\/\/blogdobispo.com.br\/#\/schema\/logo\/image\/","url":"http:\/\/blogdobispo.com.br\/wp-content\/uploads\/2023\/05\/cropped-headear.png","contentUrl":"http:\/\/blogdobispo.com.br\/wp-content\/uploads\/2023\/05\/cropped-headear.png","width":1500,"height":399,"caption":"Blog do Bispo"},"image":{"@id":"https:\/\/blogdobispo.com.br\/#\/schema\/logo\/image\/"}},{"@type":"Person","@id":"https:\/\/blogdobispo.com.br\/#\/schema\/person\/e2209cc0e6cea5c5233d033e997b373f","name":"Jefferson Sterfeno","image":{"@type":"ImageObject","inLanguage":"pt-BR","@id":"https:\/\/blogdobispo.com.br\/#\/schema\/person\/image\/","url":"https:\/\/secure.gravatar.com\/avatar\/0534e84764641168a677026b6d57a3f51dc7ac4db0b4f6186d9cb330d4ee1160?s=96&d=mm&r=g","contentUrl":"https:\/\/secure.gravatar.com\/avatar\/0534e84764641168a677026b6d57a3f51dc7ac4db0b4f6186d9cb330d4ee1160?s=96&d=mm&r=g","caption":"Jefferson Sterfeno"},"sameAs":["http:\/\/blogdobispo.com.br"],"url":"https:\/\/blogdobispo.com.br\/?author=1"}]}},"featured_image_urls":{"full":"","thumbnail":"","medium":"","medium_large":"","large":"","1536x1536":"","2048x2048":""},"author_info":{"display_name":"Jefferson Sterfeno","author_link":"https:\/\/blogdobispo.com.br\/?author=1"},"category_info":"<a href=\"https:\/\/blogdobispo.com.br\/?cat=1\" rel=\"category\">diversos<\/a>","tag_info":"diversos","comment_count":"0","jetpack_featured_media_url":"","jetpack_sharing_enabled":true,"_links":{"self":[{"href":"https:\/\/blogdobispo.com.br\/index.php?rest_route=\/wp\/v2\/posts\/5174","targetHints":{"allow":["GET"]}}],"collection":[{"href":"https:\/\/blogdobispo.com.br\/index.php?rest_route=\/wp\/v2\/posts"}],"about":[{"href":"https:\/\/blogdobispo.com.br\/index.php?rest_route=\/wp\/v2\/types\/post"}],"author":[{"embeddable":true,"href":"https:\/\/blogdobispo.com.br\/index.php?rest_route=\/wp\/v2\/users\/1"}],"replies":[{"embeddable":true,"href":"https:\/\/blogdobispo.com.br\/index.php?rest_route=%2Fwp%2Fv2%2Fcomments&post=5174"}],"version-history":[{"count":0,"href":"https:\/\/blogdobispo.com.br\/index.php?rest_route=\/wp\/v2\/posts\/5174\/revisions"}],"wp:attachment":[{"href":"https:\/\/blogdobispo.com.br\/index.php?rest_route=%2Fwp%2Fv2%2Fmedia&parent=5174"}],"wp:term":[{"taxonomy":"category","embeddable":true,"href":"https:\/\/blogdobispo.com.br\/index.php?rest_route=%2Fwp%2Fv2%2Fcategories&post=5174"},{"taxonomy":"post_tag","embeddable":true,"href":"https:\/\/blogdobispo.com.br\/index.php?rest_route=%2Fwp%2Fv2%2Ftags&post=5174"}],"curies":[{"name":"wp","href":"https:\/\/api.w.org\/{rel}","templated":true}]}}