{"id":5173,"date":"2025-04-30T15:31:59","date_gmt":"2025-04-30T15:31:59","guid":{"rendered":"https:\/\/blogdobispo.com.br\/?p=5173"},"modified":"2025-04-30T15:31:59","modified_gmt":"2025-04-30T15:31:59","slug":"coopedu-valoriza-seus-cooperados-com-novo-beneficio-e-distribuicao-de-sobras","status":"publish","type":"post","link":"https:\/\/blogdobispo.com.br\/?p=5173","title":{"rendered":"Coopedu valoriza seus cooperados com novo benef\u00edcio e distribui\u00e7\u00e3o de sobras"},"content":{"rendered":"\n<figure class=\"wp-block-image size-large\"><img data-recalc-dims=\"1\" fetchpriority=\"high\" decoding=\"async\" width=\"800\" height=\"450\" src=\"https:\/\/i0.wp.com\/blogdobispo.com.br\/wp-content\/uploads\/2025\/04\/40a058ac-38a3-4680-ad64-3d0148876d2a-1-1024x576.jpg?resize=800%2C450&#038;ssl=1\" class=\"wp-image-5172\" srcset=\"https:\/\/i0.wp.com\/blogdobispo.com.br\/wp-content\/uploads\/2025\/04\/40a058ac-38a3-4680-ad64-3d0148876d2a-1.jpg?resize=1024%2C576&amp;ssl=1 1024w, https:\/\/i0.wp.com\/blogdobispo.com.br\/wp-content\/uploads\/2025\/04\/40a058ac-38a3-4680-ad64-3d0148876d2a-1.jpg?resize=300%2C169&amp;ssl=1 300w, https:\/\/i0.wp.com\/blogdobispo.com.br\/wp-content\/uploads\/2025\/04\/40a058ac-38a3-4680-ad64-3d0148876d2a-1.jpg?resize=768%2C432&amp;ssl=1 768w, https:\/\/i0.wp.com\/blogdobispo.com.br\/wp-content\/uploads\/2025\/04\/40a058ac-38a3-4680-ad64-3d0148876d2a-1.jpg?resize=1536%2C864&amp;ssl=1 1536w, https:\/\/i0.wp.com\/blogdobispo.com.br\/wp-content\/uploads\/2025\/04\/40a058ac-38a3-4680-ad64-3d0148876d2a-1.jpg?w=1600&amp;ssl=1 1600w\" sizes=\"(max-width: 800px) 100vw, 800px\" \/><\/figure>\n\n\n\n<p><\/p>\n\n\n\n<p>A Coopedu \u2013 Cooperativa de Trabalho dos Profissionais da Educa\u00e7\u00e3o do Estado do Rio Grande do Norte \u2013 reafirma seu compromisso com a valoriza\u00e7\u00e3o dos seus cooperados ao anunciar mais uma novidade no repasse financeiro para seus associados. Al\u00e9m da tradicional divis\u00e3o das sobras, uma nova conquista marca o ano de 2024: o pagamento do descanso remunerado. O benef\u00edcio, aprovado em assembleia no ano de 2023, garante sete dias pagos aos cooperados que atuaram entre janeiro e outubro de 2024 e que permanecem ativos na cooperativa. Todos os cooperados que cumpriram esses crit\u00e9rios j\u00e1 receberam o valor correspondente neste m\u00eas de abril.<\/p>\n\n\n\n<p>No segundo semestre de 2024, cada associado recebeu um percentual proporcional dessas sobras, totalizando aproximadamente meio milh\u00e3o de reais distribu\u00eddos entre os cooperados.<\/p>\n\n\n\n<p>\u201cComo cooperado da Coopedu, fico muito satisfeito em ver o retorno das sobras ao final do exerc\u00edcio. Esses repasses s\u00e3o uma demonstra\u00e7\u00e3o clara de transpar\u00eancia e valoriza\u00e7\u00e3o de quem faz parte da cooperativa. \u00c9 bom saber que o que a gente constr\u00f3i junto volta como benef\u00edcio real, refor\u00e7ando o compromisso coletivo e a solidez da Coopedu\u201d, declara o Professor de Arte Ildisnei Medeiros, do Col\u00e9gio Monte. Conhecido como o professor Disney, ele atua tamb\u00e9m em outras escolas particulares de Natal.<\/p>\n\n\n\n<p>Essas a\u00e7\u00f5es refor\u00e7am o quanto o modelo cooperativista \u00e9 eficaz na valoriza\u00e7\u00e3o de profissionais, promovendo distribui\u00e7\u00e3o justa de resultados e benef\u00edcios que impactam diretamente na qualidade de vida dos associados. Para o presidente da Coopedu, Alexandre Soares, os resultados positivos refletem o esp\u00edrito coletivo que move a cooperativa: \u201cO trabalho em cooperativa \u00e9 uma forma inteligente, democr\u00e1tica e solid\u00e1ria de enfrentar os desafios do mercado de trabalho. Quando o cooperado cresce, a cooperativa cresce junto. O descanso remunerado e o repasse das sobras s\u00e3o exemplos concretos de como todos se beneficiam quando trabalhamos com uni\u00e3o e responsabilidade\u201d, destacou Alexandre.<\/p>\n\n\n\n<p>\u201cA divis\u00e3o de sobras em uma cooperativa \u00e9 fundamental porque reflete um dos princ\u00edpios da a\u00e7\u00e3o de cooperar: a participa\u00e7\u00e3o econ\u00f4mica de todas e todos. Isso estimula a participa\u00e7\u00e3o ativa e pr\u00f3spera dos cooperados, h\u00e1 um benef\u00edcio econ\u00f4mico real que conseguimos perceber, al\u00e9m de fortalecer o senso de pertencimento dentro da estrutura do cooperativismo\u201d, afirma o mentor textual e professor do Col\u00e9gio Monte, Lu\u00eds Reis.<\/p>\n\n\n\n<p>A Coopedu segue comprometida com a melhoria constante das condi\u00e7\u00f5es de trabalho e com a valoriza\u00e7\u00e3o dos profissionais da educa\u00e7\u00e3o, sempre guiada pelos princ\u00edpios do cooperativismo: solidariedade, autogest\u00e3o, participa\u00e7\u00e3o e desenvolvimento coletivo.<\/p>\n","protected":false},"excerpt":{"rendered":"<p>A Coopedu \u2013 Cooperativa de Trabalho dos Profissionais da Educa\u00e7\u00e3o do Estado do Rio Grande do Norte \u2013 reafirma seu compromisso com a valoriza\u00e7\u00e3o dos seus cooperados ao anunciar mais uma novidade no repasse financeiro para seus associados. Al\u00e9m da tradicional divis\u00e3o das sobras, uma nova conquista marca o ano de 2024: o pagamento do [&hellip;]<\/p>\n","protected":false},"author":1,"featured_media":0,"comment_status":"open","ping_status":"open","sticky":false,"template":"","format":"standard","meta":{"cybocfi_hide_featured_image":"","_jetpack_memberships_contains_paid_content":false,"footnotes":""},"categories":[1],"tags":[],"class_list":["post-5173","post","type-post","status-publish","format-standard","hentry","category-diversos"],"yoast_head":"<!-- This site is optimized with the Yoast SEO plugin v25.6 - https:\/\/yoast.com\/wordpress\/plugins\/seo\/ -->\n<title>Coopedu valoriza seus cooperados com novo benef\u00edcio e distribui\u00e7\u00e3o de sobras - Blog do Bispo<\/title>\n<meta name=\"robots\" content=\"index, follow, max-snippet:-1, max-image-preview:large, max-video-preview:-1\" \/>\n<link rel=\"canonical\" href=\"https:\/\/blogdobispo.com.br\/?p=5173\" \/>\n<meta property=\"og:locale\" content=\"pt_BR\" \/>\n<meta property=\"og:type\" content=\"article\" \/>\n<meta property=\"og:title\" content=\"Coopedu valoriza seus cooperados com novo benef\u00edcio e distribui\u00e7\u00e3o de sobras - Blog do Bispo\" \/>\n<meta property=\"og:description\" content=\"A Coopedu \u2013 Cooperativa de Trabalho dos Profissionais da Educa\u00e7\u00e3o do Estado do Rio Grande do Norte \u2013 reafirma seu compromisso com a valoriza\u00e7\u00e3o dos seus cooperados ao anunciar mais uma novidade no repasse financeiro para seus associados. Al\u00e9m da tradicional divis\u00e3o das sobras, uma nova conquista marca o ano de 2024: o pagamento do [&hellip;]\" \/>\n<meta property=\"og:url\" content=\"https:\/\/blogdobispo.com.br\/?p=5173\" \/>\n<meta property=\"og:site_name\" content=\"Blog do Bispo\" \/>\n<meta property=\"article:published_time\" content=\"2025-04-30T15:31:59+00:00\" \/>\n<meta property=\"og:image\" content=\"https:\/\/blogdobispo.com.br\/wp-content\/uploads\/2025\/04\/40a058ac-38a3-4680-ad64-3d0148876d2a-1-1024x576.jpg\" \/>\n<meta name=\"author\" content=\"Jefferson Sterfeno\" \/>\n<meta name=\"twitter:card\" content=\"summary_large_image\" \/>\n<meta name=\"twitter:label1\" content=\"Escrito por\" \/>\n\t<meta name=\"twitter:data1\" content=\"Jefferson Sterfeno\" \/>\n\t<meta name=\"twitter:label2\" content=\"Est. tempo de leitura\" \/>\n\t<meta name=\"twitter:data2\" content=\"2 minutos\" \/>\n<script type=\"application\/ld+json\" class=\"yoast-schema-graph\">{\"@context\":\"https:\/\/schema.org\",\"@graph\":[{\"@type\":\"Article\",\"@id\":\"https:\/\/blogdobispo.com.br\/?p=5173#article\",\"isPartOf\":{\"@id\":\"https:\/\/blogdobispo.com.br\/?p=5173\"},\"author\":{\"name\":\"Jefferson Sterfeno\",\"@id\":\"https:\/\/blogdobispo.com.br\/#\/schema\/person\/e2209cc0e6cea5c5233d033e997b373f\"},\"headline\":\"Coopedu valoriza seus cooperados com novo benef\u00edcio e distribui\u00e7\u00e3o de sobras\",\"datePublished\":\"2025-04-30T15:31:59+00:00\",\"mainEntityOfPage\":{\"@id\":\"https:\/\/blogdobispo.com.br\/?p=5173\"},\"wordCount\":451,\"commentCount\":0,\"publisher\":{\"@id\":\"https:\/\/blogdobispo.com.br\/#organization\"},\"image\":{\"@id\":\"https:\/\/blogdobispo.com.br\/?p=5173#primaryimage\"},\"thumbnailUrl\":\"https:\/\/blogdobispo.com.br\/wp-content\/uploads\/2025\/04\/40a058ac-38a3-4680-ad64-3d0148876d2a-1-1024x576.jpg\",\"articleSection\":[\"diversos\"],\"inLanguage\":\"pt-BR\",\"potentialAction\":[{\"@type\":\"CommentAction\",\"name\":\"Comment\",\"target\":[\"https:\/\/blogdobispo.com.br\/?p=5173#respond\"]}]},{\"@type\":\"WebPage\",\"@id\":\"https:\/\/blogdobispo.com.br\/?p=5173\",\"url\":\"https:\/\/blogdobispo.com.br\/?p=5173\",\"name\":\"Coopedu valoriza seus cooperados com novo benef\u00edcio e distribui\u00e7\u00e3o de sobras - Blog do Bispo\",\"isPartOf\":{\"@id\":\"https:\/\/blogdobispo.com.br\/#website\"},\"primaryImageOfPage\":{\"@id\":\"https:\/\/blogdobispo.com.br\/?p=5173#primaryimage\"},\"image\":{\"@id\":\"https:\/\/blogdobispo.com.br\/?p=5173#primaryimage\"},\"thumbnailUrl\":\"https:\/\/blogdobispo.com.br\/wp-content\/uploads\/2025\/04\/40a058ac-38a3-4680-ad64-3d0148876d2a-1-1024x576.jpg\",\"datePublished\":\"2025-04-30T15:31:59+00:00\",\"breadcrumb\":{\"@id\":\"https:\/\/blogdobispo.com.br\/?p=5173#breadcrumb\"},\"inLanguage\":\"pt-BR\",\"potentialAction\":[{\"@type\":\"ReadAction\",\"target\":[\"https:\/\/blogdobispo.com.br\/?p=5173\"]}]},{\"@type\":\"ImageObject\",\"inLanguage\":\"pt-BR\",\"@id\":\"https:\/\/blogdobispo.com.br\/?p=5173#primaryimage\",\"url\":\"https:\/\/blogdobispo.com.br\/wp-content\/uploads\/2025\/04\/40a058ac-38a3-4680-ad64-3d0148876d2a-1-1024x576.jpg\",\"contentUrl\":\"https:\/\/blogdobispo.com.br\/wp-content\/uploads\/2025\/04\/40a058ac-38a3-4680-ad64-3d0148876d2a-1-1024x576.jpg\"},{\"@type\":\"BreadcrumbList\",\"@id\":\"https:\/\/blogdobispo.com.br\/?p=5173#breadcrumb\",\"itemListElement\":[{\"@type\":\"ListItem\",\"position\":1,\"name\":\"In\u00edcio\",\"item\":\"https:\/\/blogdobispo.com.br\/\"},{\"@type\":\"ListItem\",\"position\":2,\"name\":\"Coopedu valoriza seus cooperados com novo benef\u00edcio e distribui\u00e7\u00e3o de sobras\"}]},{\"@type\":\"WebSite\",\"@id\":\"https:\/\/blogdobispo.com.br\/#website\",\"url\":\"https:\/\/blogdobispo.com.br\/\",\"name\":\"Blog do Bispo\",\"description\":\"Comprometido apenas com o leitor\",\"publisher\":{\"@id\":\"https:\/\/blogdobispo.com.br\/#organization\"},\"potentialAction\":[{\"@type\":\"SearchAction\",\"target\":{\"@type\":\"EntryPoint\",\"urlTemplate\":\"https:\/\/blogdobispo.com.br\/?s={search_term_string}\"},\"query-input\":{\"@type\":\"PropertyValueSpecification\",\"valueRequired\":true,\"valueName\":\"search_term_string\"}}],\"inLanguage\":\"pt-BR\"},{\"@type\":\"Organization\",\"@id\":\"https:\/\/blogdobispo.com.br\/#organization\",\"name\":\"Blog do Bispo\",\"url\":\"https:\/\/blogdobispo.com.br\/\",\"logo\":{\"@type\":\"ImageObject\",\"inLanguage\":\"pt-BR\",\"@id\":\"https:\/\/blogdobispo.com.br\/#\/schema\/logo\/image\/\",\"url\":\"http:\/\/blogdobispo.com.br\/wp-content\/uploads\/2023\/05\/cropped-headear.png\",\"contentUrl\":\"http:\/\/blogdobispo.com.br\/wp-content\/uploads\/2023\/05\/cropped-headear.png\",\"width\":1500,\"height\":399,\"caption\":\"Blog do Bispo\"},\"image\":{\"@id\":\"https:\/\/blogdobispo.com.br\/#\/schema\/logo\/image\/\"}},{\"@type\":\"Person\",\"@id\":\"https:\/\/blogdobispo.com.br\/#\/schema\/person\/e2209cc0e6cea5c5233d033e997b373f\",\"name\":\"Jefferson Sterfeno\",\"image\":{\"@type\":\"ImageObject\",\"inLanguage\":\"pt-BR\",\"@id\":\"https:\/\/blogdobispo.com.br\/#\/schema\/person\/image\/\",\"url\":\"https:\/\/secure.gravatar.com\/avatar\/0534e84764641168a677026b6d57a3f51dc7ac4db0b4f6186d9cb330d4ee1160?s=96&d=mm&r=g\",\"contentUrl\":\"https:\/\/secure.gravatar.com\/avatar\/0534e84764641168a677026b6d57a3f51dc7ac4db0b4f6186d9cb330d4ee1160?s=96&d=mm&r=g\",\"caption\":\"Jefferson Sterfeno\"},\"sameAs\":[\"http:\/\/blogdobispo.com.br\"],\"url\":\"https:\/\/blogdobispo.com.br\/?author=1\"}]}<\/script>\n<!-- \/ Yoast SEO plugin. -->","yoast_head_json":{"title":"Coopedu valoriza seus cooperados com novo benef\u00edcio e distribui\u00e7\u00e3o de sobras - Blog do Bispo","robots":{"index":"index","follow":"follow","max-snippet":"max-snippet:-1","max-image-preview":"max-image-preview:large","max-video-preview":"max-video-preview:-1"},"canonical":"https:\/\/blogdobispo.com.br\/?p=5173","og_locale":"pt_BR","og_type":"article","og_title":"Coopedu valoriza seus cooperados com novo benef\u00edcio e distribui\u00e7\u00e3o de sobras - Blog do Bispo","og_description":"A Coopedu \u2013 Cooperativa de Trabalho dos Profissionais da Educa\u00e7\u00e3o do Estado do Rio Grande do Norte \u2013 reafirma seu compromisso com a valoriza\u00e7\u00e3o dos seus cooperados ao anunciar mais uma novidade no repasse financeiro para seus associados. Al\u00e9m da tradicional divis\u00e3o das sobras, uma nova conquista marca o ano de 2024: o pagamento do [&hellip;]","og_url":"https:\/\/blogdobispo.com.br\/?p=5173","og_site_name":"Blog do Bispo","article_published_time":"2025-04-30T15:31:59+00:00","og_image":[{"url":"https:\/\/blogdobispo.com.br\/wp-content\/uploads\/2025\/04\/40a058ac-38a3-4680-ad64-3d0148876d2a-1-1024x576.jpg","type":"","width":"","height":""}],"author":"Jefferson Sterfeno","twitter_card":"summary_large_image","twitter_misc":{"Escrito por":"Jefferson Sterfeno","Est. tempo de leitura":"2 minutos"},"schema":{"@context":"https:\/\/schema.org","@graph":[{"@type":"Article","@id":"https:\/\/blogdobispo.com.br\/?p=5173#article","isPartOf":{"@id":"https:\/\/blogdobispo.com.br\/?p=5173"},"author":{"name":"Jefferson Sterfeno","@id":"https:\/\/blogdobispo.com.br\/#\/schema\/person\/e2209cc0e6cea5c5233d033e997b373f"},"headline":"Coopedu valoriza seus cooperados com novo benef\u00edcio e distribui\u00e7\u00e3o de sobras","datePublished":"2025-04-30T15:31:59+00:00","mainEntityOfPage":{"@id":"https:\/\/blogdobispo.com.br\/?p=5173"},"wordCount":451,"commentCount":0,"publisher":{"@id":"https:\/\/blogdobispo.com.br\/#organization"},"image":{"@id":"https:\/\/blogdobispo.com.br\/?p=5173#primaryimage"},"thumbnailUrl":"https:\/\/blogdobispo.com.br\/wp-content\/uploads\/2025\/04\/40a058ac-38a3-4680-ad64-3d0148876d2a-1-1024x576.jpg","articleSection":["diversos"],"inLanguage":"pt-BR","potentialAction":[{"@type":"CommentAction","name":"Comment","target":["https:\/\/blogdobispo.com.br\/?p=5173#respond"]}]},{"@type":"WebPage","@id":"https:\/\/blogdobispo.com.br\/?p=5173","url":"https:\/\/blogdobispo.com.br\/?p=5173","name":"Coopedu valoriza seus cooperados com novo benef\u00edcio e distribui\u00e7\u00e3o de sobras - Blog do Bispo","isPartOf":{"@id":"https:\/\/blogdobispo.com.br\/#website"},"primaryImageOfPage":{"@id":"https:\/\/blogdobispo.com.br\/?p=5173#primaryimage"},"image":{"@id":"https:\/\/blogdobispo.com.br\/?p=5173#primaryimage"},"thumbnailUrl":"https:\/\/blogdobispo.com.br\/wp-content\/uploads\/2025\/04\/40a058ac-38a3-4680-ad64-3d0148876d2a-1-1024x576.jpg","datePublished":"2025-04-30T15:31:59+00:00","breadcrumb":{"@id":"https:\/\/blogdobispo.com.br\/?p=5173#breadcrumb"},"inLanguage":"pt-BR","potentialAction":[{"@type":"ReadAction","target":["https:\/\/blogdobispo.com.br\/?p=5173"]}]},{"@type":"ImageObject","inLanguage":"pt-BR","@id":"https:\/\/blogdobispo.com.br\/?p=5173#primaryimage","url":"https:\/\/blogdobispo.com.br\/wp-content\/uploads\/2025\/04\/40a058ac-38a3-4680-ad64-3d0148876d2a-1-1024x576.jpg","contentUrl":"https:\/\/blogdobispo.com.br\/wp-content\/uploads\/2025\/04\/40a058ac-38a3-4680-ad64-3d0148876d2a-1-1024x576.jpg"},{"@type":"BreadcrumbList","@id":"https:\/\/blogdobispo.com.br\/?p=5173#breadcrumb","itemListElement":[{"@type":"ListItem","position":1,"name":"In\u00edcio","item":"https:\/\/blogdobispo.com.br\/"},{"@type":"ListItem","position":2,"name":"Coopedu valoriza seus cooperados com novo benef\u00edcio e distribui\u00e7\u00e3o de sobras"}]},{"@type":"WebSite","@id":"https:\/\/blogdobispo.com.br\/#website","url":"https:\/\/blogdobispo.com.br\/","name":"Blog do Bispo","description":"Comprometido apenas com o leitor","publisher":{"@id":"https:\/\/blogdobispo.com.br\/#organization"},"potentialAction":[{"@type":"SearchAction","target":{"@type":"EntryPoint","urlTemplate":"https:\/\/blogdobispo.com.br\/?s={search_term_string}"},"query-input":{"@type":"PropertyValueSpecification","valueRequired":true,"valueName":"search_term_string"}}],"inLanguage":"pt-BR"},{"@type":"Organization","@id":"https:\/\/blogdobispo.com.br\/#organization","name":"Blog do Bispo","url":"https:\/\/blogdobispo.com.br\/","logo":{"@type":"ImageObject","inLanguage":"pt-BR","@id":"https:\/\/blogdobispo.com.br\/#\/schema\/logo\/image\/","url":"http:\/\/blogdobispo.com.br\/wp-content\/uploads\/2023\/05\/cropped-headear.png","contentUrl":"http:\/\/blogdobispo.com.br\/wp-content\/uploads\/2023\/05\/cropped-headear.png","width":1500,"height":399,"caption":"Blog do Bispo"},"image":{"@id":"https:\/\/blogdobispo.com.br\/#\/schema\/logo\/image\/"}},{"@type":"Person","@id":"https:\/\/blogdobispo.com.br\/#\/schema\/person\/e2209cc0e6cea5c5233d033e997b373f","name":"Jefferson Sterfeno","image":{"@type":"ImageObject","inLanguage":"pt-BR","@id":"https:\/\/blogdobispo.com.br\/#\/schema\/person\/image\/","url":"https:\/\/secure.gravatar.com\/avatar\/0534e84764641168a677026b6d57a3f51dc7ac4db0b4f6186d9cb330d4ee1160?s=96&d=mm&r=g","contentUrl":"https:\/\/secure.gravatar.com\/avatar\/0534e84764641168a677026b6d57a3f51dc7ac4db0b4f6186d9cb330d4ee1160?s=96&d=mm&r=g","caption":"Jefferson Sterfeno"},"sameAs":["http:\/\/blogdobispo.com.br"],"url":"https:\/\/blogdobispo.com.br\/?author=1"}]}},"featured_image_urls":{"full":"","thumbnail":"","medium":"","medium_large":"","large":"","1536x1536":"","2048x2048":""},"author_info":{"display_name":"Jefferson Sterfeno","author_link":"https:\/\/blogdobispo.com.br\/?author=1"},"category_info":"<a href=\"https:\/\/blogdobispo.com.br\/?cat=1\" rel=\"category\">diversos<\/a>","tag_info":"diversos","comment_count":"0","jetpack_featured_media_url":"","jetpack_sharing_enabled":true,"_links":{"self":[{"href":"https:\/\/blogdobispo.com.br\/index.php?rest_route=\/wp\/v2\/posts\/5173","targetHints":{"allow":["GET"]}}],"collection":[{"href":"https:\/\/blogdobispo.com.br\/index.php?rest_route=\/wp\/v2\/posts"}],"about":[{"href":"https:\/\/blogdobispo.com.br\/index.php?rest_route=\/wp\/v2\/types\/post"}],"author":[{"embeddable":true,"href":"https:\/\/blogdobispo.com.br\/index.php?rest_route=\/wp\/v2\/users\/1"}],"replies":[{"embeddable":true,"href":"https:\/\/blogdobispo.com.br\/index.php?rest_route=%2Fwp%2Fv2%2Fcomments&post=5173"}],"version-history":[{"count":0,"href":"https:\/\/blogdobispo.com.br\/index.php?rest_route=\/wp\/v2\/posts\/5173\/revisions"}],"wp:attachment":[{"href":"https:\/\/blogdobispo.com.br\/index.php?rest_route=%2Fwp%2Fv2%2Fmedia&parent=5173"}],"wp:term":[{"taxonomy":"category","embeddable":true,"href":"https:\/\/blogdobispo.com.br\/index.php?rest_route=%2Fwp%2Fv2%2Fcategories&post=5173"},{"taxonomy":"post_tag","embeddable":true,"href":"https:\/\/blogdobispo.com.br\/index.php?rest_route=%2Fwp%2Fv2%2Ftags&post=5173"}],"curies":[{"name":"wp","href":"https:\/\/api.w.org\/{rel}","templated":true}]}}