{"id":5167,"date":"2025-04-30T02:25:41","date_gmt":"2025-04-30T02:25:41","guid":{"rendered":"https:\/\/blogdobispo.com.br\/?p=5167"},"modified":"2025-04-30T02:35:26","modified_gmt":"2025-04-30T02:35:26","slug":"segunda-edicao-do-workshop-e-preciso-ousar-para-crescer-2025-acontecera-em-mossoro-rn-nomes-dos-palestrantes-sao-divulgados-e-as-inscricoes-estao-abertas","status":"publish","type":"post","link":"https:\/\/blogdobispo.com.br\/?p=5167","title":{"rendered":"Segunda edi\u00e7\u00e3o do Workshop \u00c9 Preciso Ousar Para Crescer 2025 acontecer\u00e1 em Mossor\u00f3-RN; Nomes dos palestrantes s\u00e3o divulgados e as inscri\u00e7\u00f5es est\u00e3o abertas"},"content":{"rendered":"\n<figure class=\"wp-block-image size-large\"><img data-recalc-dims=\"1\" fetchpriority=\"high\" decoding=\"async\" width=\"800\" height=\"800\" src=\"https:\/\/i0.wp.com\/blogdobispo.com.br\/wp-content\/uploads\/2025\/04\/b121f0ce-b308-4366-9aef-0a5e5a42e183-1-1024x1024.jpg?resize=800%2C800&#038;ssl=1\" alt=\"\" class=\"wp-image-5166\" srcset=\"https:\/\/i0.wp.com\/blogdobispo.com.br\/wp-content\/uploads\/2025\/04\/b121f0ce-b308-4366-9aef-0a5e5a42e183-1.jpg?resize=1024%2C1024&amp;ssl=1 1024w, https:\/\/i0.wp.com\/blogdobispo.com.br\/wp-content\/uploads\/2025\/04\/b121f0ce-b308-4366-9aef-0a5e5a42e183-1.jpg?resize=300%2C300&amp;ssl=1 300w, https:\/\/i0.wp.com\/blogdobispo.com.br\/wp-content\/uploads\/2025\/04\/b121f0ce-b308-4366-9aef-0a5e5a42e183-1.jpg?resize=150%2C150&amp;ssl=1 150w, https:\/\/i0.wp.com\/blogdobispo.com.br\/wp-content\/uploads\/2025\/04\/b121f0ce-b308-4366-9aef-0a5e5a42e183-1.jpg?resize=768%2C768&amp;ssl=1 768w, https:\/\/i0.wp.com\/blogdobispo.com.br\/wp-content\/uploads\/2025\/04\/b121f0ce-b308-4366-9aef-0a5e5a42e183-1.jpg?resize=1536%2C1536&amp;ssl=1 1536w, https:\/\/i0.wp.com\/blogdobispo.com.br\/wp-content\/uploads\/2025\/04\/b121f0ce-b308-4366-9aef-0a5e5a42e183-1.jpg?w=1600&amp;ssl=1 1600w\" sizes=\"(max-width: 800px) 100vw, 800px\" \/><\/figure>\n\n\n\n<p><\/p>\n\n\n\n<p>Foi aberto nesta sexta-feira (25) o prazo para inscri\u00e7\u00f5es da 2\u00aa edi\u00e7\u00e3o do Workshop \u00c9 Preciso Ousar Para Crescer. O evento \u00e9 uma iniciativa do Projeto Lajedo do Ros\u00e1rio, de Felipe Guerra-RN, e ser\u00e1 realizado no Sal\u00e3o Serid\u00f3 do Hotel Villa Oeste na cidade de Mossor\u00f3-RN, no dia 30 de maio de 2025, das 10 \u00e0s 17 horas.<\/p>\n\n\n\n<p>Em sua tem\u00e1tica, o workshop traz para o debate assuntos importantes ligados ao turismo, desenvolvimento econ\u00f4mico, neg\u00f3cios, empreendedorismo e sustentabilidade voltados para a regi\u00e3o oeste do estado.<\/p>\n\n\n\n<p>\u201cConsidero que o Workshop \u00c9 Preciso Ousar Para Crescer j\u00e1 nasceu de forma grandiosa, mesmo realizado na pequena cidade de Felipe Guerra. A primeira edi\u00e7\u00e3o trouxe palestrantes de renomes nacionais e internacionais e pretendemos repetir e ampliar o sucesso numa pra\u00e7a maior que \u00e9 Mossor\u00f3\u201d, ressalta o Diretor Executivo do Projeto Lajedo do Ros\u00e1rio, Salom\u00e3o de Medeiros Leite.<\/p>\n\n\n\n<p>A grade de programa\u00e7\u00e3o da segunda edi\u00e7\u00e3o do Workshop \u00c9 Preciso Ousar Para Crescer traz como palestrantes, a CEO do Grupo TCM Telecom,Stella Maris, Presidente do Sistema OCERN\/SESCOOP-RN, Eduardo Gatto, Analista Ambiental do ICMBio &#8211; Chefe da Base Avan\u00e7ada do Cecav no RN, Bi\u00f3logo, Dr. em Sistem\u00e1tica e Evolu\u00e7\u00e3o UFRN, Diego de Medeiros Bento, Reitora da Uern e Presidente da Associa\u00e7\u00e3o Brasileira das Reitoras e Reitores das Universidades Estaduais e Municipais do Brasil (Abruem), Dra. Cicilia Raquel Maia Leite, Gerente Geral da Ag\u00eancia BNB em Mossor\u00f3-RN. Bacharel em Ci\u00eancias Jur\u00eddicas e Sociais pela IFPB. Bacharel em Ci\u00eancias Econ\u00f4micas pela FIP. P\u00f3s- graduado em Administra\u00e7\u00e3o de Empresas e MBA em Gest\u00e3o de Pessoas pela Faculdade Le\u00e3o Sampaio, Alexandre Ramari Vilas e a Presidente da Associa\u00e7\u00e3o dos Designers Gr\u00e1ficos do Distrito Federal (ADEGRAF), Alessandra Pinheiro.<\/p>\n\n\n\n<p>Em sua segunda edi\u00e7\u00e3o, o Workshop \u00c9 Preciso Ousar Para Crescer tem como patrocinadores os grupos Ster Bom e TCM Telecom, contando com os apoios da Ag\u00eancia de Fomento do Rio Grande do Norte (AGN),Grupo AGORA RN, SEBRAE-RN, Sistema OCERN\/SESCOOP-RN, Associa\u00e7\u00e3o dos Designers Gr\u00e1ficos do Distrito Federal (ADEGRAF),&nbsp;ProTurismoRN e Visite Rio Grande do Norte (EMPROTUR).<\/p>\n\n\n\n<p>Na segunda edi\u00e7\u00e3o do Workshop \u00c9 Preciso Ousar Para Crescer reunir\u00e1 gestores p\u00fablicos e da iniciativa privada, empreendedores, acad\u00eamicos, empres\u00e1rios, ativistas, guias, jornalistas, especialistas e interessados em promover o turismo e o desenvolvimento econ\u00f4mico de forma integrada, destacando o potencial dos munic\u00edpios interligados a partir de Mossor\u00f3 como eixo central.&nbsp;&nbsp;<\/p>\n\n\n\n<p>As inscri\u00e7\u00f5es s\u00e3o gratuitas, mas limitadas ao espa\u00e7o do evento. Basta acessar o site do Projeto Lajedo do Ros\u00e1rio, no endere\u00e7o eletr\u00f4nico&nbsp;https:\/\/lajedodorosario.com.br\/workshop\/.&nbsp;&nbsp;Fotos:Divulga\u00e7\u00e3o<\/p>\n\n\n\n<figure class=\"wp-block-image size-large\"><img data-recalc-dims=\"1\" decoding=\"async\" width=\"800\" height=\"800\" src=\"https:\/\/i0.wp.com\/blogdobispo.com.br\/wp-content\/uploads\/2025\/04\/375af0cc-2655-4270-bedb-b22152d9c66b-1-1024x1024.jpg?resize=800%2C800&#038;ssl=1\" alt=\"\" class=\"wp-image-5168\" srcset=\"https:\/\/i0.wp.com\/blogdobispo.com.br\/wp-content\/uploads\/2025\/04\/375af0cc-2655-4270-bedb-b22152d9c66b-1.jpg?resize=1024%2C1024&amp;ssl=1 1024w, https:\/\/i0.wp.com\/blogdobispo.com.br\/wp-content\/uploads\/2025\/04\/375af0cc-2655-4270-bedb-b22152d9c66b-1.jpg?resize=300%2C300&amp;ssl=1 300w, https:\/\/i0.wp.com\/blogdobispo.com.br\/wp-content\/uploads\/2025\/04\/375af0cc-2655-4270-bedb-b22152d9c66b-1.jpg?resize=150%2C150&amp;ssl=1 150w, https:\/\/i0.wp.com\/blogdobispo.com.br\/wp-content\/uploads\/2025\/04\/375af0cc-2655-4270-bedb-b22152d9c66b-1.jpg?resize=768%2C768&amp;ssl=1 768w, https:\/\/i0.wp.com\/blogdobispo.com.br\/wp-content\/uploads\/2025\/04\/375af0cc-2655-4270-bedb-b22152d9c66b-1.jpg?resize=1536%2C1536&amp;ssl=1 1536w, https:\/\/i0.wp.com\/blogdobispo.com.br\/wp-content\/uploads\/2025\/04\/375af0cc-2655-4270-bedb-b22152d9c66b-1.jpg?w=1600&amp;ssl=1 1600w\" sizes=\"(max-width: 800px) 100vw, 800px\" \/><\/figure>\n\n\n\n<figure class=\"wp-block-image size-large\"><img data-recalc-dims=\"1\" decoding=\"async\" width=\"800\" height=\"800\" src=\"https:\/\/i0.wp.com\/blogdobispo.com.br\/wp-content\/uploads\/2025\/04\/28dbca2c-72ed-443a-9449-0c2b4739e511-1-1024x1024.jpg?resize=800%2C800&#038;ssl=1\" alt=\"\" class=\"wp-image-5169\" srcset=\"https:\/\/i0.wp.com\/blogdobispo.com.br\/wp-content\/uploads\/2025\/04\/28dbca2c-72ed-443a-9449-0c2b4739e511-1.jpg?resize=1024%2C1024&amp;ssl=1 1024w, https:\/\/i0.wp.com\/blogdobispo.com.br\/wp-content\/uploads\/2025\/04\/28dbca2c-72ed-443a-9449-0c2b4739e511-1.jpg?resize=300%2C300&amp;ssl=1 300w, https:\/\/i0.wp.com\/blogdobispo.com.br\/wp-content\/uploads\/2025\/04\/28dbca2c-72ed-443a-9449-0c2b4739e511-1.jpg?resize=150%2C150&amp;ssl=1 150w, https:\/\/i0.wp.com\/blogdobispo.com.br\/wp-content\/uploads\/2025\/04\/28dbca2c-72ed-443a-9449-0c2b4739e511-1.jpg?resize=768%2C768&amp;ssl=1 768w, https:\/\/i0.wp.com\/blogdobispo.com.br\/wp-content\/uploads\/2025\/04\/28dbca2c-72ed-443a-9449-0c2b4739e511-1.jpg?resize=1536%2C1536&amp;ssl=1 1536w, https:\/\/i0.wp.com\/blogdobispo.com.br\/wp-content\/uploads\/2025\/04\/28dbca2c-72ed-443a-9449-0c2b4739e511-1.jpg?w=1600&amp;ssl=1 1600w\" sizes=\"(max-width: 800px) 100vw, 800px\" \/><\/figure>\n","protected":false},"excerpt":{"rendered":"<p>Foi aberto nesta sexta-feira (25) o prazo para inscri\u00e7\u00f5es da 2\u00aa edi\u00e7\u00e3o do Workshop \u00c9 Preciso Ousar Para Crescer. O evento \u00e9 uma iniciativa do Projeto Lajedo do Ros\u00e1rio, de Felipe Guerra-RN, e ser\u00e1 realizado no Sal\u00e3o Serid\u00f3 do Hotel Villa Oeste na cidade de Mossor\u00f3-RN, no dia 30 de maio de 2025, das 10 [&hellip;]<\/p>\n","protected":false},"author":1,"featured_media":0,"comment_status":"open","ping_status":"open","sticky":false,"template":"","format":"standard","meta":{"cybocfi_hide_featured_image":"","_jetpack_memberships_contains_paid_content":false,"footnotes":""},"categories":[1],"tags":[],"class_list":["post-5167","post","type-post","status-publish","format-standard","hentry","category-diversos"],"yoast_head":"<!-- This site is optimized with the Yoast SEO plugin v25.6 - https:\/\/yoast.com\/wordpress\/plugins\/seo\/ -->\n<title>Segunda edi\u00e7\u00e3o do Workshop \u00c9 Preciso Ousar Para Crescer 2025 acontecer\u00e1 em Mossor\u00f3-RN; Nomes dos palestrantes s\u00e3o divulgados e as inscri\u00e7\u00f5es est\u00e3o abertas - Blog do Bispo<\/title>\n<meta name=\"robots\" content=\"index, follow, max-snippet:-1, max-image-preview:large, max-video-preview:-1\" \/>\n<link rel=\"canonical\" href=\"https:\/\/blogdobispo.com.br\/?p=5167\" \/>\n<meta property=\"og:locale\" content=\"pt_BR\" \/>\n<meta property=\"og:type\" content=\"article\" \/>\n<meta property=\"og:title\" content=\"Segunda edi\u00e7\u00e3o do Workshop \u00c9 Preciso Ousar Para Crescer 2025 acontecer\u00e1 em Mossor\u00f3-RN; Nomes dos palestrantes s\u00e3o divulgados e as inscri\u00e7\u00f5es est\u00e3o abertas - Blog do Bispo\" \/>\n<meta property=\"og:description\" content=\"Foi aberto nesta sexta-feira (25) o prazo para inscri\u00e7\u00f5es da 2\u00aa edi\u00e7\u00e3o do Workshop \u00c9 Preciso Ousar Para Crescer. O evento \u00e9 uma iniciativa do Projeto Lajedo do Ros\u00e1rio, de Felipe Guerra-RN, e ser\u00e1 realizado no Sal\u00e3o Serid\u00f3 do Hotel Villa Oeste na cidade de Mossor\u00f3-RN, no dia 30 de maio de 2025, das 10 [&hellip;]\" \/>\n<meta property=\"og:url\" content=\"https:\/\/blogdobispo.com.br\/?p=5167\" \/>\n<meta property=\"og:site_name\" content=\"Blog do Bispo\" \/>\n<meta property=\"article:published_time\" content=\"2025-04-30T02:25:41+00:00\" \/>\n<meta property=\"article:modified_time\" content=\"2025-04-30T02:35:26+00:00\" \/>\n<meta property=\"og:image\" content=\"https:\/\/blogdobispo.com.br\/wp-content\/uploads\/2025\/04\/b121f0ce-b308-4366-9aef-0a5e5a42e183-1-1024x1024.jpg\" \/>\n<meta name=\"author\" content=\"Jefferson Sterfeno\" \/>\n<meta name=\"twitter:card\" content=\"summary_large_image\" \/>\n<meta name=\"twitter:label1\" content=\"Escrito por\" \/>\n\t<meta name=\"twitter:data1\" content=\"Jefferson Sterfeno\" \/>\n\t<meta name=\"twitter:label2\" content=\"Est. tempo de leitura\" \/>\n\t<meta name=\"twitter:data2\" content=\"2 minutos\" \/>\n<script type=\"application\/ld+json\" class=\"yoast-schema-graph\">{\"@context\":\"https:\/\/schema.org\",\"@graph\":[{\"@type\":\"Article\",\"@id\":\"https:\/\/blogdobispo.com.br\/?p=5167#article\",\"isPartOf\":{\"@id\":\"https:\/\/blogdobispo.com.br\/?p=5167\"},\"author\":{\"name\":\"Jefferson Sterfeno\",\"@id\":\"https:\/\/blogdobispo.com.br\/#\/schema\/person\/e2209cc0e6cea5c5233d033e997b373f\"},\"headline\":\"Segunda edi\u00e7\u00e3o do Workshop \u00c9 Preciso Ousar Para Crescer 2025 acontecer\u00e1 em Mossor\u00f3-RN; Nomes dos palestrantes s\u00e3o divulgados e as inscri\u00e7\u00f5es est\u00e3o abertas\",\"datePublished\":\"2025-04-30T02:25:41+00:00\",\"dateModified\":\"2025-04-30T02:35:26+00:00\",\"mainEntityOfPage\":{\"@id\":\"https:\/\/blogdobispo.com.br\/?p=5167\"},\"wordCount\":483,\"commentCount\":0,\"publisher\":{\"@id\":\"https:\/\/blogdobispo.com.br\/#organization\"},\"image\":{\"@id\":\"https:\/\/blogdobispo.com.br\/?p=5167#primaryimage\"},\"thumbnailUrl\":\"https:\/\/blogdobispo.com.br\/wp-content\/uploads\/2025\/04\/b121f0ce-b308-4366-9aef-0a5e5a42e183-1-1024x1024.jpg\",\"articleSection\":[\"diversos\"],\"inLanguage\":\"pt-BR\",\"potentialAction\":[{\"@type\":\"CommentAction\",\"name\":\"Comment\",\"target\":[\"https:\/\/blogdobispo.com.br\/?p=5167#respond\"]}]},{\"@type\":\"WebPage\",\"@id\":\"https:\/\/blogdobispo.com.br\/?p=5167\",\"url\":\"https:\/\/blogdobispo.com.br\/?p=5167\",\"name\":\"Segunda edi\u00e7\u00e3o do Workshop \u00c9 Preciso Ousar Para Crescer 2025 acontecer\u00e1 em Mossor\u00f3-RN; Nomes dos palestrantes s\u00e3o divulgados e as inscri\u00e7\u00f5es est\u00e3o abertas - Blog do Bispo\",\"isPartOf\":{\"@id\":\"https:\/\/blogdobispo.com.br\/#website\"},\"primaryImageOfPage\":{\"@id\":\"https:\/\/blogdobispo.com.br\/?p=5167#primaryimage\"},\"image\":{\"@id\":\"https:\/\/blogdobispo.com.br\/?p=5167#primaryimage\"},\"thumbnailUrl\":\"https:\/\/blogdobispo.com.br\/wp-content\/uploads\/2025\/04\/b121f0ce-b308-4366-9aef-0a5e5a42e183-1-1024x1024.jpg\",\"datePublished\":\"2025-04-30T02:25:41+00:00\",\"dateModified\":\"2025-04-30T02:35:26+00:00\",\"breadcrumb\":{\"@id\":\"https:\/\/blogdobispo.com.br\/?p=5167#breadcrumb\"},\"inLanguage\":\"pt-BR\",\"potentialAction\":[{\"@type\":\"ReadAction\",\"target\":[\"https:\/\/blogdobispo.com.br\/?p=5167\"]}]},{\"@type\":\"ImageObject\",\"inLanguage\":\"pt-BR\",\"@id\":\"https:\/\/blogdobispo.com.br\/?p=5167#primaryimage\",\"url\":\"https:\/\/blogdobispo.com.br\/wp-content\/uploads\/2025\/04\/b121f0ce-b308-4366-9aef-0a5e5a42e183-1-1024x1024.jpg\",\"contentUrl\":\"https:\/\/blogdobispo.com.br\/wp-content\/uploads\/2025\/04\/b121f0ce-b308-4366-9aef-0a5e5a42e183-1-1024x1024.jpg\"},{\"@type\":\"BreadcrumbList\",\"@id\":\"https:\/\/blogdobispo.com.br\/?p=5167#breadcrumb\",\"itemListElement\":[{\"@type\":\"ListItem\",\"position\":1,\"name\":\"In\u00edcio\",\"item\":\"https:\/\/blogdobispo.com.br\/\"},{\"@type\":\"ListItem\",\"position\":2,\"name\":\"Segunda edi\u00e7\u00e3o do Workshop \u00c9 Preciso Ousar Para Crescer 2025 acontecer\u00e1 em Mossor\u00f3-RN; Nomes dos palestrantes s\u00e3o divulgados e as inscri\u00e7\u00f5es est\u00e3o abertas\"}]},{\"@type\":\"WebSite\",\"@id\":\"https:\/\/blogdobispo.com.br\/#website\",\"url\":\"https:\/\/blogdobispo.com.br\/\",\"name\":\"Blog do Bispo\",\"description\":\"Comprometido apenas com o leitor\",\"publisher\":{\"@id\":\"https:\/\/blogdobispo.com.br\/#organization\"},\"potentialAction\":[{\"@type\":\"SearchAction\",\"target\":{\"@type\":\"EntryPoint\",\"urlTemplate\":\"https:\/\/blogdobispo.com.br\/?s={search_term_string}\"},\"query-input\":{\"@type\":\"PropertyValueSpecification\",\"valueRequired\":true,\"valueName\":\"search_term_string\"}}],\"inLanguage\":\"pt-BR\"},{\"@type\":\"Organization\",\"@id\":\"https:\/\/blogdobispo.com.br\/#organization\",\"name\":\"Blog do Bispo\",\"url\":\"https:\/\/blogdobispo.com.br\/\",\"logo\":{\"@type\":\"ImageObject\",\"inLanguage\":\"pt-BR\",\"@id\":\"https:\/\/blogdobispo.com.br\/#\/schema\/logo\/image\/\",\"url\":\"http:\/\/blogdobispo.com.br\/wp-content\/uploads\/2023\/05\/cropped-headear.png\",\"contentUrl\":\"http:\/\/blogdobispo.com.br\/wp-content\/uploads\/2023\/05\/cropped-headear.png\",\"width\":1500,\"height\":399,\"caption\":\"Blog do Bispo\"},\"image\":{\"@id\":\"https:\/\/blogdobispo.com.br\/#\/schema\/logo\/image\/\"}},{\"@type\":\"Person\",\"@id\":\"https:\/\/blogdobispo.com.br\/#\/schema\/person\/e2209cc0e6cea5c5233d033e997b373f\",\"name\":\"Jefferson Sterfeno\",\"image\":{\"@type\":\"ImageObject\",\"inLanguage\":\"pt-BR\",\"@id\":\"https:\/\/blogdobispo.com.br\/#\/schema\/person\/image\/\",\"url\":\"https:\/\/secure.gravatar.com\/avatar\/0534e84764641168a677026b6d57a3f51dc7ac4db0b4f6186d9cb330d4ee1160?s=96&d=mm&r=g\",\"contentUrl\":\"https:\/\/secure.gravatar.com\/avatar\/0534e84764641168a677026b6d57a3f51dc7ac4db0b4f6186d9cb330d4ee1160?s=96&d=mm&r=g\",\"caption\":\"Jefferson Sterfeno\"},\"sameAs\":[\"http:\/\/blogdobispo.com.br\"],\"url\":\"https:\/\/blogdobispo.com.br\/?author=1\"}]}<\/script>\n<!-- \/ Yoast SEO plugin. -->","yoast_head_json":{"title":"Segunda edi\u00e7\u00e3o do Workshop \u00c9 Preciso Ousar Para Crescer 2025 acontecer\u00e1 em Mossor\u00f3-RN; Nomes dos palestrantes s\u00e3o divulgados e as inscri\u00e7\u00f5es est\u00e3o abertas - Blog do Bispo","robots":{"index":"index","follow":"follow","max-snippet":"max-snippet:-1","max-image-preview":"max-image-preview:large","max-video-preview":"max-video-preview:-1"},"canonical":"https:\/\/blogdobispo.com.br\/?p=5167","og_locale":"pt_BR","og_type":"article","og_title":"Segunda edi\u00e7\u00e3o do Workshop \u00c9 Preciso Ousar Para Crescer 2025 acontecer\u00e1 em Mossor\u00f3-RN; Nomes dos palestrantes s\u00e3o divulgados e as inscri\u00e7\u00f5es est\u00e3o abertas - Blog do Bispo","og_description":"Foi aberto nesta sexta-feira (25) o prazo para inscri\u00e7\u00f5es da 2\u00aa edi\u00e7\u00e3o do Workshop \u00c9 Preciso Ousar Para Crescer. O evento \u00e9 uma iniciativa do Projeto Lajedo do Ros\u00e1rio, de Felipe Guerra-RN, e ser\u00e1 realizado no Sal\u00e3o Serid\u00f3 do Hotel Villa Oeste na cidade de Mossor\u00f3-RN, no dia 30 de maio de 2025, das 10 [&hellip;]","og_url":"https:\/\/blogdobispo.com.br\/?p=5167","og_site_name":"Blog do Bispo","article_published_time":"2025-04-30T02:25:41+00:00","article_modified_time":"2025-04-30T02:35:26+00:00","og_image":[{"url":"https:\/\/blogdobispo.com.br\/wp-content\/uploads\/2025\/04\/b121f0ce-b308-4366-9aef-0a5e5a42e183-1-1024x1024.jpg","type":"","width":"","height":""}],"author":"Jefferson Sterfeno","twitter_card":"summary_large_image","twitter_misc":{"Escrito por":"Jefferson Sterfeno","Est. tempo de leitura":"2 minutos"},"schema":{"@context":"https:\/\/schema.org","@graph":[{"@type":"Article","@id":"https:\/\/blogdobispo.com.br\/?p=5167#article","isPartOf":{"@id":"https:\/\/blogdobispo.com.br\/?p=5167"},"author":{"name":"Jefferson Sterfeno","@id":"https:\/\/blogdobispo.com.br\/#\/schema\/person\/e2209cc0e6cea5c5233d033e997b373f"},"headline":"Segunda edi\u00e7\u00e3o do Workshop \u00c9 Preciso Ousar Para Crescer 2025 acontecer\u00e1 em Mossor\u00f3-RN; Nomes dos palestrantes s\u00e3o divulgados e as inscri\u00e7\u00f5es est\u00e3o abertas","datePublished":"2025-04-30T02:25:41+00:00","dateModified":"2025-04-30T02:35:26+00:00","mainEntityOfPage":{"@id":"https:\/\/blogdobispo.com.br\/?p=5167"},"wordCount":483,"commentCount":0,"publisher":{"@id":"https:\/\/blogdobispo.com.br\/#organization"},"image":{"@id":"https:\/\/blogdobispo.com.br\/?p=5167#primaryimage"},"thumbnailUrl":"https:\/\/blogdobispo.com.br\/wp-content\/uploads\/2025\/04\/b121f0ce-b308-4366-9aef-0a5e5a42e183-1-1024x1024.jpg","articleSection":["diversos"],"inLanguage":"pt-BR","potentialAction":[{"@type":"CommentAction","name":"Comment","target":["https:\/\/blogdobispo.com.br\/?p=5167#respond"]}]},{"@type":"WebPage","@id":"https:\/\/blogdobispo.com.br\/?p=5167","url":"https:\/\/blogdobispo.com.br\/?p=5167","name":"Segunda edi\u00e7\u00e3o do Workshop \u00c9 Preciso Ousar Para Crescer 2025 acontecer\u00e1 em Mossor\u00f3-RN; Nomes dos palestrantes s\u00e3o divulgados e as inscri\u00e7\u00f5es est\u00e3o abertas - Blog do Bispo","isPartOf":{"@id":"https:\/\/blogdobispo.com.br\/#website"},"primaryImageOfPage":{"@id":"https:\/\/blogdobispo.com.br\/?p=5167#primaryimage"},"image":{"@id":"https:\/\/blogdobispo.com.br\/?p=5167#primaryimage"},"thumbnailUrl":"https:\/\/blogdobispo.com.br\/wp-content\/uploads\/2025\/04\/b121f0ce-b308-4366-9aef-0a5e5a42e183-1-1024x1024.jpg","datePublished":"2025-04-30T02:25:41+00:00","dateModified":"2025-04-30T02:35:26+00:00","breadcrumb":{"@id":"https:\/\/blogdobispo.com.br\/?p=5167#breadcrumb"},"inLanguage":"pt-BR","potentialAction":[{"@type":"ReadAction","target":["https:\/\/blogdobispo.com.br\/?p=5167"]}]},{"@type":"ImageObject","inLanguage":"pt-BR","@id":"https:\/\/blogdobispo.com.br\/?p=5167#primaryimage","url":"https:\/\/blogdobispo.com.br\/wp-content\/uploads\/2025\/04\/b121f0ce-b308-4366-9aef-0a5e5a42e183-1-1024x1024.jpg","contentUrl":"https:\/\/blogdobispo.com.br\/wp-content\/uploads\/2025\/04\/b121f0ce-b308-4366-9aef-0a5e5a42e183-1-1024x1024.jpg"},{"@type":"BreadcrumbList","@id":"https:\/\/blogdobispo.com.br\/?p=5167#breadcrumb","itemListElement":[{"@type":"ListItem","position":1,"name":"In\u00edcio","item":"https:\/\/blogdobispo.com.br\/"},{"@type":"ListItem","position":2,"name":"Segunda edi\u00e7\u00e3o do Workshop \u00c9 Preciso Ousar Para Crescer 2025 acontecer\u00e1 em Mossor\u00f3-RN; Nomes dos palestrantes s\u00e3o divulgados e as inscri\u00e7\u00f5es est\u00e3o abertas"}]},{"@type":"WebSite","@id":"https:\/\/blogdobispo.com.br\/#website","url":"https:\/\/blogdobispo.com.br\/","name":"Blog do Bispo","description":"Comprometido apenas com o leitor","publisher":{"@id":"https:\/\/blogdobispo.com.br\/#organization"},"potentialAction":[{"@type":"SearchAction","target":{"@type":"EntryPoint","urlTemplate":"https:\/\/blogdobispo.com.br\/?s={search_term_string}"},"query-input":{"@type":"PropertyValueSpecification","valueRequired":true,"valueName":"search_term_string"}}],"inLanguage":"pt-BR"},{"@type":"Organization","@id":"https:\/\/blogdobispo.com.br\/#organization","name":"Blog do Bispo","url":"https:\/\/blogdobispo.com.br\/","logo":{"@type":"ImageObject","inLanguage":"pt-BR","@id":"https:\/\/blogdobispo.com.br\/#\/schema\/logo\/image\/","url":"http:\/\/blogdobispo.com.br\/wp-content\/uploads\/2023\/05\/cropped-headear.png","contentUrl":"http:\/\/blogdobispo.com.br\/wp-content\/uploads\/2023\/05\/cropped-headear.png","width":1500,"height":399,"caption":"Blog do Bispo"},"image":{"@id":"https:\/\/blogdobispo.com.br\/#\/schema\/logo\/image\/"}},{"@type":"Person","@id":"https:\/\/blogdobispo.com.br\/#\/schema\/person\/e2209cc0e6cea5c5233d033e997b373f","name":"Jefferson Sterfeno","image":{"@type":"ImageObject","inLanguage":"pt-BR","@id":"https:\/\/blogdobispo.com.br\/#\/schema\/person\/image\/","url":"https:\/\/secure.gravatar.com\/avatar\/0534e84764641168a677026b6d57a3f51dc7ac4db0b4f6186d9cb330d4ee1160?s=96&d=mm&r=g","contentUrl":"https:\/\/secure.gravatar.com\/avatar\/0534e84764641168a677026b6d57a3f51dc7ac4db0b4f6186d9cb330d4ee1160?s=96&d=mm&r=g","caption":"Jefferson Sterfeno"},"sameAs":["http:\/\/blogdobispo.com.br"],"url":"https:\/\/blogdobispo.com.br\/?author=1"}]}},"featured_image_urls":{"full":"","thumbnail":"","medium":"","medium_large":"","large":"","1536x1536":"","2048x2048":""},"author_info":{"display_name":"Jefferson Sterfeno","author_link":"https:\/\/blogdobispo.com.br\/?author=1"},"category_info":"<a href=\"https:\/\/blogdobispo.com.br\/?cat=1\" rel=\"category\">diversos<\/a>","tag_info":"diversos","comment_count":"0","jetpack_featured_media_url":"","jetpack_sharing_enabled":true,"_links":{"self":[{"href":"https:\/\/blogdobispo.com.br\/index.php?rest_route=\/wp\/v2\/posts\/5167","targetHints":{"allow":["GET"]}}],"collection":[{"href":"https:\/\/blogdobispo.com.br\/index.php?rest_route=\/wp\/v2\/posts"}],"about":[{"href":"https:\/\/blogdobispo.com.br\/index.php?rest_route=\/wp\/v2\/types\/post"}],"author":[{"embeddable":true,"href":"https:\/\/blogdobispo.com.br\/index.php?rest_route=\/wp\/v2\/users\/1"}],"replies":[{"embeddable":true,"href":"https:\/\/blogdobispo.com.br\/index.php?rest_route=%2Fwp%2Fv2%2Fcomments&post=5167"}],"version-history":[{"count":2,"href":"https:\/\/blogdobispo.com.br\/index.php?rest_route=\/wp\/v2\/posts\/5167\/revisions"}],"predecessor-version":[{"id":5171,"href":"https:\/\/blogdobispo.com.br\/index.php?rest_route=\/wp\/v2\/posts\/5167\/revisions\/5171"}],"wp:attachment":[{"href":"https:\/\/blogdobispo.com.br\/index.php?rest_route=%2Fwp%2Fv2%2Fmedia&parent=5167"}],"wp:term":[{"taxonomy":"category","embeddable":true,"href":"https:\/\/blogdobispo.com.br\/index.php?rest_route=%2Fwp%2Fv2%2Fcategories&post=5167"},{"taxonomy":"post_tag","embeddable":true,"href":"https:\/\/blogdobispo.com.br\/index.php?rest_route=%2Fwp%2Fv2%2Ftags&post=5167"}],"curies":[{"name":"wp","href":"https:\/\/api.w.org\/{rel}","templated":true}]}}