{"id":5161,"date":"2025-04-29T21:06:35","date_gmt":"2025-04-29T21:06:35","guid":{"rendered":"https:\/\/blogdobispo.com.br\/?p=5161"},"modified":"2025-04-29T21:12:01","modified_gmt":"2025-04-29T21:12:01","slug":"nominata-lazaro-politicos-fora-de-cena-tentam-ressurreicao-em-2026","status":"publish","type":"post","link":"https:\/\/blogdobispo.com.br\/?p=5161","title":{"rendered":"\u201cNominata L\u00e1zaro\u201d: Pol\u00edticos fora de cena tentam Ressurrei\u00e7\u00e3o em 2026"},"content":{"rendered":"\n<figure class=\"wp-block-image size-large\"><img data-recalc-dims=\"1\" fetchpriority=\"high\" decoding=\"async\" width=\"473\" height=\"459\" src=\"https:\/\/i0.wp.com\/blogdobispo.com.br\/wp-content\/uploads\/2025\/04\/image-5.jpg?resize=473%2C459&#038;ssl=1\" alt=\"\" class=\"wp-image-5160\" srcset=\"https:\/\/i0.wp.com\/blogdobispo.com.br\/wp-content\/uploads\/2025\/04\/image-5.jpg?w=473&amp;ssl=1 473w, https:\/\/i0.wp.com\/blogdobispo.com.br\/wp-content\/uploads\/2025\/04\/image-5.jpg?resize=300%2C291&amp;ssl=1 300w\" sizes=\"(max-width: 473px) 100vw, 473px\" \/><\/figure>\n\n\n\n<p class=\"p1\"><\/p>\n\n\n\n<p class=\"p1\">Em um movimento que tem gerado curiosidade nos bastidores da pol\u00edtica potiguar, come\u00e7a a se articular o que j\u00e1 est\u00e1 sendo chamado informalmente de \u201cNominata L\u00e1zaro\u201d: um grupo de ex-pol\u00edticos e nomes que estiveram afastados dos holofotes e agora buscam voltar \u00e0 vida p\u00fablica com foco nas elei\u00e7\u00f5es para deputado federal em 2026.<\/p>\n\n\n\n<p class=\"p1\">Entre os nomes ventilados para essa forma\u00e7\u00e3o est\u00e3o figuras conhecidas do eleitorado potiguar:<\/p>\n\n\n\n<p class=\"p3\">Kelps Lima, ex-deputado estadual e conhecido pela ret\u00f3rica combativa, tenta capitalizar seu hist\u00f3rico de oposi\u00e7\u00e3o firme, especialmente ao PT e \u00e0 gest\u00e3o estadual, para recuperar espa\u00e7o pol\u00edtico. <\/p>\n\n\n\n<p class=\"p3\">Carlos Eduardo Alves, ex-prefeito de Natal e ex-candidato ao governo e ao Senado, surge como um nome que ainda carrega peso entre os eleitores mais antigos, embora precise renovar sua imagem para atrair o eleitorado mais jovem. <\/p>\n\n\n\n<p class=\"p3\">Jean Paul Prates, ex-senador e ex-presidente da Petrobras (saiu desgastado pelo PT), especula-se que considere uma candidatura a deputado federal como estrat\u00e9gia para manter-se em evid\u00eancia pol\u00edtica ap\u00f3s o ciclo Lula. <\/p>\n\n\n\n<p class=\"p3\">Rafael Motta, que teve vota\u00e7\u00e3o expressiva ao Senado em 2022, mas acabou fora da disputa majorit\u00e1ria, analisa um retorno pela via proporcional. Jovem e com bom tr\u00e2nsito entre eleitores progressistas, pode ser um trunfo da nominata. <\/p>\n\n\n\n<p class=\"p3\">Abra\u00e3o Lincoln, com passagens antigas pelo Congresso e atua\u00e7\u00e3o ligada ao setor pesqueiro, busca se reaproximar do eleitorado do interior potiguar, apostando em um discurso mais t\u00e9cnico e regionalizado.<\/p>\n\n\n\n<p class=\"p1\">Essa movimenta\u00e7\u00e3o revela uma poss\u00edvel tentativa de \u201cressurrei\u00e7\u00e3o pol\u00edtica\u201d, onde nomes experientes e com hist\u00f3rico eleitoral tentam se reencaixar no tabuleiro \u2014 ainda que em meio a um novo cen\u00e1rio dominado pelas redes sociais, novas lideran\u00e7as e exig\u00eancias do eleitorado.<\/p>\n\n\n\n<p class=\"p1\">A viabilidade da chamada nominata L\u00e1zaro depender\u00e1, no entanto, de fatores como alian\u00e7as partid\u00e1rias, quociente eleitoral e, sobretudo, da capacidade de cada um desses nomes se reconectar com a popula\u00e7\u00e3o \u2014 especialmente os jovens eleitores, que muitas vezes desconhecem o passado pol\u00edtico desses protagonistas.<\/p>\n","protected":false},"excerpt":{"rendered":"<p>Em um movimento que tem gerado curiosidade nos bastidores da pol\u00edtica potiguar, come\u00e7a a se articular o que j\u00e1 est\u00e1 sendo chamado informalmente de \u201cNominata L\u00e1zaro\u201d: um grupo de ex-pol\u00edticos e nomes que estiveram afastados dos holofotes e agora buscam voltar \u00e0 vida p\u00fablica com foco nas elei\u00e7\u00f5es para deputado federal em 2026. Entre os [&hellip;]<\/p>\n","protected":false},"author":1,"featured_media":0,"comment_status":"open","ping_status":"open","sticky":false,"template":"","format":"standard","meta":{"cybocfi_hide_featured_image":"","_jetpack_memberships_contains_paid_content":false,"footnotes":""},"categories":[1],"tags":[],"class_list":["post-5161","post","type-post","status-publish","format-standard","hentry","category-diversos"],"yoast_head":"<!-- This site is optimized with the Yoast SEO plugin v25.6 - https:\/\/yoast.com\/wordpress\/plugins\/seo\/ -->\n<title>\u201cNominata L\u00e1zaro\u201d: Pol\u00edticos fora de cena tentam Ressurrei\u00e7\u00e3o em 2026 - Blog do Bispo<\/title>\n<meta name=\"robots\" content=\"index, follow, max-snippet:-1, max-image-preview:large, max-video-preview:-1\" \/>\n<link rel=\"canonical\" href=\"https:\/\/blogdobispo.com.br\/?p=5161\" \/>\n<meta property=\"og:locale\" content=\"pt_BR\" \/>\n<meta property=\"og:type\" content=\"article\" \/>\n<meta property=\"og:title\" content=\"\u201cNominata L\u00e1zaro\u201d: Pol\u00edticos fora de cena tentam Ressurrei\u00e7\u00e3o em 2026 - Blog do Bispo\" \/>\n<meta property=\"og:description\" content=\"Em um movimento que tem gerado curiosidade nos bastidores da pol\u00edtica potiguar, come\u00e7a a se articular o que j\u00e1 est\u00e1 sendo chamado informalmente de \u201cNominata L\u00e1zaro\u201d: um grupo de ex-pol\u00edticos e nomes que estiveram afastados dos holofotes e agora buscam voltar \u00e0 vida p\u00fablica com foco nas elei\u00e7\u00f5es para deputado federal em 2026. Entre os [&hellip;]\" \/>\n<meta property=\"og:url\" content=\"https:\/\/blogdobispo.com.br\/?p=5161\" \/>\n<meta property=\"og:site_name\" content=\"Blog do Bispo\" \/>\n<meta property=\"article:published_time\" content=\"2025-04-29T21:06:35+00:00\" \/>\n<meta property=\"article:modified_time\" content=\"2025-04-29T21:12:01+00:00\" \/>\n<meta property=\"og:image\" content=\"https:\/\/blogdobispo.com.br\/wp-content\/uploads\/2025\/04\/image-5.jpg\" \/>\n<meta name=\"author\" content=\"Jefferson Sterfeno\" \/>\n<meta name=\"twitter:card\" content=\"summary_large_image\" \/>\n<meta name=\"twitter:label1\" content=\"Escrito por\" \/>\n\t<meta name=\"twitter:data1\" content=\"Jefferson Sterfeno\" \/>\n\t<meta name=\"twitter:label2\" content=\"Est. tempo de leitura\" \/>\n\t<meta name=\"twitter:data2\" content=\"2 minutos\" \/>\n<script type=\"application\/ld+json\" class=\"yoast-schema-graph\">{\"@context\":\"https:\/\/schema.org\",\"@graph\":[{\"@type\":\"Article\",\"@id\":\"https:\/\/blogdobispo.com.br\/?p=5161#article\",\"isPartOf\":{\"@id\":\"https:\/\/blogdobispo.com.br\/?p=5161\"},\"author\":{\"name\":\"Jefferson Sterfeno\",\"@id\":\"https:\/\/blogdobispo.com.br\/#\/schema\/person\/e2209cc0e6cea5c5233d033e997b373f\"},\"headline\":\"\u201cNominata L\u00e1zaro\u201d: Pol\u00edticos fora de cena tentam Ressurrei\u00e7\u00e3o em 2026\",\"datePublished\":\"2025-04-29T21:06:35+00:00\",\"dateModified\":\"2025-04-29T21:12:01+00:00\",\"mainEntityOfPage\":{\"@id\":\"https:\/\/blogdobispo.com.br\/?p=5161\"},\"wordCount\":353,\"commentCount\":0,\"publisher\":{\"@id\":\"https:\/\/blogdobispo.com.br\/#organization\"},\"image\":{\"@id\":\"https:\/\/blogdobispo.com.br\/?p=5161#primaryimage\"},\"thumbnailUrl\":\"https:\/\/blogdobispo.com.br\/wp-content\/uploads\/2025\/04\/image-5.jpg\",\"articleSection\":[\"diversos\"],\"inLanguage\":\"pt-BR\",\"potentialAction\":[{\"@type\":\"CommentAction\",\"name\":\"Comment\",\"target\":[\"https:\/\/blogdobispo.com.br\/?p=5161#respond\"]}]},{\"@type\":\"WebPage\",\"@id\":\"https:\/\/blogdobispo.com.br\/?p=5161\",\"url\":\"https:\/\/blogdobispo.com.br\/?p=5161\",\"name\":\"\u201cNominata L\u00e1zaro\u201d: Pol\u00edticos fora de cena tentam Ressurrei\u00e7\u00e3o em 2026 - Blog do Bispo\",\"isPartOf\":{\"@id\":\"https:\/\/blogdobispo.com.br\/#website\"},\"primaryImageOfPage\":{\"@id\":\"https:\/\/blogdobispo.com.br\/?p=5161#primaryimage\"},\"image\":{\"@id\":\"https:\/\/blogdobispo.com.br\/?p=5161#primaryimage\"},\"thumbnailUrl\":\"https:\/\/blogdobispo.com.br\/wp-content\/uploads\/2025\/04\/image-5.jpg\",\"datePublished\":\"2025-04-29T21:06:35+00:00\",\"dateModified\":\"2025-04-29T21:12:01+00:00\",\"breadcrumb\":{\"@id\":\"https:\/\/blogdobispo.com.br\/?p=5161#breadcrumb\"},\"inLanguage\":\"pt-BR\",\"potentialAction\":[{\"@type\":\"ReadAction\",\"target\":[\"https:\/\/blogdobispo.com.br\/?p=5161\"]}]},{\"@type\":\"ImageObject\",\"inLanguage\":\"pt-BR\",\"@id\":\"https:\/\/blogdobispo.com.br\/?p=5161#primaryimage\",\"url\":\"https:\/\/blogdobispo.com.br\/wp-content\/uploads\/2025\/04\/image-5.jpg\",\"contentUrl\":\"https:\/\/blogdobispo.com.br\/wp-content\/uploads\/2025\/04\/image-5.jpg\"},{\"@type\":\"BreadcrumbList\",\"@id\":\"https:\/\/blogdobispo.com.br\/?p=5161#breadcrumb\",\"itemListElement\":[{\"@type\":\"ListItem\",\"position\":1,\"name\":\"In\u00edcio\",\"item\":\"https:\/\/blogdobispo.com.br\/\"},{\"@type\":\"ListItem\",\"position\":2,\"name\":\"\u201cNominata L\u00e1zaro\u201d: Pol\u00edticos fora de cena tentam Ressurrei\u00e7\u00e3o em 2026\"}]},{\"@type\":\"WebSite\",\"@id\":\"https:\/\/blogdobispo.com.br\/#website\",\"url\":\"https:\/\/blogdobispo.com.br\/\",\"name\":\"Blog do Bispo\",\"description\":\"Comprometido apenas com o leitor\",\"publisher\":{\"@id\":\"https:\/\/blogdobispo.com.br\/#organization\"},\"potentialAction\":[{\"@type\":\"SearchAction\",\"target\":{\"@type\":\"EntryPoint\",\"urlTemplate\":\"https:\/\/blogdobispo.com.br\/?s={search_term_string}\"},\"query-input\":{\"@type\":\"PropertyValueSpecification\",\"valueRequired\":true,\"valueName\":\"search_term_string\"}}],\"inLanguage\":\"pt-BR\"},{\"@type\":\"Organization\",\"@id\":\"https:\/\/blogdobispo.com.br\/#organization\",\"name\":\"Blog do Bispo\",\"url\":\"https:\/\/blogdobispo.com.br\/\",\"logo\":{\"@type\":\"ImageObject\",\"inLanguage\":\"pt-BR\",\"@id\":\"https:\/\/blogdobispo.com.br\/#\/schema\/logo\/image\/\",\"url\":\"http:\/\/blogdobispo.com.br\/wp-content\/uploads\/2023\/05\/cropped-headear.png\",\"contentUrl\":\"http:\/\/blogdobispo.com.br\/wp-content\/uploads\/2023\/05\/cropped-headear.png\",\"width\":1500,\"height\":399,\"caption\":\"Blog do Bispo\"},\"image\":{\"@id\":\"https:\/\/blogdobispo.com.br\/#\/schema\/logo\/image\/\"}},{\"@type\":\"Person\",\"@id\":\"https:\/\/blogdobispo.com.br\/#\/schema\/person\/e2209cc0e6cea5c5233d033e997b373f\",\"name\":\"Jefferson Sterfeno\",\"image\":{\"@type\":\"ImageObject\",\"inLanguage\":\"pt-BR\",\"@id\":\"https:\/\/blogdobispo.com.br\/#\/schema\/person\/image\/\",\"url\":\"https:\/\/secure.gravatar.com\/avatar\/0534e84764641168a677026b6d57a3f51dc7ac4db0b4f6186d9cb330d4ee1160?s=96&d=mm&r=g\",\"contentUrl\":\"https:\/\/secure.gravatar.com\/avatar\/0534e84764641168a677026b6d57a3f51dc7ac4db0b4f6186d9cb330d4ee1160?s=96&d=mm&r=g\",\"caption\":\"Jefferson Sterfeno\"},\"sameAs\":[\"http:\/\/blogdobispo.com.br\"],\"url\":\"https:\/\/blogdobispo.com.br\/?author=1\"}]}<\/script>\n<!-- \/ Yoast SEO plugin. -->","yoast_head_json":{"title":"\u201cNominata L\u00e1zaro\u201d: Pol\u00edticos fora de cena tentam Ressurrei\u00e7\u00e3o em 2026 - Blog do Bispo","robots":{"index":"index","follow":"follow","max-snippet":"max-snippet:-1","max-image-preview":"max-image-preview:large","max-video-preview":"max-video-preview:-1"},"canonical":"https:\/\/blogdobispo.com.br\/?p=5161","og_locale":"pt_BR","og_type":"article","og_title":"\u201cNominata L\u00e1zaro\u201d: Pol\u00edticos fora de cena tentam Ressurrei\u00e7\u00e3o em 2026 - Blog do Bispo","og_description":"Em um movimento que tem gerado curiosidade nos bastidores da pol\u00edtica potiguar, come\u00e7a a se articular o que j\u00e1 est\u00e1 sendo chamado informalmente de \u201cNominata L\u00e1zaro\u201d: um grupo de ex-pol\u00edticos e nomes que estiveram afastados dos holofotes e agora buscam voltar \u00e0 vida p\u00fablica com foco nas elei\u00e7\u00f5es para deputado federal em 2026. Entre os [&hellip;]","og_url":"https:\/\/blogdobispo.com.br\/?p=5161","og_site_name":"Blog do Bispo","article_published_time":"2025-04-29T21:06:35+00:00","article_modified_time":"2025-04-29T21:12:01+00:00","og_image":[{"url":"https:\/\/blogdobispo.com.br\/wp-content\/uploads\/2025\/04\/image-5.jpg","type":"","width":"","height":""}],"author":"Jefferson Sterfeno","twitter_card":"summary_large_image","twitter_misc":{"Escrito por":"Jefferson Sterfeno","Est. tempo de leitura":"2 minutos"},"schema":{"@context":"https:\/\/schema.org","@graph":[{"@type":"Article","@id":"https:\/\/blogdobispo.com.br\/?p=5161#article","isPartOf":{"@id":"https:\/\/blogdobispo.com.br\/?p=5161"},"author":{"name":"Jefferson Sterfeno","@id":"https:\/\/blogdobispo.com.br\/#\/schema\/person\/e2209cc0e6cea5c5233d033e997b373f"},"headline":"\u201cNominata L\u00e1zaro\u201d: Pol\u00edticos fora de cena tentam Ressurrei\u00e7\u00e3o em 2026","datePublished":"2025-04-29T21:06:35+00:00","dateModified":"2025-04-29T21:12:01+00:00","mainEntityOfPage":{"@id":"https:\/\/blogdobispo.com.br\/?p=5161"},"wordCount":353,"commentCount":0,"publisher":{"@id":"https:\/\/blogdobispo.com.br\/#organization"},"image":{"@id":"https:\/\/blogdobispo.com.br\/?p=5161#primaryimage"},"thumbnailUrl":"https:\/\/blogdobispo.com.br\/wp-content\/uploads\/2025\/04\/image-5.jpg","articleSection":["diversos"],"inLanguage":"pt-BR","potentialAction":[{"@type":"CommentAction","name":"Comment","target":["https:\/\/blogdobispo.com.br\/?p=5161#respond"]}]},{"@type":"WebPage","@id":"https:\/\/blogdobispo.com.br\/?p=5161","url":"https:\/\/blogdobispo.com.br\/?p=5161","name":"\u201cNominata L\u00e1zaro\u201d: Pol\u00edticos fora de cena tentam Ressurrei\u00e7\u00e3o em 2026 - Blog do Bispo","isPartOf":{"@id":"https:\/\/blogdobispo.com.br\/#website"},"primaryImageOfPage":{"@id":"https:\/\/blogdobispo.com.br\/?p=5161#primaryimage"},"image":{"@id":"https:\/\/blogdobispo.com.br\/?p=5161#primaryimage"},"thumbnailUrl":"https:\/\/blogdobispo.com.br\/wp-content\/uploads\/2025\/04\/image-5.jpg","datePublished":"2025-04-29T21:06:35+00:00","dateModified":"2025-04-29T21:12:01+00:00","breadcrumb":{"@id":"https:\/\/blogdobispo.com.br\/?p=5161#breadcrumb"},"inLanguage":"pt-BR","potentialAction":[{"@type":"ReadAction","target":["https:\/\/blogdobispo.com.br\/?p=5161"]}]},{"@type":"ImageObject","inLanguage":"pt-BR","@id":"https:\/\/blogdobispo.com.br\/?p=5161#primaryimage","url":"https:\/\/blogdobispo.com.br\/wp-content\/uploads\/2025\/04\/image-5.jpg","contentUrl":"https:\/\/blogdobispo.com.br\/wp-content\/uploads\/2025\/04\/image-5.jpg"},{"@type":"BreadcrumbList","@id":"https:\/\/blogdobispo.com.br\/?p=5161#breadcrumb","itemListElement":[{"@type":"ListItem","position":1,"name":"In\u00edcio","item":"https:\/\/blogdobispo.com.br\/"},{"@type":"ListItem","position":2,"name":"\u201cNominata L\u00e1zaro\u201d: Pol\u00edticos fora de cena tentam Ressurrei\u00e7\u00e3o em 2026"}]},{"@type":"WebSite","@id":"https:\/\/blogdobispo.com.br\/#website","url":"https:\/\/blogdobispo.com.br\/","name":"Blog do Bispo","description":"Comprometido apenas com o leitor","publisher":{"@id":"https:\/\/blogdobispo.com.br\/#organization"},"potentialAction":[{"@type":"SearchAction","target":{"@type":"EntryPoint","urlTemplate":"https:\/\/blogdobispo.com.br\/?s={search_term_string}"},"query-input":{"@type":"PropertyValueSpecification","valueRequired":true,"valueName":"search_term_string"}}],"inLanguage":"pt-BR"},{"@type":"Organization","@id":"https:\/\/blogdobispo.com.br\/#organization","name":"Blog do Bispo","url":"https:\/\/blogdobispo.com.br\/","logo":{"@type":"ImageObject","inLanguage":"pt-BR","@id":"https:\/\/blogdobispo.com.br\/#\/schema\/logo\/image\/","url":"http:\/\/blogdobispo.com.br\/wp-content\/uploads\/2023\/05\/cropped-headear.png","contentUrl":"http:\/\/blogdobispo.com.br\/wp-content\/uploads\/2023\/05\/cropped-headear.png","width":1500,"height":399,"caption":"Blog do Bispo"},"image":{"@id":"https:\/\/blogdobispo.com.br\/#\/schema\/logo\/image\/"}},{"@type":"Person","@id":"https:\/\/blogdobispo.com.br\/#\/schema\/person\/e2209cc0e6cea5c5233d033e997b373f","name":"Jefferson Sterfeno","image":{"@type":"ImageObject","inLanguage":"pt-BR","@id":"https:\/\/blogdobispo.com.br\/#\/schema\/person\/image\/","url":"https:\/\/secure.gravatar.com\/avatar\/0534e84764641168a677026b6d57a3f51dc7ac4db0b4f6186d9cb330d4ee1160?s=96&d=mm&r=g","contentUrl":"https:\/\/secure.gravatar.com\/avatar\/0534e84764641168a677026b6d57a3f51dc7ac4db0b4f6186d9cb330d4ee1160?s=96&d=mm&r=g","caption":"Jefferson Sterfeno"},"sameAs":["http:\/\/blogdobispo.com.br"],"url":"https:\/\/blogdobispo.com.br\/?author=1"}]}},"featured_image_urls":{"full":"","thumbnail":"","medium":"","medium_large":"","large":"","1536x1536":"","2048x2048":""},"author_info":{"display_name":"Jefferson Sterfeno","author_link":"https:\/\/blogdobispo.com.br\/?author=1"},"category_info":"<a href=\"https:\/\/blogdobispo.com.br\/?cat=1\" rel=\"category\">diversos<\/a>","tag_info":"diversos","comment_count":"0","jetpack_featured_media_url":"","jetpack_sharing_enabled":true,"_links":{"self":[{"href":"https:\/\/blogdobispo.com.br\/index.php?rest_route=\/wp\/v2\/posts\/5161","targetHints":{"allow":["GET"]}}],"collection":[{"href":"https:\/\/blogdobispo.com.br\/index.php?rest_route=\/wp\/v2\/posts"}],"about":[{"href":"https:\/\/blogdobispo.com.br\/index.php?rest_route=\/wp\/v2\/types\/post"}],"author":[{"embeddable":true,"href":"https:\/\/blogdobispo.com.br\/index.php?rest_route=\/wp\/v2\/users\/1"}],"replies":[{"embeddable":true,"href":"https:\/\/blogdobispo.com.br\/index.php?rest_route=%2Fwp%2Fv2%2Fcomments&post=5161"}],"version-history":[{"count":2,"href":"https:\/\/blogdobispo.com.br\/index.php?rest_route=\/wp\/v2\/posts\/5161\/revisions"}],"predecessor-version":[{"id":5163,"href":"https:\/\/blogdobispo.com.br\/index.php?rest_route=\/wp\/v2\/posts\/5161\/revisions\/5163"}],"wp:attachment":[{"href":"https:\/\/blogdobispo.com.br\/index.php?rest_route=%2Fwp%2Fv2%2Fmedia&parent=5161"}],"wp:term":[{"taxonomy":"category","embeddable":true,"href":"https:\/\/blogdobispo.com.br\/index.php?rest_route=%2Fwp%2Fv2%2Fcategories&post=5161"},{"taxonomy":"post_tag","embeddable":true,"href":"https:\/\/blogdobispo.com.br\/index.php?rest_route=%2Fwp%2Fv2%2Ftags&post=5161"}],"curies":[{"name":"wp","href":"https:\/\/api.w.org\/{rel}","templated":true}]}}