{"id":5158,"date":"2025-04-29T20:21:34","date_gmt":"2025-04-29T20:21:34","guid":{"rendered":"https:\/\/blogdobispo.com.br\/?p=5158"},"modified":"2025-04-29T20:21:34","modified_gmt":"2025-04-29T20:21:34","slug":"presidente-da-fecam-rn-eriko-jacome-assina-convenio-do-programa-identidade-para-todos-com-o-governo-do-estado","status":"publish","type":"post","link":"https:\/\/blogdobispo.com.br\/?p=5158","title":{"rendered":"Presidente da Fecam-RN, Eriko J\u00e1come, assina conv\u00eanio do Programa Identidade para Todos com o Governo do Estado"},"content":{"rendered":"\n<figure class=\"wp-block-image size-large\"><img data-recalc-dims=\"1\" fetchpriority=\"high\" decoding=\"async\" width=\"679\" height=\"1024\" src=\"https:\/\/i0.wp.com\/blogdobispo.com.br\/wp-content\/uploads\/2025\/04\/cac8dca5-0b93-4be1-8d9c-793888aae66d-1-679x1024.jpg?resize=679%2C1024&#038;ssl=1\" class=\"wp-image-5157\" srcset=\"https:\/\/i0.wp.com\/blogdobispo.com.br\/wp-content\/uploads\/2025\/04\/cac8dca5-0b93-4be1-8d9c-793888aae66d-1.jpg?resize=679%2C1024&amp;ssl=1 679w, https:\/\/i0.wp.com\/blogdobispo.com.br\/wp-content\/uploads\/2025\/04\/cac8dca5-0b93-4be1-8d9c-793888aae66d-1.jpg?resize=199%2C300&amp;ssl=1 199w, https:\/\/i0.wp.com\/blogdobispo.com.br\/wp-content\/uploads\/2025\/04\/cac8dca5-0b93-4be1-8d9c-793888aae66d-1.jpg?resize=768%2C1158&amp;ssl=1 768w, https:\/\/i0.wp.com\/blogdobispo.com.br\/wp-content\/uploads\/2025\/04\/cac8dca5-0b93-4be1-8d9c-793888aae66d-1.jpg?resize=1019%2C1536&amp;ssl=1 1019w, https:\/\/i0.wp.com\/blogdobispo.com.br\/wp-content\/uploads\/2025\/04\/cac8dca5-0b93-4be1-8d9c-793888aae66d-1.jpg?resize=1024%2C1544&amp;ssl=1 1024w, https:\/\/i0.wp.com\/blogdobispo.com.br\/wp-content\/uploads\/2025\/04\/cac8dca5-0b93-4be1-8d9c-793888aae66d-1.jpg?w=1061&amp;ssl=1 1061w\" sizes=\"(max-width: 679px) 100vw, 679px\" \/><\/figure>\n\n\n\n<p><\/p>\n\n\n\n<p>O presidente da Federa\u00e7\u00e3o das C\u00e2maras Municipais do Rio Grande do Norte (FECAM-RN), Eriko J\u00e1come, participou nesta ter\u00e7a-feira (29) da solenidade de assinatura do conv\u00eanio entre o Governo do Estado, por intermedio do ITEP\/RN com FECEMRN, que vai garantir a emiss\u00e3o gratuita de carteiras de identidade para a popula\u00e7\u00e3o em todos os munic\u00edpios do RN.<\/p>\n\n\n\n<p>Ao lado da diretora executiva da Fecam, Erineide S\u00e1, Eriko J\u00e1come comemorou a iniciativa e destacou o papel fundamental das C\u00e2maras na realiza\u00e7\u00e3o do programa. \u201cEssa \u00e9 uma vit\u00f3ria para todos os potiguares. Como presidente da Fecam, tenho o compromisso de levar essa pol\u00edtica p\u00fablica a cada munic\u00edpio. Em Natal, por exemplo, j\u00e1 cedemos parte do anexo da C\u00e2mara Municipal para funcionar como central de confec\u00e7\u00e3o de RGs, atendendo toda a capital\u201d, afirmou.<\/p>\n\n\n\n<p>A cerim\u00f4nia contou com a presen\u00e7a da governadora F\u00e1tima Bezerra; do secret\u00e1rio da Seguran\u00e7a P\u00fablica, coronel Francisco Canind\u00e9 de Ara\u00fajo; e do diretor-geral do ITEP, Marcos Brand\u00e3o. A parceria fortalece o \u201cPrograma Identidade para Todos\u201d, promovendo cidadania e acesso \u00e0 documenta\u00e7\u00e3o b\u00e1sica de forma descentralizada.<\/p>\n\n\n\n<p>Com o conv\u00eanio, as C\u00e2maras Municipais passam a ser parceiras diretas do ITEP na emiss\u00e3o de documentos, o que deve facilitar o acesso da popula\u00e7\u00e3o, especialmente em cidades do interior e em \u00e1reas de dif\u00edcil deslocamento. A expectativa \u00e9 que milhares de identidades sejam emitidas nos pr\u00f3ximos meses, de forma gratuita e eficiente.<\/p>\n","protected":false},"excerpt":{"rendered":"<p>O presidente da Federa\u00e7\u00e3o das C\u00e2maras Municipais do Rio Grande do Norte (FECAM-RN), Eriko J\u00e1come, participou nesta ter\u00e7a-feira (29) da solenidade de assinatura do conv\u00eanio entre o Governo do Estado, por intermedio do ITEP\/RN com FECEMRN, que vai garantir a emiss\u00e3o gratuita de carteiras de identidade para a popula\u00e7\u00e3o em todos os munic\u00edpios do RN. [&hellip;]<\/p>\n","protected":false},"author":1,"featured_media":0,"comment_status":"open","ping_status":"open","sticky":false,"template":"","format":"standard","meta":{"cybocfi_hide_featured_image":"","_jetpack_memberships_contains_paid_content":false,"footnotes":""},"categories":[1],"tags":[],"class_list":["post-5158","post","type-post","status-publish","format-standard","hentry","category-diversos"],"yoast_head":"<!-- This site is optimized with the Yoast SEO plugin v25.6 - https:\/\/yoast.com\/wordpress\/plugins\/seo\/ -->\n<title>Presidente da Fecam-RN, Eriko J\u00e1come, assina conv\u00eanio do Programa Identidade para Todos com o Governo do Estado - Blog do Bispo<\/title>\n<meta name=\"robots\" content=\"index, follow, max-snippet:-1, max-image-preview:large, max-video-preview:-1\" \/>\n<link rel=\"canonical\" href=\"https:\/\/blogdobispo.com.br\/?p=5158\" \/>\n<meta property=\"og:locale\" content=\"pt_BR\" \/>\n<meta property=\"og:type\" content=\"article\" \/>\n<meta property=\"og:title\" content=\"Presidente da Fecam-RN, Eriko J\u00e1come, assina conv\u00eanio do Programa Identidade para Todos com o Governo do Estado - Blog do Bispo\" \/>\n<meta property=\"og:description\" content=\"O presidente da Federa\u00e7\u00e3o das C\u00e2maras Municipais do Rio Grande do Norte (FECAM-RN), Eriko J\u00e1come, participou nesta ter\u00e7a-feira (29) da solenidade de assinatura do conv\u00eanio entre o Governo do Estado, por intermedio do ITEP\/RN com FECEMRN, que vai garantir a emiss\u00e3o gratuita de carteiras de identidade para a popula\u00e7\u00e3o em todos os munic\u00edpios do RN. [&hellip;]\" \/>\n<meta property=\"og:url\" content=\"https:\/\/blogdobispo.com.br\/?p=5158\" \/>\n<meta property=\"og:site_name\" content=\"Blog do Bispo\" \/>\n<meta property=\"article:published_time\" content=\"2025-04-29T20:21:34+00:00\" \/>\n<meta property=\"og:image\" content=\"https:\/\/blogdobispo.com.br\/wp-content\/uploads\/2025\/04\/cac8dca5-0b93-4be1-8d9c-793888aae66d-1-679x1024.jpg\" \/>\n<meta name=\"author\" content=\"Jefferson Sterfeno\" \/>\n<meta name=\"twitter:card\" content=\"summary_large_image\" \/>\n<meta name=\"twitter:label1\" content=\"Escrito por\" \/>\n\t<meta name=\"twitter:data1\" content=\"Jefferson Sterfeno\" \/>\n\t<meta name=\"twitter:label2\" content=\"Est. tempo de leitura\" \/>\n\t<meta name=\"twitter:data2\" content=\"1 minuto\" \/>\n<script type=\"application\/ld+json\" class=\"yoast-schema-graph\">{\"@context\":\"https:\/\/schema.org\",\"@graph\":[{\"@type\":\"Article\",\"@id\":\"https:\/\/blogdobispo.com.br\/?p=5158#article\",\"isPartOf\":{\"@id\":\"https:\/\/blogdobispo.com.br\/?p=5158\"},\"author\":{\"name\":\"Jefferson Sterfeno\",\"@id\":\"https:\/\/blogdobispo.com.br\/#\/schema\/person\/e2209cc0e6cea5c5233d033e997b373f\"},\"headline\":\"Presidente da Fecam-RN, Eriko J\u00e1come, assina conv\u00eanio do Programa Identidade para Todos com o Governo do Estado\",\"datePublished\":\"2025-04-29T20:21:34+00:00\",\"mainEntityOfPage\":{\"@id\":\"https:\/\/blogdobispo.com.br\/?p=5158\"},\"wordCount\":275,\"commentCount\":0,\"publisher\":{\"@id\":\"https:\/\/blogdobispo.com.br\/#organization\"},\"image\":{\"@id\":\"https:\/\/blogdobispo.com.br\/?p=5158#primaryimage\"},\"thumbnailUrl\":\"https:\/\/blogdobispo.com.br\/wp-content\/uploads\/2025\/04\/cac8dca5-0b93-4be1-8d9c-793888aae66d-1-679x1024.jpg\",\"articleSection\":[\"diversos\"],\"inLanguage\":\"pt-BR\",\"potentialAction\":[{\"@type\":\"CommentAction\",\"name\":\"Comment\",\"target\":[\"https:\/\/blogdobispo.com.br\/?p=5158#respond\"]}]},{\"@type\":\"WebPage\",\"@id\":\"https:\/\/blogdobispo.com.br\/?p=5158\",\"url\":\"https:\/\/blogdobispo.com.br\/?p=5158\",\"name\":\"Presidente da Fecam-RN, Eriko J\u00e1come, assina conv\u00eanio do Programa Identidade para Todos com o Governo do Estado - Blog do Bispo\",\"isPartOf\":{\"@id\":\"https:\/\/blogdobispo.com.br\/#website\"},\"primaryImageOfPage\":{\"@id\":\"https:\/\/blogdobispo.com.br\/?p=5158#primaryimage\"},\"image\":{\"@id\":\"https:\/\/blogdobispo.com.br\/?p=5158#primaryimage\"},\"thumbnailUrl\":\"https:\/\/blogdobispo.com.br\/wp-content\/uploads\/2025\/04\/cac8dca5-0b93-4be1-8d9c-793888aae66d-1-679x1024.jpg\",\"datePublished\":\"2025-04-29T20:21:34+00:00\",\"breadcrumb\":{\"@id\":\"https:\/\/blogdobispo.com.br\/?p=5158#breadcrumb\"},\"inLanguage\":\"pt-BR\",\"potentialAction\":[{\"@type\":\"ReadAction\",\"target\":[\"https:\/\/blogdobispo.com.br\/?p=5158\"]}]},{\"@type\":\"ImageObject\",\"inLanguage\":\"pt-BR\",\"@id\":\"https:\/\/blogdobispo.com.br\/?p=5158#primaryimage\",\"url\":\"https:\/\/blogdobispo.com.br\/wp-content\/uploads\/2025\/04\/cac8dca5-0b93-4be1-8d9c-793888aae66d-1-679x1024.jpg\",\"contentUrl\":\"https:\/\/blogdobispo.com.br\/wp-content\/uploads\/2025\/04\/cac8dca5-0b93-4be1-8d9c-793888aae66d-1-679x1024.jpg\"},{\"@type\":\"BreadcrumbList\",\"@id\":\"https:\/\/blogdobispo.com.br\/?p=5158#breadcrumb\",\"itemListElement\":[{\"@type\":\"ListItem\",\"position\":1,\"name\":\"In\u00edcio\",\"item\":\"https:\/\/blogdobispo.com.br\/\"},{\"@type\":\"ListItem\",\"position\":2,\"name\":\"Presidente da Fecam-RN, Eriko J\u00e1come, assina conv\u00eanio do Programa Identidade para Todos com o Governo do Estado\"}]},{\"@type\":\"WebSite\",\"@id\":\"https:\/\/blogdobispo.com.br\/#website\",\"url\":\"https:\/\/blogdobispo.com.br\/\",\"name\":\"Blog do Bispo\",\"description\":\"Comprometido apenas com o leitor\",\"publisher\":{\"@id\":\"https:\/\/blogdobispo.com.br\/#organization\"},\"potentialAction\":[{\"@type\":\"SearchAction\",\"target\":{\"@type\":\"EntryPoint\",\"urlTemplate\":\"https:\/\/blogdobispo.com.br\/?s={search_term_string}\"},\"query-input\":{\"@type\":\"PropertyValueSpecification\",\"valueRequired\":true,\"valueName\":\"search_term_string\"}}],\"inLanguage\":\"pt-BR\"},{\"@type\":\"Organization\",\"@id\":\"https:\/\/blogdobispo.com.br\/#organization\",\"name\":\"Blog do Bispo\",\"url\":\"https:\/\/blogdobispo.com.br\/\",\"logo\":{\"@type\":\"ImageObject\",\"inLanguage\":\"pt-BR\",\"@id\":\"https:\/\/blogdobispo.com.br\/#\/schema\/logo\/image\/\",\"url\":\"http:\/\/blogdobispo.com.br\/wp-content\/uploads\/2023\/05\/cropped-headear.png\",\"contentUrl\":\"http:\/\/blogdobispo.com.br\/wp-content\/uploads\/2023\/05\/cropped-headear.png\",\"width\":1500,\"height\":399,\"caption\":\"Blog do Bispo\"},\"image\":{\"@id\":\"https:\/\/blogdobispo.com.br\/#\/schema\/logo\/image\/\"}},{\"@type\":\"Person\",\"@id\":\"https:\/\/blogdobispo.com.br\/#\/schema\/person\/e2209cc0e6cea5c5233d033e997b373f\",\"name\":\"Jefferson Sterfeno\",\"image\":{\"@type\":\"ImageObject\",\"inLanguage\":\"pt-BR\",\"@id\":\"https:\/\/blogdobispo.com.br\/#\/schema\/person\/image\/\",\"url\":\"https:\/\/secure.gravatar.com\/avatar\/0534e84764641168a677026b6d57a3f51dc7ac4db0b4f6186d9cb330d4ee1160?s=96&d=mm&r=g\",\"contentUrl\":\"https:\/\/secure.gravatar.com\/avatar\/0534e84764641168a677026b6d57a3f51dc7ac4db0b4f6186d9cb330d4ee1160?s=96&d=mm&r=g\",\"caption\":\"Jefferson Sterfeno\"},\"sameAs\":[\"http:\/\/blogdobispo.com.br\"],\"url\":\"https:\/\/blogdobispo.com.br\/?author=1\"}]}<\/script>\n<!-- \/ Yoast SEO plugin. -->","yoast_head_json":{"title":"Presidente da Fecam-RN, Eriko J\u00e1come, assina conv\u00eanio do Programa Identidade para Todos com o Governo do Estado - Blog do Bispo","robots":{"index":"index","follow":"follow","max-snippet":"max-snippet:-1","max-image-preview":"max-image-preview:large","max-video-preview":"max-video-preview:-1"},"canonical":"https:\/\/blogdobispo.com.br\/?p=5158","og_locale":"pt_BR","og_type":"article","og_title":"Presidente da Fecam-RN, Eriko J\u00e1come, assina conv\u00eanio do Programa Identidade para Todos com o Governo do Estado - Blog do Bispo","og_description":"O presidente da Federa\u00e7\u00e3o das C\u00e2maras Municipais do Rio Grande do Norte (FECAM-RN), Eriko J\u00e1come, participou nesta ter\u00e7a-feira (29) da solenidade de assinatura do conv\u00eanio entre o Governo do Estado, por intermedio do ITEP\/RN com FECEMRN, que vai garantir a emiss\u00e3o gratuita de carteiras de identidade para a popula\u00e7\u00e3o em todos os munic\u00edpios do RN. [&hellip;]","og_url":"https:\/\/blogdobispo.com.br\/?p=5158","og_site_name":"Blog do Bispo","article_published_time":"2025-04-29T20:21:34+00:00","og_image":[{"url":"https:\/\/blogdobispo.com.br\/wp-content\/uploads\/2025\/04\/cac8dca5-0b93-4be1-8d9c-793888aae66d-1-679x1024.jpg","type":"","width":"","height":""}],"author":"Jefferson Sterfeno","twitter_card":"summary_large_image","twitter_misc":{"Escrito por":"Jefferson Sterfeno","Est. tempo de leitura":"1 minuto"},"schema":{"@context":"https:\/\/schema.org","@graph":[{"@type":"Article","@id":"https:\/\/blogdobispo.com.br\/?p=5158#article","isPartOf":{"@id":"https:\/\/blogdobispo.com.br\/?p=5158"},"author":{"name":"Jefferson Sterfeno","@id":"https:\/\/blogdobispo.com.br\/#\/schema\/person\/e2209cc0e6cea5c5233d033e997b373f"},"headline":"Presidente da Fecam-RN, Eriko J\u00e1come, assina conv\u00eanio do Programa Identidade para Todos com o Governo do Estado","datePublished":"2025-04-29T20:21:34+00:00","mainEntityOfPage":{"@id":"https:\/\/blogdobispo.com.br\/?p=5158"},"wordCount":275,"commentCount":0,"publisher":{"@id":"https:\/\/blogdobispo.com.br\/#organization"},"image":{"@id":"https:\/\/blogdobispo.com.br\/?p=5158#primaryimage"},"thumbnailUrl":"https:\/\/blogdobispo.com.br\/wp-content\/uploads\/2025\/04\/cac8dca5-0b93-4be1-8d9c-793888aae66d-1-679x1024.jpg","articleSection":["diversos"],"inLanguage":"pt-BR","potentialAction":[{"@type":"CommentAction","name":"Comment","target":["https:\/\/blogdobispo.com.br\/?p=5158#respond"]}]},{"@type":"WebPage","@id":"https:\/\/blogdobispo.com.br\/?p=5158","url":"https:\/\/blogdobispo.com.br\/?p=5158","name":"Presidente da Fecam-RN, Eriko J\u00e1come, assina conv\u00eanio do Programa Identidade para Todos com o Governo do Estado - Blog do Bispo","isPartOf":{"@id":"https:\/\/blogdobispo.com.br\/#website"},"primaryImageOfPage":{"@id":"https:\/\/blogdobispo.com.br\/?p=5158#primaryimage"},"image":{"@id":"https:\/\/blogdobispo.com.br\/?p=5158#primaryimage"},"thumbnailUrl":"https:\/\/blogdobispo.com.br\/wp-content\/uploads\/2025\/04\/cac8dca5-0b93-4be1-8d9c-793888aae66d-1-679x1024.jpg","datePublished":"2025-04-29T20:21:34+00:00","breadcrumb":{"@id":"https:\/\/blogdobispo.com.br\/?p=5158#breadcrumb"},"inLanguage":"pt-BR","potentialAction":[{"@type":"ReadAction","target":["https:\/\/blogdobispo.com.br\/?p=5158"]}]},{"@type":"ImageObject","inLanguage":"pt-BR","@id":"https:\/\/blogdobispo.com.br\/?p=5158#primaryimage","url":"https:\/\/blogdobispo.com.br\/wp-content\/uploads\/2025\/04\/cac8dca5-0b93-4be1-8d9c-793888aae66d-1-679x1024.jpg","contentUrl":"https:\/\/blogdobispo.com.br\/wp-content\/uploads\/2025\/04\/cac8dca5-0b93-4be1-8d9c-793888aae66d-1-679x1024.jpg"},{"@type":"BreadcrumbList","@id":"https:\/\/blogdobispo.com.br\/?p=5158#breadcrumb","itemListElement":[{"@type":"ListItem","position":1,"name":"In\u00edcio","item":"https:\/\/blogdobispo.com.br\/"},{"@type":"ListItem","position":2,"name":"Presidente da Fecam-RN, Eriko J\u00e1come, assina conv\u00eanio do Programa Identidade para Todos com o Governo do Estado"}]},{"@type":"WebSite","@id":"https:\/\/blogdobispo.com.br\/#website","url":"https:\/\/blogdobispo.com.br\/","name":"Blog do Bispo","description":"Comprometido apenas com o leitor","publisher":{"@id":"https:\/\/blogdobispo.com.br\/#organization"},"potentialAction":[{"@type":"SearchAction","target":{"@type":"EntryPoint","urlTemplate":"https:\/\/blogdobispo.com.br\/?s={search_term_string}"},"query-input":{"@type":"PropertyValueSpecification","valueRequired":true,"valueName":"search_term_string"}}],"inLanguage":"pt-BR"},{"@type":"Organization","@id":"https:\/\/blogdobispo.com.br\/#organization","name":"Blog do Bispo","url":"https:\/\/blogdobispo.com.br\/","logo":{"@type":"ImageObject","inLanguage":"pt-BR","@id":"https:\/\/blogdobispo.com.br\/#\/schema\/logo\/image\/","url":"http:\/\/blogdobispo.com.br\/wp-content\/uploads\/2023\/05\/cropped-headear.png","contentUrl":"http:\/\/blogdobispo.com.br\/wp-content\/uploads\/2023\/05\/cropped-headear.png","width":1500,"height":399,"caption":"Blog do Bispo"},"image":{"@id":"https:\/\/blogdobispo.com.br\/#\/schema\/logo\/image\/"}},{"@type":"Person","@id":"https:\/\/blogdobispo.com.br\/#\/schema\/person\/e2209cc0e6cea5c5233d033e997b373f","name":"Jefferson Sterfeno","image":{"@type":"ImageObject","inLanguage":"pt-BR","@id":"https:\/\/blogdobispo.com.br\/#\/schema\/person\/image\/","url":"https:\/\/secure.gravatar.com\/avatar\/0534e84764641168a677026b6d57a3f51dc7ac4db0b4f6186d9cb330d4ee1160?s=96&d=mm&r=g","contentUrl":"https:\/\/secure.gravatar.com\/avatar\/0534e84764641168a677026b6d57a3f51dc7ac4db0b4f6186d9cb330d4ee1160?s=96&d=mm&r=g","caption":"Jefferson Sterfeno"},"sameAs":["http:\/\/blogdobispo.com.br"],"url":"https:\/\/blogdobispo.com.br\/?author=1"}]}},"featured_image_urls":{"full":"","thumbnail":"","medium":"","medium_large":"","large":"","1536x1536":"","2048x2048":""},"author_info":{"display_name":"Jefferson Sterfeno","author_link":"https:\/\/blogdobispo.com.br\/?author=1"},"category_info":"<a href=\"https:\/\/blogdobispo.com.br\/?cat=1\" rel=\"category\">diversos<\/a>","tag_info":"diversos","comment_count":"0","jetpack_featured_media_url":"","jetpack_sharing_enabled":true,"_links":{"self":[{"href":"https:\/\/blogdobispo.com.br\/index.php?rest_route=\/wp\/v2\/posts\/5158","targetHints":{"allow":["GET"]}}],"collection":[{"href":"https:\/\/blogdobispo.com.br\/index.php?rest_route=\/wp\/v2\/posts"}],"about":[{"href":"https:\/\/blogdobispo.com.br\/index.php?rest_route=\/wp\/v2\/types\/post"}],"author":[{"embeddable":true,"href":"https:\/\/blogdobispo.com.br\/index.php?rest_route=\/wp\/v2\/users\/1"}],"replies":[{"embeddable":true,"href":"https:\/\/blogdobispo.com.br\/index.php?rest_route=%2Fwp%2Fv2%2Fcomments&post=5158"}],"version-history":[{"count":0,"href":"https:\/\/blogdobispo.com.br\/index.php?rest_route=\/wp\/v2\/posts\/5158\/revisions"}],"wp:attachment":[{"href":"https:\/\/blogdobispo.com.br\/index.php?rest_route=%2Fwp%2Fv2%2Fmedia&parent=5158"}],"wp:term":[{"taxonomy":"category","embeddable":true,"href":"https:\/\/blogdobispo.com.br\/index.php?rest_route=%2Fwp%2Fv2%2Fcategories&post=5158"},{"taxonomy":"post_tag","embeddable":true,"href":"https:\/\/blogdobispo.com.br\/index.php?rest_route=%2Fwp%2Fv2%2Ftags&post=5158"}],"curies":[{"name":"wp","href":"https:\/\/api.w.org\/{rel}","templated":true}]}}